{"id":3796,"global_id":"www.emdg-guilers.org?id=3796","global_id_lineage":["www.emdg-guilers.org?id=3796"],"author":"3","status":"publish","date":"2023-08-28 19:06:37","date_utc":"2023-08-28 17:06:37","modified":"2023-08-28 19:06:37","modified_utc":"2023-08-28 17:06:37","url":"https:\/\/www.emdg-guilers.org\/index.php\/event\/forum-des-assos\/","rest_url":"https:\/\/www.emdg-guilers.org\/index.php\/wp-json\/tribe\/events\/v1\/events\/3796","title":"Forum des assos","description":"<p class=\"has-text-align-left\">Venez rencontrer l\u2019\u00e9quipe de l\u2019Ecole de Musique, danse et th\u00e9\u00e2tre de Guilers \u00e0 l\u2019occasion du\u00a0<strong>Forum des associations de la ville. Rdv le samedi 2 septembre, entre 9h et 13h<\/strong>\u00a0\u00e0 l\u2019Espace Pagnol, salle Jean de Florette, Guilers, stand au fond \u00e0 gauche !<\/p>\n<p>Si vous avez pr\u00e9vu de vous inscrire, n\u2019oubliez pas d\u2019amener un moyen de paiement (ch\u00e8que de pr\u00e9f\u00e9rence, mais nous acceptons aussi les ANCV, esp\u00e8ces, pr\u00e9l\u00e8vements sur pr\u00e9sentation d\u2019un RIB) et certificats m\u00e9dicaux pour la danse (si vous les avez d\u00e9j\u00e0). A tr\u00e8s vite !<\/p>\n<p><img loading=\"lazy\" decoding=\"async\" class=\"aligncenter size-medium wp-image-3792\" src=\"https:\/\/www.emdg-guilers.org\/wp-content\/uploads\/2023\/08\/forum-des-assos-2023-300x300.jpg\" alt=\"\" width=\"300\" height=\"300\" srcset=\"https:\/\/www.emdg-guilers.org\/wp-content\/uploads\/2023\/08\/forum-des-assos-2023-300x300.jpg 300w, https:\/\/www.emdg-guilers.org\/wp-content\/uploads\/2023\/08\/forum-des-assos-2023-1024x1024.jpg 1024w, https:\/\/www.emdg-guilers.org\/wp-content\/uploads\/2023\/08\/forum-des-assos-2023-150x150.jpg 150w, https:\/\/www.emdg-guilers.org\/wp-content\/uploads\/2023\/08\/forum-des-assos-2023-768x768.jpg 768w, https:\/\/www.emdg-guilers.org\/wp-content\/uploads\/2023\/08\/forum-des-assos-2023-270x270.jpg 270w, https:\/\/www.emdg-guilers.org\/wp-content\/uploads\/2023\/08\/forum-des-assos-2023.jpg 1080w\" sizes=\"(max-width: 300px) 100vw, 300px\" \/><\/p>","excerpt":"","slug":"forum-des-assos","image":false,"all_day":false,"start_date":"2023-09-02 09:00:00","start_date_details":{"year":"2023","month":"09","day":"02","hour":"09","minutes":"00","seconds":"00"},"end_date":"2023-09-02 13:00:00","end_date_details":{"year":"2023","month":"09","day":"02","hour":"13","minutes":"00","seconds":"00"},"utc_start_date":"2023-09-02 07:00:00","utc_start_date_details":{"year":"2023","month":"09","day":"02","hour":"07","minutes":"00","seconds":"00"},"utc_end_date":"2023-09-02 11:00:00","utc_end_date_details":{"year":"2023","month":"09","day":"02","hour":"11","minutes":"00","seconds":"00"},"timezone":"Europe\/Paris","timezone_abbr":"CEST","cost":"Gratuit","cost_details":{"currency_symbol":"","currency_code":"","currency_position":"prefix","values":["0"]},"website":"","show_map":true,"show_map_link":true,"hide_from_listings":false,"sticky":false,"featured":false,"categories":[],"tags":[],"venue":{"id":2839,"author":"3","status":"publish","date":"2021-12-06 15:48:53","date_utc":"2021-12-06 14:48:53","modified":"2021-12-06 15:48:53","modified_utc":"2021-12-06 14:48:53","url":"https:\/\/www.emdg-guilers.org\/index.php\/lieu\/espace-marcel-pagnol\/","venue":"Espace Marcel Pagnol","slug":"espace-marcel-pagnol","address":"11 rue de Milizac","city":"Guilers","country":"France","json_ld":{"@type":"Place","name":"Espace Marcel Pagnol","description":"","url":"","address":{"@type":"PostalAddress","streetAddress":"11 rue de Milizac","addressLocality":"Guilers","addressCountry":"France"},"telephone":"","sameAs":""},"show_map":true,"show_map_link":true,"global_id":"www.emdg-guilers.org?id=2839","global_id_lineage":["www.emdg-guilers.org?id=2839"]},"organizer":[{"id":3009,"author":"3","status":"publish","date":"2022-05-02 10:59:40","date_utc":"2022-05-02 08:59:40","modified":"2022-05-02 10:59:40","modified_utc":"2022-05-02 08:59:40","url":"https:\/\/www.emdg-guilers.org\/index.php\/organisateur\/emdg\/","organizer":"EMDG","slug":"emdg","phone":"0298052411","website":"www.emdg-guilers.org","email":"emdg29@gmail.com","json_ld":{"@type":"Person","name":"EMDG","description":"","url":"http:\/\/www.emdg-guilers.org","telephone":"0298052411","email":"emdg&#50;&#57;&#64;gma&#105;&#108;&#46;&#99;&#111;m","sameAs":"http:\/\/www.emdg-guilers.org"},"global_id":"www.emdg-guilers.org?id=3009","global_id_lineage":["www.emdg-guilers.org?id=3009"]}],"json_ld":{"@context":"http:\/\/schema.org","@type":"Event","name":"Forum des assos","description":"&lt;p&gt;Venez rencontrer l\u2019\u00e9quipe de l\u2019Ecole de Musique, danse et th\u00e9\u00e2tre de Guilers \u00e0 l\u2019occasion du\u00a0Forum des associations de la ville. Rdv le samedi 2 septembre, entre 9h et 13h\u00a0\u00e0 l\u2019Espace Pagnol, salle Jean de Florette, Guilers, stand au fond \u00e0 gauche ! Si vous avez pr\u00e9vu de vous inscrire, n\u2019oubliez pas d\u2019amener un moyen de paiement (ch\u00e8que de pr\u00e9f\u00e9rence, mais nous acceptons aussi les ANCV, esp\u00e8ces, pr\u00e9l\u00e8vements sur pr\u00e9sentation d\u2019un RIB) et certificats m\u00e9dicaux pour la danse (si vous les...&lt;\/p&gt;\\n&lt;p class=&quot;read-more&quot;&gt;&lt;a class=&quot;btn btn-default&quot; href=&quot;https:\/\/www.emdg-guilers.org\/index.php\/event\/forum-des-assos\/&quot;&gt;Lire la suite&lt;span class=&quot;screen-reader-text&quot;&gt; Lire la suite&lt;\/span&gt;&lt;\/a&gt;&lt;\/p&gt;\\n","url":"https:\/\/www.emdg-guilers.org\/index.php\/event\/forum-des-assos\/","eventAttendanceMode":"https:\/\/schema.org\/OfflineEventAttendanceMode","eventStatus":"https:\/\/schema.org\/EventScheduled","startDate":"2023-09-02T09:00:00+02:00","endDate":"2023-09-02T13:00:00+02:00","location":{"@type":"Place","name":"Espace Marcel Pagnol","description":"","url":"","address":{"@type":"PostalAddress","streetAddress":"11 rue de Milizac","addressLocality":"Guilers","addressCountry":"France"},"telephone":"","sameAs":""},"organizer":{"@type":"Person","name":"EMDG","description":"","url":"http:\/\/www.emdg-guilers.org","telephone":"0298052411","email":"emdg&#50;&#57;&#64;gm&#97;&#105;&#108;.c&#111;m","sameAs":"http:\/\/www.emdg-guilers.org"},"offers":{"@type":"Offer","price":"0","priceCurrency":"USD","url":"https:\/\/www.emdg-guilers.org\/index.php\/event\/forum-des-assos\/","category":"primary","availability":"inStock","validFrom":"1970-01-01T00:00:00+00:00"},"performer":"Organization"}}