{"id":1148,"date":"2018-01-23T11:14:49","date_gmt":"2018-01-23T10:14:49","guid":{"rendered":"http:\/\/www.emdg-guilers.org\/?p=1148"},"modified":"2018-01-25T12:25:19","modified_gmt":"2018-01-25T11:25:19","slug":"appel-a-chanteurs-comedie-musicale-blues-blouse-7-avril-2018-lagora-guilers","status":"publish","type":"post","link":"https:\/\/www.emdg-guilers.org\/index.php\/2018\/01\/23\/appel-a-chanteurs-comedie-musicale-blues-blouse-7-avril-2018-lagora-guilers\/","title":{"rendered":"Appel \u00e0 chanteurs pour la com\u00e9die musicale BLUES EN BLOUSE (7 avril 2018, l&rsquo;Agora, Guilers)"},"content":{"rendered":"<div class=\"_2cuy _3dgx _2vxa\">L\u2019<a class=\"_2u0z\" href=\"https:\/\/www.facebook.com\/Ecole-de-Musique-et-de-Danse-de-Guilers-480017765533016\/\" data-hovercard=\"\/ajax\/hovercard\/page.php?id=480017765533016\" data-hovercard-prefer-more-content-show=\"1\">Ecole de Musique et de Danse de Guilers<\/a> l\u2019Ecole de Musique de Plouzan\u00e9, la Batterie pr\u00e9sentent <span class=\"_4yxo\">La com\u00e9die musicale \u00ab Blues en Blouse \u00bb, 7 avril 2018, Agora, Guiler<\/span><\/div>\n<div class=\"_2cuy _3dgx _2vxa\"><\/div>\n<div class=\"_2cuy _3dgx _2vxa\"><\/div>\n<div class=\"_2cuy _3dgx _2vxa\"><strong>&gt;&gt;&gt;&gt;&gt;<span class=\"_4yxo\"> Vous avez toujours souhait\u00e9 CHANTER et MONTER sur les planches ? Le CH\u0152UR EPHEMERE du spectacle BLUES EN BLOUSE est fait pour vous !<\/span><\/strong><\/div>\n<div class=\"_2cuy _3dgx _2vxa\">\n<p><img loading=\"lazy\" decoding=\"async\" class=\"wp-image-1149 alignleft\" src=\"http:\/\/www.emdg-guilers.org\/wp-content\/uploads\/2018\/01\/98bebc2dcf4787dfee3c8b2c9155a422.jpg\" alt=\"\" width=\"160\" height=\"213\" srcset=\"https:\/\/www.emdg-guilers.org\/wp-content\/uploads\/2018\/01\/98bebc2dcf4787dfee3c8b2c9155a422.jpg 720w, https:\/\/www.emdg-guilers.org\/wp-content\/uploads\/2018\/01\/98bebc2dcf4787dfee3c8b2c9155a422-225x300.jpg 225w, https:\/\/www.emdg-guilers.org\/wp-content\/uploads\/2018\/01\/98bebc2dcf4787dfee3c8b2c9155a422-203x270.jpg 203w\" sizes=\"(max-width: 160px) 100vw, 160px\" \/><\/p>\n<p>Int\u00e9grez un ch\u0153ur et produisez-vous \u00e0 l\u2019occasion du spectacle <strong>Blues en Blouse, le <span class=\"_4yxo\">Samedi 7 avril 2018, L\u2019Agora, Guilers<\/span><\/strong><\/p>\n<p><span class=\"_4yxo\">14h30 et 20h30<\/span> <span class=\"_4yxo\"> Com\u00e9die musicale : Blues en Blouse<\/span><\/p>\n<p><span class=\"_4yxo\">Direction artistique : Viviane Marc (enseignante chant dans les 2 \u00e9coles)<\/span>Au programme : Technique vocale, apprentissage de 2 morceaux de blues, participation aux spectacles du 7 avril 2018. Ch\u0153ur dirig\u00e9 par Viviane Marc. <em><span class=\"_4yxp\"> Atten<\/span><span class=\"_4yxp\">tion : nombre de places limit\u00e9 \u00e0 30 participants.<\/span><\/em><\/p>\n<p>Pr\u00e9-requis : aucun ! Il suffit d\u2019avoir envie de chanter, de participer au projet, de se rendre disponible pour les r\u00e9p\u00e9titions et les spectacles<\/p>\n<\/div>\n<div class=\"_2cuy _3dgx _2vxa\"><\/div>\n<div class=\"_2cuy _3dgx _2vxa\"><\/div>\n<div class=\"_2cuy _3dgx _2vxa\"><strong>Planning des r\u00e9p\u00e9titions : <\/strong><\/div>\n<div class=\"_2cuy _3dgx _2vxa\">&#8211; <span class=\"_4yxo\">Jeudi 15 mars de 18h \u00e0 20h<\/span> (\u00e0 l\u2019EMDG, salle Manon des Sources, Guilers)<\/div>\n<div class=\"_2cuy _3dgx _2vxa\">&#8211; <span class=\"_4yxo\">Jeudi 22 mars de 18h \u00e0 20h<\/span> (\u00e0 l\u2019EMDG, salle Manon des Sources, Guilers<\/div>\n<div class=\"_2cuy _3dgx _2vxa\"><span class=\"_4yxo\">&#8211; Vendredi 16 mars de 18h \u00e0 20h<\/span> (\u00e0 l\u2019EMDG, salle de r\u00e9p\u00e9tition, Guilers)<\/div>\n<div class=\"_2cuy _3dgx _2vxa\"><span class=\"_4yxo\">&#8211; Jeudi 29 mars de 18h \u00e0 20h<\/span> (\u00e0 l\u2019EMDG, salle Manon des Sources, Guilers<\/div>\n<div class=\"_2cuy _3dgx _2vxa\">&#8211; <span class=\"_4yxo\">Vendredi 30 mars de 19h \u00e0 21h<\/span> (\u00e0 l\u2019EMDG, salle de r\u00e9p\u00e9tition, Guilers)<\/div>\n<div class=\"_2cuy _3dgx _2vxa\"><span class=\"_4yxo\">&#8211; Mercredi 4 avril de 18h \u00e0<\/span> 20h (\u00e0 l\u2019Agora, Guilers)<\/div>\n<div class=\"_2cuy _3dgx _2vxa\">&#8211; <span class=\"_4yxo\">Jeudi 5 avril de 19h \u00e0 22h<\/span> (r\u00e9p\u00e9tition g\u00e9n\u00e9rale \u00e0 l\u2019Agora, Guilers)<\/div>\n<div class=\"_2cuy _3dgx _2vxa\">&#8211; <span class=\"_4yxo\">Samedi 7 avril<\/span> <span class=\"_4yxo\">\u00e0 14h30 et \u00e0 20h30<\/span> : spectacle \u00e0 l\u2019Agora, Guilers<\/div>\n<div class=\"_2cuy _3dgx _2vxa\">\n<p>&nbsp;<\/p>\n<p>Participation gratuite, inscription indispensable aupr\u00e8s de l\u2019EMDG Guilers <a href=\"mailto:emdg29@gmail.com\">emdg29@gmail.com<\/a> ou de l\u2019Ecole de Musique de Plouzan\u00e9 <a href=\"mailto:olivier.pouivet@ville-plouzane.fr\">olivier.pouivet@ville-plouzane.fr<\/a><\/p>\n<\/div>\n","protected":false},"excerpt":{"rendered":"<p>L\u2019Ecole de Musique et de Danse de Guilers l\u2019Ecole de Musique de Plouzan\u00e9, la Batterie pr\u00e9sentent La com\u00e9die musicale \u00ab Blues en Blouse \u00bb, 7 avril 2018, Agora, Guiler &gt;&gt;&gt;&gt;&gt; Vous avez toujours souhait\u00e9 CHANTER et MONTER sur les planches ? Le CH\u0152UR EPHEMERE du spectacle BLUES EN BLOUSE est fait pour vous ! Int\u00e9grez un ch\u0153ur et produisez-vous \u00e0 l\u2019occasion du spectacle Blues en Blouse, le Samedi 7 avril 2018, L\u2019Agora, Guilers 14h30 et 20h30 Com\u00e9die musicale : Blues&#8230;<\/p>\n<p class=\"read-more\"><a class=\"btn btn-default\" href=\"https:\/\/www.emdg-guilers.org\/index.php\/2018\/01\/23\/appel-a-chanteurs-comedie-musicale-blues-blouse-7-avril-2018-lagora-guilers\/\">Lire la suite<span class=\"screen-reader-text\"> Lire la suite<\/span><\/a><\/p>\n","protected":false},"author":3,"featured_media":0,"comment_status":"closed","ping_status":"closed","sticky":false,"template":"","format":"standard","meta":{"footnotes":""},"categories":[1],"tags":[],"yoast_head":"<!-- This site is optimized with the Yoast SEO plugin v22.4 - https:\/\/yoast.com\/wordpress\/plugins\/seo\/ -->\n<title>Appel \u00e0 chanteurs pour la com\u00e9die musicale BLUES EN BLOUSE (7 avril 2018, l&#039;Agora, Guilers) - Ecole de Musique, Danse &amp; Th\u00e9\u00e2tre de Guilers<\/title>\n<meta name=\"robots\" content=\"index, follow, max-snippet:-1, max-image-preview:large, max-video-preview:-1\" \/>\n<link rel=\"canonical\" href=\"https:\/\/www.emdg-guilers.org\/index.php\/2018\/01\/23\/appel-a-chanteurs-comedie-musicale-blues-blouse-7-avril-2018-lagora-guilers\/\" \/>\n<meta property=\"og:locale\" content=\"fr_FR\" \/>\n<meta property=\"og:type\" content=\"article\" \/>\n<meta property=\"og:title\" content=\"Appel \u00e0 chanteurs pour la com\u00e9die musicale BLUES EN BLOUSE (7 avril 2018, l&#039;Agora, Guilers) - Ecole de Musique, Danse &amp; Th\u00e9\u00e2tre de Guilers\" \/>\n<meta property=\"og:description\" content=\"L\u2019Ecole de Musique et de Danse de Guilers l\u2019Ecole de Musique de Plouzan\u00e9, la Batterie pr\u00e9sentent La com\u00e9die musicale \u00ab Blues en Blouse \u00bb, 7 avril 2018, Agora, Guiler &gt;&gt;&gt;&gt;&gt; Vous avez toujours souhait\u00e9 CHANTER et MONTER sur les planches ? Le CH\u0152UR EPHEMERE du spectacle BLUES EN BLOUSE est fait pour vous ! Int\u00e9grez un ch\u0153ur et produisez-vous \u00e0 l\u2019occasion du spectacle Blues en Blouse, le Samedi 7 avril 2018, L\u2019Agora, Guilers 14h30 et 20h30 Com\u00e9die musicale : Blues...Lire la suite Lire la suite\" \/>\n<meta property=\"og:url\" content=\"https:\/\/www.emdg-guilers.org\/index.php\/2018\/01\/23\/appel-a-chanteurs-comedie-musicale-blues-blouse-7-avril-2018-lagora-guilers\/\" \/>\n<meta property=\"og:site_name\" content=\"Ecole de Musique, Danse &amp; Th\u00e9\u00e2tre de Guilers\" \/>\n<meta property=\"article:publisher\" content=\"https:\/\/www.facebook.com\/Ecole-de-Musique-et-de-Danse-de-Guilers-480017765533016\/\" \/>\n<meta property=\"article:published_time\" content=\"2018-01-23T10:14:49+00:00\" \/>\n<meta property=\"article:modified_time\" content=\"2018-01-25T11:25:19+00:00\" \/>\n<meta property=\"og:image\" content=\"http:\/\/www.emdg-guilers.org\/wp-content\/uploads\/2018\/01\/98bebc2dcf4787dfee3c8b2c9155a422.jpg\" \/>\n<meta name=\"author\" content=\"Marie Clavier\" \/>\n<meta name=\"twitter:card\" content=\"summary_large_image\" \/>\n<meta name=\"twitter:label1\" content=\"\u00c9crit par\" \/>\n\t<meta name=\"twitter:data1\" content=\"Marie Clavier\" \/>\n\t<meta name=\"twitter:label2\" content=\"Dur\u00e9e de lecture estim\u00e9e\" \/>\n\t<meta name=\"twitter:data2\" content=\"1 minute\" \/>\n<script type=\"application\/ld+json\" class=\"yoast-schema-graph\">{\"@context\":\"https:\/\/schema.org\",\"@graph\":[{\"@type\":\"Article\",\"@id\":\"https:\/\/www.emdg-guilers.org\/index.php\/2018\/01\/23\/appel-a-chanteurs-comedie-musicale-blues-blouse-7-avril-2018-lagora-guilers\/#article\",\"isPartOf\":{\"@id\":\"https:\/\/www.emdg-guilers.org\/index.php\/2018\/01\/23\/appel-a-chanteurs-comedie-musicale-blues-blouse-7-avril-2018-lagora-guilers\/\"},\"author\":{\"name\":\"Marie Clavier\",\"@id\":\"https:\/\/www.emdg-guilers.org\/#\/schema\/person\/5c279d8e49be5f6bfdc87fb9e08559d4\"},\"headline\":\"Appel \u00e0 chanteurs pour la com\u00e9die musicale BLUES EN BLOUSE (7 avril 2018, l&rsquo;Agora, Guilers)\",\"datePublished\":\"2018-01-23T10:14:49+00:00\",\"dateModified\":\"2018-01-25T11:25:19+00:00\",\"mainEntityOfPage\":{\"@id\":\"https:\/\/www.emdg-guilers.org\/index.php\/2018\/01\/23\/appel-a-chanteurs-comedie-musicale-blues-blouse-7-avril-2018-lagora-guilers\/\"},\"wordCount\":293,\"publisher\":{\"@id\":\"https:\/\/www.emdg-guilers.org\/#organization\"},\"image\":{\"@id\":\"https:\/\/www.emdg-guilers.org\/index.php\/2018\/01\/23\/appel-a-chanteurs-comedie-musicale-blues-blouse-7-avril-2018-lagora-guilers\/#primaryimage\"},\"thumbnailUrl\":\"http:\/\/www.emdg-guilers.org\/wp-content\/uploads\/2018\/01\/98bebc2dcf4787dfee3c8b2c9155a422.jpg\",\"inLanguage\":\"fr-FR\"},{\"@type\":\"WebPage\",\"@id\":\"https:\/\/www.emdg-guilers.org\/index.php\/2018\/01\/23\/appel-a-chanteurs-comedie-musicale-blues-blouse-7-avril-2018-lagora-guilers\/\",\"url\":\"https:\/\/www.emdg-guilers.org\/index.php\/2018\/01\/23\/appel-a-chanteurs-comedie-musicale-blues-blouse-7-avril-2018-lagora-guilers\/\",\"name\":\"Appel \u00e0 chanteurs pour la com\u00e9die musicale BLUES EN BLOUSE (7 avril 2018, l'Agora, Guilers) - Ecole de Musique, Danse &amp; Th\u00e9\u00e2tre de Guilers\",\"isPartOf\":{\"@id\":\"https:\/\/www.emdg-guilers.org\/#website\"},\"primaryImageOfPage\":{\"@id\":\"https:\/\/www.emdg-guilers.org\/index.php\/2018\/01\/23\/appel-a-chanteurs-comedie-musicale-blues-blouse-7-avril-2018-lagora-guilers\/#primaryimage\"},\"image\":{\"@id\":\"https:\/\/www.emdg-guilers.org\/index.php\/2018\/01\/23\/appel-a-chanteurs-comedie-musicale-blues-blouse-7-avril-2018-lagora-guilers\/#primaryimage\"},\"thumbnailUrl\":\"http:\/\/www.emdg-guilers.org\/wp-content\/uploads\/2018\/01\/98bebc2dcf4787dfee3c8b2c9155a422.jpg\",\"datePublished\":\"2018-01-23T10:14:49+00:00\",\"dateModified\":\"2018-01-25T11:25:19+00:00\",\"breadcrumb\":{\"@id\":\"https:\/\/www.emdg-guilers.org\/index.php\/2018\/01\/23\/appel-a-chanteurs-comedie-musicale-blues-blouse-7-avril-2018-lagora-guilers\/#breadcrumb\"},\"inLanguage\":\"fr-FR\",\"potentialAction\":[{\"@type\":\"ReadAction\",\"target\":[\"https:\/\/www.emdg-guilers.org\/index.php\/2018\/01\/23\/appel-a-chanteurs-comedie-musicale-blues-blouse-7-avril-2018-lagora-guilers\/\"]}]},{\"@type\":\"ImageObject\",\"inLanguage\":\"fr-FR\",\"@id\":\"https:\/\/www.emdg-guilers.org\/index.php\/2018\/01\/23\/appel-a-chanteurs-comedie-musicale-blues-blouse-7-avril-2018-lagora-guilers\/#primaryimage\",\"url\":\"http:\/\/www.emdg-guilers.org\/wp-content\/uploads\/2018\/01\/98bebc2dcf4787dfee3c8b2c9155a422.jpg\",\"contentUrl\":\"http:\/\/www.emdg-guilers.org\/wp-content\/uploads\/2018\/01\/98bebc2dcf4787dfee3c8b2c9155a422.jpg\"},{\"@type\":\"BreadcrumbList\",\"@id\":\"https:\/\/www.emdg-guilers.org\/index.php\/2018\/01\/23\/appel-a-chanteurs-comedie-musicale-blues-blouse-7-avril-2018-lagora-guilers\/#breadcrumb\",\"itemListElement\":[{\"@type\":\"ListItem\",\"position\":1,\"name\":\"Accueil\",\"item\":\"https:\/\/www.emdg-guilers.org\/\"},{\"@type\":\"ListItem\",\"position\":2,\"name\":\"Appel \u00e0 chanteurs pour la com\u00e9die musicale BLUES EN BLOUSE (7 avril 2018, l&rsquo;Agora, Guilers)\"}]},{\"@type\":\"WebSite\",\"@id\":\"https:\/\/www.emdg-guilers.org\/#website\",\"url\":\"https:\/\/www.emdg-guilers.org\/\",\"name\":\"Ecole de Musique et Danse de Guilers\",\"description\":\"Ecole associative, cours de musique, danse, th\u00e9\u00e2tre accessibles \u00e0 tous\",\"publisher\":{\"@id\":\"https:\/\/www.emdg-guilers.org\/#organization\"},\"potentialAction\":[{\"@type\":\"SearchAction\",\"target\":{\"@type\":\"EntryPoint\",\"urlTemplate\":\"https:\/\/www.emdg-guilers.org\/?s={search_term_string}\"},\"query-input\":\"required name=search_term_string\"}],\"inLanguage\":\"fr-FR\"},{\"@type\":\"Organization\",\"@id\":\"https:\/\/www.emdg-guilers.org\/#organization\",\"name\":\"Ecole de Musique et de Danse\",\"url\":\"https:\/\/www.emdg-guilers.org\/\",\"logo\":{\"@type\":\"ImageObject\",\"inLanguage\":\"fr-FR\",\"@id\":\"https:\/\/www.emdg-guilers.org\/#\/schema\/logo\/image\/\",\"url\":\"https:\/\/www.emdg-guilers.org\/wp-content\/uploads\/2016\/06\/logo2014.jpg\",\"contentUrl\":\"https:\/\/www.emdg-guilers.org\/wp-content\/uploads\/2016\/06\/logo2014.jpg\",\"width\":214,\"height\":116,\"caption\":\"Ecole de Musique et de Danse\"},\"image\":{\"@id\":\"https:\/\/www.emdg-guilers.org\/#\/schema\/logo\/image\/\"},\"sameAs\":[\"https:\/\/www.facebook.com\/Ecole-de-Musique-et-de-Danse-de-Guilers-480017765533016\/\"]},{\"@type\":\"Person\",\"@id\":\"https:\/\/www.emdg-guilers.org\/#\/schema\/person\/5c279d8e49be5f6bfdc87fb9e08559d4\",\"name\":\"Marie Clavier\",\"image\":{\"@type\":\"ImageObject\",\"inLanguage\":\"fr-FR\",\"@id\":\"https:\/\/www.emdg-guilers.org\/#\/schema\/person\/image\/\",\"url\":\"https:\/\/secure.gravatar.com\/avatar\/82505eeeaf6d53a80197cd7ed92e8de4?s=96&d=mm&r=g\",\"contentUrl\":\"https:\/\/secure.gravatar.com\/avatar\/82505eeeaf6d53a80197cd7ed92e8de4?s=96&d=mm&r=g\",\"caption\":\"Marie Clavier\"},\"url\":\"https:\/\/www.emdg-guilers.org\/index.php\/author\/mclavier\/\"}]}<\/script>\n<!-- \/ Yoast SEO plugin. -->","yoast_head_json":{"title":"Appel \u00e0 chanteurs pour la com\u00e9die musicale BLUES EN BLOUSE (7 avril 2018, l'Agora, Guilers) - Ecole de Musique, Danse &amp; Th\u00e9\u00e2tre de Guilers","robots":{"index":"index","follow":"follow","max-snippet":"max-snippet:-1","max-image-preview":"max-image-preview:large","max-video-preview":"max-video-preview:-1"},"canonical":"https:\/\/www.emdg-guilers.org\/index.php\/2018\/01\/23\/appel-a-chanteurs-comedie-musicale-blues-blouse-7-avril-2018-lagora-guilers\/","og_locale":"fr_FR","og_type":"article","og_title":"Appel \u00e0 chanteurs pour la com\u00e9die musicale BLUES EN BLOUSE (7 avril 2018, l'Agora, Guilers) - Ecole de Musique, Danse &amp; Th\u00e9\u00e2tre de Guilers","og_description":"L\u2019Ecole de Musique et de Danse de Guilers l\u2019Ecole de Musique de Plouzan\u00e9, la Batterie pr\u00e9sentent La com\u00e9die musicale \u00ab Blues en Blouse \u00bb, 7 avril 2018, Agora, Guiler &gt;&gt;&gt;&gt;&gt; Vous avez toujours souhait\u00e9 CHANTER et MONTER sur les planches ? Le CH\u0152UR EPHEMERE du spectacle BLUES EN BLOUSE est fait pour vous ! Int\u00e9grez un ch\u0153ur et produisez-vous \u00e0 l\u2019occasion du spectacle Blues en Blouse, le Samedi 7 avril 2018, L\u2019Agora, Guilers 14h30 et 20h30 Com\u00e9die musicale : Blues...Lire la suite Lire la suite","og_url":"https:\/\/www.emdg-guilers.org\/index.php\/2018\/01\/23\/appel-a-chanteurs-comedie-musicale-blues-blouse-7-avril-2018-lagora-guilers\/","og_site_name":"Ecole de Musique, Danse &amp; Th\u00e9\u00e2tre de Guilers","article_publisher":"https:\/\/www.facebook.com\/Ecole-de-Musique-et-de-Danse-de-Guilers-480017765533016\/","article_published_time":"2018-01-23T10:14:49+00:00","article_modified_time":"2018-01-25T11:25:19+00:00","og_image":[{"url":"http:\/\/www.emdg-guilers.org\/wp-content\/uploads\/2018\/01\/98bebc2dcf4787dfee3c8b2c9155a422.jpg"}],"author":"Marie Clavier","twitter_card":"summary_large_image","twitter_misc":{"\u00c9crit par":"Marie Clavier","Dur\u00e9e de lecture estim\u00e9e":"1 minute"},"schema":{"@context":"https:\/\/schema.org","@graph":[{"@type":"Article","@id":"https:\/\/www.emdg-guilers.org\/index.php\/2018\/01\/23\/appel-a-chanteurs-comedie-musicale-blues-blouse-7-avril-2018-lagora-guilers\/#article","isPartOf":{"@id":"https:\/\/www.emdg-guilers.org\/index.php\/2018\/01\/23\/appel-a-chanteurs-comedie-musicale-blues-blouse-7-avril-2018-lagora-guilers\/"},"author":{"name":"Marie Clavier","@id":"https:\/\/www.emdg-guilers.org\/#\/schema\/person\/5c279d8e49be5f6bfdc87fb9e08559d4"},"headline":"Appel \u00e0 chanteurs pour la com\u00e9die musicale BLUES EN BLOUSE (7 avril 2018, l&rsquo;Agora, Guilers)","datePublished":"2018-01-23T10:14:49+00:00","dateModified":"2018-01-25T11:25:19+00:00","mainEntityOfPage":{"@id":"https:\/\/www.emdg-guilers.org\/index.php\/2018\/01\/23\/appel-a-chanteurs-comedie-musicale-blues-blouse-7-avril-2018-lagora-guilers\/"},"wordCount":293,"publisher":{"@id":"https:\/\/www.emdg-guilers.org\/#organization"},"image":{"@id":"https:\/\/www.emdg-guilers.org\/index.php\/2018\/01\/23\/appel-a-chanteurs-comedie-musicale-blues-blouse-7-avril-2018-lagora-guilers\/#primaryimage"},"thumbnailUrl":"http:\/\/www.emdg-guilers.org\/wp-content\/uploads\/2018\/01\/98bebc2dcf4787dfee3c8b2c9155a422.jpg","inLanguage":"fr-FR"},{"@type":"WebPage","@id":"https:\/\/www.emdg-guilers.org\/index.php\/2018\/01\/23\/appel-a-chanteurs-comedie-musicale-blues-blouse-7-avril-2018-lagora-guilers\/","url":"https:\/\/www.emdg-guilers.org\/index.php\/2018\/01\/23\/appel-a-chanteurs-comedie-musicale-blues-blouse-7-avril-2018-lagora-guilers\/","name":"Appel \u00e0 chanteurs pour la com\u00e9die musicale BLUES EN BLOUSE (7 avril 2018, l'Agora, Guilers) - Ecole de Musique, Danse &amp; Th\u00e9\u00e2tre de Guilers","isPartOf":{"@id":"https:\/\/www.emdg-guilers.org\/#website"},"primaryImageOfPage":{"@id":"https:\/\/www.emdg-guilers.org\/index.php\/2018\/01\/23\/appel-a-chanteurs-comedie-musicale-blues-blouse-7-avril-2018-lagora-guilers\/#primaryimage"},"image":{"@id":"https:\/\/www.emdg-guilers.org\/index.php\/2018\/01\/23\/appel-a-chanteurs-comedie-musicale-blues-blouse-7-avril-2018-lagora-guilers\/#primaryimage"},"thumbnailUrl":"http:\/\/www.emdg-guilers.org\/wp-content\/uploads\/2018\/01\/98bebc2dcf4787dfee3c8b2c9155a422.jpg","datePublished":"2018-01-23T10:14:49+00:00","dateModified":"2018-01-25T11:25:19+00:00","breadcrumb":{"@id":"https:\/\/www.emdg-guilers.org\/index.php\/2018\/01\/23\/appel-a-chanteurs-comedie-musicale-blues-blouse-7-avril-2018-lagora-guilers\/#breadcrumb"},"inLanguage":"fr-FR","potentialAction":[{"@type":"ReadAction","target":["https:\/\/www.emdg-guilers.org\/index.php\/2018\/01\/23\/appel-a-chanteurs-comedie-musicale-blues-blouse-7-avril-2018-lagora-guilers\/"]}]},{"@type":"ImageObject","inLanguage":"fr-FR","@id":"https:\/\/www.emdg-guilers.org\/index.php\/2018\/01\/23\/appel-a-chanteurs-comedie-musicale-blues-blouse-7-avril-2018-lagora-guilers\/#primaryimage","url":"http:\/\/www.emdg-guilers.org\/wp-content\/uploads\/2018\/01\/98bebc2dcf4787dfee3c8b2c9155a422.jpg","contentUrl":"http:\/\/www.emdg-guilers.org\/wp-content\/uploads\/2018\/01\/98bebc2dcf4787dfee3c8b2c9155a422.jpg"},{"@type":"BreadcrumbList","@id":"https:\/\/www.emdg-guilers.org\/index.php\/2018\/01\/23\/appel-a-chanteurs-comedie-musicale-blues-blouse-7-avril-2018-lagora-guilers\/#breadcrumb","itemListElement":[{"@type":"ListItem","position":1,"name":"Accueil","item":"https:\/\/www.emdg-guilers.org\/"},{"@type":"ListItem","position":2,"name":"Appel \u00e0 chanteurs pour la com\u00e9die musicale BLUES EN BLOUSE (7 avril 2018, l&rsquo;Agora, Guilers)"}]},{"@type":"WebSite","@id":"https:\/\/www.emdg-guilers.org\/#website","url":"https:\/\/www.emdg-guilers.org\/","name":"Ecole de Musique et Danse de Guilers","description":"Ecole associative, cours de musique, danse, th\u00e9\u00e2tre accessibles \u00e0 tous","publisher":{"@id":"https:\/\/www.emdg-guilers.org\/#organization"},"potentialAction":[{"@type":"SearchAction","target":{"@type":"EntryPoint","urlTemplate":"https:\/\/www.emdg-guilers.org\/?s={search_term_string}"},"query-input":"required name=search_term_string"}],"inLanguage":"fr-FR"},{"@type":"Organization","@id":"https:\/\/www.emdg-guilers.org\/#organization","name":"Ecole de Musique et de Danse","url":"https:\/\/www.emdg-guilers.org\/","logo":{"@type":"ImageObject","inLanguage":"fr-FR","@id":"https:\/\/www.emdg-guilers.org\/#\/schema\/logo\/image\/","url":"https:\/\/www.emdg-guilers.org\/wp-content\/uploads\/2016\/06\/logo2014.jpg","contentUrl":"https:\/\/www.emdg-guilers.org\/wp-content\/uploads\/2016\/06\/logo2014.jpg","width":214,"height":116,"caption":"Ecole de Musique et de Danse"},"image":{"@id":"https:\/\/www.emdg-guilers.org\/#\/schema\/logo\/image\/"},"sameAs":["https:\/\/www.facebook.com\/Ecole-de-Musique-et-de-Danse-de-Guilers-480017765533016\/"]},{"@type":"Person","@id":"https:\/\/www.emdg-guilers.org\/#\/schema\/person\/5c279d8e49be5f6bfdc87fb9e08559d4","name":"Marie Clavier","image":{"@type":"ImageObject","inLanguage":"fr-FR","@id":"https:\/\/www.emdg-guilers.org\/#\/schema\/person\/image\/","url":"https:\/\/secure.gravatar.com\/avatar\/82505eeeaf6d53a80197cd7ed92e8de4?s=96&d=mm&r=g","contentUrl":"https:\/\/secure.gravatar.com\/avatar\/82505eeeaf6d53a80197cd7ed92e8de4?s=96&d=mm&r=g","caption":"Marie Clavier"},"url":"https:\/\/www.emdg-guilers.org\/index.php\/author\/mclavier\/"}]}},"_links":{"self":[{"href":"https:\/\/www.emdg-guilers.org\/index.php\/wp-json\/wp\/v2\/posts\/1148"}],"collection":[{"href":"https:\/\/www.emdg-guilers.org\/index.php\/wp-json\/wp\/v2\/posts"}],"about":[{"href":"https:\/\/www.emdg-guilers.org\/index.php\/wp-json\/wp\/v2\/types\/post"}],"author":[{"embeddable":true,"href":"https:\/\/www.emdg-guilers.org\/index.php\/wp-json\/wp\/v2\/users\/3"}],"replies":[{"embeddable":true,"href":"https:\/\/www.emdg-guilers.org\/index.php\/wp-json\/wp\/v2\/comments?post=1148"}],"version-history":[{"count":5,"href":"https:\/\/www.emdg-guilers.org\/index.php\/wp-json\/wp\/v2\/posts\/1148\/revisions"}],"predecessor-version":[{"id":1154,"href":"https:\/\/www.emdg-guilers.org\/index.php\/wp-json\/wp\/v2\/posts\/1148\/revisions\/1154"}],"wp:attachment":[{"href":"https:\/\/www.emdg-guilers.org\/index.php\/wp-json\/wp\/v2\/media?parent=1148"}],"wp:term":[{"taxonomy":"category","embeddable":true,"href":"https:\/\/www.emdg-guilers.org\/index.php\/wp-json\/wp\/v2\/categories?post=1148"},{"taxonomy":"post_tag","embeddable":true,"href":"https:\/\/www.emdg-guilers.org\/index.php\/wp-json\/wp\/v2\/tags?post=1148"}],"curies":[{"name":"wp","href":"https:\/\/api.w.org\/{rel}","templated":true}]}}