{"id":1273,"date":"2018-09-06T10:29:09","date_gmt":"2018-09-06T08:29:09","guid":{"rendered":"http:\/\/www.emdg-guilers.org\/?p=1273"},"modified":"2018-09-06T11:10:00","modified_gmt":"2018-09-06T09:10:00","slug":"cest-rentree-a-lemdg","status":"publish","type":"post","link":"https:\/\/www.emdg-guilers.org\/index.php\/2018\/09\/06\/cest-rentree-a-lemdg\/","title":{"rendered":"C&rsquo;est la rentr\u00e9e \u00e0 l&rsquo;EMDG !"},"content":{"rendered":"<p><img loading=\"lazy\" decoding=\"async\" class=\"aligncenter size-full wp-image-1274\" src=\"http:\/\/www.emdg-guilers.org\/wp-content\/uploads\/2018\/09\/rentr\u00e9e.jpg\" alt=\"\" width=\"638\" height=\"240\" srcset=\"https:\/\/www.emdg-guilers.org\/wp-content\/uploads\/2018\/09\/rentr\u00e9e.jpg 638w, https:\/\/www.emdg-guilers.org\/wp-content\/uploads\/2018\/09\/rentr\u00e9e-300x113.jpg 300w, https:\/\/www.emdg-guilers.org\/wp-content\/uploads\/2018\/09\/rentr\u00e9e-604x227.jpg 604w\" sizes=\"(max-width: 638px) 100vw, 638px\" \/><\/p>\n<p><strong>Les cours reprennent en danse et en musique \u00e0 compter du\u00a010 septembre.<\/strong><br \/>\nLes ensembles musicaux reprennent la semaine du 17 septembre, sauf le GONG. Il est possible d&rsquo;int\u00e9grer <a href=\"http:\/\/www.emdg-guilers.org\/index.php\/orchestres\/\">les ensembles de l&rsquo;\u00e9cole<\/a> sans prendre de cours individuel, n&rsquo;h\u00e9sitez pas \u00e0 rejoindre nos orchestres, nous recrutons!<\/p>\n<p>Pour les cours de danse adultes, possibilit\u00e9 d&rsquo;assister \u00e0 un cours d&rsquo;essai jusqu&rsquo;au mois d&rsquo;octobre.<\/p>\n<p><a href=\"http:\/\/www.emdg-guilers.org\/index.php\/musique\/parcours-decouverte-instrumentale\/\">Il reste encore quelques places au PARCOURS D\u00c9COUVERTE INSTRUMENTALE DU JEUDI pour les enfants qui ne savent pas encore quel instrument choisir!\u00a0<\/a><\/p>\n<p>Inscriptions possibles toute l&rsquo;ann\u00e9e, mais attention, certains cours sont complets! <a href=\"http:\/\/www.emdg-guilers.org\/index.php\/lassociation\/comment-adherer\/\">INFOS INSCRIPTIONS<\/a><\/p>\n","protected":false},"excerpt":{"rendered":"<p>Les cours reprennent en danse et en musique \u00e0 compter du\u00a010 septembre. Les ensembles musicaux reprennent la semaine du 17 septembre, sauf le GONG. Il est possible d&rsquo;int\u00e9grer les ensembles de l&rsquo;\u00e9cole sans prendre de cours individuel, n&rsquo;h\u00e9sitez pas \u00e0 rejoindre nos orchestres, nous recrutons! Pour les cours de danse adultes, possibilit\u00e9 d&rsquo;assister \u00e0 un cours d&rsquo;essai jusqu&rsquo;au mois d&rsquo;octobre. Il reste encore quelques places au PARCOURS D\u00c9COUVERTE INSTRUMENTALE DU JEUDI pour les enfants qui ne savent pas encore quel&#8230;<\/p>\n<p class=\"read-more\"><a class=\"btn btn-default\" href=\"https:\/\/www.emdg-guilers.org\/index.php\/2018\/09\/06\/cest-rentree-a-lemdg\/\">Lire la suite<span class=\"screen-reader-text\"> Lire la suite<\/span><\/a><\/p>\n","protected":false},"author":3,"featured_media":0,"comment_status":"closed","ping_status":"closed","sticky":false,"template":"","format":"standard","meta":{"footnotes":""},"categories":[1],"tags":[],"yoast_head":"<!-- This site is optimized with the Yoast SEO plugin v22.4 - https:\/\/yoast.com\/wordpress\/plugins\/seo\/ -->\n<title>C&#039;est la rentr\u00e9e \u00e0 l&#039;EMDG ! - Ecole de Musique, Danse &amp; Th\u00e9\u00e2tre de Guilers<\/title>\n<meta name=\"robots\" content=\"index, follow, max-snippet:-1, max-image-preview:large, max-video-preview:-1\" \/>\n<link rel=\"canonical\" href=\"https:\/\/www.emdg-guilers.org\/index.php\/2018\/09\/06\/cest-rentree-a-lemdg\/\" \/>\n<meta property=\"og:locale\" content=\"fr_FR\" \/>\n<meta property=\"og:type\" content=\"article\" \/>\n<meta property=\"og:title\" content=\"C&#039;est la rentr\u00e9e \u00e0 l&#039;EMDG ! - Ecole de Musique, Danse &amp; Th\u00e9\u00e2tre de Guilers\" \/>\n<meta property=\"og:description\" content=\"Les cours reprennent en danse et en musique \u00e0 compter du\u00a010 septembre. Les ensembles musicaux reprennent la semaine du 17 septembre, sauf le GONG. Il est possible d&rsquo;int\u00e9grer les ensembles de l&rsquo;\u00e9cole sans prendre de cours individuel, n&rsquo;h\u00e9sitez pas \u00e0 rejoindre nos orchestres, nous recrutons! Pour les cours de danse adultes, possibilit\u00e9 d&rsquo;assister \u00e0 un cours d&rsquo;essai jusqu&rsquo;au mois d&rsquo;octobre. Il reste encore quelques places au PARCOURS D\u00c9COUVERTE INSTRUMENTALE DU JEUDI pour les enfants qui ne savent pas encore quel...Lire la suite Lire la suite\" \/>\n<meta property=\"og:url\" content=\"https:\/\/www.emdg-guilers.org\/index.php\/2018\/09\/06\/cest-rentree-a-lemdg\/\" \/>\n<meta property=\"og:site_name\" content=\"Ecole de Musique, Danse &amp; Th\u00e9\u00e2tre de Guilers\" \/>\n<meta property=\"article:publisher\" content=\"https:\/\/www.facebook.com\/Ecole-de-Musique-et-de-Danse-de-Guilers-480017765533016\/\" \/>\n<meta property=\"article:published_time\" content=\"2018-09-06T08:29:09+00:00\" \/>\n<meta property=\"article:modified_time\" content=\"2018-09-06T09:10:00+00:00\" \/>\n<meta property=\"og:image\" content=\"http:\/\/www.emdg-guilers.org\/wp-content\/uploads\/2018\/09\/rentr\u00e9e.jpg\" \/>\n<meta name=\"author\" content=\"Marie Clavier\" \/>\n<meta name=\"twitter:card\" content=\"summary_large_image\" \/>\n<meta name=\"twitter:label1\" content=\"\u00c9crit par\" \/>\n\t<meta name=\"twitter:data1\" content=\"Marie Clavier\" \/>\n<script type=\"application\/ld+json\" class=\"yoast-schema-graph\">{\"@context\":\"https:\/\/schema.org\",\"@graph\":[{\"@type\":\"Article\",\"@id\":\"https:\/\/www.emdg-guilers.org\/index.php\/2018\/09\/06\/cest-rentree-a-lemdg\/#article\",\"isPartOf\":{\"@id\":\"https:\/\/www.emdg-guilers.org\/index.php\/2018\/09\/06\/cest-rentree-a-lemdg\/\"},\"author\":{\"name\":\"Marie Clavier\",\"@id\":\"https:\/\/www.emdg-guilers.org\/#\/schema\/person\/5c279d8e49be5f6bfdc87fb9e08559d4\"},\"headline\":\"C&rsquo;est la rentr\u00e9e \u00e0 l&rsquo;EMDG !\",\"datePublished\":\"2018-09-06T08:29:09+00:00\",\"dateModified\":\"2018-09-06T09:10:00+00:00\",\"mainEntityOfPage\":{\"@id\":\"https:\/\/www.emdg-guilers.org\/index.php\/2018\/09\/06\/cest-rentree-a-lemdg\/\"},\"wordCount\":100,\"publisher\":{\"@id\":\"https:\/\/www.emdg-guilers.org\/#organization\"},\"inLanguage\":\"fr-FR\"},{\"@type\":\"WebPage\",\"@id\":\"https:\/\/www.emdg-guilers.org\/index.php\/2018\/09\/06\/cest-rentree-a-lemdg\/\",\"url\":\"https:\/\/www.emdg-guilers.org\/index.php\/2018\/09\/06\/cest-rentree-a-lemdg\/\",\"name\":\"C'est la rentr\u00e9e \u00e0 l'EMDG ! - Ecole de Musique, Danse &amp; Th\u00e9\u00e2tre de Guilers\",\"isPartOf\":{\"@id\":\"https:\/\/www.emdg-guilers.org\/#website\"},\"datePublished\":\"2018-09-06T08:29:09+00:00\",\"dateModified\":\"2018-09-06T09:10:00+00:00\",\"breadcrumb\":{\"@id\":\"https:\/\/www.emdg-guilers.org\/index.php\/2018\/09\/06\/cest-rentree-a-lemdg\/#breadcrumb\"},\"inLanguage\":\"fr-FR\",\"potentialAction\":[{\"@type\":\"ReadAction\",\"target\":[\"https:\/\/www.emdg-guilers.org\/index.php\/2018\/09\/06\/cest-rentree-a-lemdg\/\"]}]},{\"@type\":\"BreadcrumbList\",\"@id\":\"https:\/\/www.emdg-guilers.org\/index.php\/2018\/09\/06\/cest-rentree-a-lemdg\/#breadcrumb\",\"itemListElement\":[{\"@type\":\"ListItem\",\"position\":1,\"name\":\"Accueil\",\"item\":\"https:\/\/www.emdg-guilers.org\/\"},{\"@type\":\"ListItem\",\"position\":2,\"name\":\"C&rsquo;est la rentr\u00e9e \u00e0 l&rsquo;EMDG !\"}]},{\"@type\":\"WebSite\",\"@id\":\"https:\/\/www.emdg-guilers.org\/#website\",\"url\":\"https:\/\/www.emdg-guilers.org\/\",\"name\":\"Ecole de Musique et Danse de Guilers\",\"description\":\"Ecole associative, cours de musique, danse, th\u00e9\u00e2tre accessibles \u00e0 tous\",\"publisher\":{\"@id\":\"https:\/\/www.emdg-guilers.org\/#organization\"},\"potentialAction\":[{\"@type\":\"SearchAction\",\"target\":{\"@type\":\"EntryPoint\",\"urlTemplate\":\"https:\/\/www.emdg-guilers.org\/?s={search_term_string}\"},\"query-input\":\"required name=search_term_string\"}],\"inLanguage\":\"fr-FR\"},{\"@type\":\"Organization\",\"@id\":\"https:\/\/www.emdg-guilers.org\/#organization\",\"name\":\"Ecole de Musique et de Danse\",\"url\":\"https:\/\/www.emdg-guilers.org\/\",\"logo\":{\"@type\":\"ImageObject\",\"inLanguage\":\"fr-FR\",\"@id\":\"https:\/\/www.emdg-guilers.org\/#\/schema\/logo\/image\/\",\"url\":\"https:\/\/www.emdg-guilers.org\/wp-content\/uploads\/2016\/06\/logo2014.jpg\",\"contentUrl\":\"https:\/\/www.emdg-guilers.org\/wp-content\/uploads\/2016\/06\/logo2014.jpg\",\"width\":214,\"height\":116,\"caption\":\"Ecole de Musique et de Danse\"},\"image\":{\"@id\":\"https:\/\/www.emdg-guilers.org\/#\/schema\/logo\/image\/\"},\"sameAs\":[\"https:\/\/www.facebook.com\/Ecole-de-Musique-et-de-Danse-de-Guilers-480017765533016\/\"]},{\"@type\":\"Person\",\"@id\":\"https:\/\/www.emdg-guilers.org\/#\/schema\/person\/5c279d8e49be5f6bfdc87fb9e08559d4\",\"name\":\"Marie Clavier\",\"image\":{\"@type\":\"ImageObject\",\"inLanguage\":\"fr-FR\",\"@id\":\"https:\/\/www.emdg-guilers.org\/#\/schema\/person\/image\/\",\"url\":\"https:\/\/secure.gravatar.com\/avatar\/82505eeeaf6d53a80197cd7ed92e8de4?s=96&d=mm&r=g\",\"contentUrl\":\"https:\/\/secure.gravatar.com\/avatar\/82505eeeaf6d53a80197cd7ed92e8de4?s=96&d=mm&r=g\",\"caption\":\"Marie Clavier\"},\"url\":\"https:\/\/www.emdg-guilers.org\/index.php\/author\/mclavier\/\"}]}<\/script>\n<!-- \/ Yoast SEO plugin. -->","yoast_head_json":{"title":"C'est la rentr\u00e9e \u00e0 l'EMDG ! - Ecole de Musique, Danse &amp; Th\u00e9\u00e2tre de Guilers","robots":{"index":"index","follow":"follow","max-snippet":"max-snippet:-1","max-image-preview":"max-image-preview:large","max-video-preview":"max-video-preview:-1"},"canonical":"https:\/\/www.emdg-guilers.org\/index.php\/2018\/09\/06\/cest-rentree-a-lemdg\/","og_locale":"fr_FR","og_type":"article","og_title":"C'est la rentr\u00e9e \u00e0 l'EMDG ! - Ecole de Musique, Danse &amp; Th\u00e9\u00e2tre de Guilers","og_description":"Les cours reprennent en danse et en musique \u00e0 compter du\u00a010 septembre. Les ensembles musicaux reprennent la semaine du 17 septembre, sauf le GONG. Il est possible d&rsquo;int\u00e9grer les ensembles de l&rsquo;\u00e9cole sans prendre de cours individuel, n&rsquo;h\u00e9sitez pas \u00e0 rejoindre nos orchestres, nous recrutons! Pour les cours de danse adultes, possibilit\u00e9 d&rsquo;assister \u00e0 un cours d&rsquo;essai jusqu&rsquo;au mois d&rsquo;octobre. Il reste encore quelques places au PARCOURS D\u00c9COUVERTE INSTRUMENTALE DU JEUDI pour les enfants qui ne savent pas encore quel...Lire la suite Lire la suite","og_url":"https:\/\/www.emdg-guilers.org\/index.php\/2018\/09\/06\/cest-rentree-a-lemdg\/","og_site_name":"Ecole de Musique, Danse &amp; Th\u00e9\u00e2tre de Guilers","article_publisher":"https:\/\/www.facebook.com\/Ecole-de-Musique-et-de-Danse-de-Guilers-480017765533016\/","article_published_time":"2018-09-06T08:29:09+00:00","article_modified_time":"2018-09-06T09:10:00+00:00","og_image":[{"url":"http:\/\/www.emdg-guilers.org\/wp-content\/uploads\/2018\/09\/rentr\u00e9e.jpg"}],"author":"Marie Clavier","twitter_card":"summary_large_image","twitter_misc":{"\u00c9crit par":"Marie Clavier"},"schema":{"@context":"https:\/\/schema.org","@graph":[{"@type":"Article","@id":"https:\/\/www.emdg-guilers.org\/index.php\/2018\/09\/06\/cest-rentree-a-lemdg\/#article","isPartOf":{"@id":"https:\/\/www.emdg-guilers.org\/index.php\/2018\/09\/06\/cest-rentree-a-lemdg\/"},"author":{"name":"Marie Clavier","@id":"https:\/\/www.emdg-guilers.org\/#\/schema\/person\/5c279d8e49be5f6bfdc87fb9e08559d4"},"headline":"C&rsquo;est la rentr\u00e9e \u00e0 l&rsquo;EMDG !","datePublished":"2018-09-06T08:29:09+00:00","dateModified":"2018-09-06T09:10:00+00:00","mainEntityOfPage":{"@id":"https:\/\/www.emdg-guilers.org\/index.php\/2018\/09\/06\/cest-rentree-a-lemdg\/"},"wordCount":100,"publisher":{"@id":"https:\/\/www.emdg-guilers.org\/#organization"},"inLanguage":"fr-FR"},{"@type":"WebPage","@id":"https:\/\/www.emdg-guilers.org\/index.php\/2018\/09\/06\/cest-rentree-a-lemdg\/","url":"https:\/\/www.emdg-guilers.org\/index.php\/2018\/09\/06\/cest-rentree-a-lemdg\/","name":"C'est la rentr\u00e9e \u00e0 l'EMDG ! - Ecole de Musique, Danse &amp; Th\u00e9\u00e2tre de Guilers","isPartOf":{"@id":"https:\/\/www.emdg-guilers.org\/#website"},"datePublished":"2018-09-06T08:29:09+00:00","dateModified":"2018-09-06T09:10:00+00:00","breadcrumb":{"@id":"https:\/\/www.emdg-guilers.org\/index.php\/2018\/09\/06\/cest-rentree-a-lemdg\/#breadcrumb"},"inLanguage":"fr-FR","potentialAction":[{"@type":"ReadAction","target":["https:\/\/www.emdg-guilers.org\/index.php\/2018\/09\/06\/cest-rentree-a-lemdg\/"]}]},{"@type":"BreadcrumbList","@id":"https:\/\/www.emdg-guilers.org\/index.php\/2018\/09\/06\/cest-rentree-a-lemdg\/#breadcrumb","itemListElement":[{"@type":"ListItem","position":1,"name":"Accueil","item":"https:\/\/www.emdg-guilers.org\/"},{"@type":"ListItem","position":2,"name":"C&rsquo;est la rentr\u00e9e \u00e0 l&rsquo;EMDG !"}]},{"@type":"WebSite","@id":"https:\/\/www.emdg-guilers.org\/#website","url":"https:\/\/www.emdg-guilers.org\/","name":"Ecole de Musique et Danse de Guilers","description":"Ecole associative, cours de musique, danse, th\u00e9\u00e2tre accessibles \u00e0 tous","publisher":{"@id":"https:\/\/www.emdg-guilers.org\/#organization"},"potentialAction":[{"@type":"SearchAction","target":{"@type":"EntryPoint","urlTemplate":"https:\/\/www.emdg-guilers.org\/?s={search_term_string}"},"query-input":"required name=search_term_string"}],"inLanguage":"fr-FR"},{"@type":"Organization","@id":"https:\/\/www.emdg-guilers.org\/#organization","name":"Ecole de Musique et de Danse","url":"https:\/\/www.emdg-guilers.org\/","logo":{"@type":"ImageObject","inLanguage":"fr-FR","@id":"https:\/\/www.emdg-guilers.org\/#\/schema\/logo\/image\/","url":"https:\/\/www.emdg-guilers.org\/wp-content\/uploads\/2016\/06\/logo2014.jpg","contentUrl":"https:\/\/www.emdg-guilers.org\/wp-content\/uploads\/2016\/06\/logo2014.jpg","width":214,"height":116,"caption":"Ecole de Musique et de Danse"},"image":{"@id":"https:\/\/www.emdg-guilers.org\/#\/schema\/logo\/image\/"},"sameAs":["https:\/\/www.facebook.com\/Ecole-de-Musique-et-de-Danse-de-Guilers-480017765533016\/"]},{"@type":"Person","@id":"https:\/\/www.emdg-guilers.org\/#\/schema\/person\/5c279d8e49be5f6bfdc87fb9e08559d4","name":"Marie Clavier","image":{"@type":"ImageObject","inLanguage":"fr-FR","@id":"https:\/\/www.emdg-guilers.org\/#\/schema\/person\/image\/","url":"https:\/\/secure.gravatar.com\/avatar\/82505eeeaf6d53a80197cd7ed92e8de4?s=96&d=mm&r=g","contentUrl":"https:\/\/secure.gravatar.com\/avatar\/82505eeeaf6d53a80197cd7ed92e8de4?s=96&d=mm&r=g","caption":"Marie Clavier"},"url":"https:\/\/www.emdg-guilers.org\/index.php\/author\/mclavier\/"}]}},"_links":{"self":[{"href":"https:\/\/www.emdg-guilers.org\/index.php\/wp-json\/wp\/v2\/posts\/1273"}],"collection":[{"href":"https:\/\/www.emdg-guilers.org\/index.php\/wp-json\/wp\/v2\/posts"}],"about":[{"href":"https:\/\/www.emdg-guilers.org\/index.php\/wp-json\/wp\/v2\/types\/post"}],"author":[{"embeddable":true,"href":"https:\/\/www.emdg-guilers.org\/index.php\/wp-json\/wp\/v2\/users\/3"}],"replies":[{"embeddable":true,"href":"https:\/\/www.emdg-guilers.org\/index.php\/wp-json\/wp\/v2\/comments?post=1273"}],"version-history":[{"count":2,"href":"https:\/\/www.emdg-guilers.org\/index.php\/wp-json\/wp\/v2\/posts\/1273\/revisions"}],"predecessor-version":[{"id":1284,"href":"https:\/\/www.emdg-guilers.org\/index.php\/wp-json\/wp\/v2\/posts\/1273\/revisions\/1284"}],"wp:attachment":[{"href":"https:\/\/www.emdg-guilers.org\/index.php\/wp-json\/wp\/v2\/media?parent=1273"}],"wp:term":[{"taxonomy":"category","embeddable":true,"href":"https:\/\/www.emdg-guilers.org\/index.php\/wp-json\/wp\/v2\/categories?post=1273"},{"taxonomy":"post_tag","embeddable":true,"href":"https:\/\/www.emdg-guilers.org\/index.php\/wp-json\/wp\/v2\/tags?post=1273"}],"curies":[{"name":"wp","href":"https:\/\/api.w.org\/{rel}","templated":true}]}}