{"id":1328,"date":"2018-10-09T10:58:11","date_gmt":"2018-10-09T08:58:11","guid":{"rendered":"http:\/\/www.emdg-guilers.org\/?p=1328"},"modified":"2018-10-09T10:58:54","modified_gmt":"2018-10-09T08:58:54","slug":"grand-orchestre-metros-cool","status":"publish","type":"post","link":"https:\/\/www.emdg-guilers.org\/index.php\/2018\/10\/09\/grand-orchestre-metros-cool\/","title":{"rendered":"Le grand orchestre Metro&rsquo;s cool"},"content":{"rendered":"<p><a href=\"http:\/\/www.emdg-guilers.org\/index.php\/action-culturelle\/metros-cool\/\">Metro&rsquo;s cool,<\/a> c&rsquo;est le projet qui rassemble les 8 \u00e9tablissements d&rsquo;enseignement artistique de la m\u00e9tropole brestoise.<\/p>\n<p><strong>Metro&rsquo;s cool #4 voit les choses en grand et montera un grand orchestre<\/strong> compos\u00e9 de tous types d&rsquo;instruments, tous niveaux (\u00e0 partir de 2 ans de pratique instrumentale), pour petits ou grands, avec des \u00e9l\u00e8ves de toute la m\u00e9tropole. La direction sera assur\u00e9e alternativement par les \u00e9l\u00e8ves de direction d&rsquo;orchestre du CRR.<\/p>\n<p>-&gt; Rendez-vous pour la premi\u00e8re r\u00e9p\u00e9tition le <strong>samedi 13 octobre de 14h \u00e0 17h \u00e0 Roz Valan, Bohars<\/strong>. Inscription sur place, gratuit. Venez juste avec votre instrument !<\/p>\n<p>Cet orchestre entre dans le cadre du Parcours Global de l\u2019\u00c9l\u00e8ve et peut faire office de pratique collective qualifiante pour l&rsquo;ann\u00e9e scolaire 2018-2019 (pour l&rsquo;EMDG).\u00a0 Il y aura 3 sessions dans l&rsquo;ann\u00e9e pr\u00e9vue le samedi apr\u00e8s-midi.<\/p>\n<p><strong>Concert restitution le Samedi 30 mars 2019 \u2013 20h00, Roz Valan, Bohars<\/strong> \u2013\u00a0Le grand orchestre Metro\u2019s cool\u00a0\u2013 Metro\u2019s cool #4<\/p>\n<p><img loading=\"lazy\" decoding=\"async\" class=\"aligncenter wp-image-1033\" src=\"http:\/\/www.emdg-guilers.org\/wp-content\/uploads\/2017\/09\/logo-Metroscool.jpg\" alt=\"\" width=\"453\" height=\"222\" srcset=\"https:\/\/www.emdg-guilers.org\/wp-content\/uploads\/2017\/09\/logo-Metroscool.jpg 673w, https:\/\/www.emdg-guilers.org\/wp-content\/uploads\/2017\/09\/logo-Metroscool-300x147.jpg 300w, https:\/\/www.emdg-guilers.org\/wp-content\/uploads\/2017\/09\/logo-Metroscool-551x270.jpg 551w\" sizes=\"(max-width: 453px) 100vw, 453px\" \/><\/p>\n","protected":false},"excerpt":{"rendered":"<p>Metro&rsquo;s cool, c&rsquo;est le projet qui rassemble les 8 \u00e9tablissements d&rsquo;enseignement artistique de la m\u00e9tropole brestoise. Metro&rsquo;s cool #4 voit les choses en grand et montera un grand orchestre compos\u00e9 de tous types d&rsquo;instruments, tous niveaux (\u00e0 partir de 2 ans de pratique instrumentale), pour petits ou grands, avec des \u00e9l\u00e8ves de toute la m\u00e9tropole. La direction sera assur\u00e9e alternativement par les \u00e9l\u00e8ves de direction d&rsquo;orchestre du CRR. -&gt; Rendez-vous pour la premi\u00e8re r\u00e9p\u00e9tition le samedi 13 octobre de 14h&#8230;<\/p>\n<p class=\"read-more\"><a class=\"btn btn-default\" href=\"https:\/\/www.emdg-guilers.org\/index.php\/2018\/10\/09\/grand-orchestre-metros-cool\/\">Lire la suite<span class=\"screen-reader-text\"> Lire la suite<\/span><\/a><\/p>\n","protected":false},"author":3,"featured_media":0,"comment_status":"closed","ping_status":"closed","sticky":false,"template":"","format":"standard","meta":{"footnotes":""},"categories":[1],"tags":[],"yoast_head":"<!-- This site is optimized with the Yoast SEO plugin v22.4 - https:\/\/yoast.com\/wordpress\/plugins\/seo\/ -->\n<title>Le grand orchestre Metro&#039;s cool - Ecole de Musique, Danse &amp; Th\u00e9\u00e2tre de Guilers<\/title>\n<meta name=\"robots\" content=\"index, follow, max-snippet:-1, max-image-preview:large, max-video-preview:-1\" \/>\n<link rel=\"canonical\" href=\"https:\/\/www.emdg-guilers.org\/index.php\/2018\/10\/09\/grand-orchestre-metros-cool\/\" \/>\n<meta property=\"og:locale\" content=\"fr_FR\" \/>\n<meta property=\"og:type\" content=\"article\" \/>\n<meta property=\"og:title\" content=\"Le grand orchestre Metro&#039;s cool - Ecole de Musique, Danse &amp; Th\u00e9\u00e2tre de Guilers\" \/>\n<meta property=\"og:description\" content=\"Metro&rsquo;s cool, c&rsquo;est le projet qui rassemble les 8 \u00e9tablissements d&rsquo;enseignement artistique de la m\u00e9tropole brestoise. Metro&rsquo;s cool #4 voit les choses en grand et montera un grand orchestre compos\u00e9 de tous types d&rsquo;instruments, tous niveaux (\u00e0 partir de 2 ans de pratique instrumentale), pour petits ou grands, avec des \u00e9l\u00e8ves de toute la m\u00e9tropole. La direction sera assur\u00e9e alternativement par les \u00e9l\u00e8ves de direction d&rsquo;orchestre du CRR. -&gt; Rendez-vous pour la premi\u00e8re r\u00e9p\u00e9tition le samedi 13 octobre de 14h...Lire la suite Lire la suite\" \/>\n<meta property=\"og:url\" content=\"https:\/\/www.emdg-guilers.org\/index.php\/2018\/10\/09\/grand-orchestre-metros-cool\/\" \/>\n<meta property=\"og:site_name\" content=\"Ecole de Musique, Danse &amp; Th\u00e9\u00e2tre de Guilers\" \/>\n<meta property=\"article:publisher\" content=\"https:\/\/www.facebook.com\/Ecole-de-Musique-et-de-Danse-de-Guilers-480017765533016\/\" \/>\n<meta property=\"article:published_time\" content=\"2018-10-09T08:58:11+00:00\" \/>\n<meta property=\"article:modified_time\" content=\"2018-10-09T08:58:54+00:00\" \/>\n<meta property=\"og:image\" content=\"http:\/\/www.emdg-guilers.org\/wp-content\/uploads\/2017\/09\/logo-Metroscool.jpg\" \/>\n<meta name=\"author\" content=\"Marie Clavier\" \/>\n<meta name=\"twitter:card\" content=\"summary_large_image\" \/>\n<meta name=\"twitter:label1\" content=\"\u00c9crit par\" \/>\n\t<meta name=\"twitter:data1\" content=\"Marie Clavier\" \/>\n\t<meta name=\"twitter:label2\" content=\"Dur\u00e9e de lecture estim\u00e9e\" \/>\n\t<meta name=\"twitter:data2\" content=\"1 minute\" \/>\n<script type=\"application\/ld+json\" class=\"yoast-schema-graph\">{\"@context\":\"https:\/\/schema.org\",\"@graph\":[{\"@type\":\"Article\",\"@id\":\"https:\/\/www.emdg-guilers.org\/index.php\/2018\/10\/09\/grand-orchestre-metros-cool\/#article\",\"isPartOf\":{\"@id\":\"https:\/\/www.emdg-guilers.org\/index.php\/2018\/10\/09\/grand-orchestre-metros-cool\/\"},\"author\":{\"name\":\"Marie Clavier\",\"@id\":\"https:\/\/www.emdg-guilers.org\/#\/schema\/person\/5c279d8e49be5f6bfdc87fb9e08559d4\"},\"headline\":\"Le grand orchestre Metro&rsquo;s cool\",\"datePublished\":\"2018-10-09T08:58:11+00:00\",\"dateModified\":\"2018-10-09T08:58:54+00:00\",\"mainEntityOfPage\":{\"@id\":\"https:\/\/www.emdg-guilers.org\/index.php\/2018\/10\/09\/grand-orchestre-metros-cool\/\"},\"wordCount\":161,\"publisher\":{\"@id\":\"https:\/\/www.emdg-guilers.org\/#organization\"},\"image\":{\"@id\":\"https:\/\/www.emdg-guilers.org\/index.php\/2018\/10\/09\/grand-orchestre-metros-cool\/#primaryimage\"},\"thumbnailUrl\":\"http:\/\/www.emdg-guilers.org\/wp-content\/uploads\/2017\/09\/logo-Metroscool.jpg\",\"inLanguage\":\"fr-FR\"},{\"@type\":\"WebPage\",\"@id\":\"https:\/\/www.emdg-guilers.org\/index.php\/2018\/10\/09\/grand-orchestre-metros-cool\/\",\"url\":\"https:\/\/www.emdg-guilers.org\/index.php\/2018\/10\/09\/grand-orchestre-metros-cool\/\",\"name\":\"Le grand orchestre Metro's cool - Ecole de Musique, Danse &amp; Th\u00e9\u00e2tre de Guilers\",\"isPartOf\":{\"@id\":\"https:\/\/www.emdg-guilers.org\/#website\"},\"primaryImageOfPage\":{\"@id\":\"https:\/\/www.emdg-guilers.org\/index.php\/2018\/10\/09\/grand-orchestre-metros-cool\/#primaryimage\"},\"image\":{\"@id\":\"https:\/\/www.emdg-guilers.org\/index.php\/2018\/10\/09\/grand-orchestre-metros-cool\/#primaryimage\"},\"thumbnailUrl\":\"http:\/\/www.emdg-guilers.org\/wp-content\/uploads\/2017\/09\/logo-Metroscool.jpg\",\"datePublished\":\"2018-10-09T08:58:11+00:00\",\"dateModified\":\"2018-10-09T08:58:54+00:00\",\"breadcrumb\":{\"@id\":\"https:\/\/www.emdg-guilers.org\/index.php\/2018\/10\/09\/grand-orchestre-metros-cool\/#breadcrumb\"},\"inLanguage\":\"fr-FR\",\"potentialAction\":[{\"@type\":\"ReadAction\",\"target\":[\"https:\/\/www.emdg-guilers.org\/index.php\/2018\/10\/09\/grand-orchestre-metros-cool\/\"]}]},{\"@type\":\"ImageObject\",\"inLanguage\":\"fr-FR\",\"@id\":\"https:\/\/www.emdg-guilers.org\/index.php\/2018\/10\/09\/grand-orchestre-metros-cool\/#primaryimage\",\"url\":\"http:\/\/www.emdg-guilers.org\/wp-content\/uploads\/2017\/09\/logo-Metroscool.jpg\",\"contentUrl\":\"http:\/\/www.emdg-guilers.org\/wp-content\/uploads\/2017\/09\/logo-Metroscool.jpg\"},{\"@type\":\"BreadcrumbList\",\"@id\":\"https:\/\/www.emdg-guilers.org\/index.php\/2018\/10\/09\/grand-orchestre-metros-cool\/#breadcrumb\",\"itemListElement\":[{\"@type\":\"ListItem\",\"position\":1,\"name\":\"Accueil\",\"item\":\"https:\/\/www.emdg-guilers.org\/\"},{\"@type\":\"ListItem\",\"position\":2,\"name\":\"Le grand orchestre Metro&rsquo;s cool\"}]},{\"@type\":\"WebSite\",\"@id\":\"https:\/\/www.emdg-guilers.org\/#website\",\"url\":\"https:\/\/www.emdg-guilers.org\/\",\"name\":\"Ecole de Musique et Danse de Guilers\",\"description\":\"Ecole associative, cours de musique, danse, th\u00e9\u00e2tre accessibles \u00e0 tous\",\"publisher\":{\"@id\":\"https:\/\/www.emdg-guilers.org\/#organization\"},\"potentialAction\":[{\"@type\":\"SearchAction\",\"target\":{\"@type\":\"EntryPoint\",\"urlTemplate\":\"https:\/\/www.emdg-guilers.org\/?s={search_term_string}\"},\"query-input\":\"required name=search_term_string\"}],\"inLanguage\":\"fr-FR\"},{\"@type\":\"Organization\",\"@id\":\"https:\/\/www.emdg-guilers.org\/#organization\",\"name\":\"Ecole de Musique et de Danse\",\"url\":\"https:\/\/www.emdg-guilers.org\/\",\"logo\":{\"@type\":\"ImageObject\",\"inLanguage\":\"fr-FR\",\"@id\":\"https:\/\/www.emdg-guilers.org\/#\/schema\/logo\/image\/\",\"url\":\"https:\/\/www.emdg-guilers.org\/wp-content\/uploads\/2016\/06\/logo2014.jpg\",\"contentUrl\":\"https:\/\/www.emdg-guilers.org\/wp-content\/uploads\/2016\/06\/logo2014.jpg\",\"width\":214,\"height\":116,\"caption\":\"Ecole de Musique et de Danse\"},\"image\":{\"@id\":\"https:\/\/www.emdg-guilers.org\/#\/schema\/logo\/image\/\"},\"sameAs\":[\"https:\/\/www.facebook.com\/Ecole-de-Musique-et-de-Danse-de-Guilers-480017765533016\/\"]},{\"@type\":\"Person\",\"@id\":\"https:\/\/www.emdg-guilers.org\/#\/schema\/person\/5c279d8e49be5f6bfdc87fb9e08559d4\",\"name\":\"Marie Clavier\",\"image\":{\"@type\":\"ImageObject\",\"inLanguage\":\"fr-FR\",\"@id\":\"https:\/\/www.emdg-guilers.org\/#\/schema\/person\/image\/\",\"url\":\"https:\/\/secure.gravatar.com\/avatar\/82505eeeaf6d53a80197cd7ed92e8de4?s=96&d=mm&r=g\",\"contentUrl\":\"https:\/\/secure.gravatar.com\/avatar\/82505eeeaf6d53a80197cd7ed92e8de4?s=96&d=mm&r=g\",\"caption\":\"Marie Clavier\"},\"url\":\"https:\/\/www.emdg-guilers.org\/index.php\/author\/mclavier\/\"}]}<\/script>\n<!-- \/ Yoast SEO plugin. -->","yoast_head_json":{"title":"Le grand orchestre Metro's cool - Ecole de Musique, Danse &amp; Th\u00e9\u00e2tre de Guilers","robots":{"index":"index","follow":"follow","max-snippet":"max-snippet:-1","max-image-preview":"max-image-preview:large","max-video-preview":"max-video-preview:-1"},"canonical":"https:\/\/www.emdg-guilers.org\/index.php\/2018\/10\/09\/grand-orchestre-metros-cool\/","og_locale":"fr_FR","og_type":"article","og_title":"Le grand orchestre Metro's cool - Ecole de Musique, Danse &amp; Th\u00e9\u00e2tre de Guilers","og_description":"Metro&rsquo;s cool, c&rsquo;est le projet qui rassemble les 8 \u00e9tablissements d&rsquo;enseignement artistique de la m\u00e9tropole brestoise. Metro&rsquo;s cool #4 voit les choses en grand et montera un grand orchestre compos\u00e9 de tous types d&rsquo;instruments, tous niveaux (\u00e0 partir de 2 ans de pratique instrumentale), pour petits ou grands, avec des \u00e9l\u00e8ves de toute la m\u00e9tropole. La direction sera assur\u00e9e alternativement par les \u00e9l\u00e8ves de direction d&rsquo;orchestre du CRR. -&gt; Rendez-vous pour la premi\u00e8re r\u00e9p\u00e9tition le samedi 13 octobre de 14h...Lire la suite Lire la suite","og_url":"https:\/\/www.emdg-guilers.org\/index.php\/2018\/10\/09\/grand-orchestre-metros-cool\/","og_site_name":"Ecole de Musique, Danse &amp; Th\u00e9\u00e2tre de Guilers","article_publisher":"https:\/\/www.facebook.com\/Ecole-de-Musique-et-de-Danse-de-Guilers-480017765533016\/","article_published_time":"2018-10-09T08:58:11+00:00","article_modified_time":"2018-10-09T08:58:54+00:00","og_image":[{"url":"http:\/\/www.emdg-guilers.org\/wp-content\/uploads\/2017\/09\/logo-Metroscool.jpg"}],"author":"Marie Clavier","twitter_card":"summary_large_image","twitter_misc":{"\u00c9crit par":"Marie Clavier","Dur\u00e9e de lecture estim\u00e9e":"1 minute"},"schema":{"@context":"https:\/\/schema.org","@graph":[{"@type":"Article","@id":"https:\/\/www.emdg-guilers.org\/index.php\/2018\/10\/09\/grand-orchestre-metros-cool\/#article","isPartOf":{"@id":"https:\/\/www.emdg-guilers.org\/index.php\/2018\/10\/09\/grand-orchestre-metros-cool\/"},"author":{"name":"Marie Clavier","@id":"https:\/\/www.emdg-guilers.org\/#\/schema\/person\/5c279d8e49be5f6bfdc87fb9e08559d4"},"headline":"Le grand orchestre Metro&rsquo;s cool","datePublished":"2018-10-09T08:58:11+00:00","dateModified":"2018-10-09T08:58:54+00:00","mainEntityOfPage":{"@id":"https:\/\/www.emdg-guilers.org\/index.php\/2018\/10\/09\/grand-orchestre-metros-cool\/"},"wordCount":161,"publisher":{"@id":"https:\/\/www.emdg-guilers.org\/#organization"},"image":{"@id":"https:\/\/www.emdg-guilers.org\/index.php\/2018\/10\/09\/grand-orchestre-metros-cool\/#primaryimage"},"thumbnailUrl":"http:\/\/www.emdg-guilers.org\/wp-content\/uploads\/2017\/09\/logo-Metroscool.jpg","inLanguage":"fr-FR"},{"@type":"WebPage","@id":"https:\/\/www.emdg-guilers.org\/index.php\/2018\/10\/09\/grand-orchestre-metros-cool\/","url":"https:\/\/www.emdg-guilers.org\/index.php\/2018\/10\/09\/grand-orchestre-metros-cool\/","name":"Le grand orchestre Metro's cool - Ecole de Musique, Danse &amp; Th\u00e9\u00e2tre de Guilers","isPartOf":{"@id":"https:\/\/www.emdg-guilers.org\/#website"},"primaryImageOfPage":{"@id":"https:\/\/www.emdg-guilers.org\/index.php\/2018\/10\/09\/grand-orchestre-metros-cool\/#primaryimage"},"image":{"@id":"https:\/\/www.emdg-guilers.org\/index.php\/2018\/10\/09\/grand-orchestre-metros-cool\/#primaryimage"},"thumbnailUrl":"http:\/\/www.emdg-guilers.org\/wp-content\/uploads\/2017\/09\/logo-Metroscool.jpg","datePublished":"2018-10-09T08:58:11+00:00","dateModified":"2018-10-09T08:58:54+00:00","breadcrumb":{"@id":"https:\/\/www.emdg-guilers.org\/index.php\/2018\/10\/09\/grand-orchestre-metros-cool\/#breadcrumb"},"inLanguage":"fr-FR","potentialAction":[{"@type":"ReadAction","target":["https:\/\/www.emdg-guilers.org\/index.php\/2018\/10\/09\/grand-orchestre-metros-cool\/"]}]},{"@type":"ImageObject","inLanguage":"fr-FR","@id":"https:\/\/www.emdg-guilers.org\/index.php\/2018\/10\/09\/grand-orchestre-metros-cool\/#primaryimage","url":"http:\/\/www.emdg-guilers.org\/wp-content\/uploads\/2017\/09\/logo-Metroscool.jpg","contentUrl":"http:\/\/www.emdg-guilers.org\/wp-content\/uploads\/2017\/09\/logo-Metroscool.jpg"},{"@type":"BreadcrumbList","@id":"https:\/\/www.emdg-guilers.org\/index.php\/2018\/10\/09\/grand-orchestre-metros-cool\/#breadcrumb","itemListElement":[{"@type":"ListItem","position":1,"name":"Accueil","item":"https:\/\/www.emdg-guilers.org\/"},{"@type":"ListItem","position":2,"name":"Le grand orchestre Metro&rsquo;s cool"}]},{"@type":"WebSite","@id":"https:\/\/www.emdg-guilers.org\/#website","url":"https:\/\/www.emdg-guilers.org\/","name":"Ecole de Musique et Danse de Guilers","description":"Ecole associative, cours de musique, danse, th\u00e9\u00e2tre accessibles \u00e0 tous","publisher":{"@id":"https:\/\/www.emdg-guilers.org\/#organization"},"potentialAction":[{"@type":"SearchAction","target":{"@type":"EntryPoint","urlTemplate":"https:\/\/www.emdg-guilers.org\/?s={search_term_string}"},"query-input":"required name=search_term_string"}],"inLanguage":"fr-FR"},{"@type":"Organization","@id":"https:\/\/www.emdg-guilers.org\/#organization","name":"Ecole de Musique et de Danse","url":"https:\/\/www.emdg-guilers.org\/","logo":{"@type":"ImageObject","inLanguage":"fr-FR","@id":"https:\/\/www.emdg-guilers.org\/#\/schema\/logo\/image\/","url":"https:\/\/www.emdg-guilers.org\/wp-content\/uploads\/2016\/06\/logo2014.jpg","contentUrl":"https:\/\/www.emdg-guilers.org\/wp-content\/uploads\/2016\/06\/logo2014.jpg","width":214,"height":116,"caption":"Ecole de Musique et de Danse"},"image":{"@id":"https:\/\/www.emdg-guilers.org\/#\/schema\/logo\/image\/"},"sameAs":["https:\/\/www.facebook.com\/Ecole-de-Musique-et-de-Danse-de-Guilers-480017765533016\/"]},{"@type":"Person","@id":"https:\/\/www.emdg-guilers.org\/#\/schema\/person\/5c279d8e49be5f6bfdc87fb9e08559d4","name":"Marie Clavier","image":{"@type":"ImageObject","inLanguage":"fr-FR","@id":"https:\/\/www.emdg-guilers.org\/#\/schema\/person\/image\/","url":"https:\/\/secure.gravatar.com\/avatar\/82505eeeaf6d53a80197cd7ed92e8de4?s=96&d=mm&r=g","contentUrl":"https:\/\/secure.gravatar.com\/avatar\/82505eeeaf6d53a80197cd7ed92e8de4?s=96&d=mm&r=g","caption":"Marie Clavier"},"url":"https:\/\/www.emdg-guilers.org\/index.php\/author\/mclavier\/"}]}},"_links":{"self":[{"href":"https:\/\/www.emdg-guilers.org\/index.php\/wp-json\/wp\/v2\/posts\/1328"}],"collection":[{"href":"https:\/\/www.emdg-guilers.org\/index.php\/wp-json\/wp\/v2\/posts"}],"about":[{"href":"https:\/\/www.emdg-guilers.org\/index.php\/wp-json\/wp\/v2\/types\/post"}],"author":[{"embeddable":true,"href":"https:\/\/www.emdg-guilers.org\/index.php\/wp-json\/wp\/v2\/users\/3"}],"replies":[{"embeddable":true,"href":"https:\/\/www.emdg-guilers.org\/index.php\/wp-json\/wp\/v2\/comments?post=1328"}],"version-history":[{"count":2,"href":"https:\/\/www.emdg-guilers.org\/index.php\/wp-json\/wp\/v2\/posts\/1328\/revisions"}],"predecessor-version":[{"id":1330,"href":"https:\/\/www.emdg-guilers.org\/index.php\/wp-json\/wp\/v2\/posts\/1328\/revisions\/1330"}],"wp:attachment":[{"href":"https:\/\/www.emdg-guilers.org\/index.php\/wp-json\/wp\/v2\/media?parent=1328"}],"wp:term":[{"taxonomy":"category","embeddable":true,"href":"https:\/\/www.emdg-guilers.org\/index.php\/wp-json\/wp\/v2\/categories?post=1328"},{"taxonomy":"post_tag","embeddable":true,"href":"https:\/\/www.emdg-guilers.org\/index.php\/wp-json\/wp\/v2\/tags?post=1328"}],"curies":[{"name":"wp","href":"https:\/\/api.w.org\/{rel}","templated":true}]}}