{"id":1423,"date":"2019-03-07T10:27:16","date_gmt":"2019-03-07T09:27:16","guid":{"rendered":"http:\/\/www.emdg-guilers.org\/?p=1423"},"modified":"2019-03-07T10:27:16","modified_gmt":"2019-03-07T09:27:16","slug":"pleins-feux-culture-bretonne-a-guilers","status":"publish","type":"post","link":"https:\/\/www.emdg-guilers.org\/index.php\/2019\/03\/07\/pleins-feux-culture-bretonne-a-guilers\/","title":{"rendered":"Pleins Feux sur la Culture Bretonne \u00e0 Guilers"},"content":{"rendered":"<p><a href=\"https:\/\/www.facebook.com\/events\/1122437637915520\/\"><img loading=\"lazy\" decoding=\"async\" class=\"aligncenter size-large wp-image-1424\" src=\"http:\/\/www.emdg-guilers.org\/wp-content\/uploads\/2019\/03\/2019-Pleins-feux-sur-laculture-bretonne1-724x1024.jpg\" alt=\"\" width=\"640\" height=\"905\" srcset=\"https:\/\/www.emdg-guilers.org\/wp-content\/uploads\/2019\/03\/2019-Pleins-feux-sur-laculture-bretonne1-724x1024.jpg 724w, https:\/\/www.emdg-guilers.org\/wp-content\/uploads\/2019\/03\/2019-Pleins-feux-sur-laculture-bretonne1-212x300.jpg 212w, https:\/\/www.emdg-guilers.org\/wp-content\/uploads\/2019\/03\/2019-Pleins-feux-sur-laculture-bretonne1-768x1086.jpg 768w, https:\/\/www.emdg-guilers.org\/wp-content\/uploads\/2019\/03\/2019-Pleins-feux-sur-laculture-bretonne1-191x270.jpg 191w, https:\/\/www.emdg-guilers.org\/wp-content\/uploads\/2019\/03\/2019-Pleins-feux-sur-laculture-bretonne1.jpg 1587w\" sizes=\"(max-width: 640px) 100vw, 640px\" \/><\/a> <a href=\"https:\/\/www.facebook.com\/events\/1122437637915520\/\"><img loading=\"lazy\" decoding=\"async\" class=\"aligncenter size-large wp-image-1425\" src=\"http:\/\/www.emdg-guilers.org\/wp-content\/uploads\/2019\/03\/2019-Pleins-feux-sur-laculture-bretonne-724x1024.jpg\" alt=\"\" width=\"640\" height=\"905\" srcset=\"https:\/\/www.emdg-guilers.org\/wp-content\/uploads\/2019\/03\/2019-Pleins-feux-sur-laculture-bretonne-724x1024.jpg 724w, https:\/\/www.emdg-guilers.org\/wp-content\/uploads\/2019\/03\/2019-Pleins-feux-sur-laculture-bretonne-212x300.jpg 212w, https:\/\/www.emdg-guilers.org\/wp-content\/uploads\/2019\/03\/2019-Pleins-feux-sur-laculture-bretonne-768x1086.jpg 768w, https:\/\/www.emdg-guilers.org\/wp-content\/uploads\/2019\/03\/2019-Pleins-feux-sur-laculture-bretonne-191x270.jpg 191w, https:\/\/www.emdg-guilers.org\/wp-content\/uploads\/2019\/03\/2019-Pleins-feux-sur-laculture-bretonne.jpg 1587w\" sizes=\"(max-width: 640px) 100vw, 640px\" \/><\/a><\/p>\n","protected":false},"excerpt":{"rendered":"","protected":false},"author":3,"featured_media":0,"comment_status":"closed","ping_status":"closed","sticky":false,"template":"","format":"standard","meta":{"footnotes":""},"categories":[1],"tags":[],"yoast_head":"<!-- This site is optimized with the Yoast SEO plugin v22.4 - https:\/\/yoast.com\/wordpress\/plugins\/seo\/ -->\n<title>Pleins Feux sur la Culture Bretonne \u00e0 Guilers - Ecole de Musique, Danse &amp; Th\u00e9\u00e2tre de Guilers<\/title>\n<meta name=\"robots\" content=\"index, follow, max-snippet:-1, max-image-preview:large, max-video-preview:-1\" \/>\n<link rel=\"canonical\" href=\"https:\/\/www.emdg-guilers.org\/index.php\/2019\/03\/07\/pleins-feux-culture-bretonne-a-guilers\/\" \/>\n<meta property=\"og:locale\" content=\"fr_FR\" \/>\n<meta property=\"og:type\" content=\"article\" \/>\n<meta property=\"og:title\" content=\"Pleins Feux sur la Culture Bretonne \u00e0 Guilers - Ecole de Musique, Danse &amp; Th\u00e9\u00e2tre de Guilers\" \/>\n<meta property=\"og:url\" content=\"https:\/\/www.emdg-guilers.org\/index.php\/2019\/03\/07\/pleins-feux-culture-bretonne-a-guilers\/\" \/>\n<meta property=\"og:site_name\" content=\"Ecole de Musique, Danse &amp; Th\u00e9\u00e2tre de Guilers\" \/>\n<meta property=\"article:publisher\" content=\"https:\/\/www.facebook.com\/Ecole-de-Musique-et-de-Danse-de-Guilers-480017765533016\/\" \/>\n<meta property=\"article:published_time\" content=\"2019-03-07T09:27:16+00:00\" \/>\n<meta property=\"og:image\" content=\"http:\/\/www.emdg-guilers.org\/wp-content\/uploads\/2019\/03\/2019-Pleins-feux-sur-laculture-bretonne1-724x1024.jpg\" \/>\n<meta name=\"author\" content=\"Marie Clavier\" \/>\n<meta name=\"twitter:card\" content=\"summary_large_image\" \/>\n<meta name=\"twitter:label1\" content=\"\u00c9crit par\" \/>\n\t<meta name=\"twitter:data1\" content=\"Marie Clavier\" \/>\n<script type=\"application\/ld+json\" class=\"yoast-schema-graph\">{\"@context\":\"https:\/\/schema.org\",\"@graph\":[{\"@type\":\"Article\",\"@id\":\"https:\/\/www.emdg-guilers.org\/index.php\/2019\/03\/07\/pleins-feux-culture-bretonne-a-guilers\/#article\",\"isPartOf\":{\"@id\":\"https:\/\/www.emdg-guilers.org\/index.php\/2019\/03\/07\/pleins-feux-culture-bretonne-a-guilers\/\"},\"author\":{\"name\":\"Marie Clavier\",\"@id\":\"https:\/\/www.emdg-guilers.org\/#\/schema\/person\/5c279d8e49be5f6bfdc87fb9e08559d4\"},\"headline\":\"Pleins Feux sur la Culture Bretonne \u00e0 Guilers\",\"datePublished\":\"2019-03-07T09:27:16+00:00\",\"dateModified\":\"2019-03-07T09:27:16+00:00\",\"mainEntityOfPage\":{\"@id\":\"https:\/\/www.emdg-guilers.org\/index.php\/2019\/03\/07\/pleins-feux-culture-bretonne-a-guilers\/\"},\"wordCount\":7,\"publisher\":{\"@id\":\"https:\/\/www.emdg-guilers.org\/#organization\"},\"image\":{\"@id\":\"https:\/\/www.emdg-guilers.org\/index.php\/2019\/03\/07\/pleins-feux-culture-bretonne-a-guilers\/#primaryimage\"},\"thumbnailUrl\":\"http:\/\/www.emdg-guilers.org\/wp-content\/uploads\/2019\/03\/2019-Pleins-feux-sur-laculture-bretonne1-724x1024.jpg\",\"inLanguage\":\"fr-FR\"},{\"@type\":\"WebPage\",\"@id\":\"https:\/\/www.emdg-guilers.org\/index.php\/2019\/03\/07\/pleins-feux-culture-bretonne-a-guilers\/\",\"url\":\"https:\/\/www.emdg-guilers.org\/index.php\/2019\/03\/07\/pleins-feux-culture-bretonne-a-guilers\/\",\"name\":\"Pleins Feux sur la Culture Bretonne \u00e0 Guilers - Ecole de Musique, Danse &amp; Th\u00e9\u00e2tre de Guilers\",\"isPartOf\":{\"@id\":\"https:\/\/www.emdg-guilers.org\/#website\"},\"primaryImageOfPage\":{\"@id\":\"https:\/\/www.emdg-guilers.org\/index.php\/2019\/03\/07\/pleins-feux-culture-bretonne-a-guilers\/#primaryimage\"},\"image\":{\"@id\":\"https:\/\/www.emdg-guilers.org\/index.php\/2019\/03\/07\/pleins-feux-culture-bretonne-a-guilers\/#primaryimage\"},\"thumbnailUrl\":\"http:\/\/www.emdg-guilers.org\/wp-content\/uploads\/2019\/03\/2019-Pleins-feux-sur-laculture-bretonne1-724x1024.jpg\",\"datePublished\":\"2019-03-07T09:27:16+00:00\",\"dateModified\":\"2019-03-07T09:27:16+00:00\",\"breadcrumb\":{\"@id\":\"https:\/\/www.emdg-guilers.org\/index.php\/2019\/03\/07\/pleins-feux-culture-bretonne-a-guilers\/#breadcrumb\"},\"inLanguage\":\"fr-FR\",\"potentialAction\":[{\"@type\":\"ReadAction\",\"target\":[\"https:\/\/www.emdg-guilers.org\/index.php\/2019\/03\/07\/pleins-feux-culture-bretonne-a-guilers\/\"]}]},{\"@type\":\"ImageObject\",\"inLanguage\":\"fr-FR\",\"@id\":\"https:\/\/www.emdg-guilers.org\/index.php\/2019\/03\/07\/pleins-feux-culture-bretonne-a-guilers\/#primaryimage\",\"url\":\"http:\/\/www.emdg-guilers.org\/wp-content\/uploads\/2019\/03\/2019-Pleins-feux-sur-laculture-bretonne1-724x1024.jpg\",\"contentUrl\":\"http:\/\/www.emdg-guilers.org\/wp-content\/uploads\/2019\/03\/2019-Pleins-feux-sur-laculture-bretonne1-724x1024.jpg\"},{\"@type\":\"BreadcrumbList\",\"@id\":\"https:\/\/www.emdg-guilers.org\/index.php\/2019\/03\/07\/pleins-feux-culture-bretonne-a-guilers\/#breadcrumb\",\"itemListElement\":[{\"@type\":\"ListItem\",\"position\":1,\"name\":\"Accueil\",\"item\":\"https:\/\/www.emdg-guilers.org\/\"},{\"@type\":\"ListItem\",\"position\":2,\"name\":\"Pleins Feux sur la Culture Bretonne \u00e0 Guilers\"}]},{\"@type\":\"WebSite\",\"@id\":\"https:\/\/www.emdg-guilers.org\/#website\",\"url\":\"https:\/\/www.emdg-guilers.org\/\",\"name\":\"Ecole de Musique et Danse de Guilers\",\"description\":\"Ecole associative, cours de musique, danse, th\u00e9\u00e2tre accessibles \u00e0 tous\",\"publisher\":{\"@id\":\"https:\/\/www.emdg-guilers.org\/#organization\"},\"potentialAction\":[{\"@type\":\"SearchAction\",\"target\":{\"@type\":\"EntryPoint\",\"urlTemplate\":\"https:\/\/www.emdg-guilers.org\/?s={search_term_string}\"},\"query-input\":\"required name=search_term_string\"}],\"inLanguage\":\"fr-FR\"},{\"@type\":\"Organization\",\"@id\":\"https:\/\/www.emdg-guilers.org\/#organization\",\"name\":\"Ecole de Musique et de Danse\",\"url\":\"https:\/\/www.emdg-guilers.org\/\",\"logo\":{\"@type\":\"ImageObject\",\"inLanguage\":\"fr-FR\",\"@id\":\"https:\/\/www.emdg-guilers.org\/#\/schema\/logo\/image\/\",\"url\":\"https:\/\/www.emdg-guilers.org\/wp-content\/uploads\/2016\/06\/logo2014.jpg\",\"contentUrl\":\"https:\/\/www.emdg-guilers.org\/wp-content\/uploads\/2016\/06\/logo2014.jpg\",\"width\":214,\"height\":116,\"caption\":\"Ecole de Musique et de Danse\"},\"image\":{\"@id\":\"https:\/\/www.emdg-guilers.org\/#\/schema\/logo\/image\/\"},\"sameAs\":[\"https:\/\/www.facebook.com\/Ecole-de-Musique-et-de-Danse-de-Guilers-480017765533016\/\"]},{\"@type\":\"Person\",\"@id\":\"https:\/\/www.emdg-guilers.org\/#\/schema\/person\/5c279d8e49be5f6bfdc87fb9e08559d4\",\"name\":\"Marie Clavier\",\"image\":{\"@type\":\"ImageObject\",\"inLanguage\":\"fr-FR\",\"@id\":\"https:\/\/www.emdg-guilers.org\/#\/schema\/person\/image\/\",\"url\":\"https:\/\/secure.gravatar.com\/avatar\/82505eeeaf6d53a80197cd7ed92e8de4?s=96&d=mm&r=g\",\"contentUrl\":\"https:\/\/secure.gravatar.com\/avatar\/82505eeeaf6d53a80197cd7ed92e8de4?s=96&d=mm&r=g\",\"caption\":\"Marie Clavier\"},\"url\":\"https:\/\/www.emdg-guilers.org\/index.php\/author\/mclavier\/\"}]}<\/script>\n<!-- \/ Yoast SEO plugin. -->","yoast_head_json":{"title":"Pleins Feux sur la Culture Bretonne \u00e0 Guilers - Ecole de Musique, Danse &amp; Th\u00e9\u00e2tre de Guilers","robots":{"index":"index","follow":"follow","max-snippet":"max-snippet:-1","max-image-preview":"max-image-preview:large","max-video-preview":"max-video-preview:-1"},"canonical":"https:\/\/www.emdg-guilers.org\/index.php\/2019\/03\/07\/pleins-feux-culture-bretonne-a-guilers\/","og_locale":"fr_FR","og_type":"article","og_title":"Pleins Feux sur la Culture Bretonne \u00e0 Guilers - Ecole de Musique, Danse &amp; Th\u00e9\u00e2tre de Guilers","og_url":"https:\/\/www.emdg-guilers.org\/index.php\/2019\/03\/07\/pleins-feux-culture-bretonne-a-guilers\/","og_site_name":"Ecole de Musique, Danse &amp; Th\u00e9\u00e2tre de Guilers","article_publisher":"https:\/\/www.facebook.com\/Ecole-de-Musique-et-de-Danse-de-Guilers-480017765533016\/","article_published_time":"2019-03-07T09:27:16+00:00","og_image":[{"url":"http:\/\/www.emdg-guilers.org\/wp-content\/uploads\/2019\/03\/2019-Pleins-feux-sur-laculture-bretonne1-724x1024.jpg"}],"author":"Marie Clavier","twitter_card":"summary_large_image","twitter_misc":{"\u00c9crit par":"Marie Clavier"},"schema":{"@context":"https:\/\/schema.org","@graph":[{"@type":"Article","@id":"https:\/\/www.emdg-guilers.org\/index.php\/2019\/03\/07\/pleins-feux-culture-bretonne-a-guilers\/#article","isPartOf":{"@id":"https:\/\/www.emdg-guilers.org\/index.php\/2019\/03\/07\/pleins-feux-culture-bretonne-a-guilers\/"},"author":{"name":"Marie Clavier","@id":"https:\/\/www.emdg-guilers.org\/#\/schema\/person\/5c279d8e49be5f6bfdc87fb9e08559d4"},"headline":"Pleins Feux sur la Culture Bretonne \u00e0 Guilers","datePublished":"2019-03-07T09:27:16+00:00","dateModified":"2019-03-07T09:27:16+00:00","mainEntityOfPage":{"@id":"https:\/\/www.emdg-guilers.org\/index.php\/2019\/03\/07\/pleins-feux-culture-bretonne-a-guilers\/"},"wordCount":7,"publisher":{"@id":"https:\/\/www.emdg-guilers.org\/#organization"},"image":{"@id":"https:\/\/www.emdg-guilers.org\/index.php\/2019\/03\/07\/pleins-feux-culture-bretonne-a-guilers\/#primaryimage"},"thumbnailUrl":"http:\/\/www.emdg-guilers.org\/wp-content\/uploads\/2019\/03\/2019-Pleins-feux-sur-laculture-bretonne1-724x1024.jpg","inLanguage":"fr-FR"},{"@type":"WebPage","@id":"https:\/\/www.emdg-guilers.org\/index.php\/2019\/03\/07\/pleins-feux-culture-bretonne-a-guilers\/","url":"https:\/\/www.emdg-guilers.org\/index.php\/2019\/03\/07\/pleins-feux-culture-bretonne-a-guilers\/","name":"Pleins Feux sur la Culture Bretonne \u00e0 Guilers - Ecole de Musique, Danse &amp; Th\u00e9\u00e2tre de Guilers","isPartOf":{"@id":"https:\/\/www.emdg-guilers.org\/#website"},"primaryImageOfPage":{"@id":"https:\/\/www.emdg-guilers.org\/index.php\/2019\/03\/07\/pleins-feux-culture-bretonne-a-guilers\/#primaryimage"},"image":{"@id":"https:\/\/www.emdg-guilers.org\/index.php\/2019\/03\/07\/pleins-feux-culture-bretonne-a-guilers\/#primaryimage"},"thumbnailUrl":"http:\/\/www.emdg-guilers.org\/wp-content\/uploads\/2019\/03\/2019-Pleins-feux-sur-laculture-bretonne1-724x1024.jpg","datePublished":"2019-03-07T09:27:16+00:00","dateModified":"2019-03-07T09:27:16+00:00","breadcrumb":{"@id":"https:\/\/www.emdg-guilers.org\/index.php\/2019\/03\/07\/pleins-feux-culture-bretonne-a-guilers\/#breadcrumb"},"inLanguage":"fr-FR","potentialAction":[{"@type":"ReadAction","target":["https:\/\/www.emdg-guilers.org\/index.php\/2019\/03\/07\/pleins-feux-culture-bretonne-a-guilers\/"]}]},{"@type":"ImageObject","inLanguage":"fr-FR","@id":"https:\/\/www.emdg-guilers.org\/index.php\/2019\/03\/07\/pleins-feux-culture-bretonne-a-guilers\/#primaryimage","url":"http:\/\/www.emdg-guilers.org\/wp-content\/uploads\/2019\/03\/2019-Pleins-feux-sur-laculture-bretonne1-724x1024.jpg","contentUrl":"http:\/\/www.emdg-guilers.org\/wp-content\/uploads\/2019\/03\/2019-Pleins-feux-sur-laculture-bretonne1-724x1024.jpg"},{"@type":"BreadcrumbList","@id":"https:\/\/www.emdg-guilers.org\/index.php\/2019\/03\/07\/pleins-feux-culture-bretonne-a-guilers\/#breadcrumb","itemListElement":[{"@type":"ListItem","position":1,"name":"Accueil","item":"https:\/\/www.emdg-guilers.org\/"},{"@type":"ListItem","position":2,"name":"Pleins Feux sur la Culture Bretonne \u00e0 Guilers"}]},{"@type":"WebSite","@id":"https:\/\/www.emdg-guilers.org\/#website","url":"https:\/\/www.emdg-guilers.org\/","name":"Ecole de Musique et Danse de Guilers","description":"Ecole associative, cours de musique, danse, th\u00e9\u00e2tre accessibles \u00e0 tous","publisher":{"@id":"https:\/\/www.emdg-guilers.org\/#organization"},"potentialAction":[{"@type":"SearchAction","target":{"@type":"EntryPoint","urlTemplate":"https:\/\/www.emdg-guilers.org\/?s={search_term_string}"},"query-input":"required name=search_term_string"}],"inLanguage":"fr-FR"},{"@type":"Organization","@id":"https:\/\/www.emdg-guilers.org\/#organization","name":"Ecole de Musique et de Danse","url":"https:\/\/www.emdg-guilers.org\/","logo":{"@type":"ImageObject","inLanguage":"fr-FR","@id":"https:\/\/www.emdg-guilers.org\/#\/schema\/logo\/image\/","url":"https:\/\/www.emdg-guilers.org\/wp-content\/uploads\/2016\/06\/logo2014.jpg","contentUrl":"https:\/\/www.emdg-guilers.org\/wp-content\/uploads\/2016\/06\/logo2014.jpg","width":214,"height":116,"caption":"Ecole de Musique et de Danse"},"image":{"@id":"https:\/\/www.emdg-guilers.org\/#\/schema\/logo\/image\/"},"sameAs":["https:\/\/www.facebook.com\/Ecole-de-Musique-et-de-Danse-de-Guilers-480017765533016\/"]},{"@type":"Person","@id":"https:\/\/www.emdg-guilers.org\/#\/schema\/person\/5c279d8e49be5f6bfdc87fb9e08559d4","name":"Marie Clavier","image":{"@type":"ImageObject","inLanguage":"fr-FR","@id":"https:\/\/www.emdg-guilers.org\/#\/schema\/person\/image\/","url":"https:\/\/secure.gravatar.com\/avatar\/82505eeeaf6d53a80197cd7ed92e8de4?s=96&d=mm&r=g","contentUrl":"https:\/\/secure.gravatar.com\/avatar\/82505eeeaf6d53a80197cd7ed92e8de4?s=96&d=mm&r=g","caption":"Marie Clavier"},"url":"https:\/\/www.emdg-guilers.org\/index.php\/author\/mclavier\/"}]}},"_links":{"self":[{"href":"https:\/\/www.emdg-guilers.org\/index.php\/wp-json\/wp\/v2\/posts\/1423"}],"collection":[{"href":"https:\/\/www.emdg-guilers.org\/index.php\/wp-json\/wp\/v2\/posts"}],"about":[{"href":"https:\/\/www.emdg-guilers.org\/index.php\/wp-json\/wp\/v2\/types\/post"}],"author":[{"embeddable":true,"href":"https:\/\/www.emdg-guilers.org\/index.php\/wp-json\/wp\/v2\/users\/3"}],"replies":[{"embeddable":true,"href":"https:\/\/www.emdg-guilers.org\/index.php\/wp-json\/wp\/v2\/comments?post=1423"}],"version-history":[{"count":1,"href":"https:\/\/www.emdg-guilers.org\/index.php\/wp-json\/wp\/v2\/posts\/1423\/revisions"}],"predecessor-version":[{"id":1426,"href":"https:\/\/www.emdg-guilers.org\/index.php\/wp-json\/wp\/v2\/posts\/1423\/revisions\/1426"}],"wp:attachment":[{"href":"https:\/\/www.emdg-guilers.org\/index.php\/wp-json\/wp\/v2\/media?parent=1423"}],"wp:term":[{"taxonomy":"category","embeddable":true,"href":"https:\/\/www.emdg-guilers.org\/index.php\/wp-json\/wp\/v2\/categories?post=1423"},{"taxonomy":"post_tag","embeddable":true,"href":"https:\/\/www.emdg-guilers.org\/index.php\/wp-json\/wp\/v2\/tags?post=1423"}],"curies":[{"name":"wp","href":"https:\/\/api.w.org\/{rel}","templated":true}]}}