{"id":1662,"date":"2019-06-27T14:38:18","date_gmt":"2019-06-27T12:38:18","guid":{"rendered":"http:\/\/www.emdg-guilers.org\/?p=1662"},"modified":"2019-07-02T12:52:33","modified_gmt":"2019-07-02T10:52:33","slug":"bel-ete-a","status":"publish","type":"post","link":"https:\/\/www.emdg-guilers.org\/index.php\/2019\/06\/27\/bel-ete-a\/","title":{"rendered":"Bel \u00e9t\u00e9 \u00e0 tous !"},"content":{"rendered":"<p>Fin des cours le <strong>29 juin.<\/strong><\/p>\n<p>Permanences administratives jusqu&rsquo;au<strong> 11 juillet.<\/strong> Ouvertures du bureau le mardi de 10h \u00e0 12h30 et le jeudi de 13h \u00e0 17h.<\/p>\n<p>Reprise des permanences administratives le<strong> lundi 19 ao\u00fbt.<\/strong><\/p>\n<p>Pendant les vacances, vous pouvez t\u00e9l\u00e9charger la <a href=\"http:\/\/www.emdg-guilers.org\/wp-content\/uploads\/2019\/05\/Fiche-Inscription-Musique-et-danse-2019-2.pdf\">fiche d&rsquo;inscription<\/a>, la remplir, d\u00e9poser votre r\u00e8glement et fiche dans la bo\u00eete \u00e0 lettres ou au bureau. Vous recevrez un mail fin ao\u00fbt avec les instructions pour la rentr\u00e9e.<\/p>\n<p>Forum des associations le <strong>samedi 7 septembre<\/strong>, 9h-13h, Espace Pagnol Guilers.<br \/>\nR\u00e9union parents-profs pour d\u00e9terminer votre horaire de cours instrumental (pour les musiciens uniquement) : <strong>mardi\u00a04 septembre<\/strong> de 18h \u00e0 19h, 2\u00e8me \u00e9tage, EMDG, dans les salles de cours.<br \/>\n<strong><br \/>\nReprise des cours le jeudi 12 septembre 2019.<\/strong><\/p>\n<p>&nbsp;<\/p>\n<p><img loading=\"lazy\" decoding=\"async\" class=\"size-full wp-image-1663 aligncenter\" src=\"http:\/\/www.emdg-guilers.org\/wp-content\/uploads\/2019\/06\/bel_ete.jpg\" alt=\"\" width=\"425\" height=\"425\" srcset=\"https:\/\/www.emdg-guilers.org\/wp-content\/uploads\/2019\/06\/bel_ete.jpg 425w, https:\/\/www.emdg-guilers.org\/wp-content\/uploads\/2019\/06\/bel_ete-150x150.jpg 150w, https:\/\/www.emdg-guilers.org\/wp-content\/uploads\/2019\/06\/bel_ete-300x300.jpg 300w, https:\/\/www.emdg-guilers.org\/wp-content\/uploads\/2019\/06\/bel_ete-270x270.jpg 270w\" sizes=\"(max-width: 425px) 100vw, 425px\" \/><\/p>\n","protected":false},"excerpt":{"rendered":"<p>Fin des cours le 29 juin. Permanences administratives jusqu&rsquo;au 11 juillet. Ouvertures du bureau le mardi de 10h \u00e0 12h30 et le jeudi de 13h \u00e0 17h. Reprise des permanences administratives le lundi 19 ao\u00fbt. Pendant les vacances, vous pouvez t\u00e9l\u00e9charger la fiche d&rsquo;inscription, la remplir, d\u00e9poser votre r\u00e8glement et fiche dans la bo\u00eete \u00e0 lettres ou au bureau. Vous recevrez un mail fin ao\u00fbt avec les instructions pour la rentr\u00e9e. Forum des associations le samedi 7 septembre, 9h-13h, Espace&#8230;<\/p>\n<p class=\"read-more\"><a class=\"btn btn-default\" href=\"https:\/\/www.emdg-guilers.org\/index.php\/2019\/06\/27\/bel-ete-a\/\">Lire la suite<span class=\"screen-reader-text\"> Lire la suite<\/span><\/a><\/p>\n","protected":false},"author":3,"featured_media":0,"comment_status":"closed","ping_status":"closed","sticky":false,"template":"","format":"standard","meta":{"footnotes":""},"categories":[1],"tags":[],"yoast_head":"<!-- This site is optimized with the Yoast SEO plugin v22.4 - https:\/\/yoast.com\/wordpress\/plugins\/seo\/ -->\n<title>Bel \u00e9t\u00e9 \u00e0 tous ! - Ecole de Musique, Danse &amp; Th\u00e9\u00e2tre de Guilers<\/title>\n<meta name=\"robots\" content=\"index, follow, max-snippet:-1, max-image-preview:large, max-video-preview:-1\" \/>\n<link rel=\"canonical\" href=\"https:\/\/www.emdg-guilers.org\/index.php\/2019\/06\/27\/bel-ete-a\/\" \/>\n<meta property=\"og:locale\" content=\"fr_FR\" \/>\n<meta property=\"og:type\" content=\"article\" \/>\n<meta property=\"og:title\" content=\"Bel \u00e9t\u00e9 \u00e0 tous ! - Ecole de Musique, Danse &amp; Th\u00e9\u00e2tre de Guilers\" \/>\n<meta property=\"og:description\" content=\"Fin des cours le 29 juin. Permanences administratives jusqu&rsquo;au 11 juillet. Ouvertures du bureau le mardi de 10h \u00e0 12h30 et le jeudi de 13h \u00e0 17h. Reprise des permanences administratives le lundi 19 ao\u00fbt. Pendant les vacances, vous pouvez t\u00e9l\u00e9charger la fiche d&rsquo;inscription, la remplir, d\u00e9poser votre r\u00e8glement et fiche dans la bo\u00eete \u00e0 lettres ou au bureau. Vous recevrez un mail fin ao\u00fbt avec les instructions pour la rentr\u00e9e. Forum des associations le samedi 7 septembre, 9h-13h, Espace...Lire la suite Lire la suite\" \/>\n<meta property=\"og:url\" content=\"https:\/\/www.emdg-guilers.org\/index.php\/2019\/06\/27\/bel-ete-a\/\" \/>\n<meta property=\"og:site_name\" content=\"Ecole de Musique, Danse &amp; Th\u00e9\u00e2tre de Guilers\" \/>\n<meta property=\"article:publisher\" content=\"https:\/\/www.facebook.com\/Ecole-de-Musique-et-de-Danse-de-Guilers-480017765533016\/\" \/>\n<meta property=\"article:published_time\" content=\"2019-06-27T12:38:18+00:00\" \/>\n<meta property=\"article:modified_time\" content=\"2019-07-02T10:52:33+00:00\" \/>\n<meta property=\"og:image\" content=\"http:\/\/www.emdg-guilers.org\/wp-content\/uploads\/2019\/06\/bel_ete.jpg\" \/>\n<meta name=\"author\" content=\"Marie Clavier\" \/>\n<meta name=\"twitter:card\" content=\"summary_large_image\" \/>\n<meta name=\"twitter:label1\" content=\"\u00c9crit par\" \/>\n\t<meta name=\"twitter:data1\" content=\"Marie Clavier\" \/>\n\t<meta name=\"twitter:label2\" content=\"Dur\u00e9e de lecture estim\u00e9e\" \/>\n\t<meta name=\"twitter:data2\" content=\"1 minute\" \/>\n<script type=\"application\/ld+json\" class=\"yoast-schema-graph\">{\"@context\":\"https:\/\/schema.org\",\"@graph\":[{\"@type\":\"Article\",\"@id\":\"https:\/\/www.emdg-guilers.org\/index.php\/2019\/06\/27\/bel-ete-a\/#article\",\"isPartOf\":{\"@id\":\"https:\/\/www.emdg-guilers.org\/index.php\/2019\/06\/27\/bel-ete-a\/\"},\"author\":{\"name\":\"Marie Clavier\",\"@id\":\"https:\/\/www.emdg-guilers.org\/#\/schema\/person\/5c279d8e49be5f6bfdc87fb9e08559d4\"},\"headline\":\"Bel \u00e9t\u00e9 \u00e0 tous !\",\"datePublished\":\"2019-06-27T12:38:18+00:00\",\"dateModified\":\"2019-07-02T10:52:33+00:00\",\"mainEntityOfPage\":{\"@id\":\"https:\/\/www.emdg-guilers.org\/index.php\/2019\/06\/27\/bel-ete-a\/\"},\"wordCount\":122,\"publisher\":{\"@id\":\"https:\/\/www.emdg-guilers.org\/#organization\"},\"image\":{\"@id\":\"https:\/\/www.emdg-guilers.org\/index.php\/2019\/06\/27\/bel-ete-a\/#primaryimage\"},\"thumbnailUrl\":\"http:\/\/www.emdg-guilers.org\/wp-content\/uploads\/2019\/06\/bel_ete.jpg\",\"inLanguage\":\"fr-FR\"},{\"@type\":\"WebPage\",\"@id\":\"https:\/\/www.emdg-guilers.org\/index.php\/2019\/06\/27\/bel-ete-a\/\",\"url\":\"https:\/\/www.emdg-guilers.org\/index.php\/2019\/06\/27\/bel-ete-a\/\",\"name\":\"Bel \u00e9t\u00e9 \u00e0 tous ! - Ecole de Musique, Danse &amp; Th\u00e9\u00e2tre de Guilers\",\"isPartOf\":{\"@id\":\"https:\/\/www.emdg-guilers.org\/#website\"},\"primaryImageOfPage\":{\"@id\":\"https:\/\/www.emdg-guilers.org\/index.php\/2019\/06\/27\/bel-ete-a\/#primaryimage\"},\"image\":{\"@id\":\"https:\/\/www.emdg-guilers.org\/index.php\/2019\/06\/27\/bel-ete-a\/#primaryimage\"},\"thumbnailUrl\":\"http:\/\/www.emdg-guilers.org\/wp-content\/uploads\/2019\/06\/bel_ete.jpg\",\"datePublished\":\"2019-06-27T12:38:18+00:00\",\"dateModified\":\"2019-07-02T10:52:33+00:00\",\"breadcrumb\":{\"@id\":\"https:\/\/www.emdg-guilers.org\/index.php\/2019\/06\/27\/bel-ete-a\/#breadcrumb\"},\"inLanguage\":\"fr-FR\",\"potentialAction\":[{\"@type\":\"ReadAction\",\"target\":[\"https:\/\/www.emdg-guilers.org\/index.php\/2019\/06\/27\/bel-ete-a\/\"]}]},{\"@type\":\"ImageObject\",\"inLanguage\":\"fr-FR\",\"@id\":\"https:\/\/www.emdg-guilers.org\/index.php\/2019\/06\/27\/bel-ete-a\/#primaryimage\",\"url\":\"http:\/\/www.emdg-guilers.org\/wp-content\/uploads\/2019\/06\/bel_ete.jpg\",\"contentUrl\":\"http:\/\/www.emdg-guilers.org\/wp-content\/uploads\/2019\/06\/bel_ete.jpg\"},{\"@type\":\"BreadcrumbList\",\"@id\":\"https:\/\/www.emdg-guilers.org\/index.php\/2019\/06\/27\/bel-ete-a\/#breadcrumb\",\"itemListElement\":[{\"@type\":\"ListItem\",\"position\":1,\"name\":\"Accueil\",\"item\":\"https:\/\/www.emdg-guilers.org\/\"},{\"@type\":\"ListItem\",\"position\":2,\"name\":\"Bel \u00e9t\u00e9 \u00e0 tous !\"}]},{\"@type\":\"WebSite\",\"@id\":\"https:\/\/www.emdg-guilers.org\/#website\",\"url\":\"https:\/\/www.emdg-guilers.org\/\",\"name\":\"Ecole de Musique et Danse de Guilers\",\"description\":\"Ecole associative, cours de musique, danse, th\u00e9\u00e2tre accessibles \u00e0 tous\",\"publisher\":{\"@id\":\"https:\/\/www.emdg-guilers.org\/#organization\"},\"potentialAction\":[{\"@type\":\"SearchAction\",\"target\":{\"@type\":\"EntryPoint\",\"urlTemplate\":\"https:\/\/www.emdg-guilers.org\/?s={search_term_string}\"},\"query-input\":\"required name=search_term_string\"}],\"inLanguage\":\"fr-FR\"},{\"@type\":\"Organization\",\"@id\":\"https:\/\/www.emdg-guilers.org\/#organization\",\"name\":\"Ecole de Musique et de Danse\",\"url\":\"https:\/\/www.emdg-guilers.org\/\",\"logo\":{\"@type\":\"ImageObject\",\"inLanguage\":\"fr-FR\",\"@id\":\"https:\/\/www.emdg-guilers.org\/#\/schema\/logo\/image\/\",\"url\":\"https:\/\/www.emdg-guilers.org\/wp-content\/uploads\/2016\/06\/logo2014.jpg\",\"contentUrl\":\"https:\/\/www.emdg-guilers.org\/wp-content\/uploads\/2016\/06\/logo2014.jpg\",\"width\":214,\"height\":116,\"caption\":\"Ecole de Musique et de Danse\"},\"image\":{\"@id\":\"https:\/\/www.emdg-guilers.org\/#\/schema\/logo\/image\/\"},\"sameAs\":[\"https:\/\/www.facebook.com\/Ecole-de-Musique-et-de-Danse-de-Guilers-480017765533016\/\"]},{\"@type\":\"Person\",\"@id\":\"https:\/\/www.emdg-guilers.org\/#\/schema\/person\/5c279d8e49be5f6bfdc87fb9e08559d4\",\"name\":\"Marie Clavier\",\"image\":{\"@type\":\"ImageObject\",\"inLanguage\":\"fr-FR\",\"@id\":\"https:\/\/www.emdg-guilers.org\/#\/schema\/person\/image\/\",\"url\":\"https:\/\/secure.gravatar.com\/avatar\/82505eeeaf6d53a80197cd7ed92e8de4?s=96&d=mm&r=g\",\"contentUrl\":\"https:\/\/secure.gravatar.com\/avatar\/82505eeeaf6d53a80197cd7ed92e8de4?s=96&d=mm&r=g\",\"caption\":\"Marie Clavier\"},\"url\":\"https:\/\/www.emdg-guilers.org\/index.php\/author\/mclavier\/\"}]}<\/script>\n<!-- \/ Yoast SEO plugin. -->","yoast_head_json":{"title":"Bel \u00e9t\u00e9 \u00e0 tous ! - Ecole de Musique, Danse &amp; Th\u00e9\u00e2tre de Guilers","robots":{"index":"index","follow":"follow","max-snippet":"max-snippet:-1","max-image-preview":"max-image-preview:large","max-video-preview":"max-video-preview:-1"},"canonical":"https:\/\/www.emdg-guilers.org\/index.php\/2019\/06\/27\/bel-ete-a\/","og_locale":"fr_FR","og_type":"article","og_title":"Bel \u00e9t\u00e9 \u00e0 tous ! - Ecole de Musique, Danse &amp; Th\u00e9\u00e2tre de Guilers","og_description":"Fin des cours le 29 juin. Permanences administratives jusqu&rsquo;au 11 juillet. Ouvertures du bureau le mardi de 10h \u00e0 12h30 et le jeudi de 13h \u00e0 17h. Reprise des permanences administratives le lundi 19 ao\u00fbt. Pendant les vacances, vous pouvez t\u00e9l\u00e9charger la fiche d&rsquo;inscription, la remplir, d\u00e9poser votre r\u00e8glement et fiche dans la bo\u00eete \u00e0 lettres ou au bureau. Vous recevrez un mail fin ao\u00fbt avec les instructions pour la rentr\u00e9e. Forum des associations le samedi 7 septembre, 9h-13h, Espace...Lire la suite Lire la suite","og_url":"https:\/\/www.emdg-guilers.org\/index.php\/2019\/06\/27\/bel-ete-a\/","og_site_name":"Ecole de Musique, Danse &amp; Th\u00e9\u00e2tre de Guilers","article_publisher":"https:\/\/www.facebook.com\/Ecole-de-Musique-et-de-Danse-de-Guilers-480017765533016\/","article_published_time":"2019-06-27T12:38:18+00:00","article_modified_time":"2019-07-02T10:52:33+00:00","og_image":[{"url":"http:\/\/www.emdg-guilers.org\/wp-content\/uploads\/2019\/06\/bel_ete.jpg"}],"author":"Marie Clavier","twitter_card":"summary_large_image","twitter_misc":{"\u00c9crit par":"Marie Clavier","Dur\u00e9e de lecture estim\u00e9e":"1 minute"},"schema":{"@context":"https:\/\/schema.org","@graph":[{"@type":"Article","@id":"https:\/\/www.emdg-guilers.org\/index.php\/2019\/06\/27\/bel-ete-a\/#article","isPartOf":{"@id":"https:\/\/www.emdg-guilers.org\/index.php\/2019\/06\/27\/bel-ete-a\/"},"author":{"name":"Marie Clavier","@id":"https:\/\/www.emdg-guilers.org\/#\/schema\/person\/5c279d8e49be5f6bfdc87fb9e08559d4"},"headline":"Bel \u00e9t\u00e9 \u00e0 tous !","datePublished":"2019-06-27T12:38:18+00:00","dateModified":"2019-07-02T10:52:33+00:00","mainEntityOfPage":{"@id":"https:\/\/www.emdg-guilers.org\/index.php\/2019\/06\/27\/bel-ete-a\/"},"wordCount":122,"publisher":{"@id":"https:\/\/www.emdg-guilers.org\/#organization"},"image":{"@id":"https:\/\/www.emdg-guilers.org\/index.php\/2019\/06\/27\/bel-ete-a\/#primaryimage"},"thumbnailUrl":"http:\/\/www.emdg-guilers.org\/wp-content\/uploads\/2019\/06\/bel_ete.jpg","inLanguage":"fr-FR"},{"@type":"WebPage","@id":"https:\/\/www.emdg-guilers.org\/index.php\/2019\/06\/27\/bel-ete-a\/","url":"https:\/\/www.emdg-guilers.org\/index.php\/2019\/06\/27\/bel-ete-a\/","name":"Bel \u00e9t\u00e9 \u00e0 tous ! - Ecole de Musique, Danse &amp; Th\u00e9\u00e2tre de Guilers","isPartOf":{"@id":"https:\/\/www.emdg-guilers.org\/#website"},"primaryImageOfPage":{"@id":"https:\/\/www.emdg-guilers.org\/index.php\/2019\/06\/27\/bel-ete-a\/#primaryimage"},"image":{"@id":"https:\/\/www.emdg-guilers.org\/index.php\/2019\/06\/27\/bel-ete-a\/#primaryimage"},"thumbnailUrl":"http:\/\/www.emdg-guilers.org\/wp-content\/uploads\/2019\/06\/bel_ete.jpg","datePublished":"2019-06-27T12:38:18+00:00","dateModified":"2019-07-02T10:52:33+00:00","breadcrumb":{"@id":"https:\/\/www.emdg-guilers.org\/index.php\/2019\/06\/27\/bel-ete-a\/#breadcrumb"},"inLanguage":"fr-FR","potentialAction":[{"@type":"ReadAction","target":["https:\/\/www.emdg-guilers.org\/index.php\/2019\/06\/27\/bel-ete-a\/"]}]},{"@type":"ImageObject","inLanguage":"fr-FR","@id":"https:\/\/www.emdg-guilers.org\/index.php\/2019\/06\/27\/bel-ete-a\/#primaryimage","url":"http:\/\/www.emdg-guilers.org\/wp-content\/uploads\/2019\/06\/bel_ete.jpg","contentUrl":"http:\/\/www.emdg-guilers.org\/wp-content\/uploads\/2019\/06\/bel_ete.jpg"},{"@type":"BreadcrumbList","@id":"https:\/\/www.emdg-guilers.org\/index.php\/2019\/06\/27\/bel-ete-a\/#breadcrumb","itemListElement":[{"@type":"ListItem","position":1,"name":"Accueil","item":"https:\/\/www.emdg-guilers.org\/"},{"@type":"ListItem","position":2,"name":"Bel \u00e9t\u00e9 \u00e0 tous !"}]},{"@type":"WebSite","@id":"https:\/\/www.emdg-guilers.org\/#website","url":"https:\/\/www.emdg-guilers.org\/","name":"Ecole de Musique et Danse de Guilers","description":"Ecole associative, cours de musique, danse, th\u00e9\u00e2tre accessibles \u00e0 tous","publisher":{"@id":"https:\/\/www.emdg-guilers.org\/#organization"},"potentialAction":[{"@type":"SearchAction","target":{"@type":"EntryPoint","urlTemplate":"https:\/\/www.emdg-guilers.org\/?s={search_term_string}"},"query-input":"required name=search_term_string"}],"inLanguage":"fr-FR"},{"@type":"Organization","@id":"https:\/\/www.emdg-guilers.org\/#organization","name":"Ecole de Musique et de Danse","url":"https:\/\/www.emdg-guilers.org\/","logo":{"@type":"ImageObject","inLanguage":"fr-FR","@id":"https:\/\/www.emdg-guilers.org\/#\/schema\/logo\/image\/","url":"https:\/\/www.emdg-guilers.org\/wp-content\/uploads\/2016\/06\/logo2014.jpg","contentUrl":"https:\/\/www.emdg-guilers.org\/wp-content\/uploads\/2016\/06\/logo2014.jpg","width":214,"height":116,"caption":"Ecole de Musique et de Danse"},"image":{"@id":"https:\/\/www.emdg-guilers.org\/#\/schema\/logo\/image\/"},"sameAs":["https:\/\/www.facebook.com\/Ecole-de-Musique-et-de-Danse-de-Guilers-480017765533016\/"]},{"@type":"Person","@id":"https:\/\/www.emdg-guilers.org\/#\/schema\/person\/5c279d8e49be5f6bfdc87fb9e08559d4","name":"Marie Clavier","image":{"@type":"ImageObject","inLanguage":"fr-FR","@id":"https:\/\/www.emdg-guilers.org\/#\/schema\/person\/image\/","url":"https:\/\/secure.gravatar.com\/avatar\/82505eeeaf6d53a80197cd7ed92e8de4?s=96&d=mm&r=g","contentUrl":"https:\/\/secure.gravatar.com\/avatar\/82505eeeaf6d53a80197cd7ed92e8de4?s=96&d=mm&r=g","caption":"Marie Clavier"},"url":"https:\/\/www.emdg-guilers.org\/index.php\/author\/mclavier\/"}]}},"_links":{"self":[{"href":"https:\/\/www.emdg-guilers.org\/index.php\/wp-json\/wp\/v2\/posts\/1662"}],"collection":[{"href":"https:\/\/www.emdg-guilers.org\/index.php\/wp-json\/wp\/v2\/posts"}],"about":[{"href":"https:\/\/www.emdg-guilers.org\/index.php\/wp-json\/wp\/v2\/types\/post"}],"author":[{"embeddable":true,"href":"https:\/\/www.emdg-guilers.org\/index.php\/wp-json\/wp\/v2\/users\/3"}],"replies":[{"embeddable":true,"href":"https:\/\/www.emdg-guilers.org\/index.php\/wp-json\/wp\/v2\/comments?post=1662"}],"version-history":[{"count":3,"href":"https:\/\/www.emdg-guilers.org\/index.php\/wp-json\/wp\/v2\/posts\/1662\/revisions"}],"predecessor-version":[{"id":1674,"href":"https:\/\/www.emdg-guilers.org\/index.php\/wp-json\/wp\/v2\/posts\/1662\/revisions\/1674"}],"wp:attachment":[{"href":"https:\/\/www.emdg-guilers.org\/index.php\/wp-json\/wp\/v2\/media?parent=1662"}],"wp:term":[{"taxonomy":"category","embeddable":true,"href":"https:\/\/www.emdg-guilers.org\/index.php\/wp-json\/wp\/v2\/categories?post=1662"},{"taxonomy":"post_tag","embeddable":true,"href":"https:\/\/www.emdg-guilers.org\/index.php\/wp-json\/wp\/v2\/tags?post=1662"}],"curies":[{"name":"wp","href":"https:\/\/api.w.org\/{rel}","templated":true}]}}