{"id":1804,"date":"2019-10-28T16:03:21","date_gmt":"2019-10-28T15:03:21","guid":{"rendered":"http:\/\/www.emdg-guilers.org\/?p=1804"},"modified":"2019-10-29T11:09:34","modified_gmt":"2019-10-29T10:09:34","slug":"octobre-novembre-a-lemdg","status":"publish","type":"post","link":"https:\/\/www.emdg-guilers.org\/index.php\/2019\/10\/28\/octobre-novembre-a-lemdg\/","title":{"rendered":"Novembre \u00e0 l&rsquo;EMDG"},"content":{"rendered":"<ul>\n<li><strong>Vacances scolaires de la Toussaint<\/strong> du 20 oct au 3 nov 2019, reprise des cours pour tous le lundi 4 novembre<\/li>\n<li><strong>Stage de fabrication d&rsquo;instrument \u00ab\u00a0Cigar Box\u00a0\u00bb<\/strong> le samedi 9 novembre de 9h \u00e0 12h avec Jack Parker &#8211; Il reste tr\u00e8s peu de places ! Inscriptions \u00e0 emdg29@gmail.com\u00a0\u00a0<a href=\"http:\/\/www.emdg-guilers.org\/wp-content\/uploads\/2019\/10\/Pr\u00e9sentation-projet-cigar-box-9-11-2019-emdg.docx\">Pr\u00e9sentation projet cigar box 9 11 2019 emdg<\/a><\/li>\n<li><strong>Troph\u00e9es des jeunes sportifs<\/strong> de la ville de Guilers &#8211; Vendredi 15 novembre &#8211; Avec les \u00e9l\u00e8ves de l&rsquo;ensemble de percussions digitales de l&rsquo;EMDG<\/li>\n<li><strong>Assembl\u00e9e G\u00e9n\u00e9rale<\/strong> de l&rsquo;association &#8211; Mardi 19 novembre 20h &#8211; L&rsquo;Agora, Guilers &#8211; Ouvert \u00e0 tous les adh\u00e9rents de l&rsquo;\u00e9cole.<img loading=\"lazy\" decoding=\"async\" class=\"size-full wp-image-1808 aligncenter\" src=\"http:\/\/www.emdg-guilers.org\/wp-content\/uploads\/2019\/10\/SAM_5029-768x492.jpg\" alt=\"\" width=\"768\" height=\"492\" srcset=\"https:\/\/www.emdg-guilers.org\/wp-content\/uploads\/2019\/10\/SAM_5029-768x492.jpg 768w, https:\/\/www.emdg-guilers.org\/wp-content\/uploads\/2019\/10\/SAM_5029-768x492-300x192.jpg 300w, https:\/\/www.emdg-guilers.org\/wp-content\/uploads\/2019\/10\/SAM_5029-768x492-421x270.jpg 421w\" sizes=\"(max-width: 768px) 100vw, 768px\" \/><\/li>\n<\/ul>\n<p><img loading=\"lazy\" decoding=\"async\" class=\"wp-image-1812 aligncenter\" src=\"http:\/\/www.emdg-guilers.org\/wp-content\/uploads\/2019\/10\/2019-11-19-AG-2019-EMDG-724x1024.jpg\" alt=\"\" width=\"494\" height=\"699\" srcset=\"https:\/\/www.emdg-guilers.org\/wp-content\/uploads\/2019\/10\/2019-11-19-AG-2019-EMDG-724x1024.jpg 724w, https:\/\/www.emdg-guilers.org\/wp-content\/uploads\/2019\/10\/2019-11-19-AG-2019-EMDG-212x300.jpg 212w, https:\/\/www.emdg-guilers.org\/wp-content\/uploads\/2019\/10\/2019-11-19-AG-2019-EMDG-768x1086.jpg 768w, https:\/\/www.emdg-guilers.org\/wp-content\/uploads\/2019\/10\/2019-11-19-AG-2019-EMDG-191x270.jpg 191w, https:\/\/www.emdg-guilers.org\/wp-content\/uploads\/2019\/10\/2019-11-19-AG-2019-EMDG.jpg 1588w\" sizes=\"(max-width: 494px) 100vw, 494px\" \/><\/p>\n","protected":false},"excerpt":{"rendered":"<p>Vacances scolaires de la Toussaint du 20 oct au 3 nov 2019, reprise des cours pour tous le lundi 4 novembre Stage de fabrication d&rsquo;instrument \u00ab\u00a0Cigar Box\u00a0\u00bb le samedi 9 novembre de 9h \u00e0 12h avec Jack Parker &#8211; Il reste tr\u00e8s peu de places ! Inscriptions \u00e0 emdg29@gmail.com\u00a0\u00a0Pr\u00e9sentation projet cigar box 9 11 2019 emdg Troph\u00e9es des jeunes sportifs de la ville de Guilers &#8211; Vendredi 15 novembre &#8211; Avec les \u00e9l\u00e8ves de l&rsquo;ensemble de percussions digitales de l&rsquo;EMDG&#8230;<\/p>\n<p class=\"read-more\"><a class=\"btn btn-default\" href=\"https:\/\/www.emdg-guilers.org\/index.php\/2019\/10\/28\/octobre-novembre-a-lemdg\/\">Lire la suite<span class=\"screen-reader-text\"> Lire la suite<\/span><\/a><\/p>\n","protected":false},"author":3,"featured_media":0,"comment_status":"closed","ping_status":"closed","sticky":false,"template":"","format":"standard","meta":{"footnotes":""},"categories":[1],"tags":[],"yoast_head":"<!-- This site is optimized with the Yoast SEO plugin v22.4 - https:\/\/yoast.com\/wordpress\/plugins\/seo\/ -->\n<title>Novembre \u00e0 l&#039;EMDG - Ecole de Musique, Danse &amp; Th\u00e9\u00e2tre de Guilers<\/title>\n<meta name=\"robots\" content=\"index, follow, max-snippet:-1, max-image-preview:large, max-video-preview:-1\" \/>\n<link rel=\"canonical\" href=\"https:\/\/www.emdg-guilers.org\/index.php\/2019\/10\/28\/octobre-novembre-a-lemdg\/\" \/>\n<meta property=\"og:locale\" content=\"fr_FR\" \/>\n<meta property=\"og:type\" content=\"article\" \/>\n<meta property=\"og:title\" content=\"Novembre \u00e0 l&#039;EMDG - Ecole de Musique, Danse &amp; Th\u00e9\u00e2tre de Guilers\" \/>\n<meta property=\"og:description\" content=\"Vacances scolaires de la Toussaint du 20 oct au 3 nov 2019, reprise des cours pour tous le lundi 4 novembre Stage de fabrication d&rsquo;instrument \u00ab\u00a0Cigar Box\u00a0\u00bb le samedi 9 novembre de 9h \u00e0 12h avec Jack Parker &#8211; Il reste tr\u00e8s peu de places ! Inscriptions \u00e0 emdg29@gmail.com\u00a0\u00a0Pr\u00e9sentation projet cigar box 9 11 2019 emdg Troph\u00e9es des jeunes sportifs de la ville de Guilers &#8211; Vendredi 15 novembre &#8211; Avec les \u00e9l\u00e8ves de l&rsquo;ensemble de percussions digitales de l&rsquo;EMDG...Lire la suite Lire la suite\" \/>\n<meta property=\"og:url\" content=\"https:\/\/www.emdg-guilers.org\/index.php\/2019\/10\/28\/octobre-novembre-a-lemdg\/\" \/>\n<meta property=\"og:site_name\" content=\"Ecole de Musique, Danse &amp; Th\u00e9\u00e2tre de Guilers\" \/>\n<meta property=\"article:publisher\" content=\"https:\/\/www.facebook.com\/Ecole-de-Musique-et-de-Danse-de-Guilers-480017765533016\/\" \/>\n<meta property=\"article:published_time\" content=\"2019-10-28T15:03:21+00:00\" \/>\n<meta property=\"article:modified_time\" content=\"2019-10-29T10:09:34+00:00\" \/>\n<meta property=\"og:image\" content=\"http:\/\/www.emdg-guilers.org\/wp-content\/uploads\/2019\/10\/SAM_5029-768x492.jpg\" \/>\n<meta name=\"author\" content=\"Marie Clavier\" \/>\n<meta name=\"twitter:card\" content=\"summary_large_image\" \/>\n<meta name=\"twitter:label1\" content=\"\u00c9crit par\" \/>\n\t<meta name=\"twitter:data1\" content=\"Marie Clavier\" \/>\n<script type=\"application\/ld+json\" class=\"yoast-schema-graph\">{\"@context\":\"https:\/\/schema.org\",\"@graph\":[{\"@type\":\"Article\",\"@id\":\"https:\/\/www.emdg-guilers.org\/index.php\/2019\/10\/28\/octobre-novembre-a-lemdg\/#article\",\"isPartOf\":{\"@id\":\"https:\/\/www.emdg-guilers.org\/index.php\/2019\/10\/28\/octobre-novembre-a-lemdg\/\"},\"author\":{\"name\":\"Marie Clavier\",\"@id\":\"https:\/\/www.emdg-guilers.org\/#\/schema\/person\/5c279d8e49be5f6bfdc87fb9e08559d4\"},\"headline\":\"Novembre \u00e0 l&rsquo;EMDG\",\"datePublished\":\"2019-10-28T15:03:21+00:00\",\"dateModified\":\"2019-10-29T10:09:34+00:00\",\"mainEntityOfPage\":{\"@id\":\"https:\/\/www.emdg-guilers.org\/index.php\/2019\/10\/28\/octobre-novembre-a-lemdg\/\"},\"wordCount\":100,\"publisher\":{\"@id\":\"https:\/\/www.emdg-guilers.org\/#organization\"},\"image\":{\"@id\":\"https:\/\/www.emdg-guilers.org\/index.php\/2019\/10\/28\/octobre-novembre-a-lemdg\/#primaryimage\"},\"thumbnailUrl\":\"http:\/\/www.emdg-guilers.org\/wp-content\/uploads\/2019\/10\/SAM_5029-768x492.jpg\",\"inLanguage\":\"fr-FR\"},{\"@type\":\"WebPage\",\"@id\":\"https:\/\/www.emdg-guilers.org\/index.php\/2019\/10\/28\/octobre-novembre-a-lemdg\/\",\"url\":\"https:\/\/www.emdg-guilers.org\/index.php\/2019\/10\/28\/octobre-novembre-a-lemdg\/\",\"name\":\"Novembre \u00e0 l'EMDG - Ecole de Musique, Danse &amp; Th\u00e9\u00e2tre de Guilers\",\"isPartOf\":{\"@id\":\"https:\/\/www.emdg-guilers.org\/#website\"},\"primaryImageOfPage\":{\"@id\":\"https:\/\/www.emdg-guilers.org\/index.php\/2019\/10\/28\/octobre-novembre-a-lemdg\/#primaryimage\"},\"image\":{\"@id\":\"https:\/\/www.emdg-guilers.org\/index.php\/2019\/10\/28\/octobre-novembre-a-lemdg\/#primaryimage\"},\"thumbnailUrl\":\"http:\/\/www.emdg-guilers.org\/wp-content\/uploads\/2019\/10\/SAM_5029-768x492.jpg\",\"datePublished\":\"2019-10-28T15:03:21+00:00\",\"dateModified\":\"2019-10-29T10:09:34+00:00\",\"breadcrumb\":{\"@id\":\"https:\/\/www.emdg-guilers.org\/index.php\/2019\/10\/28\/octobre-novembre-a-lemdg\/#breadcrumb\"},\"inLanguage\":\"fr-FR\",\"potentialAction\":[{\"@type\":\"ReadAction\",\"target\":[\"https:\/\/www.emdg-guilers.org\/index.php\/2019\/10\/28\/octobre-novembre-a-lemdg\/\"]}]},{\"@type\":\"ImageObject\",\"inLanguage\":\"fr-FR\",\"@id\":\"https:\/\/www.emdg-guilers.org\/index.php\/2019\/10\/28\/octobre-novembre-a-lemdg\/#primaryimage\",\"url\":\"http:\/\/www.emdg-guilers.org\/wp-content\/uploads\/2019\/10\/SAM_5029-768x492.jpg\",\"contentUrl\":\"http:\/\/www.emdg-guilers.org\/wp-content\/uploads\/2019\/10\/SAM_5029-768x492.jpg\"},{\"@type\":\"BreadcrumbList\",\"@id\":\"https:\/\/www.emdg-guilers.org\/index.php\/2019\/10\/28\/octobre-novembre-a-lemdg\/#breadcrumb\",\"itemListElement\":[{\"@type\":\"ListItem\",\"position\":1,\"name\":\"Accueil\",\"item\":\"https:\/\/www.emdg-guilers.org\/\"},{\"@type\":\"ListItem\",\"position\":2,\"name\":\"Novembre \u00e0 l&rsquo;EMDG\"}]},{\"@type\":\"WebSite\",\"@id\":\"https:\/\/www.emdg-guilers.org\/#website\",\"url\":\"https:\/\/www.emdg-guilers.org\/\",\"name\":\"Ecole de Musique et Danse de Guilers\",\"description\":\"Ecole associative, cours de musique, danse, th\u00e9\u00e2tre accessibles \u00e0 tous\",\"publisher\":{\"@id\":\"https:\/\/www.emdg-guilers.org\/#organization\"},\"potentialAction\":[{\"@type\":\"SearchAction\",\"target\":{\"@type\":\"EntryPoint\",\"urlTemplate\":\"https:\/\/www.emdg-guilers.org\/?s={search_term_string}\"},\"query-input\":\"required name=search_term_string\"}],\"inLanguage\":\"fr-FR\"},{\"@type\":\"Organization\",\"@id\":\"https:\/\/www.emdg-guilers.org\/#organization\",\"name\":\"Ecole de Musique et de Danse\",\"url\":\"https:\/\/www.emdg-guilers.org\/\",\"logo\":{\"@type\":\"ImageObject\",\"inLanguage\":\"fr-FR\",\"@id\":\"https:\/\/www.emdg-guilers.org\/#\/schema\/logo\/image\/\",\"url\":\"https:\/\/www.emdg-guilers.org\/wp-content\/uploads\/2016\/06\/logo2014.jpg\",\"contentUrl\":\"https:\/\/www.emdg-guilers.org\/wp-content\/uploads\/2016\/06\/logo2014.jpg\",\"width\":214,\"height\":116,\"caption\":\"Ecole de Musique et de Danse\"},\"image\":{\"@id\":\"https:\/\/www.emdg-guilers.org\/#\/schema\/logo\/image\/\"},\"sameAs\":[\"https:\/\/www.facebook.com\/Ecole-de-Musique-et-de-Danse-de-Guilers-480017765533016\/\"]},{\"@type\":\"Person\",\"@id\":\"https:\/\/www.emdg-guilers.org\/#\/schema\/person\/5c279d8e49be5f6bfdc87fb9e08559d4\",\"name\":\"Marie Clavier\",\"image\":{\"@type\":\"ImageObject\",\"inLanguage\":\"fr-FR\",\"@id\":\"https:\/\/www.emdg-guilers.org\/#\/schema\/person\/image\/\",\"url\":\"https:\/\/secure.gravatar.com\/avatar\/82505eeeaf6d53a80197cd7ed92e8de4?s=96&d=mm&r=g\",\"contentUrl\":\"https:\/\/secure.gravatar.com\/avatar\/82505eeeaf6d53a80197cd7ed92e8de4?s=96&d=mm&r=g\",\"caption\":\"Marie Clavier\"},\"url\":\"https:\/\/www.emdg-guilers.org\/index.php\/author\/mclavier\/\"}]}<\/script>\n<!-- \/ Yoast SEO plugin. -->","yoast_head_json":{"title":"Novembre \u00e0 l'EMDG - Ecole de Musique, Danse &amp; Th\u00e9\u00e2tre de Guilers","robots":{"index":"index","follow":"follow","max-snippet":"max-snippet:-1","max-image-preview":"max-image-preview:large","max-video-preview":"max-video-preview:-1"},"canonical":"https:\/\/www.emdg-guilers.org\/index.php\/2019\/10\/28\/octobre-novembre-a-lemdg\/","og_locale":"fr_FR","og_type":"article","og_title":"Novembre \u00e0 l'EMDG - Ecole de Musique, Danse &amp; Th\u00e9\u00e2tre de Guilers","og_description":"Vacances scolaires de la Toussaint du 20 oct au 3 nov 2019, reprise des cours pour tous le lundi 4 novembre Stage de fabrication d&rsquo;instrument \u00ab\u00a0Cigar Box\u00a0\u00bb le samedi 9 novembre de 9h \u00e0 12h avec Jack Parker &#8211; Il reste tr\u00e8s peu de places ! Inscriptions \u00e0 emdg29@gmail.com\u00a0\u00a0Pr\u00e9sentation projet cigar box 9 11 2019 emdg Troph\u00e9es des jeunes sportifs de la ville de Guilers &#8211; Vendredi 15 novembre &#8211; Avec les \u00e9l\u00e8ves de l&rsquo;ensemble de percussions digitales de l&rsquo;EMDG...Lire la suite Lire la suite","og_url":"https:\/\/www.emdg-guilers.org\/index.php\/2019\/10\/28\/octobre-novembre-a-lemdg\/","og_site_name":"Ecole de Musique, Danse &amp; Th\u00e9\u00e2tre de Guilers","article_publisher":"https:\/\/www.facebook.com\/Ecole-de-Musique-et-de-Danse-de-Guilers-480017765533016\/","article_published_time":"2019-10-28T15:03:21+00:00","article_modified_time":"2019-10-29T10:09:34+00:00","og_image":[{"url":"http:\/\/www.emdg-guilers.org\/wp-content\/uploads\/2019\/10\/SAM_5029-768x492.jpg"}],"author":"Marie Clavier","twitter_card":"summary_large_image","twitter_misc":{"\u00c9crit par":"Marie Clavier"},"schema":{"@context":"https:\/\/schema.org","@graph":[{"@type":"Article","@id":"https:\/\/www.emdg-guilers.org\/index.php\/2019\/10\/28\/octobre-novembre-a-lemdg\/#article","isPartOf":{"@id":"https:\/\/www.emdg-guilers.org\/index.php\/2019\/10\/28\/octobre-novembre-a-lemdg\/"},"author":{"name":"Marie Clavier","@id":"https:\/\/www.emdg-guilers.org\/#\/schema\/person\/5c279d8e49be5f6bfdc87fb9e08559d4"},"headline":"Novembre \u00e0 l&rsquo;EMDG","datePublished":"2019-10-28T15:03:21+00:00","dateModified":"2019-10-29T10:09:34+00:00","mainEntityOfPage":{"@id":"https:\/\/www.emdg-guilers.org\/index.php\/2019\/10\/28\/octobre-novembre-a-lemdg\/"},"wordCount":100,"publisher":{"@id":"https:\/\/www.emdg-guilers.org\/#organization"},"image":{"@id":"https:\/\/www.emdg-guilers.org\/index.php\/2019\/10\/28\/octobre-novembre-a-lemdg\/#primaryimage"},"thumbnailUrl":"http:\/\/www.emdg-guilers.org\/wp-content\/uploads\/2019\/10\/SAM_5029-768x492.jpg","inLanguage":"fr-FR"},{"@type":"WebPage","@id":"https:\/\/www.emdg-guilers.org\/index.php\/2019\/10\/28\/octobre-novembre-a-lemdg\/","url":"https:\/\/www.emdg-guilers.org\/index.php\/2019\/10\/28\/octobre-novembre-a-lemdg\/","name":"Novembre \u00e0 l'EMDG - Ecole de Musique, Danse &amp; Th\u00e9\u00e2tre de Guilers","isPartOf":{"@id":"https:\/\/www.emdg-guilers.org\/#website"},"primaryImageOfPage":{"@id":"https:\/\/www.emdg-guilers.org\/index.php\/2019\/10\/28\/octobre-novembre-a-lemdg\/#primaryimage"},"image":{"@id":"https:\/\/www.emdg-guilers.org\/index.php\/2019\/10\/28\/octobre-novembre-a-lemdg\/#primaryimage"},"thumbnailUrl":"http:\/\/www.emdg-guilers.org\/wp-content\/uploads\/2019\/10\/SAM_5029-768x492.jpg","datePublished":"2019-10-28T15:03:21+00:00","dateModified":"2019-10-29T10:09:34+00:00","breadcrumb":{"@id":"https:\/\/www.emdg-guilers.org\/index.php\/2019\/10\/28\/octobre-novembre-a-lemdg\/#breadcrumb"},"inLanguage":"fr-FR","potentialAction":[{"@type":"ReadAction","target":["https:\/\/www.emdg-guilers.org\/index.php\/2019\/10\/28\/octobre-novembre-a-lemdg\/"]}]},{"@type":"ImageObject","inLanguage":"fr-FR","@id":"https:\/\/www.emdg-guilers.org\/index.php\/2019\/10\/28\/octobre-novembre-a-lemdg\/#primaryimage","url":"http:\/\/www.emdg-guilers.org\/wp-content\/uploads\/2019\/10\/SAM_5029-768x492.jpg","contentUrl":"http:\/\/www.emdg-guilers.org\/wp-content\/uploads\/2019\/10\/SAM_5029-768x492.jpg"},{"@type":"BreadcrumbList","@id":"https:\/\/www.emdg-guilers.org\/index.php\/2019\/10\/28\/octobre-novembre-a-lemdg\/#breadcrumb","itemListElement":[{"@type":"ListItem","position":1,"name":"Accueil","item":"https:\/\/www.emdg-guilers.org\/"},{"@type":"ListItem","position":2,"name":"Novembre \u00e0 l&rsquo;EMDG"}]},{"@type":"WebSite","@id":"https:\/\/www.emdg-guilers.org\/#website","url":"https:\/\/www.emdg-guilers.org\/","name":"Ecole de Musique et Danse de Guilers","description":"Ecole associative, cours de musique, danse, th\u00e9\u00e2tre accessibles \u00e0 tous","publisher":{"@id":"https:\/\/www.emdg-guilers.org\/#organization"},"potentialAction":[{"@type":"SearchAction","target":{"@type":"EntryPoint","urlTemplate":"https:\/\/www.emdg-guilers.org\/?s={search_term_string}"},"query-input":"required name=search_term_string"}],"inLanguage":"fr-FR"},{"@type":"Organization","@id":"https:\/\/www.emdg-guilers.org\/#organization","name":"Ecole de Musique et de Danse","url":"https:\/\/www.emdg-guilers.org\/","logo":{"@type":"ImageObject","inLanguage":"fr-FR","@id":"https:\/\/www.emdg-guilers.org\/#\/schema\/logo\/image\/","url":"https:\/\/www.emdg-guilers.org\/wp-content\/uploads\/2016\/06\/logo2014.jpg","contentUrl":"https:\/\/www.emdg-guilers.org\/wp-content\/uploads\/2016\/06\/logo2014.jpg","width":214,"height":116,"caption":"Ecole de Musique et de Danse"},"image":{"@id":"https:\/\/www.emdg-guilers.org\/#\/schema\/logo\/image\/"},"sameAs":["https:\/\/www.facebook.com\/Ecole-de-Musique-et-de-Danse-de-Guilers-480017765533016\/"]},{"@type":"Person","@id":"https:\/\/www.emdg-guilers.org\/#\/schema\/person\/5c279d8e49be5f6bfdc87fb9e08559d4","name":"Marie Clavier","image":{"@type":"ImageObject","inLanguage":"fr-FR","@id":"https:\/\/www.emdg-guilers.org\/#\/schema\/person\/image\/","url":"https:\/\/secure.gravatar.com\/avatar\/82505eeeaf6d53a80197cd7ed92e8de4?s=96&d=mm&r=g","contentUrl":"https:\/\/secure.gravatar.com\/avatar\/82505eeeaf6d53a80197cd7ed92e8de4?s=96&d=mm&r=g","caption":"Marie Clavier"},"url":"https:\/\/www.emdg-guilers.org\/index.php\/author\/mclavier\/"}]}},"_links":{"self":[{"href":"https:\/\/www.emdg-guilers.org\/index.php\/wp-json\/wp\/v2\/posts\/1804"}],"collection":[{"href":"https:\/\/www.emdg-guilers.org\/index.php\/wp-json\/wp\/v2\/posts"}],"about":[{"href":"https:\/\/www.emdg-guilers.org\/index.php\/wp-json\/wp\/v2\/types\/post"}],"author":[{"embeddable":true,"href":"https:\/\/www.emdg-guilers.org\/index.php\/wp-json\/wp\/v2\/users\/3"}],"replies":[{"embeddable":true,"href":"https:\/\/www.emdg-guilers.org\/index.php\/wp-json\/wp\/v2\/comments?post=1804"}],"version-history":[{"count":7,"href":"https:\/\/www.emdg-guilers.org\/index.php\/wp-json\/wp\/v2\/posts\/1804\/revisions"}],"predecessor-version":[{"id":1814,"href":"https:\/\/www.emdg-guilers.org\/index.php\/wp-json\/wp\/v2\/posts\/1804\/revisions\/1814"}],"wp:attachment":[{"href":"https:\/\/www.emdg-guilers.org\/index.php\/wp-json\/wp\/v2\/media?parent=1804"}],"wp:term":[{"taxonomy":"category","embeddable":true,"href":"https:\/\/www.emdg-guilers.org\/index.php\/wp-json\/wp\/v2\/categories?post=1804"},{"taxonomy":"post_tag","embeddable":true,"href":"https:\/\/www.emdg-guilers.org\/index.php\/wp-json\/wp\/v2\/tags?post=1804"}],"curies":[{"name":"wp","href":"https:\/\/api.w.org\/{rel}","templated":true}]}}