{"id":1827,"date":"2019-12-16T10:02:09","date_gmt":"2019-12-16T09:02:09","guid":{"rendered":"http:\/\/www.emdg-guilers.org\/?p=1827"},"modified":"2019-12-16T10:50:48","modified_gmt":"2019-12-16T09:50:48","slug":"animations-de-noel","status":"publish","type":"post","link":"https:\/\/www.emdg-guilers.org\/index.php\/2019\/12\/16\/animations-de-noel\/","title":{"rendered":"Animations de No\u00ebl"},"content":{"rendered":"<p>Pour cette derni\u00e8re semaine avant les vacances de No\u00ebl, voici diff\u00e9rentes animations pr\u00e9vues :<br \/>\n&#8211;\u00a0Avis aux parents, familles, amis, fr\u00e8res, s\u0153urs, [&#8230; ] du <strong>Parcours D\u00e9couverte Instrumentale<\/strong> : mercredi\u00a018 &#8211; 11h \u00e0 12h et jeudi 19 &#8211; 17h45 \u00e0 18h45, un s\u00e9ance de musicoth\u00e9rapie parents-enfants et petit spectacle sont propos\u00e9s avec <strong>Caroline Guyon<\/strong>, suivis d&rsquo;un go\u00fbter. Salle habituelle.<br \/>\n&#8211; Jeudi 19, de 18h \u00e0 19h, en salle de r\u00e9p\u00e9tition (2e \u00e9tage), <strong>Mich\u00e8le Morvan<\/strong> propose une mini-audition avec le groupe <strong>Cord\u00e9ole et certains violonistes<\/strong>. Conviviale et chaleureuse, cette audition se fera \u00e0 la fa\u00e7on d&rsquo;une veill\u00e9e&#8230;<br \/>\n&#8211; Toute la semaine en <strong>danse classique <\/strong>ou<strong> \u00e9veil <\/strong>avec<strong> Virginie Le Gloahec<\/strong>, venez pour le dernier cours de votre enfant assister aux s\u00e9ances, portes ouvertes (horaires et lieu habituels)<\/p>\n<p>Vacances scolaires du 21 d\u00e9cembre au 6 janvier.<\/p>\n<p><strong>Belles f\u00eates de fin d&rsquo;ann\u00e9e \u00e0 tous !\u00a0<\/strong><br \/>\n<strong><img loading=\"lazy\" decoding=\"async\" class=\"size-large wp-image-1828 alignleft\" src=\"http:\/\/www.emdg-guilers.org\/wp-content\/uploads\/2019\/12\/joyeusesfetes-1024x490.jpg\" alt=\"\" width=\"640\" height=\"306\" srcset=\"https:\/\/www.emdg-guilers.org\/wp-content\/uploads\/2019\/12\/joyeusesfetes.jpg 1024w, https:\/\/www.emdg-guilers.org\/wp-content\/uploads\/2019\/12\/joyeusesfetes-300x144.jpg 300w, https:\/\/www.emdg-guilers.org\/wp-content\/uploads\/2019\/12\/joyeusesfetes-768x368.jpg 768w, https:\/\/www.emdg-guilers.org\/wp-content\/uploads\/2019\/12\/joyeusesfetes-564x270.jpg 564w\" sizes=\"(max-width: 640px) 100vw, 640px\" \/><\/strong><\/p>\n","protected":false},"excerpt":{"rendered":"<p>Pour cette derni\u00e8re semaine avant les vacances de No\u00ebl, voici diff\u00e9rentes animations pr\u00e9vues : &#8211;\u00a0Avis aux parents, familles, amis, fr\u00e8res, s\u0153urs, [&#8230; ] du Parcours D\u00e9couverte Instrumentale : mercredi\u00a018 &#8211; 11h \u00e0 12h et jeudi 19 &#8211; 17h45 \u00e0 18h45, un s\u00e9ance de musicoth\u00e9rapie parents-enfants et petit spectacle sont propos\u00e9s avec Caroline Guyon, suivis d&rsquo;un go\u00fbter. Salle habituelle. &#8211; Jeudi 19, de 18h \u00e0 19h, en salle de r\u00e9p\u00e9tition (2e \u00e9tage), Mich\u00e8le Morvan propose une mini-audition avec le groupe Cord\u00e9ole&#8230;<\/p>\n<p class=\"read-more\"><a class=\"btn btn-default\" href=\"https:\/\/www.emdg-guilers.org\/index.php\/2019\/12\/16\/animations-de-noel\/\">Lire la suite<span class=\"screen-reader-text\"> Lire la suite<\/span><\/a><\/p>\n","protected":false},"author":3,"featured_media":0,"comment_status":"closed","ping_status":"closed","sticky":false,"template":"","format":"standard","meta":{"footnotes":""},"categories":[1],"tags":[],"yoast_head":"<!-- This site is optimized with the Yoast SEO plugin v22.4 - https:\/\/yoast.com\/wordpress\/plugins\/seo\/ -->\n<title>Animations de No\u00ebl - Ecole de Musique, Danse &amp; Th\u00e9\u00e2tre de Guilers<\/title>\n<meta name=\"robots\" content=\"index, follow, max-snippet:-1, max-image-preview:large, max-video-preview:-1\" \/>\n<link rel=\"canonical\" href=\"https:\/\/www.emdg-guilers.org\/index.php\/2019\/12\/16\/animations-de-noel\/\" \/>\n<meta property=\"og:locale\" content=\"fr_FR\" \/>\n<meta property=\"og:type\" content=\"article\" \/>\n<meta property=\"og:title\" content=\"Animations de No\u00ebl - Ecole de Musique, Danse &amp; Th\u00e9\u00e2tre de Guilers\" \/>\n<meta property=\"og:description\" content=\"Pour cette derni\u00e8re semaine avant les vacances de No\u00ebl, voici diff\u00e9rentes animations pr\u00e9vues : &#8211;\u00a0Avis aux parents, familles, amis, fr\u00e8res, s\u0153urs, [&#8230; ] du Parcours D\u00e9couverte Instrumentale : mercredi\u00a018 &#8211; 11h \u00e0 12h et jeudi 19 &#8211; 17h45 \u00e0 18h45, un s\u00e9ance de musicoth\u00e9rapie parents-enfants et petit spectacle sont propos\u00e9s avec Caroline Guyon, suivis d&rsquo;un go\u00fbter. Salle habituelle. &#8211; Jeudi 19, de 18h \u00e0 19h, en salle de r\u00e9p\u00e9tition (2e \u00e9tage), Mich\u00e8le Morvan propose une mini-audition avec le groupe Cord\u00e9ole...Lire la suite Lire la suite\" \/>\n<meta property=\"og:url\" content=\"https:\/\/www.emdg-guilers.org\/index.php\/2019\/12\/16\/animations-de-noel\/\" \/>\n<meta property=\"og:site_name\" content=\"Ecole de Musique, Danse &amp; Th\u00e9\u00e2tre de Guilers\" \/>\n<meta property=\"article:publisher\" content=\"https:\/\/www.facebook.com\/Ecole-de-Musique-et-de-Danse-de-Guilers-480017765533016\/\" \/>\n<meta property=\"article:published_time\" content=\"2019-12-16T09:02:09+00:00\" \/>\n<meta property=\"article:modified_time\" content=\"2019-12-16T09:50:48+00:00\" \/>\n<meta property=\"og:image\" content=\"http:\/\/www.emdg-guilers.org\/wp-content\/uploads\/2019\/12\/joyeusesfetes-1024x490.jpg\" \/>\n<meta name=\"author\" content=\"Marie Clavier\" \/>\n<meta name=\"twitter:card\" content=\"summary_large_image\" \/>\n<meta name=\"twitter:label1\" content=\"\u00c9crit par\" \/>\n\t<meta name=\"twitter:data1\" content=\"Marie Clavier\" \/>\n\t<meta name=\"twitter:label2\" content=\"Dur\u00e9e de lecture estim\u00e9e\" \/>\n\t<meta name=\"twitter:data2\" content=\"1 minute\" \/>\n<script type=\"application\/ld+json\" class=\"yoast-schema-graph\">{\"@context\":\"https:\/\/schema.org\",\"@graph\":[{\"@type\":\"Article\",\"@id\":\"https:\/\/www.emdg-guilers.org\/index.php\/2019\/12\/16\/animations-de-noel\/#article\",\"isPartOf\":{\"@id\":\"https:\/\/www.emdg-guilers.org\/index.php\/2019\/12\/16\/animations-de-noel\/\"},\"author\":{\"name\":\"Marie Clavier\",\"@id\":\"https:\/\/www.emdg-guilers.org\/#\/schema\/person\/5c279d8e49be5f6bfdc87fb9e08559d4\"},\"headline\":\"Animations de No\u00ebl\",\"datePublished\":\"2019-12-16T09:02:09+00:00\",\"dateModified\":\"2019-12-16T09:50:48+00:00\",\"mainEntityOfPage\":{\"@id\":\"https:\/\/www.emdg-guilers.org\/index.php\/2019\/12\/16\/animations-de-noel\/\"},\"wordCount\":153,\"publisher\":{\"@id\":\"https:\/\/www.emdg-guilers.org\/#organization\"},\"image\":{\"@id\":\"https:\/\/www.emdg-guilers.org\/index.php\/2019\/12\/16\/animations-de-noel\/#primaryimage\"},\"thumbnailUrl\":\"http:\/\/www.emdg-guilers.org\/wp-content\/uploads\/2019\/12\/joyeusesfetes-1024x490.jpg\",\"inLanguage\":\"fr-FR\"},{\"@type\":\"WebPage\",\"@id\":\"https:\/\/www.emdg-guilers.org\/index.php\/2019\/12\/16\/animations-de-noel\/\",\"url\":\"https:\/\/www.emdg-guilers.org\/index.php\/2019\/12\/16\/animations-de-noel\/\",\"name\":\"Animations de No\u00ebl - Ecole de Musique, Danse &amp; Th\u00e9\u00e2tre de Guilers\",\"isPartOf\":{\"@id\":\"https:\/\/www.emdg-guilers.org\/#website\"},\"primaryImageOfPage\":{\"@id\":\"https:\/\/www.emdg-guilers.org\/index.php\/2019\/12\/16\/animations-de-noel\/#primaryimage\"},\"image\":{\"@id\":\"https:\/\/www.emdg-guilers.org\/index.php\/2019\/12\/16\/animations-de-noel\/#primaryimage\"},\"thumbnailUrl\":\"http:\/\/www.emdg-guilers.org\/wp-content\/uploads\/2019\/12\/joyeusesfetes-1024x490.jpg\",\"datePublished\":\"2019-12-16T09:02:09+00:00\",\"dateModified\":\"2019-12-16T09:50:48+00:00\",\"breadcrumb\":{\"@id\":\"https:\/\/www.emdg-guilers.org\/index.php\/2019\/12\/16\/animations-de-noel\/#breadcrumb\"},\"inLanguage\":\"fr-FR\",\"potentialAction\":[{\"@type\":\"ReadAction\",\"target\":[\"https:\/\/www.emdg-guilers.org\/index.php\/2019\/12\/16\/animations-de-noel\/\"]}]},{\"@type\":\"ImageObject\",\"inLanguage\":\"fr-FR\",\"@id\":\"https:\/\/www.emdg-guilers.org\/index.php\/2019\/12\/16\/animations-de-noel\/#primaryimage\",\"url\":\"http:\/\/www.emdg-guilers.org\/wp-content\/uploads\/2019\/12\/joyeusesfetes-1024x490.jpg\",\"contentUrl\":\"http:\/\/www.emdg-guilers.org\/wp-content\/uploads\/2019\/12\/joyeusesfetes-1024x490.jpg\"},{\"@type\":\"BreadcrumbList\",\"@id\":\"https:\/\/www.emdg-guilers.org\/index.php\/2019\/12\/16\/animations-de-noel\/#breadcrumb\",\"itemListElement\":[{\"@type\":\"ListItem\",\"position\":1,\"name\":\"Accueil\",\"item\":\"https:\/\/www.emdg-guilers.org\/\"},{\"@type\":\"ListItem\",\"position\":2,\"name\":\"Animations de No\u00ebl\"}]},{\"@type\":\"WebSite\",\"@id\":\"https:\/\/www.emdg-guilers.org\/#website\",\"url\":\"https:\/\/www.emdg-guilers.org\/\",\"name\":\"Ecole de Musique et Danse de Guilers\",\"description\":\"Ecole associative, cours de musique, danse, th\u00e9\u00e2tre accessibles \u00e0 tous\",\"publisher\":{\"@id\":\"https:\/\/www.emdg-guilers.org\/#organization\"},\"potentialAction\":[{\"@type\":\"SearchAction\",\"target\":{\"@type\":\"EntryPoint\",\"urlTemplate\":\"https:\/\/www.emdg-guilers.org\/?s={search_term_string}\"},\"query-input\":\"required name=search_term_string\"}],\"inLanguage\":\"fr-FR\"},{\"@type\":\"Organization\",\"@id\":\"https:\/\/www.emdg-guilers.org\/#organization\",\"name\":\"Ecole de Musique et de Danse\",\"url\":\"https:\/\/www.emdg-guilers.org\/\",\"logo\":{\"@type\":\"ImageObject\",\"inLanguage\":\"fr-FR\",\"@id\":\"https:\/\/www.emdg-guilers.org\/#\/schema\/logo\/image\/\",\"url\":\"https:\/\/www.emdg-guilers.org\/wp-content\/uploads\/2016\/06\/logo2014.jpg\",\"contentUrl\":\"https:\/\/www.emdg-guilers.org\/wp-content\/uploads\/2016\/06\/logo2014.jpg\",\"width\":214,\"height\":116,\"caption\":\"Ecole de Musique et de Danse\"},\"image\":{\"@id\":\"https:\/\/www.emdg-guilers.org\/#\/schema\/logo\/image\/\"},\"sameAs\":[\"https:\/\/www.facebook.com\/Ecole-de-Musique-et-de-Danse-de-Guilers-480017765533016\/\"]},{\"@type\":\"Person\",\"@id\":\"https:\/\/www.emdg-guilers.org\/#\/schema\/person\/5c279d8e49be5f6bfdc87fb9e08559d4\",\"name\":\"Marie Clavier\",\"image\":{\"@type\":\"ImageObject\",\"inLanguage\":\"fr-FR\",\"@id\":\"https:\/\/www.emdg-guilers.org\/#\/schema\/person\/image\/\",\"url\":\"https:\/\/secure.gravatar.com\/avatar\/82505eeeaf6d53a80197cd7ed92e8de4?s=96&d=mm&r=g\",\"contentUrl\":\"https:\/\/secure.gravatar.com\/avatar\/82505eeeaf6d53a80197cd7ed92e8de4?s=96&d=mm&r=g\",\"caption\":\"Marie Clavier\"},\"url\":\"https:\/\/www.emdg-guilers.org\/index.php\/author\/mclavier\/\"}]}<\/script>\n<!-- \/ Yoast SEO plugin. -->","yoast_head_json":{"title":"Animations de No\u00ebl - Ecole de Musique, Danse &amp; Th\u00e9\u00e2tre de Guilers","robots":{"index":"index","follow":"follow","max-snippet":"max-snippet:-1","max-image-preview":"max-image-preview:large","max-video-preview":"max-video-preview:-1"},"canonical":"https:\/\/www.emdg-guilers.org\/index.php\/2019\/12\/16\/animations-de-noel\/","og_locale":"fr_FR","og_type":"article","og_title":"Animations de No\u00ebl - Ecole de Musique, Danse &amp; Th\u00e9\u00e2tre de Guilers","og_description":"Pour cette derni\u00e8re semaine avant les vacances de No\u00ebl, voici diff\u00e9rentes animations pr\u00e9vues : &#8211;\u00a0Avis aux parents, familles, amis, fr\u00e8res, s\u0153urs, [&#8230; ] du Parcours D\u00e9couverte Instrumentale : mercredi\u00a018 &#8211; 11h \u00e0 12h et jeudi 19 &#8211; 17h45 \u00e0 18h45, un s\u00e9ance de musicoth\u00e9rapie parents-enfants et petit spectacle sont propos\u00e9s avec Caroline Guyon, suivis d&rsquo;un go\u00fbter. Salle habituelle. &#8211; Jeudi 19, de 18h \u00e0 19h, en salle de r\u00e9p\u00e9tition (2e \u00e9tage), Mich\u00e8le Morvan propose une mini-audition avec le groupe Cord\u00e9ole...Lire la suite Lire la suite","og_url":"https:\/\/www.emdg-guilers.org\/index.php\/2019\/12\/16\/animations-de-noel\/","og_site_name":"Ecole de Musique, Danse &amp; Th\u00e9\u00e2tre de Guilers","article_publisher":"https:\/\/www.facebook.com\/Ecole-de-Musique-et-de-Danse-de-Guilers-480017765533016\/","article_published_time":"2019-12-16T09:02:09+00:00","article_modified_time":"2019-12-16T09:50:48+00:00","og_image":[{"url":"http:\/\/www.emdg-guilers.org\/wp-content\/uploads\/2019\/12\/joyeusesfetes-1024x490.jpg"}],"author":"Marie Clavier","twitter_card":"summary_large_image","twitter_misc":{"\u00c9crit par":"Marie Clavier","Dur\u00e9e de lecture estim\u00e9e":"1 minute"},"schema":{"@context":"https:\/\/schema.org","@graph":[{"@type":"Article","@id":"https:\/\/www.emdg-guilers.org\/index.php\/2019\/12\/16\/animations-de-noel\/#article","isPartOf":{"@id":"https:\/\/www.emdg-guilers.org\/index.php\/2019\/12\/16\/animations-de-noel\/"},"author":{"name":"Marie Clavier","@id":"https:\/\/www.emdg-guilers.org\/#\/schema\/person\/5c279d8e49be5f6bfdc87fb9e08559d4"},"headline":"Animations de No\u00ebl","datePublished":"2019-12-16T09:02:09+00:00","dateModified":"2019-12-16T09:50:48+00:00","mainEntityOfPage":{"@id":"https:\/\/www.emdg-guilers.org\/index.php\/2019\/12\/16\/animations-de-noel\/"},"wordCount":153,"publisher":{"@id":"https:\/\/www.emdg-guilers.org\/#organization"},"image":{"@id":"https:\/\/www.emdg-guilers.org\/index.php\/2019\/12\/16\/animations-de-noel\/#primaryimage"},"thumbnailUrl":"http:\/\/www.emdg-guilers.org\/wp-content\/uploads\/2019\/12\/joyeusesfetes-1024x490.jpg","inLanguage":"fr-FR"},{"@type":"WebPage","@id":"https:\/\/www.emdg-guilers.org\/index.php\/2019\/12\/16\/animations-de-noel\/","url":"https:\/\/www.emdg-guilers.org\/index.php\/2019\/12\/16\/animations-de-noel\/","name":"Animations de No\u00ebl - Ecole de Musique, Danse &amp; Th\u00e9\u00e2tre de Guilers","isPartOf":{"@id":"https:\/\/www.emdg-guilers.org\/#website"},"primaryImageOfPage":{"@id":"https:\/\/www.emdg-guilers.org\/index.php\/2019\/12\/16\/animations-de-noel\/#primaryimage"},"image":{"@id":"https:\/\/www.emdg-guilers.org\/index.php\/2019\/12\/16\/animations-de-noel\/#primaryimage"},"thumbnailUrl":"http:\/\/www.emdg-guilers.org\/wp-content\/uploads\/2019\/12\/joyeusesfetes-1024x490.jpg","datePublished":"2019-12-16T09:02:09+00:00","dateModified":"2019-12-16T09:50:48+00:00","breadcrumb":{"@id":"https:\/\/www.emdg-guilers.org\/index.php\/2019\/12\/16\/animations-de-noel\/#breadcrumb"},"inLanguage":"fr-FR","potentialAction":[{"@type":"ReadAction","target":["https:\/\/www.emdg-guilers.org\/index.php\/2019\/12\/16\/animations-de-noel\/"]}]},{"@type":"ImageObject","inLanguage":"fr-FR","@id":"https:\/\/www.emdg-guilers.org\/index.php\/2019\/12\/16\/animations-de-noel\/#primaryimage","url":"http:\/\/www.emdg-guilers.org\/wp-content\/uploads\/2019\/12\/joyeusesfetes-1024x490.jpg","contentUrl":"http:\/\/www.emdg-guilers.org\/wp-content\/uploads\/2019\/12\/joyeusesfetes-1024x490.jpg"},{"@type":"BreadcrumbList","@id":"https:\/\/www.emdg-guilers.org\/index.php\/2019\/12\/16\/animations-de-noel\/#breadcrumb","itemListElement":[{"@type":"ListItem","position":1,"name":"Accueil","item":"https:\/\/www.emdg-guilers.org\/"},{"@type":"ListItem","position":2,"name":"Animations de No\u00ebl"}]},{"@type":"WebSite","@id":"https:\/\/www.emdg-guilers.org\/#website","url":"https:\/\/www.emdg-guilers.org\/","name":"Ecole de Musique et Danse de Guilers","description":"Ecole associative, cours de musique, danse, th\u00e9\u00e2tre accessibles \u00e0 tous","publisher":{"@id":"https:\/\/www.emdg-guilers.org\/#organization"},"potentialAction":[{"@type":"SearchAction","target":{"@type":"EntryPoint","urlTemplate":"https:\/\/www.emdg-guilers.org\/?s={search_term_string}"},"query-input":"required name=search_term_string"}],"inLanguage":"fr-FR"},{"@type":"Organization","@id":"https:\/\/www.emdg-guilers.org\/#organization","name":"Ecole de Musique et de Danse","url":"https:\/\/www.emdg-guilers.org\/","logo":{"@type":"ImageObject","inLanguage":"fr-FR","@id":"https:\/\/www.emdg-guilers.org\/#\/schema\/logo\/image\/","url":"https:\/\/www.emdg-guilers.org\/wp-content\/uploads\/2016\/06\/logo2014.jpg","contentUrl":"https:\/\/www.emdg-guilers.org\/wp-content\/uploads\/2016\/06\/logo2014.jpg","width":214,"height":116,"caption":"Ecole de Musique et de Danse"},"image":{"@id":"https:\/\/www.emdg-guilers.org\/#\/schema\/logo\/image\/"},"sameAs":["https:\/\/www.facebook.com\/Ecole-de-Musique-et-de-Danse-de-Guilers-480017765533016\/"]},{"@type":"Person","@id":"https:\/\/www.emdg-guilers.org\/#\/schema\/person\/5c279d8e49be5f6bfdc87fb9e08559d4","name":"Marie Clavier","image":{"@type":"ImageObject","inLanguage":"fr-FR","@id":"https:\/\/www.emdg-guilers.org\/#\/schema\/person\/image\/","url":"https:\/\/secure.gravatar.com\/avatar\/82505eeeaf6d53a80197cd7ed92e8de4?s=96&d=mm&r=g","contentUrl":"https:\/\/secure.gravatar.com\/avatar\/82505eeeaf6d53a80197cd7ed92e8de4?s=96&d=mm&r=g","caption":"Marie Clavier"},"url":"https:\/\/www.emdg-guilers.org\/index.php\/author\/mclavier\/"}]}},"_links":{"self":[{"href":"https:\/\/www.emdg-guilers.org\/index.php\/wp-json\/wp\/v2\/posts\/1827"}],"collection":[{"href":"https:\/\/www.emdg-guilers.org\/index.php\/wp-json\/wp\/v2\/posts"}],"about":[{"href":"https:\/\/www.emdg-guilers.org\/index.php\/wp-json\/wp\/v2\/types\/post"}],"author":[{"embeddable":true,"href":"https:\/\/www.emdg-guilers.org\/index.php\/wp-json\/wp\/v2\/users\/3"}],"replies":[{"embeddable":true,"href":"https:\/\/www.emdg-guilers.org\/index.php\/wp-json\/wp\/v2\/comments?post=1827"}],"version-history":[{"count":3,"href":"https:\/\/www.emdg-guilers.org\/index.php\/wp-json\/wp\/v2\/posts\/1827\/revisions"}],"predecessor-version":[{"id":1831,"href":"https:\/\/www.emdg-guilers.org\/index.php\/wp-json\/wp\/v2\/posts\/1827\/revisions\/1831"}],"wp:attachment":[{"href":"https:\/\/www.emdg-guilers.org\/index.php\/wp-json\/wp\/v2\/media?parent=1827"}],"wp:term":[{"taxonomy":"category","embeddable":true,"href":"https:\/\/www.emdg-guilers.org\/index.php\/wp-json\/wp\/v2\/categories?post=1827"},{"taxonomy":"post_tag","embeddable":true,"href":"https:\/\/www.emdg-guilers.org\/index.php\/wp-json\/wp\/v2\/tags?post=1827"}],"curies":[{"name":"wp","href":"https:\/\/api.w.org\/{rel}","templated":true}]}}