{"id":1836,"date":"2020-01-13T09:23:23","date_gmt":"2020-01-13T08:23:23","guid":{"rendered":"http:\/\/www.emdg-guilers.org\/?p=1836"},"modified":"2020-01-13T09:26:50","modified_gmt":"2020-01-13T08:26:50","slug":"fest-ty-swing-2020","status":"publish","type":"post","link":"https:\/\/www.emdg-guilers.org\/index.php\/2020\/01\/13\/fest-ty-swing-2020\/","title":{"rendered":"Fest Ty Swing 2020"},"content":{"rendered":"<h2><strong>Vendredi 17, samedi 18 et dimanche 19 janvier<\/strong><\/h2>\n<h4><strong>Salle Jean de Florette, Espace Marcel Pagnol, Guilers<\/strong><\/h4>\n<p><strong>\u00a0<a href=\"https:\/\/www.facebook.com\/events\/701335637023036\/\"><img loading=\"lazy\" decoding=\"async\" class=\"wp-image-1837 aligncenter\" src=\"http:\/\/www.emdg-guilers.org\/wp-content\/uploads\/2020\/01\/FTS-2020concerts-725x1024.png\" alt=\"\" width=\"458\" height=\"647\" srcset=\"https:\/\/www.emdg-guilers.org\/wp-content\/uploads\/2020\/01\/FTS-2020concerts-725x1024.png 725w, https:\/\/www.emdg-guilers.org\/wp-content\/uploads\/2020\/01\/FTS-2020concerts-212x300.png 212w, https:\/\/www.emdg-guilers.org\/wp-content\/uploads\/2020\/01\/FTS-2020concerts-191x270.png 191w, https:\/\/www.emdg-guilers.org\/wp-content\/uploads\/2020\/01\/FTS-2020concerts.png 743w\" sizes=\"(max-width: 458px) 100vw, 458px\" \/><\/a><\/strong><strong>3 jours de concerts jazz et bal swing autour des Ann\u00e9es Folles\u00a0!<\/strong><\/p>\n<p>&nbsp;<\/p>\n<ul>\n<li><strong>Vendredi 17\u00a0, 21h30<\/strong>: <a href=\"https:\/\/www.youtube.com\/watch?v=fTA4evQafbM\"><strong>Peter &amp; Chlo\u00e9<\/strong><\/a>\u2013 Geneva swing<\/li>\n<\/ul>\n<p>Concert de <strong>Jack &amp; Jill Swing band<br \/>\n<\/strong>D\u00e9monstrations professionnelles de danse swing, initiation &#8211; 5\/10\u20ac<\/p>\n<ul>\n<li><strong>Samedi 18, 21h30<\/strong>: <a href=\"https:\/\/www.youtube.com\/watch?v=swzbKMDsETQ\"><strong>Audrey &amp; Aur\u00e9lien<\/strong> <\/a>\u2013 Jazzy feet<\/li>\n<\/ul>\n<p>Concert de <strong>Jack &amp; Jill Swing band<br \/>\n<\/strong>D\u00e9monstrations professionnelles de danse swing, initiation &#8211; 10\/15\u20ac<\/p>\n<ul>\n<li><strong>Dimanche 18, 18h30<\/strong>: D\u00e9monstrations de danse des<strong> classes de modern jazz et classique<\/strong> de l\u2019Ecole de musique et danse de Guilers (EMDG)<\/li>\n<\/ul>\n<p>Concert des <strong>Swing Rambles<br \/>\n<\/strong><strong>Jonathan &amp; Anna<\/strong> \u2013 Studio hop &#8211; Gratuit<\/p>\n<p>Petite restauration et buvette sur place (Caval cr\u00eape ou Terra Br\u00e9sil\u00a0: popotes roulantes)<br \/>\nEn journ\u00e9e, <a href=\"http:\/\/swingdutonnerre.fr\/fest-ty-swing-2020-edition-5\/\">stage de danse swing<\/a> avec 3 couples de professeurs, 4 niveaux, 7h30 de cours au total, au SUAPS, Brest.<\/p>\n<p>&nbsp;<\/p>\n","protected":false},"excerpt":{"rendered":"<p>Vendredi 17, samedi 18 et dimanche 19 janvier Salle Jean de Florette, Espace Marcel Pagnol, Guilers \u00a03 jours de concerts jazz et bal swing autour des Ann\u00e9es Folles\u00a0! &nbsp; Vendredi 17\u00a0, 21h30: Peter &amp; Chlo\u00e9\u2013 Geneva swing Concert de Jack &amp; Jill Swing band D\u00e9monstrations professionnelles de danse swing, initiation &#8211; 5\/10\u20ac Samedi 18, 21h30: Audrey &amp; Aur\u00e9lien \u2013 Jazzy feet Concert de Jack &amp; Jill Swing band D\u00e9monstrations professionnelles de danse swing, initiation &#8211; 10\/15\u20ac Dimanche 18, 18h30: D\u00e9monstrations&#8230;<\/p>\n<p class=\"read-more\"><a class=\"btn btn-default\" href=\"https:\/\/www.emdg-guilers.org\/index.php\/2020\/01\/13\/fest-ty-swing-2020\/\">Lire la suite<span class=\"screen-reader-text\"> Lire la suite<\/span><\/a><\/p>\n","protected":false},"author":3,"featured_media":0,"comment_status":"closed","ping_status":"closed","sticky":false,"template":"","format":"standard","meta":{"footnotes":""},"categories":[1],"tags":[],"yoast_head":"<!-- This site is optimized with the Yoast SEO plugin v22.4 - https:\/\/yoast.com\/wordpress\/plugins\/seo\/ -->\n<title>Fest Ty Swing 2020 - Ecole de Musique, Danse &amp; Th\u00e9\u00e2tre de Guilers<\/title>\n<meta name=\"robots\" content=\"index, follow, max-snippet:-1, max-image-preview:large, max-video-preview:-1\" \/>\n<link rel=\"canonical\" href=\"https:\/\/www.emdg-guilers.org\/index.php\/2020\/01\/13\/fest-ty-swing-2020\/\" \/>\n<meta property=\"og:locale\" content=\"fr_FR\" \/>\n<meta property=\"og:type\" content=\"article\" \/>\n<meta property=\"og:title\" content=\"Fest Ty Swing 2020 - Ecole de Musique, Danse &amp; Th\u00e9\u00e2tre de Guilers\" \/>\n<meta property=\"og:description\" content=\"Vendredi 17, samedi 18 et dimanche 19 janvier Salle Jean de Florette, Espace Marcel Pagnol, Guilers \u00a03 jours de concerts jazz et bal swing autour des Ann\u00e9es Folles\u00a0! &nbsp; Vendredi 17\u00a0, 21h30: Peter &amp; Chlo\u00e9\u2013 Geneva swing Concert de Jack &amp; Jill Swing band D\u00e9monstrations professionnelles de danse swing, initiation &#8211; 5\/10\u20ac Samedi 18, 21h30: Audrey &amp; Aur\u00e9lien \u2013 Jazzy feet Concert de Jack &amp; Jill Swing band D\u00e9monstrations professionnelles de danse swing, initiation &#8211; 10\/15\u20ac Dimanche 18, 18h30: D\u00e9monstrations...Lire la suite Lire la suite\" \/>\n<meta property=\"og:url\" content=\"https:\/\/www.emdg-guilers.org\/index.php\/2020\/01\/13\/fest-ty-swing-2020\/\" \/>\n<meta property=\"og:site_name\" content=\"Ecole de Musique, Danse &amp; Th\u00e9\u00e2tre de Guilers\" \/>\n<meta property=\"article:publisher\" content=\"https:\/\/www.facebook.com\/Ecole-de-Musique-et-de-Danse-de-Guilers-480017765533016\/\" \/>\n<meta property=\"article:published_time\" content=\"2020-01-13T08:23:23+00:00\" \/>\n<meta property=\"article:modified_time\" content=\"2020-01-13T08:26:50+00:00\" \/>\n<meta property=\"og:image\" content=\"http:\/\/www.emdg-guilers.org\/wp-content\/uploads\/2020\/01\/FTS-2020concerts-725x1024.png\" \/>\n<meta name=\"author\" content=\"Marie Clavier\" \/>\n<meta name=\"twitter:card\" content=\"summary_large_image\" \/>\n<meta name=\"twitter:label1\" content=\"\u00c9crit par\" \/>\n\t<meta name=\"twitter:data1\" content=\"Marie Clavier\" \/>\n\t<meta name=\"twitter:label2\" content=\"Dur\u00e9e de lecture estim\u00e9e\" \/>\n\t<meta name=\"twitter:data2\" content=\"1 minute\" \/>\n<script type=\"application\/ld+json\" class=\"yoast-schema-graph\">{\"@context\":\"https:\/\/schema.org\",\"@graph\":[{\"@type\":\"Article\",\"@id\":\"https:\/\/www.emdg-guilers.org\/index.php\/2020\/01\/13\/fest-ty-swing-2020\/#article\",\"isPartOf\":{\"@id\":\"https:\/\/www.emdg-guilers.org\/index.php\/2020\/01\/13\/fest-ty-swing-2020\/\"},\"author\":{\"name\":\"Marie Clavier\",\"@id\":\"https:\/\/www.emdg-guilers.org\/#\/schema\/person\/5c279d8e49be5f6bfdc87fb9e08559d4\"},\"headline\":\"Fest Ty Swing 2020\",\"datePublished\":\"2020-01-13T08:23:23+00:00\",\"dateModified\":\"2020-01-13T08:26:50+00:00\",\"mainEntityOfPage\":{\"@id\":\"https:\/\/www.emdg-guilers.org\/index.php\/2020\/01\/13\/fest-ty-swing-2020\/\"},\"wordCount\":144,\"publisher\":{\"@id\":\"https:\/\/www.emdg-guilers.org\/#organization\"},\"image\":{\"@id\":\"https:\/\/www.emdg-guilers.org\/index.php\/2020\/01\/13\/fest-ty-swing-2020\/#primaryimage\"},\"thumbnailUrl\":\"http:\/\/www.emdg-guilers.org\/wp-content\/uploads\/2020\/01\/FTS-2020concerts-725x1024.png\",\"inLanguage\":\"fr-FR\"},{\"@type\":\"WebPage\",\"@id\":\"https:\/\/www.emdg-guilers.org\/index.php\/2020\/01\/13\/fest-ty-swing-2020\/\",\"url\":\"https:\/\/www.emdg-guilers.org\/index.php\/2020\/01\/13\/fest-ty-swing-2020\/\",\"name\":\"Fest Ty Swing 2020 - Ecole de Musique, Danse &amp; Th\u00e9\u00e2tre de Guilers\",\"isPartOf\":{\"@id\":\"https:\/\/www.emdg-guilers.org\/#website\"},\"primaryImageOfPage\":{\"@id\":\"https:\/\/www.emdg-guilers.org\/index.php\/2020\/01\/13\/fest-ty-swing-2020\/#primaryimage\"},\"image\":{\"@id\":\"https:\/\/www.emdg-guilers.org\/index.php\/2020\/01\/13\/fest-ty-swing-2020\/#primaryimage\"},\"thumbnailUrl\":\"http:\/\/www.emdg-guilers.org\/wp-content\/uploads\/2020\/01\/FTS-2020concerts-725x1024.png\",\"datePublished\":\"2020-01-13T08:23:23+00:00\",\"dateModified\":\"2020-01-13T08:26:50+00:00\",\"breadcrumb\":{\"@id\":\"https:\/\/www.emdg-guilers.org\/index.php\/2020\/01\/13\/fest-ty-swing-2020\/#breadcrumb\"},\"inLanguage\":\"fr-FR\",\"potentialAction\":[{\"@type\":\"ReadAction\",\"target\":[\"https:\/\/www.emdg-guilers.org\/index.php\/2020\/01\/13\/fest-ty-swing-2020\/\"]}]},{\"@type\":\"ImageObject\",\"inLanguage\":\"fr-FR\",\"@id\":\"https:\/\/www.emdg-guilers.org\/index.php\/2020\/01\/13\/fest-ty-swing-2020\/#primaryimage\",\"url\":\"http:\/\/www.emdg-guilers.org\/wp-content\/uploads\/2020\/01\/FTS-2020concerts-725x1024.png\",\"contentUrl\":\"http:\/\/www.emdg-guilers.org\/wp-content\/uploads\/2020\/01\/FTS-2020concerts-725x1024.png\"},{\"@type\":\"BreadcrumbList\",\"@id\":\"https:\/\/www.emdg-guilers.org\/index.php\/2020\/01\/13\/fest-ty-swing-2020\/#breadcrumb\",\"itemListElement\":[{\"@type\":\"ListItem\",\"position\":1,\"name\":\"Accueil\",\"item\":\"https:\/\/www.emdg-guilers.org\/\"},{\"@type\":\"ListItem\",\"position\":2,\"name\":\"Fest Ty Swing 2020\"}]},{\"@type\":\"WebSite\",\"@id\":\"https:\/\/www.emdg-guilers.org\/#website\",\"url\":\"https:\/\/www.emdg-guilers.org\/\",\"name\":\"Ecole de Musique et Danse de Guilers\",\"description\":\"Ecole associative, cours de musique, danse, th\u00e9\u00e2tre accessibles \u00e0 tous\",\"publisher\":{\"@id\":\"https:\/\/www.emdg-guilers.org\/#organization\"},\"potentialAction\":[{\"@type\":\"SearchAction\",\"target\":{\"@type\":\"EntryPoint\",\"urlTemplate\":\"https:\/\/www.emdg-guilers.org\/?s={search_term_string}\"},\"query-input\":\"required name=search_term_string\"}],\"inLanguage\":\"fr-FR\"},{\"@type\":\"Organization\",\"@id\":\"https:\/\/www.emdg-guilers.org\/#organization\",\"name\":\"Ecole de Musique et de Danse\",\"url\":\"https:\/\/www.emdg-guilers.org\/\",\"logo\":{\"@type\":\"ImageObject\",\"inLanguage\":\"fr-FR\",\"@id\":\"https:\/\/www.emdg-guilers.org\/#\/schema\/logo\/image\/\",\"url\":\"https:\/\/www.emdg-guilers.org\/wp-content\/uploads\/2016\/06\/logo2014.jpg\",\"contentUrl\":\"https:\/\/www.emdg-guilers.org\/wp-content\/uploads\/2016\/06\/logo2014.jpg\",\"width\":214,\"height\":116,\"caption\":\"Ecole de Musique et de Danse\"},\"image\":{\"@id\":\"https:\/\/www.emdg-guilers.org\/#\/schema\/logo\/image\/\"},\"sameAs\":[\"https:\/\/www.facebook.com\/Ecole-de-Musique-et-de-Danse-de-Guilers-480017765533016\/\"]},{\"@type\":\"Person\",\"@id\":\"https:\/\/www.emdg-guilers.org\/#\/schema\/person\/5c279d8e49be5f6bfdc87fb9e08559d4\",\"name\":\"Marie Clavier\",\"image\":{\"@type\":\"ImageObject\",\"inLanguage\":\"fr-FR\",\"@id\":\"https:\/\/www.emdg-guilers.org\/#\/schema\/person\/image\/\",\"url\":\"https:\/\/secure.gravatar.com\/avatar\/82505eeeaf6d53a80197cd7ed92e8de4?s=96&d=mm&r=g\",\"contentUrl\":\"https:\/\/secure.gravatar.com\/avatar\/82505eeeaf6d53a80197cd7ed92e8de4?s=96&d=mm&r=g\",\"caption\":\"Marie Clavier\"},\"url\":\"https:\/\/www.emdg-guilers.org\/index.php\/author\/mclavier\/\"}]}<\/script>\n<!-- \/ Yoast SEO plugin. -->","yoast_head_json":{"title":"Fest Ty Swing 2020 - Ecole de Musique, Danse &amp; Th\u00e9\u00e2tre de Guilers","robots":{"index":"index","follow":"follow","max-snippet":"max-snippet:-1","max-image-preview":"max-image-preview:large","max-video-preview":"max-video-preview:-1"},"canonical":"https:\/\/www.emdg-guilers.org\/index.php\/2020\/01\/13\/fest-ty-swing-2020\/","og_locale":"fr_FR","og_type":"article","og_title":"Fest Ty Swing 2020 - Ecole de Musique, Danse &amp; Th\u00e9\u00e2tre de Guilers","og_description":"Vendredi 17, samedi 18 et dimanche 19 janvier Salle Jean de Florette, Espace Marcel Pagnol, Guilers \u00a03 jours de concerts jazz et bal swing autour des Ann\u00e9es Folles\u00a0! &nbsp; Vendredi 17\u00a0, 21h30: Peter &amp; Chlo\u00e9\u2013 Geneva swing Concert de Jack &amp; Jill Swing band D\u00e9monstrations professionnelles de danse swing, initiation &#8211; 5\/10\u20ac Samedi 18, 21h30: Audrey &amp; Aur\u00e9lien \u2013 Jazzy feet Concert de Jack &amp; Jill Swing band D\u00e9monstrations professionnelles de danse swing, initiation &#8211; 10\/15\u20ac Dimanche 18, 18h30: D\u00e9monstrations...Lire la suite Lire la suite","og_url":"https:\/\/www.emdg-guilers.org\/index.php\/2020\/01\/13\/fest-ty-swing-2020\/","og_site_name":"Ecole de Musique, Danse &amp; Th\u00e9\u00e2tre de Guilers","article_publisher":"https:\/\/www.facebook.com\/Ecole-de-Musique-et-de-Danse-de-Guilers-480017765533016\/","article_published_time":"2020-01-13T08:23:23+00:00","article_modified_time":"2020-01-13T08:26:50+00:00","og_image":[{"url":"http:\/\/www.emdg-guilers.org\/wp-content\/uploads\/2020\/01\/FTS-2020concerts-725x1024.png"}],"author":"Marie Clavier","twitter_card":"summary_large_image","twitter_misc":{"\u00c9crit par":"Marie Clavier","Dur\u00e9e de lecture estim\u00e9e":"1 minute"},"schema":{"@context":"https:\/\/schema.org","@graph":[{"@type":"Article","@id":"https:\/\/www.emdg-guilers.org\/index.php\/2020\/01\/13\/fest-ty-swing-2020\/#article","isPartOf":{"@id":"https:\/\/www.emdg-guilers.org\/index.php\/2020\/01\/13\/fest-ty-swing-2020\/"},"author":{"name":"Marie Clavier","@id":"https:\/\/www.emdg-guilers.org\/#\/schema\/person\/5c279d8e49be5f6bfdc87fb9e08559d4"},"headline":"Fest Ty Swing 2020","datePublished":"2020-01-13T08:23:23+00:00","dateModified":"2020-01-13T08:26:50+00:00","mainEntityOfPage":{"@id":"https:\/\/www.emdg-guilers.org\/index.php\/2020\/01\/13\/fest-ty-swing-2020\/"},"wordCount":144,"publisher":{"@id":"https:\/\/www.emdg-guilers.org\/#organization"},"image":{"@id":"https:\/\/www.emdg-guilers.org\/index.php\/2020\/01\/13\/fest-ty-swing-2020\/#primaryimage"},"thumbnailUrl":"http:\/\/www.emdg-guilers.org\/wp-content\/uploads\/2020\/01\/FTS-2020concerts-725x1024.png","inLanguage":"fr-FR"},{"@type":"WebPage","@id":"https:\/\/www.emdg-guilers.org\/index.php\/2020\/01\/13\/fest-ty-swing-2020\/","url":"https:\/\/www.emdg-guilers.org\/index.php\/2020\/01\/13\/fest-ty-swing-2020\/","name":"Fest Ty Swing 2020 - Ecole de Musique, Danse &amp; Th\u00e9\u00e2tre de Guilers","isPartOf":{"@id":"https:\/\/www.emdg-guilers.org\/#website"},"primaryImageOfPage":{"@id":"https:\/\/www.emdg-guilers.org\/index.php\/2020\/01\/13\/fest-ty-swing-2020\/#primaryimage"},"image":{"@id":"https:\/\/www.emdg-guilers.org\/index.php\/2020\/01\/13\/fest-ty-swing-2020\/#primaryimage"},"thumbnailUrl":"http:\/\/www.emdg-guilers.org\/wp-content\/uploads\/2020\/01\/FTS-2020concerts-725x1024.png","datePublished":"2020-01-13T08:23:23+00:00","dateModified":"2020-01-13T08:26:50+00:00","breadcrumb":{"@id":"https:\/\/www.emdg-guilers.org\/index.php\/2020\/01\/13\/fest-ty-swing-2020\/#breadcrumb"},"inLanguage":"fr-FR","potentialAction":[{"@type":"ReadAction","target":["https:\/\/www.emdg-guilers.org\/index.php\/2020\/01\/13\/fest-ty-swing-2020\/"]}]},{"@type":"ImageObject","inLanguage":"fr-FR","@id":"https:\/\/www.emdg-guilers.org\/index.php\/2020\/01\/13\/fest-ty-swing-2020\/#primaryimage","url":"http:\/\/www.emdg-guilers.org\/wp-content\/uploads\/2020\/01\/FTS-2020concerts-725x1024.png","contentUrl":"http:\/\/www.emdg-guilers.org\/wp-content\/uploads\/2020\/01\/FTS-2020concerts-725x1024.png"},{"@type":"BreadcrumbList","@id":"https:\/\/www.emdg-guilers.org\/index.php\/2020\/01\/13\/fest-ty-swing-2020\/#breadcrumb","itemListElement":[{"@type":"ListItem","position":1,"name":"Accueil","item":"https:\/\/www.emdg-guilers.org\/"},{"@type":"ListItem","position":2,"name":"Fest Ty Swing 2020"}]},{"@type":"WebSite","@id":"https:\/\/www.emdg-guilers.org\/#website","url":"https:\/\/www.emdg-guilers.org\/","name":"Ecole de Musique et Danse de Guilers","description":"Ecole associative, cours de musique, danse, th\u00e9\u00e2tre accessibles \u00e0 tous","publisher":{"@id":"https:\/\/www.emdg-guilers.org\/#organization"},"potentialAction":[{"@type":"SearchAction","target":{"@type":"EntryPoint","urlTemplate":"https:\/\/www.emdg-guilers.org\/?s={search_term_string}"},"query-input":"required name=search_term_string"}],"inLanguage":"fr-FR"},{"@type":"Organization","@id":"https:\/\/www.emdg-guilers.org\/#organization","name":"Ecole de Musique et de Danse","url":"https:\/\/www.emdg-guilers.org\/","logo":{"@type":"ImageObject","inLanguage":"fr-FR","@id":"https:\/\/www.emdg-guilers.org\/#\/schema\/logo\/image\/","url":"https:\/\/www.emdg-guilers.org\/wp-content\/uploads\/2016\/06\/logo2014.jpg","contentUrl":"https:\/\/www.emdg-guilers.org\/wp-content\/uploads\/2016\/06\/logo2014.jpg","width":214,"height":116,"caption":"Ecole de Musique et de Danse"},"image":{"@id":"https:\/\/www.emdg-guilers.org\/#\/schema\/logo\/image\/"},"sameAs":["https:\/\/www.facebook.com\/Ecole-de-Musique-et-de-Danse-de-Guilers-480017765533016\/"]},{"@type":"Person","@id":"https:\/\/www.emdg-guilers.org\/#\/schema\/person\/5c279d8e49be5f6bfdc87fb9e08559d4","name":"Marie Clavier","image":{"@type":"ImageObject","inLanguage":"fr-FR","@id":"https:\/\/www.emdg-guilers.org\/#\/schema\/person\/image\/","url":"https:\/\/secure.gravatar.com\/avatar\/82505eeeaf6d53a80197cd7ed92e8de4?s=96&d=mm&r=g","contentUrl":"https:\/\/secure.gravatar.com\/avatar\/82505eeeaf6d53a80197cd7ed92e8de4?s=96&d=mm&r=g","caption":"Marie Clavier"},"url":"https:\/\/www.emdg-guilers.org\/index.php\/author\/mclavier\/"}]}},"_links":{"self":[{"href":"https:\/\/www.emdg-guilers.org\/index.php\/wp-json\/wp\/v2\/posts\/1836"}],"collection":[{"href":"https:\/\/www.emdg-guilers.org\/index.php\/wp-json\/wp\/v2\/posts"}],"about":[{"href":"https:\/\/www.emdg-guilers.org\/index.php\/wp-json\/wp\/v2\/types\/post"}],"author":[{"embeddable":true,"href":"https:\/\/www.emdg-guilers.org\/index.php\/wp-json\/wp\/v2\/users\/3"}],"replies":[{"embeddable":true,"href":"https:\/\/www.emdg-guilers.org\/index.php\/wp-json\/wp\/v2\/comments?post=1836"}],"version-history":[{"count":6,"href":"https:\/\/www.emdg-guilers.org\/index.php\/wp-json\/wp\/v2\/posts\/1836\/revisions"}],"predecessor-version":[{"id":1843,"href":"https:\/\/www.emdg-guilers.org\/index.php\/wp-json\/wp\/v2\/posts\/1836\/revisions\/1843"}],"wp:attachment":[{"href":"https:\/\/www.emdg-guilers.org\/index.php\/wp-json\/wp\/v2\/media?parent=1836"}],"wp:term":[{"taxonomy":"category","embeddable":true,"href":"https:\/\/www.emdg-guilers.org\/index.php\/wp-json\/wp\/v2\/categories?post=1836"},{"taxonomy":"post_tag","embeddable":true,"href":"https:\/\/www.emdg-guilers.org\/index.php\/wp-json\/wp\/v2\/tags?post=1836"}],"curies":[{"name":"wp","href":"https:\/\/api.w.org\/{rel}","templated":true}]}}