{"id":1849,"date":"2020-01-28T17:37:16","date_gmt":"2020-01-28T16:37:16","guid":{"rendered":"http:\/\/www.emdg-guilers.org\/?p=1849"},"modified":"2020-03-12T17:14:06","modified_gmt":"2020-03-12T16:14:06","slug":"prochains-evenements-de-lemdg","status":"publish","type":"post","link":"https:\/\/www.emdg-guilers.org\/index.php\/2020\/01\/28\/prochains-evenements-de-lemdg\/","title":{"rendered":"Les prochains \u00e9v\u00e9nements de l&rsquo;EMDG"},"content":{"rendered":"<ul>\n<li><strong>Metro\u2019 s cool orchestre\u00a0: Sam 21 et\u00a0 Dim 22 mars, CRR Brest<\/strong> \u2013 Stage 2 jours d\u2019orchestre pour les instrumentistes de Guilers, avec les autres \u00e9l\u00e8ves du r\u00e9seau des \u00e9coles de la m\u00e9tropole. (Gratuit pour les \u00e9l\u00e8ves de l&rsquo;EMDG)<\/li>\n<li><strong>Concert des ensembles de l\u2019EMDG \u2013 Ensemble(s)\u00a0!\u00a0: Sam 28 mars \u2013 18h-19h- <\/strong>Agora, Guilers<img loading=\"lazy\" decoding=\"async\" class=\" wp-image-1853 aligncenter\" src=\"http:\/\/www.emdg-guilers.org\/wp-content\/uploads\/2020\/01\/2020-03-28-Ensembles-724x1024.jpg\" alt=\"\" width=\"414\" height=\"585\" srcset=\"https:\/\/www.emdg-guilers.org\/wp-content\/uploads\/2020\/01\/2020-03-28-Ensembles-724x1024.jpg 724w, https:\/\/www.emdg-guilers.org\/wp-content\/uploads\/2020\/01\/2020-03-28-Ensembles-212x300.jpg 212w, https:\/\/www.emdg-guilers.org\/wp-content\/uploads\/2020\/01\/2020-03-28-Ensembles-768x1086.jpg 768w, https:\/\/www.emdg-guilers.org\/wp-content\/uploads\/2020\/01\/2020-03-28-Ensembles-191x270.jpg 191w, https:\/\/www.emdg-guilers.org\/wp-content\/uploads\/2020\/01\/2020-03-28-Ensembles.jpg 1587w\" sizes=\"(max-width: 414px) 100vw, 414px\" \/><\/li>\n<li><strong>\u00a0La R\u00e9nanaise. Dim 29 mars, St Renan \u2013 <\/strong>Concert de l&rsquo;ensemble Gong de 16h \u00e0 17h<\/li>\n<li>Auditions\u00a0: 2 avril et 17 juin<\/li>\n<li><strong>Stage \/ master-classe autour de la sortie du disque de Philippe Gouret &#8211; Sam 4 avril &#8211; 10h-12h<\/strong>\u00a0. Salle de r\u00e9p\u00e9, EMDG, Guilers<\/li>\n<li><strong>Heure musicale du lundi &#8211; Lundi 6 avril &#8211; 18h-19h<\/strong> &#8211; Salle de r\u00e9p\u00e9 de l&rsquo;EMDG &#8211; Concert intimiste des \u00e9l\u00e8ves du lundi.<\/li>\n<li><strong><a href=\"https:\/\/www.facebook.com\/events\/851929415282798\/\">Gala de danse de l&rsquo;EMDG<\/a> &#8211; Sam 16 mai &#8211;<\/strong> Agora, Guilers<\/li>\n<li><strong>Battle d\u00e9fi danse &#8211; 7 juin &#8211; <\/strong>Pagnol, Guilers<\/li>\n<li><strong>Metro&rsquo; s cool trad, feist deiz<\/strong>, dans le cadre d&rsquo;Un brin klassik au Relecq-Kerhuon, <strong>domaine de Lossulien &#8211; 7 juin<\/strong><\/li>\n<\/ul>\n","protected":false},"excerpt":{"rendered":"<p>Metro\u2019 s cool orchestre\u00a0: Sam 21 et\u00a0 Dim 22 mars, CRR Brest \u2013 Stage 2 jours d\u2019orchestre pour les instrumentistes de Guilers, avec les autres \u00e9l\u00e8ves du r\u00e9seau des \u00e9coles de la m\u00e9tropole. (Gratuit pour les \u00e9l\u00e8ves de l&rsquo;EMDG) Concert des ensembles de l\u2019EMDG \u2013 Ensemble(s)\u00a0!\u00a0: Sam 28 mars \u2013 18h-19h- Agora, Guilers \u00a0La R\u00e9nanaise. Dim 29 mars, St Renan \u2013 Concert de l&rsquo;ensemble Gong de 16h \u00e0 17h Auditions\u00a0: 2 avril et 17 juin Stage \/ master-classe autour de&#8230;<\/p>\n<p class=\"read-more\"><a class=\"btn btn-default\" href=\"https:\/\/www.emdg-guilers.org\/index.php\/2020\/01\/28\/prochains-evenements-de-lemdg\/\">Lire la suite<span class=\"screen-reader-text\"> Lire la suite<\/span><\/a><\/p>\n","protected":false},"author":3,"featured_media":0,"comment_status":"closed","ping_status":"closed","sticky":false,"template":"","format":"standard","meta":{"footnotes":""},"categories":[1],"tags":[],"yoast_head":"<!-- This site is optimized with the Yoast SEO plugin v22.4 - https:\/\/yoast.com\/wordpress\/plugins\/seo\/ -->\n<title>Les prochains \u00e9v\u00e9nements de l&#039;EMDG - Ecole de Musique, Danse &amp; Th\u00e9\u00e2tre de Guilers<\/title>\n<meta name=\"robots\" content=\"index, follow, max-snippet:-1, max-image-preview:large, max-video-preview:-1\" \/>\n<link rel=\"canonical\" href=\"https:\/\/www.emdg-guilers.org\/index.php\/2020\/01\/28\/prochains-evenements-de-lemdg\/\" \/>\n<meta property=\"og:locale\" content=\"fr_FR\" \/>\n<meta property=\"og:type\" content=\"article\" \/>\n<meta property=\"og:title\" content=\"Les prochains \u00e9v\u00e9nements de l&#039;EMDG - Ecole de Musique, Danse &amp; Th\u00e9\u00e2tre de Guilers\" \/>\n<meta property=\"og:description\" content=\"Metro\u2019 s cool orchestre\u00a0: Sam 21 et\u00a0 Dim 22 mars, CRR Brest \u2013 Stage 2 jours d\u2019orchestre pour les instrumentistes de Guilers, avec les autres \u00e9l\u00e8ves du r\u00e9seau des \u00e9coles de la m\u00e9tropole. (Gratuit pour les \u00e9l\u00e8ves de l&rsquo;EMDG) Concert des ensembles de l\u2019EMDG \u2013 Ensemble(s)\u00a0!\u00a0: Sam 28 mars \u2013 18h-19h- Agora, Guilers \u00a0La R\u00e9nanaise. Dim 29 mars, St Renan \u2013 Concert de l&rsquo;ensemble Gong de 16h \u00e0 17h Auditions\u00a0: 2 avril et 17 juin Stage \/ master-classe autour de...Lire la suite Lire la suite\" \/>\n<meta property=\"og:url\" content=\"https:\/\/www.emdg-guilers.org\/index.php\/2020\/01\/28\/prochains-evenements-de-lemdg\/\" \/>\n<meta property=\"og:site_name\" content=\"Ecole de Musique, Danse &amp; Th\u00e9\u00e2tre de Guilers\" \/>\n<meta property=\"article:publisher\" content=\"https:\/\/www.facebook.com\/Ecole-de-Musique-et-de-Danse-de-Guilers-480017765533016\/\" \/>\n<meta property=\"article:published_time\" content=\"2020-01-28T16:37:16+00:00\" \/>\n<meta property=\"article:modified_time\" content=\"2020-03-12T16:14:06+00:00\" \/>\n<meta property=\"og:image\" content=\"http:\/\/www.emdg-guilers.org\/wp-content\/uploads\/2020\/01\/2020-03-28-Ensembles-724x1024.jpg\" \/>\n<meta name=\"author\" content=\"Marie Clavier\" \/>\n<meta name=\"twitter:card\" content=\"summary_large_image\" \/>\n<meta name=\"twitter:label1\" content=\"\u00c9crit par\" \/>\n\t<meta name=\"twitter:data1\" content=\"Marie Clavier\" \/>\n\t<meta name=\"twitter:label2\" content=\"Dur\u00e9e de lecture estim\u00e9e\" \/>\n\t<meta name=\"twitter:data2\" content=\"1 minute\" \/>\n<script type=\"application\/ld+json\" class=\"yoast-schema-graph\">{\"@context\":\"https:\/\/schema.org\",\"@graph\":[{\"@type\":\"Article\",\"@id\":\"https:\/\/www.emdg-guilers.org\/index.php\/2020\/01\/28\/prochains-evenements-de-lemdg\/#article\",\"isPartOf\":{\"@id\":\"https:\/\/www.emdg-guilers.org\/index.php\/2020\/01\/28\/prochains-evenements-de-lemdg\/\"},\"author\":{\"name\":\"Marie Clavier\",\"@id\":\"https:\/\/www.emdg-guilers.org\/#\/schema\/person\/5c279d8e49be5f6bfdc87fb9e08559d4\"},\"headline\":\"Les prochains \u00e9v\u00e9nements de l&rsquo;EMDG\",\"datePublished\":\"2020-01-28T16:37:16+00:00\",\"dateModified\":\"2020-03-12T16:14:06+00:00\",\"mainEntityOfPage\":{\"@id\":\"https:\/\/www.emdg-guilers.org\/index.php\/2020\/01\/28\/prochains-evenements-de-lemdg\/\"},\"wordCount\":165,\"publisher\":{\"@id\":\"https:\/\/www.emdg-guilers.org\/#organization\"},\"image\":{\"@id\":\"https:\/\/www.emdg-guilers.org\/index.php\/2020\/01\/28\/prochains-evenements-de-lemdg\/#primaryimage\"},\"thumbnailUrl\":\"http:\/\/www.emdg-guilers.org\/wp-content\/uploads\/2020\/01\/2020-03-28-Ensembles-724x1024.jpg\",\"inLanguage\":\"fr-FR\"},{\"@type\":\"WebPage\",\"@id\":\"https:\/\/www.emdg-guilers.org\/index.php\/2020\/01\/28\/prochains-evenements-de-lemdg\/\",\"url\":\"https:\/\/www.emdg-guilers.org\/index.php\/2020\/01\/28\/prochains-evenements-de-lemdg\/\",\"name\":\"Les prochains \u00e9v\u00e9nements de l'EMDG - Ecole de Musique, Danse &amp; Th\u00e9\u00e2tre de Guilers\",\"isPartOf\":{\"@id\":\"https:\/\/www.emdg-guilers.org\/#website\"},\"primaryImageOfPage\":{\"@id\":\"https:\/\/www.emdg-guilers.org\/index.php\/2020\/01\/28\/prochains-evenements-de-lemdg\/#primaryimage\"},\"image\":{\"@id\":\"https:\/\/www.emdg-guilers.org\/index.php\/2020\/01\/28\/prochains-evenements-de-lemdg\/#primaryimage\"},\"thumbnailUrl\":\"http:\/\/www.emdg-guilers.org\/wp-content\/uploads\/2020\/01\/2020-03-28-Ensembles-724x1024.jpg\",\"datePublished\":\"2020-01-28T16:37:16+00:00\",\"dateModified\":\"2020-03-12T16:14:06+00:00\",\"breadcrumb\":{\"@id\":\"https:\/\/www.emdg-guilers.org\/index.php\/2020\/01\/28\/prochains-evenements-de-lemdg\/#breadcrumb\"},\"inLanguage\":\"fr-FR\",\"potentialAction\":[{\"@type\":\"ReadAction\",\"target\":[\"https:\/\/www.emdg-guilers.org\/index.php\/2020\/01\/28\/prochains-evenements-de-lemdg\/\"]}]},{\"@type\":\"ImageObject\",\"inLanguage\":\"fr-FR\",\"@id\":\"https:\/\/www.emdg-guilers.org\/index.php\/2020\/01\/28\/prochains-evenements-de-lemdg\/#primaryimage\",\"url\":\"http:\/\/www.emdg-guilers.org\/wp-content\/uploads\/2020\/01\/2020-03-28-Ensembles-724x1024.jpg\",\"contentUrl\":\"http:\/\/www.emdg-guilers.org\/wp-content\/uploads\/2020\/01\/2020-03-28-Ensembles-724x1024.jpg\"},{\"@type\":\"BreadcrumbList\",\"@id\":\"https:\/\/www.emdg-guilers.org\/index.php\/2020\/01\/28\/prochains-evenements-de-lemdg\/#breadcrumb\",\"itemListElement\":[{\"@type\":\"ListItem\",\"position\":1,\"name\":\"Accueil\",\"item\":\"https:\/\/www.emdg-guilers.org\/\"},{\"@type\":\"ListItem\",\"position\":2,\"name\":\"Les prochains \u00e9v\u00e9nements de l&rsquo;EMDG\"}]},{\"@type\":\"WebSite\",\"@id\":\"https:\/\/www.emdg-guilers.org\/#website\",\"url\":\"https:\/\/www.emdg-guilers.org\/\",\"name\":\"Ecole de Musique et Danse de Guilers\",\"description\":\"Ecole associative, cours de musique, danse, th\u00e9\u00e2tre accessibles \u00e0 tous\",\"publisher\":{\"@id\":\"https:\/\/www.emdg-guilers.org\/#organization\"},\"potentialAction\":[{\"@type\":\"SearchAction\",\"target\":{\"@type\":\"EntryPoint\",\"urlTemplate\":\"https:\/\/www.emdg-guilers.org\/?s={search_term_string}\"},\"query-input\":\"required name=search_term_string\"}],\"inLanguage\":\"fr-FR\"},{\"@type\":\"Organization\",\"@id\":\"https:\/\/www.emdg-guilers.org\/#organization\",\"name\":\"Ecole de Musique et de Danse\",\"url\":\"https:\/\/www.emdg-guilers.org\/\",\"logo\":{\"@type\":\"ImageObject\",\"inLanguage\":\"fr-FR\",\"@id\":\"https:\/\/www.emdg-guilers.org\/#\/schema\/logo\/image\/\",\"url\":\"https:\/\/www.emdg-guilers.org\/wp-content\/uploads\/2016\/06\/logo2014.jpg\",\"contentUrl\":\"https:\/\/www.emdg-guilers.org\/wp-content\/uploads\/2016\/06\/logo2014.jpg\",\"width\":214,\"height\":116,\"caption\":\"Ecole de Musique et de Danse\"},\"image\":{\"@id\":\"https:\/\/www.emdg-guilers.org\/#\/schema\/logo\/image\/\"},\"sameAs\":[\"https:\/\/www.facebook.com\/Ecole-de-Musique-et-de-Danse-de-Guilers-480017765533016\/\"]},{\"@type\":\"Person\",\"@id\":\"https:\/\/www.emdg-guilers.org\/#\/schema\/person\/5c279d8e49be5f6bfdc87fb9e08559d4\",\"name\":\"Marie Clavier\",\"image\":{\"@type\":\"ImageObject\",\"inLanguage\":\"fr-FR\",\"@id\":\"https:\/\/www.emdg-guilers.org\/#\/schema\/person\/image\/\",\"url\":\"https:\/\/secure.gravatar.com\/avatar\/82505eeeaf6d53a80197cd7ed92e8de4?s=96&d=mm&r=g\",\"contentUrl\":\"https:\/\/secure.gravatar.com\/avatar\/82505eeeaf6d53a80197cd7ed92e8de4?s=96&d=mm&r=g\",\"caption\":\"Marie Clavier\"},\"url\":\"https:\/\/www.emdg-guilers.org\/index.php\/author\/mclavier\/\"}]}<\/script>\n<!-- \/ Yoast SEO plugin. -->","yoast_head_json":{"title":"Les prochains \u00e9v\u00e9nements de l'EMDG - Ecole de Musique, Danse &amp; Th\u00e9\u00e2tre de Guilers","robots":{"index":"index","follow":"follow","max-snippet":"max-snippet:-1","max-image-preview":"max-image-preview:large","max-video-preview":"max-video-preview:-1"},"canonical":"https:\/\/www.emdg-guilers.org\/index.php\/2020\/01\/28\/prochains-evenements-de-lemdg\/","og_locale":"fr_FR","og_type":"article","og_title":"Les prochains \u00e9v\u00e9nements de l'EMDG - Ecole de Musique, Danse &amp; Th\u00e9\u00e2tre de Guilers","og_description":"Metro\u2019 s cool orchestre\u00a0: Sam 21 et\u00a0 Dim 22 mars, CRR Brest \u2013 Stage 2 jours d\u2019orchestre pour les instrumentistes de Guilers, avec les autres \u00e9l\u00e8ves du r\u00e9seau des \u00e9coles de la m\u00e9tropole. (Gratuit pour les \u00e9l\u00e8ves de l&rsquo;EMDG) Concert des ensembles de l\u2019EMDG \u2013 Ensemble(s)\u00a0!\u00a0: Sam 28 mars \u2013 18h-19h- Agora, Guilers \u00a0La R\u00e9nanaise. Dim 29 mars, St Renan \u2013 Concert de l&rsquo;ensemble Gong de 16h \u00e0 17h Auditions\u00a0: 2 avril et 17 juin Stage \/ master-classe autour de...Lire la suite Lire la suite","og_url":"https:\/\/www.emdg-guilers.org\/index.php\/2020\/01\/28\/prochains-evenements-de-lemdg\/","og_site_name":"Ecole de Musique, Danse &amp; Th\u00e9\u00e2tre de Guilers","article_publisher":"https:\/\/www.facebook.com\/Ecole-de-Musique-et-de-Danse-de-Guilers-480017765533016\/","article_published_time":"2020-01-28T16:37:16+00:00","article_modified_time":"2020-03-12T16:14:06+00:00","og_image":[{"url":"http:\/\/www.emdg-guilers.org\/wp-content\/uploads\/2020\/01\/2020-03-28-Ensembles-724x1024.jpg"}],"author":"Marie Clavier","twitter_card":"summary_large_image","twitter_misc":{"\u00c9crit par":"Marie Clavier","Dur\u00e9e de lecture estim\u00e9e":"1 minute"},"schema":{"@context":"https:\/\/schema.org","@graph":[{"@type":"Article","@id":"https:\/\/www.emdg-guilers.org\/index.php\/2020\/01\/28\/prochains-evenements-de-lemdg\/#article","isPartOf":{"@id":"https:\/\/www.emdg-guilers.org\/index.php\/2020\/01\/28\/prochains-evenements-de-lemdg\/"},"author":{"name":"Marie Clavier","@id":"https:\/\/www.emdg-guilers.org\/#\/schema\/person\/5c279d8e49be5f6bfdc87fb9e08559d4"},"headline":"Les prochains \u00e9v\u00e9nements de l&rsquo;EMDG","datePublished":"2020-01-28T16:37:16+00:00","dateModified":"2020-03-12T16:14:06+00:00","mainEntityOfPage":{"@id":"https:\/\/www.emdg-guilers.org\/index.php\/2020\/01\/28\/prochains-evenements-de-lemdg\/"},"wordCount":165,"publisher":{"@id":"https:\/\/www.emdg-guilers.org\/#organization"},"image":{"@id":"https:\/\/www.emdg-guilers.org\/index.php\/2020\/01\/28\/prochains-evenements-de-lemdg\/#primaryimage"},"thumbnailUrl":"http:\/\/www.emdg-guilers.org\/wp-content\/uploads\/2020\/01\/2020-03-28-Ensembles-724x1024.jpg","inLanguage":"fr-FR"},{"@type":"WebPage","@id":"https:\/\/www.emdg-guilers.org\/index.php\/2020\/01\/28\/prochains-evenements-de-lemdg\/","url":"https:\/\/www.emdg-guilers.org\/index.php\/2020\/01\/28\/prochains-evenements-de-lemdg\/","name":"Les prochains \u00e9v\u00e9nements de l'EMDG - Ecole de Musique, Danse &amp; Th\u00e9\u00e2tre de Guilers","isPartOf":{"@id":"https:\/\/www.emdg-guilers.org\/#website"},"primaryImageOfPage":{"@id":"https:\/\/www.emdg-guilers.org\/index.php\/2020\/01\/28\/prochains-evenements-de-lemdg\/#primaryimage"},"image":{"@id":"https:\/\/www.emdg-guilers.org\/index.php\/2020\/01\/28\/prochains-evenements-de-lemdg\/#primaryimage"},"thumbnailUrl":"http:\/\/www.emdg-guilers.org\/wp-content\/uploads\/2020\/01\/2020-03-28-Ensembles-724x1024.jpg","datePublished":"2020-01-28T16:37:16+00:00","dateModified":"2020-03-12T16:14:06+00:00","breadcrumb":{"@id":"https:\/\/www.emdg-guilers.org\/index.php\/2020\/01\/28\/prochains-evenements-de-lemdg\/#breadcrumb"},"inLanguage":"fr-FR","potentialAction":[{"@type":"ReadAction","target":["https:\/\/www.emdg-guilers.org\/index.php\/2020\/01\/28\/prochains-evenements-de-lemdg\/"]}]},{"@type":"ImageObject","inLanguage":"fr-FR","@id":"https:\/\/www.emdg-guilers.org\/index.php\/2020\/01\/28\/prochains-evenements-de-lemdg\/#primaryimage","url":"http:\/\/www.emdg-guilers.org\/wp-content\/uploads\/2020\/01\/2020-03-28-Ensembles-724x1024.jpg","contentUrl":"http:\/\/www.emdg-guilers.org\/wp-content\/uploads\/2020\/01\/2020-03-28-Ensembles-724x1024.jpg"},{"@type":"BreadcrumbList","@id":"https:\/\/www.emdg-guilers.org\/index.php\/2020\/01\/28\/prochains-evenements-de-lemdg\/#breadcrumb","itemListElement":[{"@type":"ListItem","position":1,"name":"Accueil","item":"https:\/\/www.emdg-guilers.org\/"},{"@type":"ListItem","position":2,"name":"Les prochains \u00e9v\u00e9nements de l&rsquo;EMDG"}]},{"@type":"WebSite","@id":"https:\/\/www.emdg-guilers.org\/#website","url":"https:\/\/www.emdg-guilers.org\/","name":"Ecole de Musique et Danse de Guilers","description":"Ecole associative, cours de musique, danse, th\u00e9\u00e2tre accessibles \u00e0 tous","publisher":{"@id":"https:\/\/www.emdg-guilers.org\/#organization"},"potentialAction":[{"@type":"SearchAction","target":{"@type":"EntryPoint","urlTemplate":"https:\/\/www.emdg-guilers.org\/?s={search_term_string}"},"query-input":"required name=search_term_string"}],"inLanguage":"fr-FR"},{"@type":"Organization","@id":"https:\/\/www.emdg-guilers.org\/#organization","name":"Ecole de Musique et de Danse","url":"https:\/\/www.emdg-guilers.org\/","logo":{"@type":"ImageObject","inLanguage":"fr-FR","@id":"https:\/\/www.emdg-guilers.org\/#\/schema\/logo\/image\/","url":"https:\/\/www.emdg-guilers.org\/wp-content\/uploads\/2016\/06\/logo2014.jpg","contentUrl":"https:\/\/www.emdg-guilers.org\/wp-content\/uploads\/2016\/06\/logo2014.jpg","width":214,"height":116,"caption":"Ecole de Musique et de Danse"},"image":{"@id":"https:\/\/www.emdg-guilers.org\/#\/schema\/logo\/image\/"},"sameAs":["https:\/\/www.facebook.com\/Ecole-de-Musique-et-de-Danse-de-Guilers-480017765533016\/"]},{"@type":"Person","@id":"https:\/\/www.emdg-guilers.org\/#\/schema\/person\/5c279d8e49be5f6bfdc87fb9e08559d4","name":"Marie Clavier","image":{"@type":"ImageObject","inLanguage":"fr-FR","@id":"https:\/\/www.emdg-guilers.org\/#\/schema\/person\/image\/","url":"https:\/\/secure.gravatar.com\/avatar\/82505eeeaf6d53a80197cd7ed92e8de4?s=96&d=mm&r=g","contentUrl":"https:\/\/secure.gravatar.com\/avatar\/82505eeeaf6d53a80197cd7ed92e8de4?s=96&d=mm&r=g","caption":"Marie Clavier"},"url":"https:\/\/www.emdg-guilers.org\/index.php\/author\/mclavier\/"}]}},"_links":{"self":[{"href":"https:\/\/www.emdg-guilers.org\/index.php\/wp-json\/wp\/v2\/posts\/1849"}],"collection":[{"href":"https:\/\/www.emdg-guilers.org\/index.php\/wp-json\/wp\/v2\/posts"}],"about":[{"href":"https:\/\/www.emdg-guilers.org\/index.php\/wp-json\/wp\/v2\/types\/post"}],"author":[{"embeddable":true,"href":"https:\/\/www.emdg-guilers.org\/index.php\/wp-json\/wp\/v2\/users\/3"}],"replies":[{"embeddable":true,"href":"https:\/\/www.emdg-guilers.org\/index.php\/wp-json\/wp\/v2\/comments?post=1849"}],"version-history":[{"count":6,"href":"https:\/\/www.emdg-guilers.org\/index.php\/wp-json\/wp\/v2\/posts\/1849\/revisions"}],"predecessor-version":[{"id":1861,"href":"https:\/\/www.emdg-guilers.org\/index.php\/wp-json\/wp\/v2\/posts\/1849\/revisions\/1861"}],"wp:attachment":[{"href":"https:\/\/www.emdg-guilers.org\/index.php\/wp-json\/wp\/v2\/media?parent=1849"}],"wp:term":[{"taxonomy":"category","embeddable":true,"href":"https:\/\/www.emdg-guilers.org\/index.php\/wp-json\/wp\/v2\/categories?post=1849"},{"taxonomy":"post_tag","embeddable":true,"href":"https:\/\/www.emdg-guilers.org\/index.php\/wp-json\/wp\/v2\/tags?post=1849"}],"curies":[{"name":"wp","href":"https:\/\/api.w.org\/{rel}","templated":true}]}}