{"id":1900,"date":"2020-03-23T16:03:20","date_gmt":"2020-03-23T15:03:20","guid":{"rendered":"https:\/\/www.emdg-guilers.org\/?p=1900"},"modified":"2020-05-05T16:51:28","modified_gmt":"2020-05-05T14:51:28","slug":"lecole-de-musique-et-danse-a-la-maison","status":"publish","type":"post","link":"https:\/\/www.emdg-guilers.org\/index.php\/2020\/03\/23\/lecole-de-musique-et-danse-a-la-maison\/","title":{"rendered":"L&rsquo;\u00e9cole (de musique et danse) \u00e0 la maison&#8230;"},"content":{"rendered":"\n<figure class=\"wp-block-gallery columns-1 wp-block-gallery-1 is-layout-flex wp-block-gallery-is-layout-flex\"><ul class=\"blocks-gallery-grid\"><li class=\"blocks-gallery-item\"><figure><img loading=\"lazy\" decoding=\"async\" width=\"820\" height=\"312\" src=\"https:\/\/www.emdg-guilers.org\/wp-content\/uploads\/2020\/03\/Pastel-Vintage-Bike-Facebook-Cover-1.png\" alt=\"\" data-id=\"1882\" data-full-url=\"https:\/\/www.emdg-guilers.org\/wp-content\/uploads\/2020\/03\/Pastel-Vintage-Bike-Facebook-Cover-1.png\" data-link=\"https:\/\/www.emdg-guilers.org\/index.php\/ressources-pedagogiques\/pastel-vintage-bike-facebook-cover-1\/\" class=\"wp-image-1882\" srcset=\"https:\/\/www.emdg-guilers.org\/wp-content\/uploads\/2020\/03\/Pastel-Vintage-Bike-Facebook-Cover-1.png 820w, https:\/\/www.emdg-guilers.org\/wp-content\/uploads\/2020\/03\/Pastel-Vintage-Bike-Facebook-Cover-1-300x114.png 300w, https:\/\/www.emdg-guilers.org\/wp-content\/uploads\/2020\/03\/Pastel-Vintage-Bike-Facebook-Cover-1-768x292.png 768w, https:\/\/www.emdg-guilers.org\/wp-content\/uploads\/2020\/03\/Pastel-Vintage-Bike-Facebook-Cover-1-604x230.png 604w\" sizes=\"(max-width: 820px) 100vw, 820px\" \/><figcaption class=\"blocks-gallery-item__caption\"><a href=\"https:\/\/www.emdg-guilers.org\/index.php\/ressources-pedagogiques\/\">https:\/\/www.emdg-guilers.org\/index.php\/ressources-pedagogiques\/<\/a><\/figcaption><\/figure><\/li><\/ul><figcaption class=\"blocks-gallery-caption\">Continuez \u00e0 travailler \u00e0 la maison gr\u00e2ce aux <a href=\"https:\/\/www.emdg-guilers.org\/index.php\/ressources-pedagogiques\/\">nombreuses propositions de cours \u00e0 distance<\/a> de nos enseignants ! (Contenu fr\u00e9quemment mis \u00e0 jour)<br><br>Au regard de l&rsquo;\u00e9volution de la situation, de nouvelles informations sont disponibles r\u00e9guli\u00e8rement sur cette page ou sur notre<a href=\"https:\/\/www.facebook.com\/Ecole-de-Musique-et-de-Danse-de-Guilers-480017765533016\/?ref=bookmarks\" target=\"_blank\" rel=\"noreferrer noopener\"> portail Facebook.<\/a><\/figcaption><\/figure>\n\n\n\n<p><strong>Pendant le confinement, si vous souhaitez nous contacter, merci de privil\u00e9gier l&rsquo;envoi de <a href=\"emdg@gmail.com\">mail<\/a> et pr\u00e9ciser si vous souhaitez \u00eatre rappel\u00e9. <\/strong><\/p>\n","protected":false},"excerpt":{"rendered":"<p>Pendant le confinement, si vous souhaitez nous contacter, merci de privil\u00e9gier l&rsquo;envoi de mail et pr\u00e9ciser si vous souhaitez \u00eatre rappel\u00e9.<\/p>\n","protected":false},"author":3,"featured_media":0,"comment_status":"closed","ping_status":"closed","sticky":false,"template":"","format":"standard","meta":{"footnotes":""},"categories":[1],"tags":[],"yoast_head":"<!-- This site is optimized with the Yoast SEO plugin v22.4 - https:\/\/yoast.com\/wordpress\/plugins\/seo\/ -->\n<title>L&#039;\u00e9cole (de musique et danse) \u00e0 la maison... - Ecole de Musique, Danse &amp; Th\u00e9\u00e2tre de Guilers<\/title>\n<meta name=\"robots\" content=\"index, follow, max-snippet:-1, max-image-preview:large, max-video-preview:-1\" \/>\n<link rel=\"canonical\" href=\"https:\/\/www.emdg-guilers.org\/index.php\/2020\/03\/23\/lecole-de-musique-et-danse-a-la-maison\/\" \/>\n<meta property=\"og:locale\" content=\"fr_FR\" \/>\n<meta property=\"og:type\" content=\"article\" \/>\n<meta property=\"og:title\" content=\"L&#039;\u00e9cole (de musique et danse) \u00e0 la maison... - Ecole de Musique, Danse &amp; Th\u00e9\u00e2tre de Guilers\" \/>\n<meta property=\"og:description\" content=\"Pendant le confinement, si vous souhaitez nous contacter, merci de privil\u00e9gier l&rsquo;envoi de mail et pr\u00e9ciser si vous souhaitez \u00eatre rappel\u00e9.\" \/>\n<meta property=\"og:url\" content=\"https:\/\/www.emdg-guilers.org\/index.php\/2020\/03\/23\/lecole-de-musique-et-danse-a-la-maison\/\" \/>\n<meta property=\"og:site_name\" content=\"Ecole de Musique, Danse &amp; Th\u00e9\u00e2tre de Guilers\" \/>\n<meta property=\"article:publisher\" content=\"https:\/\/www.facebook.com\/Ecole-de-Musique-et-de-Danse-de-Guilers-480017765533016\/\" \/>\n<meta property=\"article:published_time\" content=\"2020-03-23T15:03:20+00:00\" \/>\n<meta property=\"article:modified_time\" content=\"2020-05-05T14:51:28+00:00\" \/>\n<meta property=\"og:image\" content=\"https:\/\/www.emdg-guilers.org\/wp-content\/uploads\/2020\/03\/Pastel-Vintage-Bike-Facebook-Cover-1.png\" \/>\n<meta name=\"author\" content=\"Marie Clavier\" \/>\n<meta name=\"twitter:card\" content=\"summary_large_image\" \/>\n<meta name=\"twitter:label1\" content=\"\u00c9crit par\" \/>\n\t<meta name=\"twitter:data1\" content=\"Marie Clavier\" \/>\n<script type=\"application\/ld+json\" class=\"yoast-schema-graph\">{\"@context\":\"https:\/\/schema.org\",\"@graph\":[{\"@type\":\"Article\",\"@id\":\"https:\/\/www.emdg-guilers.org\/index.php\/2020\/03\/23\/lecole-de-musique-et-danse-a-la-maison\/#article\",\"isPartOf\":{\"@id\":\"https:\/\/www.emdg-guilers.org\/index.php\/2020\/03\/23\/lecole-de-musique-et-danse-a-la-maison\/\"},\"author\":{\"name\":\"Marie Clavier\",\"@id\":\"https:\/\/www.emdg-guilers.org\/#\/schema\/person\/5c279d8e49be5f6bfdc87fb9e08559d4\"},\"headline\":\"L&rsquo;\u00e9cole (de musique et danse) \u00e0 la maison&#8230;\",\"datePublished\":\"2020-03-23T15:03:20+00:00\",\"dateModified\":\"2020-05-05T14:51:28+00:00\",\"mainEntityOfPage\":{\"@id\":\"https:\/\/www.emdg-guilers.org\/index.php\/2020\/03\/23\/lecole-de-musique-et-danse-a-la-maison\/\"},\"wordCount\":82,\"publisher\":{\"@id\":\"https:\/\/www.emdg-guilers.org\/#organization\"},\"image\":{\"@id\":\"https:\/\/www.emdg-guilers.org\/index.php\/2020\/03\/23\/lecole-de-musique-et-danse-a-la-maison\/#primaryimage\"},\"thumbnailUrl\":\"https:\/\/www.emdg-guilers.org\/wp-content\/uploads\/2020\/03\/Pastel-Vintage-Bike-Facebook-Cover-1.png\",\"inLanguage\":\"fr-FR\"},{\"@type\":\"WebPage\",\"@id\":\"https:\/\/www.emdg-guilers.org\/index.php\/2020\/03\/23\/lecole-de-musique-et-danse-a-la-maison\/\",\"url\":\"https:\/\/www.emdg-guilers.org\/index.php\/2020\/03\/23\/lecole-de-musique-et-danse-a-la-maison\/\",\"name\":\"L'\u00e9cole (de musique et danse) \u00e0 la maison... - Ecole de Musique, Danse &amp; Th\u00e9\u00e2tre de Guilers\",\"isPartOf\":{\"@id\":\"https:\/\/www.emdg-guilers.org\/#website\"},\"primaryImageOfPage\":{\"@id\":\"https:\/\/www.emdg-guilers.org\/index.php\/2020\/03\/23\/lecole-de-musique-et-danse-a-la-maison\/#primaryimage\"},\"image\":{\"@id\":\"https:\/\/www.emdg-guilers.org\/index.php\/2020\/03\/23\/lecole-de-musique-et-danse-a-la-maison\/#primaryimage\"},\"thumbnailUrl\":\"https:\/\/www.emdg-guilers.org\/wp-content\/uploads\/2020\/03\/Pastel-Vintage-Bike-Facebook-Cover-1.png\",\"datePublished\":\"2020-03-23T15:03:20+00:00\",\"dateModified\":\"2020-05-05T14:51:28+00:00\",\"breadcrumb\":{\"@id\":\"https:\/\/www.emdg-guilers.org\/index.php\/2020\/03\/23\/lecole-de-musique-et-danse-a-la-maison\/#breadcrumb\"},\"inLanguage\":\"fr-FR\",\"potentialAction\":[{\"@type\":\"ReadAction\",\"target\":[\"https:\/\/www.emdg-guilers.org\/index.php\/2020\/03\/23\/lecole-de-musique-et-danse-a-la-maison\/\"]}]},{\"@type\":\"ImageObject\",\"inLanguage\":\"fr-FR\",\"@id\":\"https:\/\/www.emdg-guilers.org\/index.php\/2020\/03\/23\/lecole-de-musique-et-danse-a-la-maison\/#primaryimage\",\"url\":\"https:\/\/www.emdg-guilers.org\/wp-content\/uploads\/2020\/03\/Pastel-Vintage-Bike-Facebook-Cover-1.png\",\"contentUrl\":\"https:\/\/www.emdg-guilers.org\/wp-content\/uploads\/2020\/03\/Pastel-Vintage-Bike-Facebook-Cover-1.png\",\"width\":820,\"height\":312},{\"@type\":\"BreadcrumbList\",\"@id\":\"https:\/\/www.emdg-guilers.org\/index.php\/2020\/03\/23\/lecole-de-musique-et-danse-a-la-maison\/#breadcrumb\",\"itemListElement\":[{\"@type\":\"ListItem\",\"position\":1,\"name\":\"Accueil\",\"item\":\"https:\/\/www.emdg-guilers.org\/\"},{\"@type\":\"ListItem\",\"position\":2,\"name\":\"L&rsquo;\u00e9cole (de musique et danse) \u00e0 la maison&#8230;\"}]},{\"@type\":\"WebSite\",\"@id\":\"https:\/\/www.emdg-guilers.org\/#website\",\"url\":\"https:\/\/www.emdg-guilers.org\/\",\"name\":\"Ecole de Musique et Danse de Guilers\",\"description\":\"Ecole associative, cours de musique, danse, th\u00e9\u00e2tre accessibles \u00e0 tous\",\"publisher\":{\"@id\":\"https:\/\/www.emdg-guilers.org\/#organization\"},\"potentialAction\":[{\"@type\":\"SearchAction\",\"target\":{\"@type\":\"EntryPoint\",\"urlTemplate\":\"https:\/\/www.emdg-guilers.org\/?s={search_term_string}\"},\"query-input\":\"required name=search_term_string\"}],\"inLanguage\":\"fr-FR\"},{\"@type\":\"Organization\",\"@id\":\"https:\/\/www.emdg-guilers.org\/#organization\",\"name\":\"Ecole de Musique et de Danse\",\"url\":\"https:\/\/www.emdg-guilers.org\/\",\"logo\":{\"@type\":\"ImageObject\",\"inLanguage\":\"fr-FR\",\"@id\":\"https:\/\/www.emdg-guilers.org\/#\/schema\/logo\/image\/\",\"url\":\"https:\/\/www.emdg-guilers.org\/wp-content\/uploads\/2016\/06\/logo2014.jpg\",\"contentUrl\":\"https:\/\/www.emdg-guilers.org\/wp-content\/uploads\/2016\/06\/logo2014.jpg\",\"width\":214,\"height\":116,\"caption\":\"Ecole de Musique et de Danse\"},\"image\":{\"@id\":\"https:\/\/www.emdg-guilers.org\/#\/schema\/logo\/image\/\"},\"sameAs\":[\"https:\/\/www.facebook.com\/Ecole-de-Musique-et-de-Danse-de-Guilers-480017765533016\/\"]},{\"@type\":\"Person\",\"@id\":\"https:\/\/www.emdg-guilers.org\/#\/schema\/person\/5c279d8e49be5f6bfdc87fb9e08559d4\",\"name\":\"Marie Clavier\",\"image\":{\"@type\":\"ImageObject\",\"inLanguage\":\"fr-FR\",\"@id\":\"https:\/\/www.emdg-guilers.org\/#\/schema\/person\/image\/\",\"url\":\"https:\/\/secure.gravatar.com\/avatar\/82505eeeaf6d53a80197cd7ed92e8de4?s=96&d=mm&r=g\",\"contentUrl\":\"https:\/\/secure.gravatar.com\/avatar\/82505eeeaf6d53a80197cd7ed92e8de4?s=96&d=mm&r=g\",\"caption\":\"Marie Clavier\"},\"url\":\"https:\/\/www.emdg-guilers.org\/index.php\/author\/mclavier\/\"}]}<\/script>\n<!-- \/ Yoast SEO plugin. -->","yoast_head_json":{"title":"L'\u00e9cole (de musique et danse) \u00e0 la maison... - Ecole de Musique, Danse &amp; Th\u00e9\u00e2tre de Guilers","robots":{"index":"index","follow":"follow","max-snippet":"max-snippet:-1","max-image-preview":"max-image-preview:large","max-video-preview":"max-video-preview:-1"},"canonical":"https:\/\/www.emdg-guilers.org\/index.php\/2020\/03\/23\/lecole-de-musique-et-danse-a-la-maison\/","og_locale":"fr_FR","og_type":"article","og_title":"L'\u00e9cole (de musique et danse) \u00e0 la maison... - Ecole de Musique, Danse &amp; Th\u00e9\u00e2tre de Guilers","og_description":"Pendant le confinement, si vous souhaitez nous contacter, merci de privil\u00e9gier l&rsquo;envoi de mail et pr\u00e9ciser si vous souhaitez \u00eatre rappel\u00e9.","og_url":"https:\/\/www.emdg-guilers.org\/index.php\/2020\/03\/23\/lecole-de-musique-et-danse-a-la-maison\/","og_site_name":"Ecole de Musique, Danse &amp; Th\u00e9\u00e2tre de Guilers","article_publisher":"https:\/\/www.facebook.com\/Ecole-de-Musique-et-de-Danse-de-Guilers-480017765533016\/","article_published_time":"2020-03-23T15:03:20+00:00","article_modified_time":"2020-05-05T14:51:28+00:00","og_image":[{"url":"https:\/\/www.emdg-guilers.org\/wp-content\/uploads\/2020\/03\/Pastel-Vintage-Bike-Facebook-Cover-1.png"}],"author":"Marie Clavier","twitter_card":"summary_large_image","twitter_misc":{"\u00c9crit par":"Marie Clavier"},"schema":{"@context":"https:\/\/schema.org","@graph":[{"@type":"Article","@id":"https:\/\/www.emdg-guilers.org\/index.php\/2020\/03\/23\/lecole-de-musique-et-danse-a-la-maison\/#article","isPartOf":{"@id":"https:\/\/www.emdg-guilers.org\/index.php\/2020\/03\/23\/lecole-de-musique-et-danse-a-la-maison\/"},"author":{"name":"Marie Clavier","@id":"https:\/\/www.emdg-guilers.org\/#\/schema\/person\/5c279d8e49be5f6bfdc87fb9e08559d4"},"headline":"L&rsquo;\u00e9cole (de musique et danse) \u00e0 la maison&#8230;","datePublished":"2020-03-23T15:03:20+00:00","dateModified":"2020-05-05T14:51:28+00:00","mainEntityOfPage":{"@id":"https:\/\/www.emdg-guilers.org\/index.php\/2020\/03\/23\/lecole-de-musique-et-danse-a-la-maison\/"},"wordCount":82,"publisher":{"@id":"https:\/\/www.emdg-guilers.org\/#organization"},"image":{"@id":"https:\/\/www.emdg-guilers.org\/index.php\/2020\/03\/23\/lecole-de-musique-et-danse-a-la-maison\/#primaryimage"},"thumbnailUrl":"https:\/\/www.emdg-guilers.org\/wp-content\/uploads\/2020\/03\/Pastel-Vintage-Bike-Facebook-Cover-1.png","inLanguage":"fr-FR"},{"@type":"WebPage","@id":"https:\/\/www.emdg-guilers.org\/index.php\/2020\/03\/23\/lecole-de-musique-et-danse-a-la-maison\/","url":"https:\/\/www.emdg-guilers.org\/index.php\/2020\/03\/23\/lecole-de-musique-et-danse-a-la-maison\/","name":"L'\u00e9cole (de musique et danse) \u00e0 la maison... - Ecole de Musique, Danse &amp; Th\u00e9\u00e2tre de Guilers","isPartOf":{"@id":"https:\/\/www.emdg-guilers.org\/#website"},"primaryImageOfPage":{"@id":"https:\/\/www.emdg-guilers.org\/index.php\/2020\/03\/23\/lecole-de-musique-et-danse-a-la-maison\/#primaryimage"},"image":{"@id":"https:\/\/www.emdg-guilers.org\/index.php\/2020\/03\/23\/lecole-de-musique-et-danse-a-la-maison\/#primaryimage"},"thumbnailUrl":"https:\/\/www.emdg-guilers.org\/wp-content\/uploads\/2020\/03\/Pastel-Vintage-Bike-Facebook-Cover-1.png","datePublished":"2020-03-23T15:03:20+00:00","dateModified":"2020-05-05T14:51:28+00:00","breadcrumb":{"@id":"https:\/\/www.emdg-guilers.org\/index.php\/2020\/03\/23\/lecole-de-musique-et-danse-a-la-maison\/#breadcrumb"},"inLanguage":"fr-FR","potentialAction":[{"@type":"ReadAction","target":["https:\/\/www.emdg-guilers.org\/index.php\/2020\/03\/23\/lecole-de-musique-et-danse-a-la-maison\/"]}]},{"@type":"ImageObject","inLanguage":"fr-FR","@id":"https:\/\/www.emdg-guilers.org\/index.php\/2020\/03\/23\/lecole-de-musique-et-danse-a-la-maison\/#primaryimage","url":"https:\/\/www.emdg-guilers.org\/wp-content\/uploads\/2020\/03\/Pastel-Vintage-Bike-Facebook-Cover-1.png","contentUrl":"https:\/\/www.emdg-guilers.org\/wp-content\/uploads\/2020\/03\/Pastel-Vintage-Bike-Facebook-Cover-1.png","width":820,"height":312},{"@type":"BreadcrumbList","@id":"https:\/\/www.emdg-guilers.org\/index.php\/2020\/03\/23\/lecole-de-musique-et-danse-a-la-maison\/#breadcrumb","itemListElement":[{"@type":"ListItem","position":1,"name":"Accueil","item":"https:\/\/www.emdg-guilers.org\/"},{"@type":"ListItem","position":2,"name":"L&rsquo;\u00e9cole (de musique et danse) \u00e0 la maison&#8230;"}]},{"@type":"WebSite","@id":"https:\/\/www.emdg-guilers.org\/#website","url":"https:\/\/www.emdg-guilers.org\/","name":"Ecole de Musique et Danse de Guilers","description":"Ecole associative, cours de musique, danse, th\u00e9\u00e2tre accessibles \u00e0 tous","publisher":{"@id":"https:\/\/www.emdg-guilers.org\/#organization"},"potentialAction":[{"@type":"SearchAction","target":{"@type":"EntryPoint","urlTemplate":"https:\/\/www.emdg-guilers.org\/?s={search_term_string}"},"query-input":"required name=search_term_string"}],"inLanguage":"fr-FR"},{"@type":"Organization","@id":"https:\/\/www.emdg-guilers.org\/#organization","name":"Ecole de Musique et de Danse","url":"https:\/\/www.emdg-guilers.org\/","logo":{"@type":"ImageObject","inLanguage":"fr-FR","@id":"https:\/\/www.emdg-guilers.org\/#\/schema\/logo\/image\/","url":"https:\/\/www.emdg-guilers.org\/wp-content\/uploads\/2016\/06\/logo2014.jpg","contentUrl":"https:\/\/www.emdg-guilers.org\/wp-content\/uploads\/2016\/06\/logo2014.jpg","width":214,"height":116,"caption":"Ecole de Musique et de Danse"},"image":{"@id":"https:\/\/www.emdg-guilers.org\/#\/schema\/logo\/image\/"},"sameAs":["https:\/\/www.facebook.com\/Ecole-de-Musique-et-de-Danse-de-Guilers-480017765533016\/"]},{"@type":"Person","@id":"https:\/\/www.emdg-guilers.org\/#\/schema\/person\/5c279d8e49be5f6bfdc87fb9e08559d4","name":"Marie Clavier","image":{"@type":"ImageObject","inLanguage":"fr-FR","@id":"https:\/\/www.emdg-guilers.org\/#\/schema\/person\/image\/","url":"https:\/\/secure.gravatar.com\/avatar\/82505eeeaf6d53a80197cd7ed92e8de4?s=96&d=mm&r=g","contentUrl":"https:\/\/secure.gravatar.com\/avatar\/82505eeeaf6d53a80197cd7ed92e8de4?s=96&d=mm&r=g","caption":"Marie Clavier"},"url":"https:\/\/www.emdg-guilers.org\/index.php\/author\/mclavier\/"}]}},"_links":{"self":[{"href":"https:\/\/www.emdg-guilers.org\/index.php\/wp-json\/wp\/v2\/posts\/1900"}],"collection":[{"href":"https:\/\/www.emdg-guilers.org\/index.php\/wp-json\/wp\/v2\/posts"}],"about":[{"href":"https:\/\/www.emdg-guilers.org\/index.php\/wp-json\/wp\/v2\/types\/post"}],"author":[{"embeddable":true,"href":"https:\/\/www.emdg-guilers.org\/index.php\/wp-json\/wp\/v2\/users\/3"}],"replies":[{"embeddable":true,"href":"https:\/\/www.emdg-guilers.org\/index.php\/wp-json\/wp\/v2\/comments?post=1900"}],"version-history":[{"count":4,"href":"https:\/\/www.emdg-guilers.org\/index.php\/wp-json\/wp\/v2\/posts\/1900\/revisions"}],"predecessor-version":[{"id":1960,"href":"https:\/\/www.emdg-guilers.org\/index.php\/wp-json\/wp\/v2\/posts\/1900\/revisions\/1960"}],"wp:attachment":[{"href":"https:\/\/www.emdg-guilers.org\/index.php\/wp-json\/wp\/v2\/media?parent=1900"}],"wp:term":[{"taxonomy":"category","embeddable":true,"href":"https:\/\/www.emdg-guilers.org\/index.php\/wp-json\/wp\/v2\/categories?post=1900"},{"taxonomy":"post_tag","embeddable":true,"href":"https:\/\/www.emdg-guilers.org\/index.php\/wp-json\/wp\/v2\/tags?post=1900"}],"curies":[{"name":"wp","href":"https:\/\/api.w.org\/{rel}","templated":true}]}}