{"id":2006,"date":"2020-06-10T12:14:34","date_gmt":"2020-06-10T10:14:34","guid":{"rendered":"https:\/\/www.emdg-guilers.org\/?p=2006"},"modified":"2020-06-10T12:16:29","modified_gmt":"2020-06-10T10:16:29","slug":"journee-dinscriptions-emdg","status":"publish","type":"post","link":"https:\/\/www.emdg-guilers.org\/index.php\/2020\/06\/10\/journee-dinscriptions-emdg\/","title":{"rendered":"Journ\u00e9e d&rsquo;inscriptions EMDG"},"content":{"rendered":"\n<p><a href=\"https:\/\/www.facebook.com\/events\/595663827720934\/\" target=\"_blank\" rel=\"noreferrer noopener\">SAMEDI 27 JUIN &#8211; 9h-13h &#8211; Salle Manon des Sources, Guilers<\/a><\/p>\n\n\n\n<figure class=\"wp-block-image size-large is-resized\"><a href=\"https:\/\/www.facebook.com\/events\/595663827720934\/\"><img loading=\"lazy\" decoding=\"async\" src=\"https:\/\/www.emdg-guilers.org\/wp-content\/uploads\/2020\/06\/Chek-liste-inscriptions-emdg-724x1024.jpg\" alt=\"\" class=\"wp-image-2008\" width=\"543\" height=\"768\" srcset=\"https:\/\/www.emdg-guilers.org\/wp-content\/uploads\/2020\/06\/Chek-liste-inscriptions-emdg-724x1024.jpg 724w, https:\/\/www.emdg-guilers.org\/wp-content\/uploads\/2020\/06\/Chek-liste-inscriptions-emdg-212x300.jpg 212w, https:\/\/www.emdg-guilers.org\/wp-content\/uploads\/2020\/06\/Chek-liste-inscriptions-emdg-768x1086.jpg 768w, https:\/\/www.emdg-guilers.org\/wp-content\/uploads\/2020\/06\/Chek-liste-inscriptions-emdg-1086x1536.jpg 1086w, https:\/\/www.emdg-guilers.org\/wp-content\/uploads\/2020\/06\/Chek-liste-inscriptions-emdg-1448x2048.jpg 1448w, https:\/\/www.emdg-guilers.org\/wp-content\/uploads\/2020\/06\/Chek-liste-inscriptions-emdg-191x270.jpg 191w, https:\/\/www.emdg-guilers.org\/wp-content\/uploads\/2020\/06\/Chek-liste-inscriptions-emdg.jpg 1587w\" sizes=\"(max-width: 543px) 100vw, 543px\" \/><\/a><\/figure>\n\n\n\n<figure class=\"wp-block-image size-large is-resized\"><a href=\"https:\/\/www.facebook.com\/events\/595663827720934\/\"><img loading=\"lazy\" decoding=\"async\" src=\"https:\/\/www.emdg-guilers.org\/wp-content\/uploads\/2020\/06\/Affiche-journ\u00e9e-dinscription-27-06-20-EMDG-724x1024.jpg\" alt=\"\" class=\"wp-image-2007\" width=\"543\" height=\"768\" srcset=\"https:\/\/www.emdg-guilers.org\/wp-content\/uploads\/2020\/06\/Affiche-journ\u00e9e-dinscription-27-06-20-EMDG-724x1024.jpg 724w, https:\/\/www.emdg-guilers.org\/wp-content\/uploads\/2020\/06\/Affiche-journ\u00e9e-dinscription-27-06-20-EMDG-212x300.jpg 212w, https:\/\/www.emdg-guilers.org\/wp-content\/uploads\/2020\/06\/Affiche-journ\u00e9e-dinscription-27-06-20-EMDG-768x1086.jpg 768w, https:\/\/www.emdg-guilers.org\/wp-content\/uploads\/2020\/06\/Affiche-journ\u00e9e-dinscription-27-06-20-EMDG-1086x1536.jpg 1086w, https:\/\/www.emdg-guilers.org\/wp-content\/uploads\/2020\/06\/Affiche-journ\u00e9e-dinscription-27-06-20-EMDG-1448x2048.jpg 1448w, https:\/\/www.emdg-guilers.org\/wp-content\/uploads\/2020\/06\/Affiche-journ\u00e9e-dinscription-27-06-20-EMDG-191x270.jpg 191w, https:\/\/www.emdg-guilers.org\/wp-content\/uploads\/2020\/06\/Affiche-journ\u00e9e-dinscription-27-06-20-EMDG.jpg 1587w\" sizes=\"(max-width: 543px) 100vw, 543px\" \/><\/a><\/figure>\n","protected":false},"excerpt":{"rendered":"<p>SAMEDI 27 JUIN &#8211; 9h-13h &#8211; Salle Manon des Sources, Guilers<\/p>\n","protected":false},"author":3,"featured_media":0,"comment_status":"closed","ping_status":"closed","sticky":false,"template":"","format":"standard","meta":{"footnotes":""},"categories":[1],"tags":[],"yoast_head":"<!-- This site is optimized with the Yoast SEO plugin v22.4 - https:\/\/yoast.com\/wordpress\/plugins\/seo\/ -->\n<title>Journ\u00e9e d&#039;inscriptions EMDG - Ecole de Musique, Danse &amp; Th\u00e9\u00e2tre de Guilers<\/title>\n<meta name=\"robots\" content=\"index, follow, max-snippet:-1, max-image-preview:large, max-video-preview:-1\" \/>\n<link rel=\"canonical\" href=\"https:\/\/www.emdg-guilers.org\/index.php\/2020\/06\/10\/journee-dinscriptions-emdg\/\" \/>\n<meta property=\"og:locale\" content=\"fr_FR\" \/>\n<meta property=\"og:type\" content=\"article\" \/>\n<meta property=\"og:title\" content=\"Journ\u00e9e d&#039;inscriptions EMDG - Ecole de Musique, Danse &amp; Th\u00e9\u00e2tre de Guilers\" \/>\n<meta property=\"og:description\" content=\"SAMEDI 27 JUIN &#8211; 9h-13h &#8211; Salle Manon des Sources, Guilers\" \/>\n<meta property=\"og:url\" content=\"https:\/\/www.emdg-guilers.org\/index.php\/2020\/06\/10\/journee-dinscriptions-emdg\/\" \/>\n<meta property=\"og:site_name\" content=\"Ecole de Musique, Danse &amp; Th\u00e9\u00e2tre de Guilers\" \/>\n<meta property=\"article:publisher\" content=\"https:\/\/www.facebook.com\/Ecole-de-Musique-et-de-Danse-de-Guilers-480017765533016\/\" \/>\n<meta property=\"article:published_time\" content=\"2020-06-10T10:14:34+00:00\" \/>\n<meta property=\"article:modified_time\" content=\"2020-06-10T10:16:29+00:00\" \/>\n<meta property=\"og:image\" content=\"https:\/\/www.emdg-guilers.org\/wp-content\/uploads\/2020\/06\/Chek-liste-inscriptions-emdg-724x1024.jpg\" \/>\n<meta name=\"author\" content=\"Marie Clavier\" \/>\n<meta name=\"twitter:card\" content=\"summary_large_image\" \/>\n<meta name=\"twitter:label1\" content=\"\u00c9crit par\" \/>\n\t<meta name=\"twitter:data1\" content=\"Marie Clavier\" \/>\n<script type=\"application\/ld+json\" class=\"yoast-schema-graph\">{\"@context\":\"https:\/\/schema.org\",\"@graph\":[{\"@type\":\"Article\",\"@id\":\"https:\/\/www.emdg-guilers.org\/index.php\/2020\/06\/10\/journee-dinscriptions-emdg\/#article\",\"isPartOf\":{\"@id\":\"https:\/\/www.emdg-guilers.org\/index.php\/2020\/06\/10\/journee-dinscriptions-emdg\/\"},\"author\":{\"name\":\"Marie Clavier\",\"@id\":\"https:\/\/www.emdg-guilers.org\/#\/schema\/person\/5c279d8e49be5f6bfdc87fb9e08559d4\"},\"headline\":\"Journ\u00e9e d&rsquo;inscriptions EMDG\",\"datePublished\":\"2020-06-10T10:14:34+00:00\",\"dateModified\":\"2020-06-10T10:16:29+00:00\",\"mainEntityOfPage\":{\"@id\":\"https:\/\/www.emdg-guilers.org\/index.php\/2020\/06\/10\/journee-dinscriptions-emdg\/\"},\"wordCount\":15,\"publisher\":{\"@id\":\"https:\/\/www.emdg-guilers.org\/#organization\"},\"image\":{\"@id\":\"https:\/\/www.emdg-guilers.org\/index.php\/2020\/06\/10\/journee-dinscriptions-emdg\/#primaryimage\"},\"thumbnailUrl\":\"https:\/\/www.emdg-guilers.org\/wp-content\/uploads\/2020\/06\/Chek-liste-inscriptions-emdg-724x1024.jpg\",\"inLanguage\":\"fr-FR\"},{\"@type\":\"WebPage\",\"@id\":\"https:\/\/www.emdg-guilers.org\/index.php\/2020\/06\/10\/journee-dinscriptions-emdg\/\",\"url\":\"https:\/\/www.emdg-guilers.org\/index.php\/2020\/06\/10\/journee-dinscriptions-emdg\/\",\"name\":\"Journ\u00e9e d'inscriptions EMDG - Ecole de Musique, Danse &amp; Th\u00e9\u00e2tre de Guilers\",\"isPartOf\":{\"@id\":\"https:\/\/www.emdg-guilers.org\/#website\"},\"primaryImageOfPage\":{\"@id\":\"https:\/\/www.emdg-guilers.org\/index.php\/2020\/06\/10\/journee-dinscriptions-emdg\/#primaryimage\"},\"image\":{\"@id\":\"https:\/\/www.emdg-guilers.org\/index.php\/2020\/06\/10\/journee-dinscriptions-emdg\/#primaryimage\"},\"thumbnailUrl\":\"https:\/\/www.emdg-guilers.org\/wp-content\/uploads\/2020\/06\/Chek-liste-inscriptions-emdg-724x1024.jpg\",\"datePublished\":\"2020-06-10T10:14:34+00:00\",\"dateModified\":\"2020-06-10T10:16:29+00:00\",\"breadcrumb\":{\"@id\":\"https:\/\/www.emdg-guilers.org\/index.php\/2020\/06\/10\/journee-dinscriptions-emdg\/#breadcrumb\"},\"inLanguage\":\"fr-FR\",\"potentialAction\":[{\"@type\":\"ReadAction\",\"target\":[\"https:\/\/www.emdg-guilers.org\/index.php\/2020\/06\/10\/journee-dinscriptions-emdg\/\"]}]},{\"@type\":\"ImageObject\",\"inLanguage\":\"fr-FR\",\"@id\":\"https:\/\/www.emdg-guilers.org\/index.php\/2020\/06\/10\/journee-dinscriptions-emdg\/#primaryimage\",\"url\":\"https:\/\/www.emdg-guilers.org\/wp-content\/uploads\/2020\/06\/Chek-liste-inscriptions-emdg.jpg\",\"contentUrl\":\"https:\/\/www.emdg-guilers.org\/wp-content\/uploads\/2020\/06\/Chek-liste-inscriptions-emdg.jpg\",\"width\":1587,\"height\":2245},{\"@type\":\"BreadcrumbList\",\"@id\":\"https:\/\/www.emdg-guilers.org\/index.php\/2020\/06\/10\/journee-dinscriptions-emdg\/#breadcrumb\",\"itemListElement\":[{\"@type\":\"ListItem\",\"position\":1,\"name\":\"Accueil\",\"item\":\"https:\/\/www.emdg-guilers.org\/\"},{\"@type\":\"ListItem\",\"position\":2,\"name\":\"Journ\u00e9e d&rsquo;inscriptions EMDG\"}]},{\"@type\":\"WebSite\",\"@id\":\"https:\/\/www.emdg-guilers.org\/#website\",\"url\":\"https:\/\/www.emdg-guilers.org\/\",\"name\":\"Ecole de Musique et Danse de Guilers\",\"description\":\"Ecole associative, cours de musique, danse, th\u00e9\u00e2tre accessibles \u00e0 tous\",\"publisher\":{\"@id\":\"https:\/\/www.emdg-guilers.org\/#organization\"},\"potentialAction\":[{\"@type\":\"SearchAction\",\"target\":{\"@type\":\"EntryPoint\",\"urlTemplate\":\"https:\/\/www.emdg-guilers.org\/?s={search_term_string}\"},\"query-input\":\"required name=search_term_string\"}],\"inLanguage\":\"fr-FR\"},{\"@type\":\"Organization\",\"@id\":\"https:\/\/www.emdg-guilers.org\/#organization\",\"name\":\"Ecole de Musique et de Danse\",\"url\":\"https:\/\/www.emdg-guilers.org\/\",\"logo\":{\"@type\":\"ImageObject\",\"inLanguage\":\"fr-FR\",\"@id\":\"https:\/\/www.emdg-guilers.org\/#\/schema\/logo\/image\/\",\"url\":\"https:\/\/www.emdg-guilers.org\/wp-content\/uploads\/2016\/06\/logo2014.jpg\",\"contentUrl\":\"https:\/\/www.emdg-guilers.org\/wp-content\/uploads\/2016\/06\/logo2014.jpg\",\"width\":214,\"height\":116,\"caption\":\"Ecole de Musique et de Danse\"},\"image\":{\"@id\":\"https:\/\/www.emdg-guilers.org\/#\/schema\/logo\/image\/\"},\"sameAs\":[\"https:\/\/www.facebook.com\/Ecole-de-Musique-et-de-Danse-de-Guilers-480017765533016\/\"]},{\"@type\":\"Person\",\"@id\":\"https:\/\/www.emdg-guilers.org\/#\/schema\/person\/5c279d8e49be5f6bfdc87fb9e08559d4\",\"name\":\"Marie Clavier\",\"image\":{\"@type\":\"ImageObject\",\"inLanguage\":\"fr-FR\",\"@id\":\"https:\/\/www.emdg-guilers.org\/#\/schema\/person\/image\/\",\"url\":\"https:\/\/secure.gravatar.com\/avatar\/82505eeeaf6d53a80197cd7ed92e8de4?s=96&d=mm&r=g\",\"contentUrl\":\"https:\/\/secure.gravatar.com\/avatar\/82505eeeaf6d53a80197cd7ed92e8de4?s=96&d=mm&r=g\",\"caption\":\"Marie Clavier\"},\"url\":\"https:\/\/www.emdg-guilers.org\/index.php\/author\/mclavier\/\"}]}<\/script>\n<!-- \/ Yoast SEO plugin. -->","yoast_head_json":{"title":"Journ\u00e9e d'inscriptions EMDG - Ecole de Musique, Danse &amp; Th\u00e9\u00e2tre de Guilers","robots":{"index":"index","follow":"follow","max-snippet":"max-snippet:-1","max-image-preview":"max-image-preview:large","max-video-preview":"max-video-preview:-1"},"canonical":"https:\/\/www.emdg-guilers.org\/index.php\/2020\/06\/10\/journee-dinscriptions-emdg\/","og_locale":"fr_FR","og_type":"article","og_title":"Journ\u00e9e d'inscriptions EMDG - Ecole de Musique, Danse &amp; Th\u00e9\u00e2tre de Guilers","og_description":"SAMEDI 27 JUIN &#8211; 9h-13h &#8211; Salle Manon des Sources, Guilers","og_url":"https:\/\/www.emdg-guilers.org\/index.php\/2020\/06\/10\/journee-dinscriptions-emdg\/","og_site_name":"Ecole de Musique, Danse &amp; Th\u00e9\u00e2tre de Guilers","article_publisher":"https:\/\/www.facebook.com\/Ecole-de-Musique-et-de-Danse-de-Guilers-480017765533016\/","article_published_time":"2020-06-10T10:14:34+00:00","article_modified_time":"2020-06-10T10:16:29+00:00","og_image":[{"url":"https:\/\/www.emdg-guilers.org\/wp-content\/uploads\/2020\/06\/Chek-liste-inscriptions-emdg-724x1024.jpg"}],"author":"Marie Clavier","twitter_card":"summary_large_image","twitter_misc":{"\u00c9crit par":"Marie Clavier"},"schema":{"@context":"https:\/\/schema.org","@graph":[{"@type":"Article","@id":"https:\/\/www.emdg-guilers.org\/index.php\/2020\/06\/10\/journee-dinscriptions-emdg\/#article","isPartOf":{"@id":"https:\/\/www.emdg-guilers.org\/index.php\/2020\/06\/10\/journee-dinscriptions-emdg\/"},"author":{"name":"Marie Clavier","@id":"https:\/\/www.emdg-guilers.org\/#\/schema\/person\/5c279d8e49be5f6bfdc87fb9e08559d4"},"headline":"Journ\u00e9e d&rsquo;inscriptions EMDG","datePublished":"2020-06-10T10:14:34+00:00","dateModified":"2020-06-10T10:16:29+00:00","mainEntityOfPage":{"@id":"https:\/\/www.emdg-guilers.org\/index.php\/2020\/06\/10\/journee-dinscriptions-emdg\/"},"wordCount":15,"publisher":{"@id":"https:\/\/www.emdg-guilers.org\/#organization"},"image":{"@id":"https:\/\/www.emdg-guilers.org\/index.php\/2020\/06\/10\/journee-dinscriptions-emdg\/#primaryimage"},"thumbnailUrl":"https:\/\/www.emdg-guilers.org\/wp-content\/uploads\/2020\/06\/Chek-liste-inscriptions-emdg-724x1024.jpg","inLanguage":"fr-FR"},{"@type":"WebPage","@id":"https:\/\/www.emdg-guilers.org\/index.php\/2020\/06\/10\/journee-dinscriptions-emdg\/","url":"https:\/\/www.emdg-guilers.org\/index.php\/2020\/06\/10\/journee-dinscriptions-emdg\/","name":"Journ\u00e9e d'inscriptions EMDG - Ecole de Musique, Danse &amp; Th\u00e9\u00e2tre de Guilers","isPartOf":{"@id":"https:\/\/www.emdg-guilers.org\/#website"},"primaryImageOfPage":{"@id":"https:\/\/www.emdg-guilers.org\/index.php\/2020\/06\/10\/journee-dinscriptions-emdg\/#primaryimage"},"image":{"@id":"https:\/\/www.emdg-guilers.org\/index.php\/2020\/06\/10\/journee-dinscriptions-emdg\/#primaryimage"},"thumbnailUrl":"https:\/\/www.emdg-guilers.org\/wp-content\/uploads\/2020\/06\/Chek-liste-inscriptions-emdg-724x1024.jpg","datePublished":"2020-06-10T10:14:34+00:00","dateModified":"2020-06-10T10:16:29+00:00","breadcrumb":{"@id":"https:\/\/www.emdg-guilers.org\/index.php\/2020\/06\/10\/journee-dinscriptions-emdg\/#breadcrumb"},"inLanguage":"fr-FR","potentialAction":[{"@type":"ReadAction","target":["https:\/\/www.emdg-guilers.org\/index.php\/2020\/06\/10\/journee-dinscriptions-emdg\/"]}]},{"@type":"ImageObject","inLanguage":"fr-FR","@id":"https:\/\/www.emdg-guilers.org\/index.php\/2020\/06\/10\/journee-dinscriptions-emdg\/#primaryimage","url":"https:\/\/www.emdg-guilers.org\/wp-content\/uploads\/2020\/06\/Chek-liste-inscriptions-emdg.jpg","contentUrl":"https:\/\/www.emdg-guilers.org\/wp-content\/uploads\/2020\/06\/Chek-liste-inscriptions-emdg.jpg","width":1587,"height":2245},{"@type":"BreadcrumbList","@id":"https:\/\/www.emdg-guilers.org\/index.php\/2020\/06\/10\/journee-dinscriptions-emdg\/#breadcrumb","itemListElement":[{"@type":"ListItem","position":1,"name":"Accueil","item":"https:\/\/www.emdg-guilers.org\/"},{"@type":"ListItem","position":2,"name":"Journ\u00e9e d&rsquo;inscriptions EMDG"}]},{"@type":"WebSite","@id":"https:\/\/www.emdg-guilers.org\/#website","url":"https:\/\/www.emdg-guilers.org\/","name":"Ecole de Musique et Danse de Guilers","description":"Ecole associative, cours de musique, danse, th\u00e9\u00e2tre accessibles \u00e0 tous","publisher":{"@id":"https:\/\/www.emdg-guilers.org\/#organization"},"potentialAction":[{"@type":"SearchAction","target":{"@type":"EntryPoint","urlTemplate":"https:\/\/www.emdg-guilers.org\/?s={search_term_string}"},"query-input":"required name=search_term_string"}],"inLanguage":"fr-FR"},{"@type":"Organization","@id":"https:\/\/www.emdg-guilers.org\/#organization","name":"Ecole de Musique et de Danse","url":"https:\/\/www.emdg-guilers.org\/","logo":{"@type":"ImageObject","inLanguage":"fr-FR","@id":"https:\/\/www.emdg-guilers.org\/#\/schema\/logo\/image\/","url":"https:\/\/www.emdg-guilers.org\/wp-content\/uploads\/2016\/06\/logo2014.jpg","contentUrl":"https:\/\/www.emdg-guilers.org\/wp-content\/uploads\/2016\/06\/logo2014.jpg","width":214,"height":116,"caption":"Ecole de Musique et de Danse"},"image":{"@id":"https:\/\/www.emdg-guilers.org\/#\/schema\/logo\/image\/"},"sameAs":["https:\/\/www.facebook.com\/Ecole-de-Musique-et-de-Danse-de-Guilers-480017765533016\/"]},{"@type":"Person","@id":"https:\/\/www.emdg-guilers.org\/#\/schema\/person\/5c279d8e49be5f6bfdc87fb9e08559d4","name":"Marie Clavier","image":{"@type":"ImageObject","inLanguage":"fr-FR","@id":"https:\/\/www.emdg-guilers.org\/#\/schema\/person\/image\/","url":"https:\/\/secure.gravatar.com\/avatar\/82505eeeaf6d53a80197cd7ed92e8de4?s=96&d=mm&r=g","contentUrl":"https:\/\/secure.gravatar.com\/avatar\/82505eeeaf6d53a80197cd7ed92e8de4?s=96&d=mm&r=g","caption":"Marie Clavier"},"url":"https:\/\/www.emdg-guilers.org\/index.php\/author\/mclavier\/"}]}},"_links":{"self":[{"href":"https:\/\/www.emdg-guilers.org\/index.php\/wp-json\/wp\/v2\/posts\/2006"}],"collection":[{"href":"https:\/\/www.emdg-guilers.org\/index.php\/wp-json\/wp\/v2\/posts"}],"about":[{"href":"https:\/\/www.emdg-guilers.org\/index.php\/wp-json\/wp\/v2\/types\/post"}],"author":[{"embeddable":true,"href":"https:\/\/www.emdg-guilers.org\/index.php\/wp-json\/wp\/v2\/users\/3"}],"replies":[{"embeddable":true,"href":"https:\/\/www.emdg-guilers.org\/index.php\/wp-json\/wp\/v2\/comments?post=2006"}],"version-history":[{"count":2,"href":"https:\/\/www.emdg-guilers.org\/index.php\/wp-json\/wp\/v2\/posts\/2006\/revisions"}],"predecessor-version":[{"id":2011,"href":"https:\/\/www.emdg-guilers.org\/index.php\/wp-json\/wp\/v2\/posts\/2006\/revisions\/2011"}],"wp:attachment":[{"href":"https:\/\/www.emdg-guilers.org\/index.php\/wp-json\/wp\/v2\/media?parent=2006"}],"wp:term":[{"taxonomy":"category","embeddable":true,"href":"https:\/\/www.emdg-guilers.org\/index.php\/wp-json\/wp\/v2\/categories?post=2006"},{"taxonomy":"post_tag","embeddable":true,"href":"https:\/\/www.emdg-guilers.org\/index.php\/wp-json\/wp\/v2\/tags?post=2006"}],"curies":[{"name":"wp","href":"https:\/\/api.w.org\/{rel}","templated":true}]}}