{"id":2043,"date":"2020-09-10T18:14:55","date_gmt":"2020-09-10T16:14:55","guid":{"rendered":"https:\/\/www.emdg-guilers.org\/?p=2043"},"modified":"2020-09-29T16:37:00","modified_gmt":"2020-09-29T14:37:00","slug":"infos-rentree-2020-21","status":"publish","type":"post","link":"https:\/\/www.emdg-guilers.org\/index.php\/2020\/09\/10\/infos-rentree-2020-21\/","title":{"rendered":"Infos rentr\u00e9e 2020-21"},"content":{"rendered":"\n<p>D\u00e9but des cours : \u00e0 compter du <strong>lundi 14 septembre 2020<\/strong>.<\/p>\n\n\n\n<ul><li>Les cours de danse sont dispens\u00e9s au 1<sup>er<\/sup> \u00e9tage du b\u00e2timent (Espace Pagnol, 11 rue de Milizac, Guilers), soit dans la salle de danse, soit en salle Fanny.<\/li><li>Les cours de musique sont dispens\u00e9s au 2<sup>e<\/sup> \u00e9tage. Le secr\u00e9tariat se trouve au 2<sup>e<\/sup> \u00e9tage \u00e0 droite en entrant<\/li><\/ul>\n\n\n\n<p>Il reste encore des places dans quelques cours, n&rsquo;h\u00e9sitez pas \u00e0 venir les essayer, d\u00e9marrage possible toute l&rsquo;ann\u00e9e !<\/p>\n\n\n\n<p><a rel=\"noreferrer noopener\" href=\"https:\/\/www.emdg-guilers.org\/index.php\/protocole-sanitaire-p-r-a\/\" target=\"_blank\">Protocole sanitaire \u00e0 consulter ici. <\/a><\/p>\n\n\n\n<p><a href=\"https:\/\/www.emdg-guilers.org\/index.php\/lassociation\/les-permanences\/\" target=\"_blank\" rel=\"noreferrer noopener\">Toutes les permanences d&rsquo;inscriptions ici<\/a><br><br><a href=\"https:\/\/www.emdg-guilers.org\/index.php\/fiche-dinscription-2019-20\/\" target=\"_blank\" rel=\"noreferrer noopener\">Fiches d&rsquo;inscriptions et tarifs ici<\/a><\/p>\n\n\n\n<p><\/p>\n\n\n\n<p><\/p>\n","protected":false},"excerpt":{"rendered":"<p>D\u00e9but des cours : \u00e0 compter du lundi 14 septembre 2020. Les cours de danse sont dispens\u00e9s au 1er \u00e9tage du b\u00e2timent (Espace Pagnol, 11 rue de Milizac, Guilers), soit dans la salle de danse, soit en salle Fanny. Les cours de musique sont dispens\u00e9s au 2e \u00e9tage. Le secr\u00e9tariat se trouve au 2e \u00e9tage \u00e0 droite en entrant Il reste encore des places dans quelques cours, n&rsquo;h\u00e9sitez pas \u00e0 venir les essayer, d\u00e9marrage possible toute l&rsquo;ann\u00e9e ! Protocole sanitaire&#8230;<\/p>\n<p class=\"read-more\"><a class=\"btn btn-default\" href=\"https:\/\/www.emdg-guilers.org\/index.php\/2020\/09\/10\/infos-rentree-2020-21\/\">Lire la suite<span class=\"screen-reader-text\"> Lire la suite<\/span><\/a><\/p>\n","protected":false},"author":3,"featured_media":0,"comment_status":"closed","ping_status":"closed","sticky":false,"template":"","format":"standard","meta":{"footnotes":""},"categories":[1],"tags":[],"yoast_head":"<!-- This site is optimized with the Yoast SEO plugin v22.4 - https:\/\/yoast.com\/wordpress\/plugins\/seo\/ -->\n<title>Infos rentr\u00e9e 2020-21 - Ecole de Musique, Danse &amp; Th\u00e9\u00e2tre de Guilers<\/title>\n<meta name=\"robots\" content=\"index, follow, max-snippet:-1, max-image-preview:large, max-video-preview:-1\" \/>\n<link rel=\"canonical\" href=\"https:\/\/www.emdg-guilers.org\/index.php\/2020\/09\/10\/infos-rentree-2020-21\/\" \/>\n<meta property=\"og:locale\" content=\"fr_FR\" \/>\n<meta property=\"og:type\" content=\"article\" \/>\n<meta property=\"og:title\" content=\"Infos rentr\u00e9e 2020-21 - Ecole de Musique, Danse &amp; Th\u00e9\u00e2tre de Guilers\" \/>\n<meta property=\"og:description\" content=\"D\u00e9but des cours : \u00e0 compter du lundi 14 septembre 2020. Les cours de danse sont dispens\u00e9s au 1er \u00e9tage du b\u00e2timent (Espace Pagnol, 11 rue de Milizac, Guilers), soit dans la salle de danse, soit en salle Fanny. Les cours de musique sont dispens\u00e9s au 2e \u00e9tage. Le secr\u00e9tariat se trouve au 2e \u00e9tage \u00e0 droite en entrant Il reste encore des places dans quelques cours, n&rsquo;h\u00e9sitez pas \u00e0 venir les essayer, d\u00e9marrage possible toute l&rsquo;ann\u00e9e ! Protocole sanitaire...Lire la suite Lire la suite\" \/>\n<meta property=\"og:url\" content=\"https:\/\/www.emdg-guilers.org\/index.php\/2020\/09\/10\/infos-rentree-2020-21\/\" \/>\n<meta property=\"og:site_name\" content=\"Ecole de Musique, Danse &amp; Th\u00e9\u00e2tre de Guilers\" \/>\n<meta property=\"article:publisher\" content=\"https:\/\/www.facebook.com\/Ecole-de-Musique-et-de-Danse-de-Guilers-480017765533016\/\" \/>\n<meta property=\"article:published_time\" content=\"2020-09-10T16:14:55+00:00\" \/>\n<meta property=\"article:modified_time\" content=\"2020-09-29T14:37:00+00:00\" \/>\n<meta name=\"author\" content=\"Marie Clavier\" \/>\n<meta name=\"twitter:card\" content=\"summary_large_image\" \/>\n<meta name=\"twitter:label1\" content=\"\u00c9crit par\" \/>\n\t<meta name=\"twitter:data1\" content=\"Marie Clavier\" \/>\n<script type=\"application\/ld+json\" class=\"yoast-schema-graph\">{\"@context\":\"https:\/\/schema.org\",\"@graph\":[{\"@type\":\"Article\",\"@id\":\"https:\/\/www.emdg-guilers.org\/index.php\/2020\/09\/10\/infos-rentree-2020-21\/#article\",\"isPartOf\":{\"@id\":\"https:\/\/www.emdg-guilers.org\/index.php\/2020\/09\/10\/infos-rentree-2020-21\/\"},\"author\":{\"name\":\"Marie Clavier\",\"@id\":\"https:\/\/www.emdg-guilers.org\/#\/schema\/person\/5c279d8e49be5f6bfdc87fb9e08559d4\"},\"headline\":\"Infos rentr\u00e9e 2020-21\",\"datePublished\":\"2020-09-10T16:14:55+00:00\",\"dateModified\":\"2020-09-29T14:37:00+00:00\",\"mainEntityOfPage\":{\"@id\":\"https:\/\/www.emdg-guilers.org\/index.php\/2020\/09\/10\/infos-rentree-2020-21\/\"},\"wordCount\":96,\"publisher\":{\"@id\":\"https:\/\/www.emdg-guilers.org\/#organization\"},\"inLanguage\":\"fr-FR\"},{\"@type\":\"WebPage\",\"@id\":\"https:\/\/www.emdg-guilers.org\/index.php\/2020\/09\/10\/infos-rentree-2020-21\/\",\"url\":\"https:\/\/www.emdg-guilers.org\/index.php\/2020\/09\/10\/infos-rentree-2020-21\/\",\"name\":\"Infos rentr\u00e9e 2020-21 - Ecole de Musique, Danse &amp; Th\u00e9\u00e2tre de Guilers\",\"isPartOf\":{\"@id\":\"https:\/\/www.emdg-guilers.org\/#website\"},\"datePublished\":\"2020-09-10T16:14:55+00:00\",\"dateModified\":\"2020-09-29T14:37:00+00:00\",\"breadcrumb\":{\"@id\":\"https:\/\/www.emdg-guilers.org\/index.php\/2020\/09\/10\/infos-rentree-2020-21\/#breadcrumb\"},\"inLanguage\":\"fr-FR\",\"potentialAction\":[{\"@type\":\"ReadAction\",\"target\":[\"https:\/\/www.emdg-guilers.org\/index.php\/2020\/09\/10\/infos-rentree-2020-21\/\"]}]},{\"@type\":\"BreadcrumbList\",\"@id\":\"https:\/\/www.emdg-guilers.org\/index.php\/2020\/09\/10\/infos-rentree-2020-21\/#breadcrumb\",\"itemListElement\":[{\"@type\":\"ListItem\",\"position\":1,\"name\":\"Accueil\",\"item\":\"https:\/\/www.emdg-guilers.org\/\"},{\"@type\":\"ListItem\",\"position\":2,\"name\":\"Infos rentr\u00e9e 2020-21\"}]},{\"@type\":\"WebSite\",\"@id\":\"https:\/\/www.emdg-guilers.org\/#website\",\"url\":\"https:\/\/www.emdg-guilers.org\/\",\"name\":\"Ecole de Musique et Danse de Guilers\",\"description\":\"Ecole associative, cours de musique, danse, th\u00e9\u00e2tre accessibles \u00e0 tous\",\"publisher\":{\"@id\":\"https:\/\/www.emdg-guilers.org\/#organization\"},\"potentialAction\":[{\"@type\":\"SearchAction\",\"target\":{\"@type\":\"EntryPoint\",\"urlTemplate\":\"https:\/\/www.emdg-guilers.org\/?s={search_term_string}\"},\"query-input\":\"required name=search_term_string\"}],\"inLanguage\":\"fr-FR\"},{\"@type\":\"Organization\",\"@id\":\"https:\/\/www.emdg-guilers.org\/#organization\",\"name\":\"Ecole de Musique et de Danse\",\"url\":\"https:\/\/www.emdg-guilers.org\/\",\"logo\":{\"@type\":\"ImageObject\",\"inLanguage\":\"fr-FR\",\"@id\":\"https:\/\/www.emdg-guilers.org\/#\/schema\/logo\/image\/\",\"url\":\"https:\/\/www.emdg-guilers.org\/wp-content\/uploads\/2016\/06\/logo2014.jpg\",\"contentUrl\":\"https:\/\/www.emdg-guilers.org\/wp-content\/uploads\/2016\/06\/logo2014.jpg\",\"width\":214,\"height\":116,\"caption\":\"Ecole de Musique et de Danse\"},\"image\":{\"@id\":\"https:\/\/www.emdg-guilers.org\/#\/schema\/logo\/image\/\"},\"sameAs\":[\"https:\/\/www.facebook.com\/Ecole-de-Musique-et-de-Danse-de-Guilers-480017765533016\/\"]},{\"@type\":\"Person\",\"@id\":\"https:\/\/www.emdg-guilers.org\/#\/schema\/person\/5c279d8e49be5f6bfdc87fb9e08559d4\",\"name\":\"Marie Clavier\",\"image\":{\"@type\":\"ImageObject\",\"inLanguage\":\"fr-FR\",\"@id\":\"https:\/\/www.emdg-guilers.org\/#\/schema\/person\/image\/\",\"url\":\"https:\/\/secure.gravatar.com\/avatar\/82505eeeaf6d53a80197cd7ed92e8de4?s=96&d=mm&r=g\",\"contentUrl\":\"https:\/\/secure.gravatar.com\/avatar\/82505eeeaf6d53a80197cd7ed92e8de4?s=96&d=mm&r=g\",\"caption\":\"Marie Clavier\"},\"url\":\"https:\/\/www.emdg-guilers.org\/index.php\/author\/mclavier\/\"}]}<\/script>\n<!-- \/ Yoast SEO plugin. -->","yoast_head_json":{"title":"Infos rentr\u00e9e 2020-21 - Ecole de Musique, Danse &amp; Th\u00e9\u00e2tre de Guilers","robots":{"index":"index","follow":"follow","max-snippet":"max-snippet:-1","max-image-preview":"max-image-preview:large","max-video-preview":"max-video-preview:-1"},"canonical":"https:\/\/www.emdg-guilers.org\/index.php\/2020\/09\/10\/infos-rentree-2020-21\/","og_locale":"fr_FR","og_type":"article","og_title":"Infos rentr\u00e9e 2020-21 - Ecole de Musique, Danse &amp; Th\u00e9\u00e2tre de Guilers","og_description":"D\u00e9but des cours : \u00e0 compter du lundi 14 septembre 2020. Les cours de danse sont dispens\u00e9s au 1er \u00e9tage du b\u00e2timent (Espace Pagnol, 11 rue de Milizac, Guilers), soit dans la salle de danse, soit en salle Fanny. Les cours de musique sont dispens\u00e9s au 2e \u00e9tage. Le secr\u00e9tariat se trouve au 2e \u00e9tage \u00e0 droite en entrant Il reste encore des places dans quelques cours, n&rsquo;h\u00e9sitez pas \u00e0 venir les essayer, d\u00e9marrage possible toute l&rsquo;ann\u00e9e ! Protocole sanitaire...Lire la suite Lire la suite","og_url":"https:\/\/www.emdg-guilers.org\/index.php\/2020\/09\/10\/infos-rentree-2020-21\/","og_site_name":"Ecole de Musique, Danse &amp; Th\u00e9\u00e2tre de Guilers","article_publisher":"https:\/\/www.facebook.com\/Ecole-de-Musique-et-de-Danse-de-Guilers-480017765533016\/","article_published_time":"2020-09-10T16:14:55+00:00","article_modified_time":"2020-09-29T14:37:00+00:00","author":"Marie Clavier","twitter_card":"summary_large_image","twitter_misc":{"\u00c9crit par":"Marie Clavier"},"schema":{"@context":"https:\/\/schema.org","@graph":[{"@type":"Article","@id":"https:\/\/www.emdg-guilers.org\/index.php\/2020\/09\/10\/infos-rentree-2020-21\/#article","isPartOf":{"@id":"https:\/\/www.emdg-guilers.org\/index.php\/2020\/09\/10\/infos-rentree-2020-21\/"},"author":{"name":"Marie Clavier","@id":"https:\/\/www.emdg-guilers.org\/#\/schema\/person\/5c279d8e49be5f6bfdc87fb9e08559d4"},"headline":"Infos rentr\u00e9e 2020-21","datePublished":"2020-09-10T16:14:55+00:00","dateModified":"2020-09-29T14:37:00+00:00","mainEntityOfPage":{"@id":"https:\/\/www.emdg-guilers.org\/index.php\/2020\/09\/10\/infos-rentree-2020-21\/"},"wordCount":96,"publisher":{"@id":"https:\/\/www.emdg-guilers.org\/#organization"},"inLanguage":"fr-FR"},{"@type":"WebPage","@id":"https:\/\/www.emdg-guilers.org\/index.php\/2020\/09\/10\/infos-rentree-2020-21\/","url":"https:\/\/www.emdg-guilers.org\/index.php\/2020\/09\/10\/infos-rentree-2020-21\/","name":"Infos rentr\u00e9e 2020-21 - Ecole de Musique, Danse &amp; Th\u00e9\u00e2tre de Guilers","isPartOf":{"@id":"https:\/\/www.emdg-guilers.org\/#website"},"datePublished":"2020-09-10T16:14:55+00:00","dateModified":"2020-09-29T14:37:00+00:00","breadcrumb":{"@id":"https:\/\/www.emdg-guilers.org\/index.php\/2020\/09\/10\/infos-rentree-2020-21\/#breadcrumb"},"inLanguage":"fr-FR","potentialAction":[{"@type":"ReadAction","target":["https:\/\/www.emdg-guilers.org\/index.php\/2020\/09\/10\/infos-rentree-2020-21\/"]}]},{"@type":"BreadcrumbList","@id":"https:\/\/www.emdg-guilers.org\/index.php\/2020\/09\/10\/infos-rentree-2020-21\/#breadcrumb","itemListElement":[{"@type":"ListItem","position":1,"name":"Accueil","item":"https:\/\/www.emdg-guilers.org\/"},{"@type":"ListItem","position":2,"name":"Infos rentr\u00e9e 2020-21"}]},{"@type":"WebSite","@id":"https:\/\/www.emdg-guilers.org\/#website","url":"https:\/\/www.emdg-guilers.org\/","name":"Ecole de Musique et Danse de Guilers","description":"Ecole associative, cours de musique, danse, th\u00e9\u00e2tre accessibles \u00e0 tous","publisher":{"@id":"https:\/\/www.emdg-guilers.org\/#organization"},"potentialAction":[{"@type":"SearchAction","target":{"@type":"EntryPoint","urlTemplate":"https:\/\/www.emdg-guilers.org\/?s={search_term_string}"},"query-input":"required name=search_term_string"}],"inLanguage":"fr-FR"},{"@type":"Organization","@id":"https:\/\/www.emdg-guilers.org\/#organization","name":"Ecole de Musique et de Danse","url":"https:\/\/www.emdg-guilers.org\/","logo":{"@type":"ImageObject","inLanguage":"fr-FR","@id":"https:\/\/www.emdg-guilers.org\/#\/schema\/logo\/image\/","url":"https:\/\/www.emdg-guilers.org\/wp-content\/uploads\/2016\/06\/logo2014.jpg","contentUrl":"https:\/\/www.emdg-guilers.org\/wp-content\/uploads\/2016\/06\/logo2014.jpg","width":214,"height":116,"caption":"Ecole de Musique et de Danse"},"image":{"@id":"https:\/\/www.emdg-guilers.org\/#\/schema\/logo\/image\/"},"sameAs":["https:\/\/www.facebook.com\/Ecole-de-Musique-et-de-Danse-de-Guilers-480017765533016\/"]},{"@type":"Person","@id":"https:\/\/www.emdg-guilers.org\/#\/schema\/person\/5c279d8e49be5f6bfdc87fb9e08559d4","name":"Marie Clavier","image":{"@type":"ImageObject","inLanguage":"fr-FR","@id":"https:\/\/www.emdg-guilers.org\/#\/schema\/person\/image\/","url":"https:\/\/secure.gravatar.com\/avatar\/82505eeeaf6d53a80197cd7ed92e8de4?s=96&d=mm&r=g","contentUrl":"https:\/\/secure.gravatar.com\/avatar\/82505eeeaf6d53a80197cd7ed92e8de4?s=96&d=mm&r=g","caption":"Marie Clavier"},"url":"https:\/\/www.emdg-guilers.org\/index.php\/author\/mclavier\/"}]}},"_links":{"self":[{"href":"https:\/\/www.emdg-guilers.org\/index.php\/wp-json\/wp\/v2\/posts\/2043"}],"collection":[{"href":"https:\/\/www.emdg-guilers.org\/index.php\/wp-json\/wp\/v2\/posts"}],"about":[{"href":"https:\/\/www.emdg-guilers.org\/index.php\/wp-json\/wp\/v2\/types\/post"}],"author":[{"embeddable":true,"href":"https:\/\/www.emdg-guilers.org\/index.php\/wp-json\/wp\/v2\/users\/3"}],"replies":[{"embeddable":true,"href":"https:\/\/www.emdg-guilers.org\/index.php\/wp-json\/wp\/v2\/comments?post=2043"}],"version-history":[{"count":3,"href":"https:\/\/www.emdg-guilers.org\/index.php\/wp-json\/wp\/v2\/posts\/2043\/revisions"}],"predecessor-version":[{"id":2085,"href":"https:\/\/www.emdg-guilers.org\/index.php\/wp-json\/wp\/v2\/posts\/2043\/revisions\/2085"}],"wp:attachment":[{"href":"https:\/\/www.emdg-guilers.org\/index.php\/wp-json\/wp\/v2\/media?parent=2043"}],"wp:term":[{"taxonomy":"category","embeddable":true,"href":"https:\/\/www.emdg-guilers.org\/index.php\/wp-json\/wp\/v2\/categories?post=2043"},{"taxonomy":"post_tag","embeddable":true,"href":"https:\/\/www.emdg-guilers.org\/index.php\/wp-json\/wp\/v2\/tags?post=2043"}],"curies":[{"name":"wp","href":"https:\/\/api.w.org\/{rel}","templated":true}]}}