{"id":2103,"date":"2020-10-31T13:33:53","date_gmt":"2020-10-31T12:33:53","guid":{"rendered":"https:\/\/www.emdg-guilers.org\/?p=2103"},"modified":"2020-10-31T13:33:54","modified_gmt":"2020-10-31T12:33:54","slug":"confinement-le-message-de-lequipe-emdg","status":"publish","type":"post","link":"https:\/\/www.emdg-guilers.org\/index.php\/2020\/10\/31\/confinement-le-message-de-lequipe-emdg\/","title":{"rendered":"Confinement : le message de l&rsquo;\u00e9quipe EMDG"},"content":{"rendered":"\n<p>Bonjour \u00e0 tous et \u00e0 toutes,<\/p>\n\n\n\n<p>Compte-tenu de l\u2019actualit\u00e9 sanitaire et des directives gouvernementales, l\u2019association Ecole de Musique et Danse de Guilers ne pourra pas rouvrir ses portes le 2 novembre prochain et accueillir du public jusqu\u2019au 1<sup>er<\/sup> d\u00e9cembre au moins.<br>Pour autant, le Conseil d\u2019Administration de l\u2019association s\u2019est positionn\u00e9 en faveur d\u2019un <strong>suivi p\u00e9dagogique \u00e0 distance.<\/strong>\u00a0<\/p>\n\n\n\n<p>Le contexte de ce re-confinement n\u2019\u00e9tant pas le m\u00eame que celui que nous avons connu au printemps dernier, les modalit\u00e9s de mise en \u0153uvre de cet enseignement \u00e0 distance ne seront pas les m\u00eames.<br>Les enseignants ont, entre temps, re\u00e7u une formation de rentr\u00e9e dont le sujet \u00e9tait \u00ab&nbsp;Les outils num\u00e9riques au service de l\u2019enseignement \u00e0 distance.&nbsp;\u00bb &nbsp;<\/p>\n\n\n\n<p>Nous vous proposons donc pour le mois de novembre, un suivi organis\u00e9 de la mani\u00e8re suivante&nbsp;:<br>&#8211; Cours dispens\u00e9s via des plateformes de visioconf\u00e9rence <strong>aux horaires habituels de cours<\/strong>.<br>&#8211; De plus, chaque enseignant mettra en place (si ce n\u2019est d\u00e9j\u00e0 fait) une <strong>plateforme d\u2019\u00e9change p\u00e9dagogique compl\u00e9mentaire<\/strong> pour y dispenser des contenus (ex. vid\u00e9os enregistr\u00e9es, tutoriels, partitions, padlet, site web, chaine youtube, groupe Facebook\u2026) Tous ces \u00e9l\u00e9ments seront centralis\u00e9s sur la page de l\u2019\u00e9cole&nbsp;:&nbsp; <a href=\"https:\/\/www.emdg-guilers.org\/index.php\/ressources-pedagogiques\/\">\u00ab&nbsp;Ressources p\u00e9dagogiques&nbsp;\u00bb<\/a> o\u00f9 il y aura un paragraphe pour chaque enseignant.<br><br>Les enseignants prendront contact avec vous pour vous pr\u00e9senter la proc\u00e9dure \u00e0 suivre pour les cours.<\/p>\n\n\n\n<p>Cette exp\u00e9rience d\u2019enseignement, m\u00eame si elle n\u2019est pas habituelle, permettra de diversifier les sources p\u00e9dagogiques, fera certainement gagner en autonomie les \u00e9l\u00e8ves et enclenchera une dynamique d\u2019apprentissage positive.<\/p>\n\n\n\n<p>Merci pour votre compr\u00e9hension et soutien,<\/p>\n\n\n\n<p>Tr\u00e8s cordialement,<\/p>\n\n\n\n<p>L&rsquo;\u00e9quipe de l&rsquo;EMDG<\/p>\n","protected":false},"excerpt":{"rendered":"<p>Bonjour \u00e0 tous et \u00e0 toutes, Compte-tenu de l\u2019actualit\u00e9 sanitaire et des directives gouvernementales, l\u2019association Ecole de Musique et Danse de Guilers ne pourra pas rouvrir ses portes le 2 novembre prochain et accueillir du public jusqu\u2019au 1er d\u00e9cembre au moins.Pour autant, le Conseil d\u2019Administration de l\u2019association s\u2019est positionn\u00e9 en faveur d\u2019un suivi p\u00e9dagogique \u00e0 distance.\u00a0 Le contexte de ce re-confinement n\u2019\u00e9tant pas le m\u00eame que celui que nous avons connu au printemps dernier, les modalit\u00e9s de mise en \u0153uvre&#8230;<\/p>\n<p class=\"read-more\"><a class=\"btn btn-default\" href=\"https:\/\/www.emdg-guilers.org\/index.php\/2020\/10\/31\/confinement-le-message-de-lequipe-emdg\/\">Lire la suite<span class=\"screen-reader-text\"> Lire la suite<\/span><\/a><\/p>\n","protected":false},"author":3,"featured_media":0,"comment_status":"closed","ping_status":"closed","sticky":false,"template":"","format":"standard","meta":{"footnotes":""},"categories":[1],"tags":[],"yoast_head":"<!-- This site is optimized with the Yoast SEO plugin v22.4 - https:\/\/yoast.com\/wordpress\/plugins\/seo\/ -->\n<title>Confinement : le message de l&#039;\u00e9quipe EMDG - Ecole de Musique, Danse &amp; Th\u00e9\u00e2tre de Guilers<\/title>\n<meta name=\"robots\" content=\"index, follow, max-snippet:-1, max-image-preview:large, max-video-preview:-1\" \/>\n<link rel=\"canonical\" href=\"https:\/\/www.emdg-guilers.org\/index.php\/2020\/10\/31\/confinement-le-message-de-lequipe-emdg\/\" \/>\n<meta property=\"og:locale\" content=\"fr_FR\" \/>\n<meta property=\"og:type\" content=\"article\" \/>\n<meta property=\"og:title\" content=\"Confinement : le message de l&#039;\u00e9quipe EMDG - Ecole de Musique, Danse &amp; Th\u00e9\u00e2tre de Guilers\" \/>\n<meta property=\"og:description\" content=\"Bonjour \u00e0 tous et \u00e0 toutes, Compte-tenu de l\u2019actualit\u00e9 sanitaire et des directives gouvernementales, l\u2019association Ecole de Musique et Danse de Guilers ne pourra pas rouvrir ses portes le 2 novembre prochain et accueillir du public jusqu\u2019au 1er d\u00e9cembre au moins.Pour autant, le Conseil d\u2019Administration de l\u2019association s\u2019est positionn\u00e9 en faveur d\u2019un suivi p\u00e9dagogique \u00e0 distance.\u00a0 Le contexte de ce re-confinement n\u2019\u00e9tant pas le m\u00eame que celui que nous avons connu au printemps dernier, les modalit\u00e9s de mise en \u0153uvre...Lire la suite Lire la suite\" \/>\n<meta property=\"og:url\" content=\"https:\/\/www.emdg-guilers.org\/index.php\/2020\/10\/31\/confinement-le-message-de-lequipe-emdg\/\" \/>\n<meta property=\"og:site_name\" content=\"Ecole de Musique, Danse &amp; Th\u00e9\u00e2tre de Guilers\" \/>\n<meta property=\"article:publisher\" content=\"https:\/\/www.facebook.com\/Ecole-de-Musique-et-de-Danse-de-Guilers-480017765533016\/\" \/>\n<meta property=\"article:published_time\" content=\"2020-10-31T12:33:53+00:00\" \/>\n<meta property=\"article:modified_time\" content=\"2020-10-31T12:33:54+00:00\" \/>\n<meta name=\"author\" content=\"Marie Clavier\" \/>\n<meta name=\"twitter:card\" content=\"summary_large_image\" \/>\n<meta name=\"twitter:label1\" content=\"\u00c9crit par\" \/>\n\t<meta name=\"twitter:data1\" content=\"Marie Clavier\" \/>\n\t<meta name=\"twitter:label2\" content=\"Dur\u00e9e de lecture estim\u00e9e\" \/>\n\t<meta name=\"twitter:data2\" content=\"1 minute\" \/>\n<script type=\"application\/ld+json\" class=\"yoast-schema-graph\">{\"@context\":\"https:\/\/schema.org\",\"@graph\":[{\"@type\":\"Article\",\"@id\":\"https:\/\/www.emdg-guilers.org\/index.php\/2020\/10\/31\/confinement-le-message-de-lequipe-emdg\/#article\",\"isPartOf\":{\"@id\":\"https:\/\/www.emdg-guilers.org\/index.php\/2020\/10\/31\/confinement-le-message-de-lequipe-emdg\/\"},\"author\":{\"name\":\"Marie Clavier\",\"@id\":\"https:\/\/www.emdg-guilers.org\/#\/schema\/person\/5c279d8e49be5f6bfdc87fb9e08559d4\"},\"headline\":\"Confinement : le message de l&rsquo;\u00e9quipe EMDG\",\"datePublished\":\"2020-10-31T12:33:53+00:00\",\"dateModified\":\"2020-10-31T12:33:54+00:00\",\"mainEntityOfPage\":{\"@id\":\"https:\/\/www.emdg-guilers.org\/index.php\/2020\/10\/31\/confinement-le-message-de-lequipe-emdg\/\"},\"wordCount\":305,\"publisher\":{\"@id\":\"https:\/\/www.emdg-guilers.org\/#organization\"},\"inLanguage\":\"fr-FR\"},{\"@type\":\"WebPage\",\"@id\":\"https:\/\/www.emdg-guilers.org\/index.php\/2020\/10\/31\/confinement-le-message-de-lequipe-emdg\/\",\"url\":\"https:\/\/www.emdg-guilers.org\/index.php\/2020\/10\/31\/confinement-le-message-de-lequipe-emdg\/\",\"name\":\"Confinement : le message de l'\u00e9quipe EMDG - Ecole de Musique, Danse &amp; Th\u00e9\u00e2tre de Guilers\",\"isPartOf\":{\"@id\":\"https:\/\/www.emdg-guilers.org\/#website\"},\"datePublished\":\"2020-10-31T12:33:53+00:00\",\"dateModified\":\"2020-10-31T12:33:54+00:00\",\"breadcrumb\":{\"@id\":\"https:\/\/www.emdg-guilers.org\/index.php\/2020\/10\/31\/confinement-le-message-de-lequipe-emdg\/#breadcrumb\"},\"inLanguage\":\"fr-FR\",\"potentialAction\":[{\"@type\":\"ReadAction\",\"target\":[\"https:\/\/www.emdg-guilers.org\/index.php\/2020\/10\/31\/confinement-le-message-de-lequipe-emdg\/\"]}]},{\"@type\":\"BreadcrumbList\",\"@id\":\"https:\/\/www.emdg-guilers.org\/index.php\/2020\/10\/31\/confinement-le-message-de-lequipe-emdg\/#breadcrumb\",\"itemListElement\":[{\"@type\":\"ListItem\",\"position\":1,\"name\":\"Accueil\",\"item\":\"https:\/\/www.emdg-guilers.org\/\"},{\"@type\":\"ListItem\",\"position\":2,\"name\":\"Confinement : le message de l&rsquo;\u00e9quipe EMDG\"}]},{\"@type\":\"WebSite\",\"@id\":\"https:\/\/www.emdg-guilers.org\/#website\",\"url\":\"https:\/\/www.emdg-guilers.org\/\",\"name\":\"Ecole de Musique et Danse de Guilers\",\"description\":\"Ecole associative, cours de musique, danse, th\u00e9\u00e2tre accessibles \u00e0 tous\",\"publisher\":{\"@id\":\"https:\/\/www.emdg-guilers.org\/#organization\"},\"potentialAction\":[{\"@type\":\"SearchAction\",\"target\":{\"@type\":\"EntryPoint\",\"urlTemplate\":\"https:\/\/www.emdg-guilers.org\/?s={search_term_string}\"},\"query-input\":\"required name=search_term_string\"}],\"inLanguage\":\"fr-FR\"},{\"@type\":\"Organization\",\"@id\":\"https:\/\/www.emdg-guilers.org\/#organization\",\"name\":\"Ecole de Musique et de Danse\",\"url\":\"https:\/\/www.emdg-guilers.org\/\",\"logo\":{\"@type\":\"ImageObject\",\"inLanguage\":\"fr-FR\",\"@id\":\"https:\/\/www.emdg-guilers.org\/#\/schema\/logo\/image\/\",\"url\":\"https:\/\/www.emdg-guilers.org\/wp-content\/uploads\/2016\/06\/logo2014.jpg\",\"contentUrl\":\"https:\/\/www.emdg-guilers.org\/wp-content\/uploads\/2016\/06\/logo2014.jpg\",\"width\":214,\"height\":116,\"caption\":\"Ecole de Musique et de Danse\"},\"image\":{\"@id\":\"https:\/\/www.emdg-guilers.org\/#\/schema\/logo\/image\/\"},\"sameAs\":[\"https:\/\/www.facebook.com\/Ecole-de-Musique-et-de-Danse-de-Guilers-480017765533016\/\"]},{\"@type\":\"Person\",\"@id\":\"https:\/\/www.emdg-guilers.org\/#\/schema\/person\/5c279d8e49be5f6bfdc87fb9e08559d4\",\"name\":\"Marie Clavier\",\"image\":{\"@type\":\"ImageObject\",\"inLanguage\":\"fr-FR\",\"@id\":\"https:\/\/www.emdg-guilers.org\/#\/schema\/person\/image\/\",\"url\":\"https:\/\/secure.gravatar.com\/avatar\/82505eeeaf6d53a80197cd7ed92e8de4?s=96&d=mm&r=g\",\"contentUrl\":\"https:\/\/secure.gravatar.com\/avatar\/82505eeeaf6d53a80197cd7ed92e8de4?s=96&d=mm&r=g\",\"caption\":\"Marie Clavier\"},\"url\":\"https:\/\/www.emdg-guilers.org\/index.php\/author\/mclavier\/\"}]}<\/script>\n<!-- \/ Yoast SEO plugin. -->","yoast_head_json":{"title":"Confinement : le message de l'\u00e9quipe EMDG - Ecole de Musique, Danse &amp; Th\u00e9\u00e2tre de Guilers","robots":{"index":"index","follow":"follow","max-snippet":"max-snippet:-1","max-image-preview":"max-image-preview:large","max-video-preview":"max-video-preview:-1"},"canonical":"https:\/\/www.emdg-guilers.org\/index.php\/2020\/10\/31\/confinement-le-message-de-lequipe-emdg\/","og_locale":"fr_FR","og_type":"article","og_title":"Confinement : le message de l'\u00e9quipe EMDG - Ecole de Musique, Danse &amp; Th\u00e9\u00e2tre de Guilers","og_description":"Bonjour \u00e0 tous et \u00e0 toutes, Compte-tenu de l\u2019actualit\u00e9 sanitaire et des directives gouvernementales, l\u2019association Ecole de Musique et Danse de Guilers ne pourra pas rouvrir ses portes le 2 novembre prochain et accueillir du public jusqu\u2019au 1er d\u00e9cembre au moins.Pour autant, le Conseil d\u2019Administration de l\u2019association s\u2019est positionn\u00e9 en faveur d\u2019un suivi p\u00e9dagogique \u00e0 distance.\u00a0 Le contexte de ce re-confinement n\u2019\u00e9tant pas le m\u00eame que celui que nous avons connu au printemps dernier, les modalit\u00e9s de mise en \u0153uvre...Lire la suite Lire la suite","og_url":"https:\/\/www.emdg-guilers.org\/index.php\/2020\/10\/31\/confinement-le-message-de-lequipe-emdg\/","og_site_name":"Ecole de Musique, Danse &amp; Th\u00e9\u00e2tre de Guilers","article_publisher":"https:\/\/www.facebook.com\/Ecole-de-Musique-et-de-Danse-de-Guilers-480017765533016\/","article_published_time":"2020-10-31T12:33:53+00:00","article_modified_time":"2020-10-31T12:33:54+00:00","author":"Marie Clavier","twitter_card":"summary_large_image","twitter_misc":{"\u00c9crit par":"Marie Clavier","Dur\u00e9e de lecture estim\u00e9e":"1 minute"},"schema":{"@context":"https:\/\/schema.org","@graph":[{"@type":"Article","@id":"https:\/\/www.emdg-guilers.org\/index.php\/2020\/10\/31\/confinement-le-message-de-lequipe-emdg\/#article","isPartOf":{"@id":"https:\/\/www.emdg-guilers.org\/index.php\/2020\/10\/31\/confinement-le-message-de-lequipe-emdg\/"},"author":{"name":"Marie Clavier","@id":"https:\/\/www.emdg-guilers.org\/#\/schema\/person\/5c279d8e49be5f6bfdc87fb9e08559d4"},"headline":"Confinement : le message de l&rsquo;\u00e9quipe EMDG","datePublished":"2020-10-31T12:33:53+00:00","dateModified":"2020-10-31T12:33:54+00:00","mainEntityOfPage":{"@id":"https:\/\/www.emdg-guilers.org\/index.php\/2020\/10\/31\/confinement-le-message-de-lequipe-emdg\/"},"wordCount":305,"publisher":{"@id":"https:\/\/www.emdg-guilers.org\/#organization"},"inLanguage":"fr-FR"},{"@type":"WebPage","@id":"https:\/\/www.emdg-guilers.org\/index.php\/2020\/10\/31\/confinement-le-message-de-lequipe-emdg\/","url":"https:\/\/www.emdg-guilers.org\/index.php\/2020\/10\/31\/confinement-le-message-de-lequipe-emdg\/","name":"Confinement : le message de l'\u00e9quipe EMDG - Ecole de Musique, Danse &amp; Th\u00e9\u00e2tre de Guilers","isPartOf":{"@id":"https:\/\/www.emdg-guilers.org\/#website"},"datePublished":"2020-10-31T12:33:53+00:00","dateModified":"2020-10-31T12:33:54+00:00","breadcrumb":{"@id":"https:\/\/www.emdg-guilers.org\/index.php\/2020\/10\/31\/confinement-le-message-de-lequipe-emdg\/#breadcrumb"},"inLanguage":"fr-FR","potentialAction":[{"@type":"ReadAction","target":["https:\/\/www.emdg-guilers.org\/index.php\/2020\/10\/31\/confinement-le-message-de-lequipe-emdg\/"]}]},{"@type":"BreadcrumbList","@id":"https:\/\/www.emdg-guilers.org\/index.php\/2020\/10\/31\/confinement-le-message-de-lequipe-emdg\/#breadcrumb","itemListElement":[{"@type":"ListItem","position":1,"name":"Accueil","item":"https:\/\/www.emdg-guilers.org\/"},{"@type":"ListItem","position":2,"name":"Confinement : le message de l&rsquo;\u00e9quipe EMDG"}]},{"@type":"WebSite","@id":"https:\/\/www.emdg-guilers.org\/#website","url":"https:\/\/www.emdg-guilers.org\/","name":"Ecole de Musique et Danse de Guilers","description":"Ecole associative, cours de musique, danse, th\u00e9\u00e2tre accessibles \u00e0 tous","publisher":{"@id":"https:\/\/www.emdg-guilers.org\/#organization"},"potentialAction":[{"@type":"SearchAction","target":{"@type":"EntryPoint","urlTemplate":"https:\/\/www.emdg-guilers.org\/?s={search_term_string}"},"query-input":"required name=search_term_string"}],"inLanguage":"fr-FR"},{"@type":"Organization","@id":"https:\/\/www.emdg-guilers.org\/#organization","name":"Ecole de Musique et de Danse","url":"https:\/\/www.emdg-guilers.org\/","logo":{"@type":"ImageObject","inLanguage":"fr-FR","@id":"https:\/\/www.emdg-guilers.org\/#\/schema\/logo\/image\/","url":"https:\/\/www.emdg-guilers.org\/wp-content\/uploads\/2016\/06\/logo2014.jpg","contentUrl":"https:\/\/www.emdg-guilers.org\/wp-content\/uploads\/2016\/06\/logo2014.jpg","width":214,"height":116,"caption":"Ecole de Musique et de Danse"},"image":{"@id":"https:\/\/www.emdg-guilers.org\/#\/schema\/logo\/image\/"},"sameAs":["https:\/\/www.facebook.com\/Ecole-de-Musique-et-de-Danse-de-Guilers-480017765533016\/"]},{"@type":"Person","@id":"https:\/\/www.emdg-guilers.org\/#\/schema\/person\/5c279d8e49be5f6bfdc87fb9e08559d4","name":"Marie Clavier","image":{"@type":"ImageObject","inLanguage":"fr-FR","@id":"https:\/\/www.emdg-guilers.org\/#\/schema\/person\/image\/","url":"https:\/\/secure.gravatar.com\/avatar\/82505eeeaf6d53a80197cd7ed92e8de4?s=96&d=mm&r=g","contentUrl":"https:\/\/secure.gravatar.com\/avatar\/82505eeeaf6d53a80197cd7ed92e8de4?s=96&d=mm&r=g","caption":"Marie Clavier"},"url":"https:\/\/www.emdg-guilers.org\/index.php\/author\/mclavier\/"}]}},"_links":{"self":[{"href":"https:\/\/www.emdg-guilers.org\/index.php\/wp-json\/wp\/v2\/posts\/2103"}],"collection":[{"href":"https:\/\/www.emdg-guilers.org\/index.php\/wp-json\/wp\/v2\/posts"}],"about":[{"href":"https:\/\/www.emdg-guilers.org\/index.php\/wp-json\/wp\/v2\/types\/post"}],"author":[{"embeddable":true,"href":"https:\/\/www.emdg-guilers.org\/index.php\/wp-json\/wp\/v2\/users\/3"}],"replies":[{"embeddable":true,"href":"https:\/\/www.emdg-guilers.org\/index.php\/wp-json\/wp\/v2\/comments?post=2103"}],"version-history":[{"count":1,"href":"https:\/\/www.emdg-guilers.org\/index.php\/wp-json\/wp\/v2\/posts\/2103\/revisions"}],"predecessor-version":[{"id":2104,"href":"https:\/\/www.emdg-guilers.org\/index.php\/wp-json\/wp\/v2\/posts\/2103\/revisions\/2104"}],"wp:attachment":[{"href":"https:\/\/www.emdg-guilers.org\/index.php\/wp-json\/wp\/v2\/media?parent=2103"}],"wp:term":[{"taxonomy":"category","embeddable":true,"href":"https:\/\/www.emdg-guilers.org\/index.php\/wp-json\/wp\/v2\/categories?post=2103"},{"taxonomy":"post_tag","embeddable":true,"href":"https:\/\/www.emdg-guilers.org\/index.php\/wp-json\/wp\/v2\/tags?post=2103"}],"curies":[{"name":"wp","href":"https:\/\/api.w.org\/{rel}","templated":true}]}}