{"id":2177,"date":"2020-12-15T18:27:04","date_gmt":"2020-12-15T17:27:04","guid":{"rendered":"https:\/\/www.emdg-guilers.org\/?p=2177"},"modified":"2020-12-18T15:51:22","modified_gmt":"2020-12-18T14:51:22","slug":"pas-de-reprise","status":"publish","type":"post","link":"https:\/\/www.emdg-guilers.org\/index.php\/2020\/12\/15\/pas-de-reprise\/","title":{"rendered":"Pas de reprise&#8230;"},"content":{"rendered":"\n<p><\/p>\n\n\n\n<figure class=\"wp-block-image size-large\"><img loading=\"lazy\" decoding=\"async\" width=\"1024\" height=\"1024\" src=\"https:\/\/www.emdg-guilers.org\/wp-content\/uploads\/2020\/12\/bonnesvacsemdg-1024x1024.jpg\" alt=\"\" class=\"wp-image-2180\" srcset=\"https:\/\/www.emdg-guilers.org\/wp-content\/uploads\/2020\/12\/bonnesvacsemdg-1024x1024.jpg 1024w, https:\/\/www.emdg-guilers.org\/wp-content\/uploads\/2020\/12\/bonnesvacsemdg-300x300.jpg 300w, https:\/\/www.emdg-guilers.org\/wp-content\/uploads\/2020\/12\/bonnesvacsemdg-150x150.jpg 150w, https:\/\/www.emdg-guilers.org\/wp-content\/uploads\/2020\/12\/bonnesvacsemdg-768x768.jpg 768w, https:\/\/www.emdg-guilers.org\/wp-content\/uploads\/2020\/12\/bonnesvacsemdg-270x270.jpg 270w, https:\/\/www.emdg-guilers.org\/wp-content\/uploads\/2020\/12\/bonnesvacsemdg.jpg 1080w\" sizes=\"(max-width: 1024px) 100vw, 1024px\" \/><\/figure>\n\n\n\n<p>Comme \u00e9voqu\u00e9 la semaine derni\u00e8re par email \u00e0 toutes les familles, l&rsquo;Ecole de Musique et Danse de Guilers ne rouvrira pas ses portes avant les vacances de No\u00ebl 2020. <br><strong>Nous esp\u00e9rons pouvoir accueillir tout le monde \u00e0 nouveau, dans les meilleures conditions, \u00e0 compter de la rentr\u00e9e de janvier 2021.<\/strong><br>Nous nous tiendrons inform\u00e9s de l&rsquo;\u00e9volution de la situation sanitaire et des directives gouvernementales qui sont susceptibles d&rsquo;\u00e9voluer.<\/p>\n\n\n\n<p>Merci de votre compr\u00e9hension.<br>L&rsquo;\u00e9quipe de l&rsquo;EMDG. <br>15-12-2020<\/p>\n","protected":false},"excerpt":{"rendered":"<p>Comme \u00e9voqu\u00e9 la semaine derni\u00e8re par email \u00e0 toutes les familles, l&rsquo;Ecole de Musique et Danse de Guilers ne rouvrira pas ses portes avant les vacances de No\u00ebl 2020. Nous esp\u00e9rons pouvoir accueillir tout le monde \u00e0 nouveau, dans les meilleures conditions, \u00e0 compter de la rentr\u00e9e de janvier 2021.Nous nous tiendrons inform\u00e9s de l&rsquo;\u00e9volution de la situation sanitaire et des directives gouvernementales qui sont susceptibles d&rsquo;\u00e9voluer. Merci de votre compr\u00e9hension.L&rsquo;\u00e9quipe de l&rsquo;EMDG. 15-12-2020<\/p>\n","protected":false},"author":3,"featured_media":0,"comment_status":"closed","ping_status":"closed","sticky":false,"template":"","format":"standard","meta":{"footnotes":""},"categories":[1],"tags":[],"yoast_head":"<!-- This site is optimized with the Yoast SEO plugin v22.4 - https:\/\/yoast.com\/wordpress\/plugins\/seo\/ -->\n<title>Pas de reprise... - Ecole de Musique, Danse &amp; Th\u00e9\u00e2tre de Guilers<\/title>\n<meta name=\"robots\" content=\"index, follow, max-snippet:-1, max-image-preview:large, max-video-preview:-1\" \/>\n<link rel=\"canonical\" href=\"https:\/\/www.emdg-guilers.org\/index.php\/2020\/12\/15\/pas-de-reprise\/\" \/>\n<meta property=\"og:locale\" content=\"fr_FR\" \/>\n<meta property=\"og:type\" content=\"article\" \/>\n<meta property=\"og:title\" content=\"Pas de reprise... - Ecole de Musique, Danse &amp; Th\u00e9\u00e2tre de Guilers\" \/>\n<meta property=\"og:description\" content=\"Comme \u00e9voqu\u00e9 la semaine derni\u00e8re par email \u00e0 toutes les familles, l&rsquo;Ecole de Musique et Danse de Guilers ne rouvrira pas ses portes avant les vacances de No\u00ebl 2020. Nous esp\u00e9rons pouvoir accueillir tout le monde \u00e0 nouveau, dans les meilleures conditions, \u00e0 compter de la rentr\u00e9e de janvier 2021.Nous nous tiendrons inform\u00e9s de l&rsquo;\u00e9volution de la situation sanitaire et des directives gouvernementales qui sont susceptibles d&rsquo;\u00e9voluer. Merci de votre compr\u00e9hension.L&rsquo;\u00e9quipe de l&rsquo;EMDG. 15-12-2020\" \/>\n<meta property=\"og:url\" content=\"https:\/\/www.emdg-guilers.org\/index.php\/2020\/12\/15\/pas-de-reprise\/\" \/>\n<meta property=\"og:site_name\" content=\"Ecole de Musique, Danse &amp; Th\u00e9\u00e2tre de Guilers\" \/>\n<meta property=\"article:publisher\" content=\"https:\/\/www.facebook.com\/Ecole-de-Musique-et-de-Danse-de-Guilers-480017765533016\/\" \/>\n<meta property=\"article:published_time\" content=\"2020-12-15T17:27:04+00:00\" \/>\n<meta property=\"article:modified_time\" content=\"2020-12-18T14:51:22+00:00\" \/>\n<meta property=\"og:image\" content=\"https:\/\/www.emdg-guilers.org\/wp-content\/uploads\/2020\/12\/bonnesvacsemdg-1024x1024.jpg\" \/>\n<meta name=\"author\" content=\"Marie Clavier\" \/>\n<meta name=\"twitter:card\" content=\"summary_large_image\" \/>\n<meta name=\"twitter:label1\" content=\"\u00c9crit par\" \/>\n\t<meta name=\"twitter:data1\" content=\"Marie Clavier\" \/>\n<script type=\"application\/ld+json\" class=\"yoast-schema-graph\">{\"@context\":\"https:\/\/schema.org\",\"@graph\":[{\"@type\":\"Article\",\"@id\":\"https:\/\/www.emdg-guilers.org\/index.php\/2020\/12\/15\/pas-de-reprise\/#article\",\"isPartOf\":{\"@id\":\"https:\/\/www.emdg-guilers.org\/index.php\/2020\/12\/15\/pas-de-reprise\/\"},\"author\":{\"name\":\"Marie Clavier\",\"@id\":\"https:\/\/www.emdg-guilers.org\/#\/schema\/person\/5c279d8e49be5f6bfdc87fb9e08559d4\"},\"headline\":\"Pas de reprise&#8230;\",\"datePublished\":\"2020-12-15T17:27:04+00:00\",\"dateModified\":\"2020-12-18T14:51:22+00:00\",\"mainEntityOfPage\":{\"@id\":\"https:\/\/www.emdg-guilers.org\/index.php\/2020\/12\/15\/pas-de-reprise\/\"},\"wordCount\":84,\"publisher\":{\"@id\":\"https:\/\/www.emdg-guilers.org\/#organization\"},\"image\":{\"@id\":\"https:\/\/www.emdg-guilers.org\/index.php\/2020\/12\/15\/pas-de-reprise\/#primaryimage\"},\"thumbnailUrl\":\"https:\/\/www.emdg-guilers.org\/wp-content\/uploads\/2020\/12\/bonnesvacsemdg-1024x1024.jpg\",\"inLanguage\":\"fr-FR\"},{\"@type\":\"WebPage\",\"@id\":\"https:\/\/www.emdg-guilers.org\/index.php\/2020\/12\/15\/pas-de-reprise\/\",\"url\":\"https:\/\/www.emdg-guilers.org\/index.php\/2020\/12\/15\/pas-de-reprise\/\",\"name\":\"Pas de reprise... - Ecole de Musique, Danse &amp; Th\u00e9\u00e2tre de Guilers\",\"isPartOf\":{\"@id\":\"https:\/\/www.emdg-guilers.org\/#website\"},\"primaryImageOfPage\":{\"@id\":\"https:\/\/www.emdg-guilers.org\/index.php\/2020\/12\/15\/pas-de-reprise\/#primaryimage\"},\"image\":{\"@id\":\"https:\/\/www.emdg-guilers.org\/index.php\/2020\/12\/15\/pas-de-reprise\/#primaryimage\"},\"thumbnailUrl\":\"https:\/\/www.emdg-guilers.org\/wp-content\/uploads\/2020\/12\/bonnesvacsemdg-1024x1024.jpg\",\"datePublished\":\"2020-12-15T17:27:04+00:00\",\"dateModified\":\"2020-12-18T14:51:22+00:00\",\"breadcrumb\":{\"@id\":\"https:\/\/www.emdg-guilers.org\/index.php\/2020\/12\/15\/pas-de-reprise\/#breadcrumb\"},\"inLanguage\":\"fr-FR\",\"potentialAction\":[{\"@type\":\"ReadAction\",\"target\":[\"https:\/\/www.emdg-guilers.org\/index.php\/2020\/12\/15\/pas-de-reprise\/\"]}]},{\"@type\":\"ImageObject\",\"inLanguage\":\"fr-FR\",\"@id\":\"https:\/\/www.emdg-guilers.org\/index.php\/2020\/12\/15\/pas-de-reprise\/#primaryimage\",\"url\":\"https:\/\/www.emdg-guilers.org\/wp-content\/uploads\/2020\/12\/bonnesvacsemdg.jpg\",\"contentUrl\":\"https:\/\/www.emdg-guilers.org\/wp-content\/uploads\/2020\/12\/bonnesvacsemdg.jpg\",\"width\":1080,\"height\":1080},{\"@type\":\"BreadcrumbList\",\"@id\":\"https:\/\/www.emdg-guilers.org\/index.php\/2020\/12\/15\/pas-de-reprise\/#breadcrumb\",\"itemListElement\":[{\"@type\":\"ListItem\",\"position\":1,\"name\":\"Accueil\",\"item\":\"https:\/\/www.emdg-guilers.org\/\"},{\"@type\":\"ListItem\",\"position\":2,\"name\":\"Pas de reprise&#8230;\"}]},{\"@type\":\"WebSite\",\"@id\":\"https:\/\/www.emdg-guilers.org\/#website\",\"url\":\"https:\/\/www.emdg-guilers.org\/\",\"name\":\"Ecole de Musique et Danse de Guilers\",\"description\":\"Ecole associative, cours de musique, danse, th\u00e9\u00e2tre accessibles \u00e0 tous\",\"publisher\":{\"@id\":\"https:\/\/www.emdg-guilers.org\/#organization\"},\"potentialAction\":[{\"@type\":\"SearchAction\",\"target\":{\"@type\":\"EntryPoint\",\"urlTemplate\":\"https:\/\/www.emdg-guilers.org\/?s={search_term_string}\"},\"query-input\":\"required name=search_term_string\"}],\"inLanguage\":\"fr-FR\"},{\"@type\":\"Organization\",\"@id\":\"https:\/\/www.emdg-guilers.org\/#organization\",\"name\":\"Ecole de Musique et de Danse\",\"url\":\"https:\/\/www.emdg-guilers.org\/\",\"logo\":{\"@type\":\"ImageObject\",\"inLanguage\":\"fr-FR\",\"@id\":\"https:\/\/www.emdg-guilers.org\/#\/schema\/logo\/image\/\",\"url\":\"https:\/\/www.emdg-guilers.org\/wp-content\/uploads\/2016\/06\/logo2014.jpg\",\"contentUrl\":\"https:\/\/www.emdg-guilers.org\/wp-content\/uploads\/2016\/06\/logo2014.jpg\",\"width\":214,\"height\":116,\"caption\":\"Ecole de Musique et de Danse\"},\"image\":{\"@id\":\"https:\/\/www.emdg-guilers.org\/#\/schema\/logo\/image\/\"},\"sameAs\":[\"https:\/\/www.facebook.com\/Ecole-de-Musique-et-de-Danse-de-Guilers-480017765533016\/\"]},{\"@type\":\"Person\",\"@id\":\"https:\/\/www.emdg-guilers.org\/#\/schema\/person\/5c279d8e49be5f6bfdc87fb9e08559d4\",\"name\":\"Marie Clavier\",\"image\":{\"@type\":\"ImageObject\",\"inLanguage\":\"fr-FR\",\"@id\":\"https:\/\/www.emdg-guilers.org\/#\/schema\/person\/image\/\",\"url\":\"https:\/\/secure.gravatar.com\/avatar\/82505eeeaf6d53a80197cd7ed92e8de4?s=96&d=mm&r=g\",\"contentUrl\":\"https:\/\/secure.gravatar.com\/avatar\/82505eeeaf6d53a80197cd7ed92e8de4?s=96&d=mm&r=g\",\"caption\":\"Marie Clavier\"},\"url\":\"https:\/\/www.emdg-guilers.org\/index.php\/author\/mclavier\/\"}]}<\/script>\n<!-- \/ Yoast SEO plugin. -->","yoast_head_json":{"title":"Pas de reprise... - Ecole de Musique, Danse &amp; Th\u00e9\u00e2tre de Guilers","robots":{"index":"index","follow":"follow","max-snippet":"max-snippet:-1","max-image-preview":"max-image-preview:large","max-video-preview":"max-video-preview:-1"},"canonical":"https:\/\/www.emdg-guilers.org\/index.php\/2020\/12\/15\/pas-de-reprise\/","og_locale":"fr_FR","og_type":"article","og_title":"Pas de reprise... - Ecole de Musique, Danse &amp; Th\u00e9\u00e2tre de Guilers","og_description":"Comme \u00e9voqu\u00e9 la semaine derni\u00e8re par email \u00e0 toutes les familles, l&rsquo;Ecole de Musique et Danse de Guilers ne rouvrira pas ses portes avant les vacances de No\u00ebl 2020. Nous esp\u00e9rons pouvoir accueillir tout le monde \u00e0 nouveau, dans les meilleures conditions, \u00e0 compter de la rentr\u00e9e de janvier 2021.Nous nous tiendrons inform\u00e9s de l&rsquo;\u00e9volution de la situation sanitaire et des directives gouvernementales qui sont susceptibles d&rsquo;\u00e9voluer. Merci de votre compr\u00e9hension.L&rsquo;\u00e9quipe de l&rsquo;EMDG. 15-12-2020","og_url":"https:\/\/www.emdg-guilers.org\/index.php\/2020\/12\/15\/pas-de-reprise\/","og_site_name":"Ecole de Musique, Danse &amp; Th\u00e9\u00e2tre de Guilers","article_publisher":"https:\/\/www.facebook.com\/Ecole-de-Musique-et-de-Danse-de-Guilers-480017765533016\/","article_published_time":"2020-12-15T17:27:04+00:00","article_modified_time":"2020-12-18T14:51:22+00:00","og_image":[{"url":"https:\/\/www.emdg-guilers.org\/wp-content\/uploads\/2020\/12\/bonnesvacsemdg-1024x1024.jpg"}],"author":"Marie Clavier","twitter_card":"summary_large_image","twitter_misc":{"\u00c9crit par":"Marie Clavier"},"schema":{"@context":"https:\/\/schema.org","@graph":[{"@type":"Article","@id":"https:\/\/www.emdg-guilers.org\/index.php\/2020\/12\/15\/pas-de-reprise\/#article","isPartOf":{"@id":"https:\/\/www.emdg-guilers.org\/index.php\/2020\/12\/15\/pas-de-reprise\/"},"author":{"name":"Marie Clavier","@id":"https:\/\/www.emdg-guilers.org\/#\/schema\/person\/5c279d8e49be5f6bfdc87fb9e08559d4"},"headline":"Pas de reprise&#8230;","datePublished":"2020-12-15T17:27:04+00:00","dateModified":"2020-12-18T14:51:22+00:00","mainEntityOfPage":{"@id":"https:\/\/www.emdg-guilers.org\/index.php\/2020\/12\/15\/pas-de-reprise\/"},"wordCount":84,"publisher":{"@id":"https:\/\/www.emdg-guilers.org\/#organization"},"image":{"@id":"https:\/\/www.emdg-guilers.org\/index.php\/2020\/12\/15\/pas-de-reprise\/#primaryimage"},"thumbnailUrl":"https:\/\/www.emdg-guilers.org\/wp-content\/uploads\/2020\/12\/bonnesvacsemdg-1024x1024.jpg","inLanguage":"fr-FR"},{"@type":"WebPage","@id":"https:\/\/www.emdg-guilers.org\/index.php\/2020\/12\/15\/pas-de-reprise\/","url":"https:\/\/www.emdg-guilers.org\/index.php\/2020\/12\/15\/pas-de-reprise\/","name":"Pas de reprise... - Ecole de Musique, Danse &amp; Th\u00e9\u00e2tre de Guilers","isPartOf":{"@id":"https:\/\/www.emdg-guilers.org\/#website"},"primaryImageOfPage":{"@id":"https:\/\/www.emdg-guilers.org\/index.php\/2020\/12\/15\/pas-de-reprise\/#primaryimage"},"image":{"@id":"https:\/\/www.emdg-guilers.org\/index.php\/2020\/12\/15\/pas-de-reprise\/#primaryimage"},"thumbnailUrl":"https:\/\/www.emdg-guilers.org\/wp-content\/uploads\/2020\/12\/bonnesvacsemdg-1024x1024.jpg","datePublished":"2020-12-15T17:27:04+00:00","dateModified":"2020-12-18T14:51:22+00:00","breadcrumb":{"@id":"https:\/\/www.emdg-guilers.org\/index.php\/2020\/12\/15\/pas-de-reprise\/#breadcrumb"},"inLanguage":"fr-FR","potentialAction":[{"@type":"ReadAction","target":["https:\/\/www.emdg-guilers.org\/index.php\/2020\/12\/15\/pas-de-reprise\/"]}]},{"@type":"ImageObject","inLanguage":"fr-FR","@id":"https:\/\/www.emdg-guilers.org\/index.php\/2020\/12\/15\/pas-de-reprise\/#primaryimage","url":"https:\/\/www.emdg-guilers.org\/wp-content\/uploads\/2020\/12\/bonnesvacsemdg.jpg","contentUrl":"https:\/\/www.emdg-guilers.org\/wp-content\/uploads\/2020\/12\/bonnesvacsemdg.jpg","width":1080,"height":1080},{"@type":"BreadcrumbList","@id":"https:\/\/www.emdg-guilers.org\/index.php\/2020\/12\/15\/pas-de-reprise\/#breadcrumb","itemListElement":[{"@type":"ListItem","position":1,"name":"Accueil","item":"https:\/\/www.emdg-guilers.org\/"},{"@type":"ListItem","position":2,"name":"Pas de reprise&#8230;"}]},{"@type":"WebSite","@id":"https:\/\/www.emdg-guilers.org\/#website","url":"https:\/\/www.emdg-guilers.org\/","name":"Ecole de Musique et Danse de Guilers","description":"Ecole associative, cours de musique, danse, th\u00e9\u00e2tre accessibles \u00e0 tous","publisher":{"@id":"https:\/\/www.emdg-guilers.org\/#organization"},"potentialAction":[{"@type":"SearchAction","target":{"@type":"EntryPoint","urlTemplate":"https:\/\/www.emdg-guilers.org\/?s={search_term_string}"},"query-input":"required name=search_term_string"}],"inLanguage":"fr-FR"},{"@type":"Organization","@id":"https:\/\/www.emdg-guilers.org\/#organization","name":"Ecole de Musique et de Danse","url":"https:\/\/www.emdg-guilers.org\/","logo":{"@type":"ImageObject","inLanguage":"fr-FR","@id":"https:\/\/www.emdg-guilers.org\/#\/schema\/logo\/image\/","url":"https:\/\/www.emdg-guilers.org\/wp-content\/uploads\/2016\/06\/logo2014.jpg","contentUrl":"https:\/\/www.emdg-guilers.org\/wp-content\/uploads\/2016\/06\/logo2014.jpg","width":214,"height":116,"caption":"Ecole de Musique et de Danse"},"image":{"@id":"https:\/\/www.emdg-guilers.org\/#\/schema\/logo\/image\/"},"sameAs":["https:\/\/www.facebook.com\/Ecole-de-Musique-et-de-Danse-de-Guilers-480017765533016\/"]},{"@type":"Person","@id":"https:\/\/www.emdg-guilers.org\/#\/schema\/person\/5c279d8e49be5f6bfdc87fb9e08559d4","name":"Marie Clavier","image":{"@type":"ImageObject","inLanguage":"fr-FR","@id":"https:\/\/www.emdg-guilers.org\/#\/schema\/person\/image\/","url":"https:\/\/secure.gravatar.com\/avatar\/82505eeeaf6d53a80197cd7ed92e8de4?s=96&d=mm&r=g","contentUrl":"https:\/\/secure.gravatar.com\/avatar\/82505eeeaf6d53a80197cd7ed92e8de4?s=96&d=mm&r=g","caption":"Marie Clavier"},"url":"https:\/\/www.emdg-guilers.org\/index.php\/author\/mclavier\/"}]}},"_links":{"self":[{"href":"https:\/\/www.emdg-guilers.org\/index.php\/wp-json\/wp\/v2\/posts\/2177"}],"collection":[{"href":"https:\/\/www.emdg-guilers.org\/index.php\/wp-json\/wp\/v2\/posts"}],"about":[{"href":"https:\/\/www.emdg-guilers.org\/index.php\/wp-json\/wp\/v2\/types\/post"}],"author":[{"embeddable":true,"href":"https:\/\/www.emdg-guilers.org\/index.php\/wp-json\/wp\/v2\/users\/3"}],"replies":[{"embeddable":true,"href":"https:\/\/www.emdg-guilers.org\/index.php\/wp-json\/wp\/v2\/comments?post=2177"}],"version-history":[{"count":3,"href":"https:\/\/www.emdg-guilers.org\/index.php\/wp-json\/wp\/v2\/posts\/2177\/revisions"}],"predecessor-version":[{"id":2181,"href":"https:\/\/www.emdg-guilers.org\/index.php\/wp-json\/wp\/v2\/posts\/2177\/revisions\/2181"}],"wp:attachment":[{"href":"https:\/\/www.emdg-guilers.org\/index.php\/wp-json\/wp\/v2\/media?parent=2177"}],"wp:term":[{"taxonomy":"category","embeddable":true,"href":"https:\/\/www.emdg-guilers.org\/index.php\/wp-json\/wp\/v2\/categories?post=2177"},{"taxonomy":"post_tag","embeddable":true,"href":"https:\/\/www.emdg-guilers.org\/index.php\/wp-json\/wp\/v2\/tags?post=2177"}],"curies":[{"name":"wp","href":"https:\/\/api.w.org\/{rel}","templated":true}]}}