{"id":2198,"date":"2021-01-11T10:37:07","date_gmt":"2021-01-11T09:37:07","guid":{"rendered":"https:\/\/www.emdg-guilers.org\/?p=2198"},"modified":"2021-01-11T10:37:08","modified_gmt":"2021-01-11T09:37:08","slug":"reprise-des-cours","status":"publish","type":"post","link":"https:\/\/www.emdg-guilers.org\/index.php\/2021\/01\/11\/reprise-des-cours\/","title":{"rendered":"Reprise des cours"},"content":{"rendered":"\n<p>Les cours ont repris le 4 janvier 2021 <strong>pour tous les \u00e9l\u00e8ves de moins de 18 ans.<\/strong>  (Sauf cas particulier vu avec le professeur). <br>Les cours continuent en visio pour les \u00e9l\u00e8ves majeurs. <br>Certains ajustements sont \u00e0 noter afin de respecter le couvre-feu : <br><br>&#8211; Danse modern jazz : Atelier chor\u00e9graphique (jeudi 18h30-19h45) \/ Ados (jeudi 19h45-20h45)<br>&#8211; Danse classique : Ados pointes (lundi 18h30-19h45) \/ Ados d\u00e9butants (mardi 19h15-20h15)<br>&#8211; Danse hip hop : Niveau 2 et niveau 3 fusionn\u00e9s (vendredi 18h45-20h)<\/p>\n\n\n\n<p>Toutes les familles ont re\u00e7u un certificat de scolarit\u00e9, \u00e0 pr\u00e9senter accompagn\u00e9 de <a href=\"\/Users\/EMDG\/Downloads\/15-12-2020-attestation-de-deplacement-derogatoire%20(1).pdf\" target=\"_blank\" rel=\"noreferrer noopener\">l&rsquo;attestation de d\u00e9placement<\/a> (cocher la 1\u00e8re case). <\/p>\n\n\n\n<p>Pour toute question : emdg29@gmail.com <\/p>\n\n\n\n<p> <br><br><\/p>\n","protected":false},"excerpt":{"rendered":"<p>Les cours ont repris le 4 janvier 2021 pour tous les \u00e9l\u00e8ves de moins de 18 ans. (Sauf cas particulier vu avec le professeur). Les cours continuent en visio pour les \u00e9l\u00e8ves majeurs. Certains ajustements sont \u00e0 noter afin de respecter le couvre-feu : &#8211; Danse modern jazz : Atelier chor\u00e9graphique (jeudi 18h30-19h45) \/ Ados (jeudi 19h45-20h45)&#8211; Danse classique : Ados pointes (lundi 18h30-19h45) \/ Ados d\u00e9butants (mardi 19h15-20h15)&#8211; Danse hip hop : Niveau 2 et niveau 3 fusionn\u00e9s (vendredi&#8230;<\/p>\n<p class=\"read-more\"><a class=\"btn btn-default\" href=\"https:\/\/www.emdg-guilers.org\/index.php\/2021\/01\/11\/reprise-des-cours\/\">Lire la suite<span class=\"screen-reader-text\"> Lire la suite<\/span><\/a><\/p>\n","protected":false},"author":3,"featured_media":0,"comment_status":"closed","ping_status":"closed","sticky":false,"template":"","format":"standard","meta":{"footnotes":""},"categories":[1],"tags":[],"yoast_head":"<!-- This site is optimized with the Yoast SEO plugin v22.4 - https:\/\/yoast.com\/wordpress\/plugins\/seo\/ -->\n<title>Reprise des cours - Ecole de Musique, Danse &amp; Th\u00e9\u00e2tre de Guilers<\/title>\n<meta name=\"robots\" content=\"index, follow, max-snippet:-1, max-image-preview:large, max-video-preview:-1\" \/>\n<link rel=\"canonical\" href=\"https:\/\/www.emdg-guilers.org\/index.php\/2021\/01\/11\/reprise-des-cours\/\" \/>\n<meta property=\"og:locale\" content=\"fr_FR\" \/>\n<meta property=\"og:type\" content=\"article\" \/>\n<meta property=\"og:title\" content=\"Reprise des cours - Ecole de Musique, Danse &amp; Th\u00e9\u00e2tre de Guilers\" \/>\n<meta property=\"og:description\" content=\"Les cours ont repris le 4 janvier 2021 pour tous les \u00e9l\u00e8ves de moins de 18 ans. (Sauf cas particulier vu avec le professeur). Les cours continuent en visio pour les \u00e9l\u00e8ves majeurs. Certains ajustements sont \u00e0 noter afin de respecter le couvre-feu : &#8211; Danse modern jazz : Atelier chor\u00e9graphique (jeudi 18h30-19h45) \/ Ados (jeudi 19h45-20h45)&#8211; Danse classique : Ados pointes (lundi 18h30-19h45) \/ Ados d\u00e9butants (mardi 19h15-20h15)&#8211; Danse hip hop : Niveau 2 et niveau 3 fusionn\u00e9s (vendredi...Lire la suite Lire la suite\" \/>\n<meta property=\"og:url\" content=\"https:\/\/www.emdg-guilers.org\/index.php\/2021\/01\/11\/reprise-des-cours\/\" \/>\n<meta property=\"og:site_name\" content=\"Ecole de Musique, Danse &amp; Th\u00e9\u00e2tre de Guilers\" \/>\n<meta property=\"article:publisher\" content=\"https:\/\/www.facebook.com\/Ecole-de-Musique-et-de-Danse-de-Guilers-480017765533016\/\" \/>\n<meta property=\"article:published_time\" content=\"2021-01-11T09:37:07+00:00\" \/>\n<meta property=\"article:modified_time\" content=\"2021-01-11T09:37:08+00:00\" \/>\n<meta name=\"author\" content=\"Marie Clavier\" \/>\n<meta name=\"twitter:card\" content=\"summary_large_image\" \/>\n<meta name=\"twitter:label1\" content=\"\u00c9crit par\" \/>\n\t<meta name=\"twitter:data1\" content=\"Marie Clavier\" \/>\n\t<meta name=\"twitter:label2\" content=\"Dur\u00e9e de lecture estim\u00e9e\" \/>\n\t<meta name=\"twitter:data2\" content=\"1 minute\" \/>\n<script type=\"application\/ld+json\" class=\"yoast-schema-graph\">{\"@context\":\"https:\/\/schema.org\",\"@graph\":[{\"@type\":\"Article\",\"@id\":\"https:\/\/www.emdg-guilers.org\/index.php\/2021\/01\/11\/reprise-des-cours\/#article\",\"isPartOf\":{\"@id\":\"https:\/\/www.emdg-guilers.org\/index.php\/2021\/01\/11\/reprise-des-cours\/\"},\"author\":{\"name\":\"Marie Clavier\",\"@id\":\"https:\/\/www.emdg-guilers.org\/#\/schema\/person\/5c279d8e49be5f6bfdc87fb9e08559d4\"},\"headline\":\"Reprise des cours\",\"datePublished\":\"2021-01-11T09:37:07+00:00\",\"dateModified\":\"2021-01-11T09:37:08+00:00\",\"mainEntityOfPage\":{\"@id\":\"https:\/\/www.emdg-guilers.org\/index.php\/2021\/01\/11\/reprise-des-cours\/\"},\"wordCount\":117,\"publisher\":{\"@id\":\"https:\/\/www.emdg-guilers.org\/#organization\"},\"inLanguage\":\"fr-FR\"},{\"@type\":\"WebPage\",\"@id\":\"https:\/\/www.emdg-guilers.org\/index.php\/2021\/01\/11\/reprise-des-cours\/\",\"url\":\"https:\/\/www.emdg-guilers.org\/index.php\/2021\/01\/11\/reprise-des-cours\/\",\"name\":\"Reprise des cours - Ecole de Musique, Danse &amp; Th\u00e9\u00e2tre de Guilers\",\"isPartOf\":{\"@id\":\"https:\/\/www.emdg-guilers.org\/#website\"},\"datePublished\":\"2021-01-11T09:37:07+00:00\",\"dateModified\":\"2021-01-11T09:37:08+00:00\",\"breadcrumb\":{\"@id\":\"https:\/\/www.emdg-guilers.org\/index.php\/2021\/01\/11\/reprise-des-cours\/#breadcrumb\"},\"inLanguage\":\"fr-FR\",\"potentialAction\":[{\"@type\":\"ReadAction\",\"target\":[\"https:\/\/www.emdg-guilers.org\/index.php\/2021\/01\/11\/reprise-des-cours\/\"]}]},{\"@type\":\"BreadcrumbList\",\"@id\":\"https:\/\/www.emdg-guilers.org\/index.php\/2021\/01\/11\/reprise-des-cours\/#breadcrumb\",\"itemListElement\":[{\"@type\":\"ListItem\",\"position\":1,\"name\":\"Accueil\",\"item\":\"https:\/\/www.emdg-guilers.org\/\"},{\"@type\":\"ListItem\",\"position\":2,\"name\":\"Reprise des cours\"}]},{\"@type\":\"WebSite\",\"@id\":\"https:\/\/www.emdg-guilers.org\/#website\",\"url\":\"https:\/\/www.emdg-guilers.org\/\",\"name\":\"Ecole de Musique et Danse de Guilers\",\"description\":\"Ecole associative, cours de musique, danse, th\u00e9\u00e2tre accessibles \u00e0 tous\",\"publisher\":{\"@id\":\"https:\/\/www.emdg-guilers.org\/#organization\"},\"potentialAction\":[{\"@type\":\"SearchAction\",\"target\":{\"@type\":\"EntryPoint\",\"urlTemplate\":\"https:\/\/www.emdg-guilers.org\/?s={search_term_string}\"},\"query-input\":\"required name=search_term_string\"}],\"inLanguage\":\"fr-FR\"},{\"@type\":\"Organization\",\"@id\":\"https:\/\/www.emdg-guilers.org\/#organization\",\"name\":\"Ecole de Musique et de Danse\",\"url\":\"https:\/\/www.emdg-guilers.org\/\",\"logo\":{\"@type\":\"ImageObject\",\"inLanguage\":\"fr-FR\",\"@id\":\"https:\/\/www.emdg-guilers.org\/#\/schema\/logo\/image\/\",\"url\":\"https:\/\/www.emdg-guilers.org\/wp-content\/uploads\/2016\/06\/logo2014.jpg\",\"contentUrl\":\"https:\/\/www.emdg-guilers.org\/wp-content\/uploads\/2016\/06\/logo2014.jpg\",\"width\":214,\"height\":116,\"caption\":\"Ecole de Musique et de Danse\"},\"image\":{\"@id\":\"https:\/\/www.emdg-guilers.org\/#\/schema\/logo\/image\/\"},\"sameAs\":[\"https:\/\/www.facebook.com\/Ecole-de-Musique-et-de-Danse-de-Guilers-480017765533016\/\"]},{\"@type\":\"Person\",\"@id\":\"https:\/\/www.emdg-guilers.org\/#\/schema\/person\/5c279d8e49be5f6bfdc87fb9e08559d4\",\"name\":\"Marie Clavier\",\"image\":{\"@type\":\"ImageObject\",\"inLanguage\":\"fr-FR\",\"@id\":\"https:\/\/www.emdg-guilers.org\/#\/schema\/person\/image\/\",\"url\":\"https:\/\/secure.gravatar.com\/avatar\/82505eeeaf6d53a80197cd7ed92e8de4?s=96&d=mm&r=g\",\"contentUrl\":\"https:\/\/secure.gravatar.com\/avatar\/82505eeeaf6d53a80197cd7ed92e8de4?s=96&d=mm&r=g\",\"caption\":\"Marie Clavier\"},\"url\":\"https:\/\/www.emdg-guilers.org\/index.php\/author\/mclavier\/\"}]}<\/script>\n<!-- \/ Yoast SEO plugin. -->","yoast_head_json":{"title":"Reprise des cours - Ecole de Musique, Danse &amp; Th\u00e9\u00e2tre de Guilers","robots":{"index":"index","follow":"follow","max-snippet":"max-snippet:-1","max-image-preview":"max-image-preview:large","max-video-preview":"max-video-preview:-1"},"canonical":"https:\/\/www.emdg-guilers.org\/index.php\/2021\/01\/11\/reprise-des-cours\/","og_locale":"fr_FR","og_type":"article","og_title":"Reprise des cours - Ecole de Musique, Danse &amp; Th\u00e9\u00e2tre de Guilers","og_description":"Les cours ont repris le 4 janvier 2021 pour tous les \u00e9l\u00e8ves de moins de 18 ans. (Sauf cas particulier vu avec le professeur). Les cours continuent en visio pour les \u00e9l\u00e8ves majeurs. Certains ajustements sont \u00e0 noter afin de respecter le couvre-feu : &#8211; Danse modern jazz : Atelier chor\u00e9graphique (jeudi 18h30-19h45) \/ Ados (jeudi 19h45-20h45)&#8211; Danse classique : Ados pointes (lundi 18h30-19h45) \/ Ados d\u00e9butants (mardi 19h15-20h15)&#8211; Danse hip hop : Niveau 2 et niveau 3 fusionn\u00e9s (vendredi...Lire la suite Lire la suite","og_url":"https:\/\/www.emdg-guilers.org\/index.php\/2021\/01\/11\/reprise-des-cours\/","og_site_name":"Ecole de Musique, Danse &amp; Th\u00e9\u00e2tre de Guilers","article_publisher":"https:\/\/www.facebook.com\/Ecole-de-Musique-et-de-Danse-de-Guilers-480017765533016\/","article_published_time":"2021-01-11T09:37:07+00:00","article_modified_time":"2021-01-11T09:37:08+00:00","author":"Marie Clavier","twitter_card":"summary_large_image","twitter_misc":{"\u00c9crit par":"Marie Clavier","Dur\u00e9e de lecture estim\u00e9e":"1 minute"},"schema":{"@context":"https:\/\/schema.org","@graph":[{"@type":"Article","@id":"https:\/\/www.emdg-guilers.org\/index.php\/2021\/01\/11\/reprise-des-cours\/#article","isPartOf":{"@id":"https:\/\/www.emdg-guilers.org\/index.php\/2021\/01\/11\/reprise-des-cours\/"},"author":{"name":"Marie Clavier","@id":"https:\/\/www.emdg-guilers.org\/#\/schema\/person\/5c279d8e49be5f6bfdc87fb9e08559d4"},"headline":"Reprise des cours","datePublished":"2021-01-11T09:37:07+00:00","dateModified":"2021-01-11T09:37:08+00:00","mainEntityOfPage":{"@id":"https:\/\/www.emdg-guilers.org\/index.php\/2021\/01\/11\/reprise-des-cours\/"},"wordCount":117,"publisher":{"@id":"https:\/\/www.emdg-guilers.org\/#organization"},"inLanguage":"fr-FR"},{"@type":"WebPage","@id":"https:\/\/www.emdg-guilers.org\/index.php\/2021\/01\/11\/reprise-des-cours\/","url":"https:\/\/www.emdg-guilers.org\/index.php\/2021\/01\/11\/reprise-des-cours\/","name":"Reprise des cours - Ecole de Musique, Danse &amp; Th\u00e9\u00e2tre de Guilers","isPartOf":{"@id":"https:\/\/www.emdg-guilers.org\/#website"},"datePublished":"2021-01-11T09:37:07+00:00","dateModified":"2021-01-11T09:37:08+00:00","breadcrumb":{"@id":"https:\/\/www.emdg-guilers.org\/index.php\/2021\/01\/11\/reprise-des-cours\/#breadcrumb"},"inLanguage":"fr-FR","potentialAction":[{"@type":"ReadAction","target":["https:\/\/www.emdg-guilers.org\/index.php\/2021\/01\/11\/reprise-des-cours\/"]}]},{"@type":"BreadcrumbList","@id":"https:\/\/www.emdg-guilers.org\/index.php\/2021\/01\/11\/reprise-des-cours\/#breadcrumb","itemListElement":[{"@type":"ListItem","position":1,"name":"Accueil","item":"https:\/\/www.emdg-guilers.org\/"},{"@type":"ListItem","position":2,"name":"Reprise des cours"}]},{"@type":"WebSite","@id":"https:\/\/www.emdg-guilers.org\/#website","url":"https:\/\/www.emdg-guilers.org\/","name":"Ecole de Musique et Danse de Guilers","description":"Ecole associative, cours de musique, danse, th\u00e9\u00e2tre accessibles \u00e0 tous","publisher":{"@id":"https:\/\/www.emdg-guilers.org\/#organization"},"potentialAction":[{"@type":"SearchAction","target":{"@type":"EntryPoint","urlTemplate":"https:\/\/www.emdg-guilers.org\/?s={search_term_string}"},"query-input":"required name=search_term_string"}],"inLanguage":"fr-FR"},{"@type":"Organization","@id":"https:\/\/www.emdg-guilers.org\/#organization","name":"Ecole de Musique et de Danse","url":"https:\/\/www.emdg-guilers.org\/","logo":{"@type":"ImageObject","inLanguage":"fr-FR","@id":"https:\/\/www.emdg-guilers.org\/#\/schema\/logo\/image\/","url":"https:\/\/www.emdg-guilers.org\/wp-content\/uploads\/2016\/06\/logo2014.jpg","contentUrl":"https:\/\/www.emdg-guilers.org\/wp-content\/uploads\/2016\/06\/logo2014.jpg","width":214,"height":116,"caption":"Ecole de Musique et de Danse"},"image":{"@id":"https:\/\/www.emdg-guilers.org\/#\/schema\/logo\/image\/"},"sameAs":["https:\/\/www.facebook.com\/Ecole-de-Musique-et-de-Danse-de-Guilers-480017765533016\/"]},{"@type":"Person","@id":"https:\/\/www.emdg-guilers.org\/#\/schema\/person\/5c279d8e49be5f6bfdc87fb9e08559d4","name":"Marie Clavier","image":{"@type":"ImageObject","inLanguage":"fr-FR","@id":"https:\/\/www.emdg-guilers.org\/#\/schema\/person\/image\/","url":"https:\/\/secure.gravatar.com\/avatar\/82505eeeaf6d53a80197cd7ed92e8de4?s=96&d=mm&r=g","contentUrl":"https:\/\/secure.gravatar.com\/avatar\/82505eeeaf6d53a80197cd7ed92e8de4?s=96&d=mm&r=g","caption":"Marie Clavier"},"url":"https:\/\/www.emdg-guilers.org\/index.php\/author\/mclavier\/"}]}},"_links":{"self":[{"href":"https:\/\/www.emdg-guilers.org\/index.php\/wp-json\/wp\/v2\/posts\/2198"}],"collection":[{"href":"https:\/\/www.emdg-guilers.org\/index.php\/wp-json\/wp\/v2\/posts"}],"about":[{"href":"https:\/\/www.emdg-guilers.org\/index.php\/wp-json\/wp\/v2\/types\/post"}],"author":[{"embeddable":true,"href":"https:\/\/www.emdg-guilers.org\/index.php\/wp-json\/wp\/v2\/users\/3"}],"replies":[{"embeddable":true,"href":"https:\/\/www.emdg-guilers.org\/index.php\/wp-json\/wp\/v2\/comments?post=2198"}],"version-history":[{"count":1,"href":"https:\/\/www.emdg-guilers.org\/index.php\/wp-json\/wp\/v2\/posts\/2198\/revisions"}],"predecessor-version":[{"id":2199,"href":"https:\/\/www.emdg-guilers.org\/index.php\/wp-json\/wp\/v2\/posts\/2198\/revisions\/2199"}],"wp:attachment":[{"href":"https:\/\/www.emdg-guilers.org\/index.php\/wp-json\/wp\/v2\/media?parent=2198"}],"wp:term":[{"taxonomy":"category","embeddable":true,"href":"https:\/\/www.emdg-guilers.org\/index.php\/wp-json\/wp\/v2\/categories?post=2198"},{"taxonomy":"post_tag","embeddable":true,"href":"https:\/\/www.emdg-guilers.org\/index.php\/wp-json\/wp\/v2\/tags?post=2198"}],"curies":[{"name":"wp","href":"https:\/\/api.w.org\/{rel}","templated":true}]}}