{"id":2216,"date":"2021-01-20T16:48:22","date_gmt":"2021-01-20T15:48:22","guid":{"rendered":"https:\/\/www.emdg-guilers.org\/?p=2216"},"modified":"2021-02-01T12:32:28","modified_gmt":"2021-02-01T11:32:28","slug":"et-les-changements-continuent-danse-autorisee","status":"publish","type":"post","link":"https:\/\/www.emdg-guilers.org\/index.php\/2021\/01\/20\/et-les-changements-continuent-danse-autorisee\/","title":{"rendered":"Organisation danse-musique"},"content":{"rendered":"\n<p><strong>Point de situation le 01-02-2021<\/strong><br>Nous avons re\u00e7u l&rsquo;autorisation ce jour de reprendre les cours de danse \u00ab\u00a0en pr\u00e9sentiel\u00a0\u00bb par la sous-pr\u00e9fecture et la commune.<br>Pour des questions d&rsquo;organisation et d&rsquo;adaptation, les cours de modern jazz et classique reprendront \u00e0 compter du 25-01-2021. Nous vous communiquerons les modalit\u00e9s de r\u00e9organisation du planning prochainement.<br><strong>INFORMATIONS VALABLES JUSQU\u2019\u00c0 NOUVEL ORDRE<\/strong> (01-02-2021)<br><br><strong>Le hip hop reprend d\u00e8s le 20-01-2021 comme ceci : <\/strong><br>Hip Hop d\u00e9couverte G1 &#8211; 10-12 ans Mercredi 17h45-18h45 <br>Niveau 1 &#8211; 12-14 ans Vendredi 17h45-18h45 <br>-&gt;Fusion de ces 2 cours l\u00e0 le mercredi de 17h10 \u00e0 18h<\/p>\n\n\n\n<p>Niveau 2 Vendredi 19h-20h15 <br>Niveau 3 Vendredi 20h30-21h45<br>-&gt;Fusion ces 2 cours l\u00e0Le vendredi de 17h10 \u00e0 18h<\/p>\n\n\n\n<p><strong>Danse Classique emploi du temps \u00e0 compter du 25-01-2021 :<\/strong><br>Lundi : 17h10 : init2 group 1 (au lieu de lundi 17h30-18h30)<br>Mardi : 17h15 : \u00e9veil (pas de changements)<br>Mercredi : 10h15 : \u00e9veil (\u00e0 la place de l&rsquo;\u00e9veil de mercredi 12h)<br>11h : init 1  (pas de changements)<br>12h45 : init 2 groupe 2 (au lieu de mercredi 13h30)<br>13h45 : pr\u00e9pa 1 deb et avanc\u00e9s (au lieu de mercredi 14h30 et 15h45)<br>14h45 : pr\u00e9pa 2(au lieu de mercredi 17h)<br>15h45 : \u00e9l\u00e9mentaire 1 et ados adultes deb (au lieu de mercredi 18h15 et mardi 19h15)<br>16h45 : \u00e9l\u00e9mentaire 2 et ados (au lieu de mardi 18h et lundi 18h45)<br><br><strong>Danse modern jazz emploi du temps \u00e0 compter du 25-01-2021<\/strong><br><br>Mardi : <br>17h15-18h &#8211; initiation (au lieu de mardi 17h30-18h30)<br>Samedi : <br>13h30-14h45\u00a0&#8211; 9-10 ans (fusion des 2 groupes, dont le groupe du mardi 18h30-19h45)<br>11-12 ans (CM2-6<sup>e<\/sup>) :\u00a014h45-16h (pas de changements)<br>13-14 ans (5<sup>e<\/sup>-4<sup>e<\/sup>) et ados\u00a0:\u00a016h15-17h30 &#8211; fusion avec les ados du jeudi (20h-21h15)<br>Atelier chor\u00e9graphique en visio (\u00e0 voir avec M\u00e9lanie)<\/p>\n\n\n\n<p>Formation musicale :<br><\/p>\n\n\n\n<p><strong>FORMATION MUSICALE<\/strong><\/p>\n\n\n\n<p>MARDI<br>Cours du mardi FM 1 &#8211; 17h15-18h15 d\u00e9cal\u00e9 au mardi 17h-17h50 \u2013 Avec Charles Renaud<br>Cours du mardi FM2 &#8211; 18h15-19h15 d\u00e9cal\u00e9 le mercredi 17h-17h50 \u2013 Avec Charles Renaud<\/p>\n\n\n\n<p>MERCREDI<br>Tout maintenu + nouveaux cr\u00e9neaux propos\u00e9s<\/p>\n\n\n\n<p>JEUDI<br>Cours de jeudi 18h15-19h15 d\u00e9cal\u00e9 au mercredi de 11h \u00e0 12h \u2013 Avec Mathieu Renault<\/p>\n\n\n\n<p><br><br><br>N&rsquo;h\u00e9sitez pas \u00e0 vous r\u00e9f\u00e9rer \u00e0 <a href=\"https:\/\/www.emdg-guilers.org\/index.php\/danse\/classique\/\">l&#8217;emploi du temps habituel <\/a>si vous avez un doute sur l&rsquo;intitul\u00e9 du groupe de votre enfant.<br><br><br><br>merci pour votre adaptation !<\/p>\n","protected":false},"excerpt":{"rendered":"<p>Point de situation le 01-02-2021Nous avons re\u00e7u l&rsquo;autorisation ce jour de reprendre les cours de danse \u00ab\u00a0en pr\u00e9sentiel\u00a0\u00bb par la sous-pr\u00e9fecture et la commune.Pour des questions d&rsquo;organisation et d&rsquo;adaptation, les cours de modern jazz et classique reprendront \u00e0 compter du 25-01-2021. Nous vous communiquerons les modalit\u00e9s de r\u00e9organisation du planning prochainement.INFORMATIONS VALABLES JUSQU\u2019\u00c0 NOUVEL ORDRE (01-02-2021) Le hip hop reprend d\u00e8s le 20-01-2021 comme ceci : Hip Hop d\u00e9couverte G1 &#8211; 10-12 ans Mercredi 17h45-18h45 Niveau 1 &#8211; 12-14 ans&#8230;<\/p>\n<p class=\"read-more\"><a class=\"btn btn-default\" href=\"https:\/\/www.emdg-guilers.org\/index.php\/2021\/01\/20\/et-les-changements-continuent-danse-autorisee\/\">Lire la suite<span class=\"screen-reader-text\"> Lire la suite<\/span><\/a><\/p>\n","protected":false},"author":3,"featured_media":0,"comment_status":"closed","ping_status":"closed","sticky":false,"template":"","format":"standard","meta":{"footnotes":""},"categories":[1],"tags":[],"yoast_head":"<!-- This site is optimized with the Yoast SEO plugin v22.4 - https:\/\/yoast.com\/wordpress\/plugins\/seo\/ -->\n<title>Organisation danse-musique - Ecole de Musique, Danse &amp; Th\u00e9\u00e2tre de Guilers<\/title>\n<meta name=\"robots\" content=\"index, follow, max-snippet:-1, max-image-preview:large, max-video-preview:-1\" \/>\n<link rel=\"canonical\" href=\"https:\/\/www.emdg-guilers.org\/index.php\/2021\/01\/20\/et-les-changements-continuent-danse-autorisee\/\" \/>\n<meta property=\"og:locale\" content=\"fr_FR\" \/>\n<meta property=\"og:type\" content=\"article\" \/>\n<meta property=\"og:title\" content=\"Organisation danse-musique - Ecole de Musique, Danse &amp; Th\u00e9\u00e2tre de Guilers\" \/>\n<meta property=\"og:description\" content=\"Point de situation le 01-02-2021Nous avons re\u00e7u l&rsquo;autorisation ce jour de reprendre les cours de danse \u00ab\u00a0en pr\u00e9sentiel\u00a0\u00bb par la sous-pr\u00e9fecture et la commune.Pour des questions d&rsquo;organisation et d&rsquo;adaptation, les cours de modern jazz et classique reprendront \u00e0 compter du 25-01-2021. Nous vous communiquerons les modalit\u00e9s de r\u00e9organisation du planning prochainement.INFORMATIONS VALABLES JUSQU\u2019\u00c0 NOUVEL ORDRE (01-02-2021) Le hip hop reprend d\u00e8s le 20-01-2021 comme ceci : Hip Hop d\u00e9couverte G1 &#8211; 10-12 ans Mercredi 17h45-18h45 Niveau 1 &#8211; 12-14 ans...Lire la suite Lire la suite\" \/>\n<meta property=\"og:url\" content=\"https:\/\/www.emdg-guilers.org\/index.php\/2021\/01\/20\/et-les-changements-continuent-danse-autorisee\/\" \/>\n<meta property=\"og:site_name\" content=\"Ecole de Musique, Danse &amp; Th\u00e9\u00e2tre de Guilers\" \/>\n<meta property=\"article:publisher\" content=\"https:\/\/www.facebook.com\/Ecole-de-Musique-et-de-Danse-de-Guilers-480017765533016\/\" \/>\n<meta property=\"article:published_time\" content=\"2021-01-20T15:48:22+00:00\" \/>\n<meta property=\"article:modified_time\" content=\"2021-02-01T11:32:28+00:00\" \/>\n<meta name=\"author\" content=\"Marie Clavier\" \/>\n<meta name=\"twitter:card\" content=\"summary_large_image\" \/>\n<meta name=\"twitter:label1\" content=\"\u00c9crit par\" \/>\n\t<meta name=\"twitter:data1\" content=\"Marie Clavier\" \/>\n\t<meta name=\"twitter:label2\" content=\"Dur\u00e9e de lecture estim\u00e9e\" \/>\n\t<meta name=\"twitter:data2\" content=\"2 minutes\" \/>\n<script type=\"application\/ld+json\" class=\"yoast-schema-graph\">{\"@context\":\"https:\/\/schema.org\",\"@graph\":[{\"@type\":\"Article\",\"@id\":\"https:\/\/www.emdg-guilers.org\/index.php\/2021\/01\/20\/et-les-changements-continuent-danse-autorisee\/#article\",\"isPartOf\":{\"@id\":\"https:\/\/www.emdg-guilers.org\/index.php\/2021\/01\/20\/et-les-changements-continuent-danse-autorisee\/\"},\"author\":{\"name\":\"Marie Clavier\",\"@id\":\"https:\/\/www.emdg-guilers.org\/#\/schema\/person\/5c279d8e49be5f6bfdc87fb9e08559d4\"},\"headline\":\"Organisation danse-musique\",\"datePublished\":\"2021-01-20T15:48:22+00:00\",\"dateModified\":\"2021-02-01T11:32:28+00:00\",\"mainEntityOfPage\":{\"@id\":\"https:\/\/www.emdg-guilers.org\/index.php\/2021\/01\/20\/et-les-changements-continuent-danse-autorisee\/\"},\"wordCount\":397,\"publisher\":{\"@id\":\"https:\/\/www.emdg-guilers.org\/#organization\"},\"inLanguage\":\"fr-FR\"},{\"@type\":\"WebPage\",\"@id\":\"https:\/\/www.emdg-guilers.org\/index.php\/2021\/01\/20\/et-les-changements-continuent-danse-autorisee\/\",\"url\":\"https:\/\/www.emdg-guilers.org\/index.php\/2021\/01\/20\/et-les-changements-continuent-danse-autorisee\/\",\"name\":\"Organisation danse-musique - Ecole de Musique, Danse &amp; Th\u00e9\u00e2tre de Guilers\",\"isPartOf\":{\"@id\":\"https:\/\/www.emdg-guilers.org\/#website\"},\"datePublished\":\"2021-01-20T15:48:22+00:00\",\"dateModified\":\"2021-02-01T11:32:28+00:00\",\"breadcrumb\":{\"@id\":\"https:\/\/www.emdg-guilers.org\/index.php\/2021\/01\/20\/et-les-changements-continuent-danse-autorisee\/#breadcrumb\"},\"inLanguage\":\"fr-FR\",\"potentialAction\":[{\"@type\":\"ReadAction\",\"target\":[\"https:\/\/www.emdg-guilers.org\/index.php\/2021\/01\/20\/et-les-changements-continuent-danse-autorisee\/\"]}]},{\"@type\":\"BreadcrumbList\",\"@id\":\"https:\/\/www.emdg-guilers.org\/index.php\/2021\/01\/20\/et-les-changements-continuent-danse-autorisee\/#breadcrumb\",\"itemListElement\":[{\"@type\":\"ListItem\",\"position\":1,\"name\":\"Accueil\",\"item\":\"https:\/\/www.emdg-guilers.org\/\"},{\"@type\":\"ListItem\",\"position\":2,\"name\":\"Organisation danse-musique\"}]},{\"@type\":\"WebSite\",\"@id\":\"https:\/\/www.emdg-guilers.org\/#website\",\"url\":\"https:\/\/www.emdg-guilers.org\/\",\"name\":\"Ecole de Musique et Danse de Guilers\",\"description\":\"Ecole associative, cours de musique, danse, th\u00e9\u00e2tre accessibles \u00e0 tous\",\"publisher\":{\"@id\":\"https:\/\/www.emdg-guilers.org\/#organization\"},\"potentialAction\":[{\"@type\":\"SearchAction\",\"target\":{\"@type\":\"EntryPoint\",\"urlTemplate\":\"https:\/\/www.emdg-guilers.org\/?s={search_term_string}\"},\"query-input\":\"required name=search_term_string\"}],\"inLanguage\":\"fr-FR\"},{\"@type\":\"Organization\",\"@id\":\"https:\/\/www.emdg-guilers.org\/#organization\",\"name\":\"Ecole de Musique et de Danse\",\"url\":\"https:\/\/www.emdg-guilers.org\/\",\"logo\":{\"@type\":\"ImageObject\",\"inLanguage\":\"fr-FR\",\"@id\":\"https:\/\/www.emdg-guilers.org\/#\/schema\/logo\/image\/\",\"url\":\"https:\/\/www.emdg-guilers.org\/wp-content\/uploads\/2016\/06\/logo2014.jpg\",\"contentUrl\":\"https:\/\/www.emdg-guilers.org\/wp-content\/uploads\/2016\/06\/logo2014.jpg\",\"width\":214,\"height\":116,\"caption\":\"Ecole de Musique et de Danse\"},\"image\":{\"@id\":\"https:\/\/www.emdg-guilers.org\/#\/schema\/logo\/image\/\"},\"sameAs\":[\"https:\/\/www.facebook.com\/Ecole-de-Musique-et-de-Danse-de-Guilers-480017765533016\/\"]},{\"@type\":\"Person\",\"@id\":\"https:\/\/www.emdg-guilers.org\/#\/schema\/person\/5c279d8e49be5f6bfdc87fb9e08559d4\",\"name\":\"Marie Clavier\",\"image\":{\"@type\":\"ImageObject\",\"inLanguage\":\"fr-FR\",\"@id\":\"https:\/\/www.emdg-guilers.org\/#\/schema\/person\/image\/\",\"url\":\"https:\/\/secure.gravatar.com\/avatar\/82505eeeaf6d53a80197cd7ed92e8de4?s=96&d=mm&r=g\",\"contentUrl\":\"https:\/\/secure.gravatar.com\/avatar\/82505eeeaf6d53a80197cd7ed92e8de4?s=96&d=mm&r=g\",\"caption\":\"Marie Clavier\"},\"url\":\"https:\/\/www.emdg-guilers.org\/index.php\/author\/mclavier\/\"}]}<\/script>\n<!-- \/ Yoast SEO plugin. -->","yoast_head_json":{"title":"Organisation danse-musique - Ecole de Musique, Danse &amp; Th\u00e9\u00e2tre de Guilers","robots":{"index":"index","follow":"follow","max-snippet":"max-snippet:-1","max-image-preview":"max-image-preview:large","max-video-preview":"max-video-preview:-1"},"canonical":"https:\/\/www.emdg-guilers.org\/index.php\/2021\/01\/20\/et-les-changements-continuent-danse-autorisee\/","og_locale":"fr_FR","og_type":"article","og_title":"Organisation danse-musique - Ecole de Musique, Danse &amp; Th\u00e9\u00e2tre de Guilers","og_description":"Point de situation le 01-02-2021Nous avons re\u00e7u l&rsquo;autorisation ce jour de reprendre les cours de danse \u00ab\u00a0en pr\u00e9sentiel\u00a0\u00bb par la sous-pr\u00e9fecture et la commune.Pour des questions d&rsquo;organisation et d&rsquo;adaptation, les cours de modern jazz et classique reprendront \u00e0 compter du 25-01-2021. Nous vous communiquerons les modalit\u00e9s de r\u00e9organisation du planning prochainement.INFORMATIONS VALABLES JUSQU\u2019\u00c0 NOUVEL ORDRE (01-02-2021) Le hip hop reprend d\u00e8s le 20-01-2021 comme ceci : Hip Hop d\u00e9couverte G1 &#8211; 10-12 ans Mercredi 17h45-18h45 Niveau 1 &#8211; 12-14 ans...Lire la suite Lire la suite","og_url":"https:\/\/www.emdg-guilers.org\/index.php\/2021\/01\/20\/et-les-changements-continuent-danse-autorisee\/","og_site_name":"Ecole de Musique, Danse &amp; Th\u00e9\u00e2tre de Guilers","article_publisher":"https:\/\/www.facebook.com\/Ecole-de-Musique-et-de-Danse-de-Guilers-480017765533016\/","article_published_time":"2021-01-20T15:48:22+00:00","article_modified_time":"2021-02-01T11:32:28+00:00","author":"Marie Clavier","twitter_card":"summary_large_image","twitter_misc":{"\u00c9crit par":"Marie Clavier","Dur\u00e9e de lecture estim\u00e9e":"2 minutes"},"schema":{"@context":"https:\/\/schema.org","@graph":[{"@type":"Article","@id":"https:\/\/www.emdg-guilers.org\/index.php\/2021\/01\/20\/et-les-changements-continuent-danse-autorisee\/#article","isPartOf":{"@id":"https:\/\/www.emdg-guilers.org\/index.php\/2021\/01\/20\/et-les-changements-continuent-danse-autorisee\/"},"author":{"name":"Marie Clavier","@id":"https:\/\/www.emdg-guilers.org\/#\/schema\/person\/5c279d8e49be5f6bfdc87fb9e08559d4"},"headline":"Organisation danse-musique","datePublished":"2021-01-20T15:48:22+00:00","dateModified":"2021-02-01T11:32:28+00:00","mainEntityOfPage":{"@id":"https:\/\/www.emdg-guilers.org\/index.php\/2021\/01\/20\/et-les-changements-continuent-danse-autorisee\/"},"wordCount":397,"publisher":{"@id":"https:\/\/www.emdg-guilers.org\/#organization"},"inLanguage":"fr-FR"},{"@type":"WebPage","@id":"https:\/\/www.emdg-guilers.org\/index.php\/2021\/01\/20\/et-les-changements-continuent-danse-autorisee\/","url":"https:\/\/www.emdg-guilers.org\/index.php\/2021\/01\/20\/et-les-changements-continuent-danse-autorisee\/","name":"Organisation danse-musique - Ecole de Musique, Danse &amp; Th\u00e9\u00e2tre de Guilers","isPartOf":{"@id":"https:\/\/www.emdg-guilers.org\/#website"},"datePublished":"2021-01-20T15:48:22+00:00","dateModified":"2021-02-01T11:32:28+00:00","breadcrumb":{"@id":"https:\/\/www.emdg-guilers.org\/index.php\/2021\/01\/20\/et-les-changements-continuent-danse-autorisee\/#breadcrumb"},"inLanguage":"fr-FR","potentialAction":[{"@type":"ReadAction","target":["https:\/\/www.emdg-guilers.org\/index.php\/2021\/01\/20\/et-les-changements-continuent-danse-autorisee\/"]}]},{"@type":"BreadcrumbList","@id":"https:\/\/www.emdg-guilers.org\/index.php\/2021\/01\/20\/et-les-changements-continuent-danse-autorisee\/#breadcrumb","itemListElement":[{"@type":"ListItem","position":1,"name":"Accueil","item":"https:\/\/www.emdg-guilers.org\/"},{"@type":"ListItem","position":2,"name":"Organisation danse-musique"}]},{"@type":"WebSite","@id":"https:\/\/www.emdg-guilers.org\/#website","url":"https:\/\/www.emdg-guilers.org\/","name":"Ecole de Musique et Danse de Guilers","description":"Ecole associative, cours de musique, danse, th\u00e9\u00e2tre accessibles \u00e0 tous","publisher":{"@id":"https:\/\/www.emdg-guilers.org\/#organization"},"potentialAction":[{"@type":"SearchAction","target":{"@type":"EntryPoint","urlTemplate":"https:\/\/www.emdg-guilers.org\/?s={search_term_string}"},"query-input":"required name=search_term_string"}],"inLanguage":"fr-FR"},{"@type":"Organization","@id":"https:\/\/www.emdg-guilers.org\/#organization","name":"Ecole de Musique et de Danse","url":"https:\/\/www.emdg-guilers.org\/","logo":{"@type":"ImageObject","inLanguage":"fr-FR","@id":"https:\/\/www.emdg-guilers.org\/#\/schema\/logo\/image\/","url":"https:\/\/www.emdg-guilers.org\/wp-content\/uploads\/2016\/06\/logo2014.jpg","contentUrl":"https:\/\/www.emdg-guilers.org\/wp-content\/uploads\/2016\/06\/logo2014.jpg","width":214,"height":116,"caption":"Ecole de Musique et de Danse"},"image":{"@id":"https:\/\/www.emdg-guilers.org\/#\/schema\/logo\/image\/"},"sameAs":["https:\/\/www.facebook.com\/Ecole-de-Musique-et-de-Danse-de-Guilers-480017765533016\/"]},{"@type":"Person","@id":"https:\/\/www.emdg-guilers.org\/#\/schema\/person\/5c279d8e49be5f6bfdc87fb9e08559d4","name":"Marie Clavier","image":{"@type":"ImageObject","inLanguage":"fr-FR","@id":"https:\/\/www.emdg-guilers.org\/#\/schema\/person\/image\/","url":"https:\/\/secure.gravatar.com\/avatar\/82505eeeaf6d53a80197cd7ed92e8de4?s=96&d=mm&r=g","contentUrl":"https:\/\/secure.gravatar.com\/avatar\/82505eeeaf6d53a80197cd7ed92e8de4?s=96&d=mm&r=g","caption":"Marie Clavier"},"url":"https:\/\/www.emdg-guilers.org\/index.php\/author\/mclavier\/"}]}},"_links":{"self":[{"href":"https:\/\/www.emdg-guilers.org\/index.php\/wp-json\/wp\/v2\/posts\/2216"}],"collection":[{"href":"https:\/\/www.emdg-guilers.org\/index.php\/wp-json\/wp\/v2\/posts"}],"about":[{"href":"https:\/\/www.emdg-guilers.org\/index.php\/wp-json\/wp\/v2\/types\/post"}],"author":[{"embeddable":true,"href":"https:\/\/www.emdg-guilers.org\/index.php\/wp-json\/wp\/v2\/users\/3"}],"replies":[{"embeddable":true,"href":"https:\/\/www.emdg-guilers.org\/index.php\/wp-json\/wp\/v2\/comments?post=2216"}],"version-history":[{"count":10,"href":"https:\/\/www.emdg-guilers.org\/index.php\/wp-json\/wp\/v2\/posts\/2216\/revisions"}],"predecessor-version":[{"id":2230,"href":"https:\/\/www.emdg-guilers.org\/index.php\/wp-json\/wp\/v2\/posts\/2216\/revisions\/2230"}],"wp:attachment":[{"href":"https:\/\/www.emdg-guilers.org\/index.php\/wp-json\/wp\/v2\/media?parent=2216"}],"wp:term":[{"taxonomy":"category","embeddable":true,"href":"https:\/\/www.emdg-guilers.org\/index.php\/wp-json\/wp\/v2\/categories?post=2216"},{"taxonomy":"post_tag","embeddable":true,"href":"https:\/\/www.emdg-guilers.org\/index.php\/wp-json\/wp\/v2\/tags?post=2216"}],"curies":[{"name":"wp","href":"https:\/\/api.w.org\/{rel}","templated":true}]}}