{"id":2253,"date":"2021-02-18T14:23:26","date_gmt":"2021-02-18T13:23:26","guid":{"rendered":"https:\/\/www.emdg-guilers.org\/?p=2253"},"modified":"2021-03-08T10:16:29","modified_gmt":"2021-03-08T09:16:29","slug":"suspension-des-cours-de-danse","status":"publish","type":"post","link":"https:\/\/www.emdg-guilers.org\/index.php\/2021\/02\/18\/suspension-des-cours-de-danse\/","title":{"rendered":"Suspension des cours de danse"},"content":{"rendered":"\n<p>Suite \u00e0 une communication de la DRAC Bretagne, les cours de danse sont suspendus jusqu&rsquo;\u00e0 nouvel ordre (le 18-02-21)<\/p>\n\n\n\n<p><strong>Pas de reprise pr\u00e9vue \u00e0 compter du retour des vacances de f\u00e9vrier 2021<\/strong>.<\/p>\n\n\n\n<p>Le <a href=\"https:\/\/urlprotection-mail.brest-metropole.fr\/fmlurlsvc\/?fewReq=:B:JVc9NjUzPSFxOjYpNyFuYzo3Nj03NiF0bmBpZnNydWI6YjIzMWM1NTRjPjcyMWE1Yz8+MmRmYWE3PmMwY2Y1MzU\/ZWZhZWUyZiFzOjYxNjQxMz4wNz8hdm5jOjY2TkQ2anNpNzQ2NjM3KjY2TkQ2anN3NzQ2NjM3IXVkd3M6IWQ6MjY=&amp;url=https%3a%2f%2fwww.legifrance.gouv.fr%2floda%2fid%2fJORFTEXT000042475143%2f2021-02-18%2f\">d\u00e9cret n\u00b0 2020-1310 du 29 octobre 2020 prescrivant les mesures g\u00e9n\u00e9rales n\u00e9cessaires pour faire face \u00e0 l&rsquo;\u00e9pid\u00e9mie de covid-19 dans le cadre de l&rsquo;\u00e9tat d&rsquo;urgence sanitaire<\/a> vient d\u2019\u00eatre modifi\u00e9 par le <a href=\"https:\/\/urlprotection-mail.brest-metropole.fr\/fmlurlsvc\/?fewReq=:B:JVc9NjUzPSFxOjYpNyFuYzo3Nj03NiF0bmBpZnNydWI6NDYxZDQwMzBmN2Q2ZT82YjA2MzI\/MT82NTM3NDE0Mj9jPmMzPmNjMyFzOjYxNjQxMz4wNz8hdm5jOjY2TkQ2anNpNzQ2NjM3KjY2TkQ2anN3NzQ2NjM3IXVkd3M6IWQ6MjY=&amp;url=https%3a%2f%2fwww.legifrance.gouv.fr%2fjorf%2fid%2fJORFTEXT000043148696\">d\u00e9cret n\u00b0 2021-173 du 17 f\u00e9vrier 2021<\/a>, paru ce matin au <em>Journal officiel<\/em> et entr\u00e9 en vigueur imm\u00e9diatement.<\/p>\n\n\n\n<p>Le d\u00e9cret modifi\u00e9 comporte une \u00e9volution importante s\u2019agissant de la pratique de la danse des mineurs, afin de traduire un arbitrage du Centre interminist\u00e9riel de crise, qui assimile la danse aux autres activit\u00e9s physiques et sportives.<\/p>\n\n\n\n<p>L\u2019article 35, 6\u00b0 du d\u00e9cret n\u00b0 2020-1310 modifi\u00e9 pr\u00e9voit dor\u00e9navant que la pratique de la danse pour les mineurs dans les cadres scolaire, p\u00e9riscolaire ou de loisir, qui se d\u00e9roule en int\u00e9rieur dans les conservatoires territoriaux et les autres \u00e9tablissements artistiques, quel que soit leur statut, <u>n\u2019est plus autoris\u00e9e, au m\u00eame titre que les autres activit\u00e9s physiques et sportives.<\/u><\/p>\n\n\n\n<p>Cette \u00e9volution du d\u00e9cret pr\u00e9serve en revanche les artistes professionnels et les personnes suivant une formation professionnelle li\u00e9e \u00e0 la danse. Les formations d\u00e9livrant un dipl\u00f4me professionnalisant, les classes \u00e0 horaires am\u00e9nag\u00e9s, les troisi\u00e8mes cycles des conservatoires territoriaux et les cycles de pr\u00e9paration \u00e0 l&rsquo;enseignement sup\u00e9rieur pourront ainsi continuer d\u2019accueillir des \u00e9l\u00e8ves, m\u00eame mineurs, pour les enseignements de danse ne pouvant \u00eatre assur\u00e9s \u00e0 distance.<\/p>\n","protected":false},"excerpt":{"rendered":"<p>Suite \u00e0 une communication de la DRAC Bretagne, les cours de danse sont suspendus jusqu&rsquo;\u00e0 nouvel ordre (le 18-02-21) Pas de reprise pr\u00e9vue \u00e0 compter du retour des vacances de f\u00e9vrier 2021. Le d\u00e9cret n\u00b0 2020-1310 du 29 octobre 2020 prescrivant les mesures g\u00e9n\u00e9rales n\u00e9cessaires pour faire face \u00e0 l&rsquo;\u00e9pid\u00e9mie de covid-19 dans le cadre de l&rsquo;\u00e9tat d&rsquo;urgence sanitaire vient d\u2019\u00eatre modifi\u00e9 par le d\u00e9cret n\u00b0 2021-173 du 17 f\u00e9vrier 2021, paru ce matin au Journal officiel et entr\u00e9 en&#8230;<\/p>\n<p class=\"read-more\"><a class=\"btn btn-default\" href=\"https:\/\/www.emdg-guilers.org\/index.php\/2021\/02\/18\/suspension-des-cours-de-danse\/\">Lire la suite<span class=\"screen-reader-text\"> Lire la suite<\/span><\/a><\/p>\n","protected":false},"author":3,"featured_media":0,"comment_status":"closed","ping_status":"closed","sticky":false,"template":"","format":"standard","meta":{"footnotes":""},"categories":[1],"tags":[],"yoast_head":"<!-- This site is optimized with the Yoast SEO plugin v22.4 - https:\/\/yoast.com\/wordpress\/plugins\/seo\/ -->\n<title>Suspension des cours de danse - Ecole de Musique, Danse &amp; Th\u00e9\u00e2tre de Guilers<\/title>\n<meta name=\"robots\" content=\"index, follow, max-snippet:-1, max-image-preview:large, max-video-preview:-1\" \/>\n<link rel=\"canonical\" href=\"https:\/\/www.emdg-guilers.org\/index.php\/2021\/02\/18\/suspension-des-cours-de-danse\/\" \/>\n<meta property=\"og:locale\" content=\"fr_FR\" \/>\n<meta property=\"og:type\" content=\"article\" \/>\n<meta property=\"og:title\" content=\"Suspension des cours de danse - Ecole de Musique, Danse &amp; Th\u00e9\u00e2tre de Guilers\" \/>\n<meta property=\"og:description\" content=\"Suite \u00e0 une communication de la DRAC Bretagne, les cours de danse sont suspendus jusqu&rsquo;\u00e0 nouvel ordre (le 18-02-21) Pas de reprise pr\u00e9vue \u00e0 compter du retour des vacances de f\u00e9vrier 2021. Le d\u00e9cret n\u00b0 2020-1310 du 29 octobre 2020 prescrivant les mesures g\u00e9n\u00e9rales n\u00e9cessaires pour faire face \u00e0 l&rsquo;\u00e9pid\u00e9mie de covid-19 dans le cadre de l&rsquo;\u00e9tat d&rsquo;urgence sanitaire vient d\u2019\u00eatre modifi\u00e9 par le d\u00e9cret n\u00b0 2021-173 du 17 f\u00e9vrier 2021, paru ce matin au Journal officiel et entr\u00e9 en...Lire la suite Lire la suite\" \/>\n<meta property=\"og:url\" content=\"https:\/\/www.emdg-guilers.org\/index.php\/2021\/02\/18\/suspension-des-cours-de-danse\/\" \/>\n<meta property=\"og:site_name\" content=\"Ecole de Musique, Danse &amp; Th\u00e9\u00e2tre de Guilers\" \/>\n<meta property=\"article:publisher\" content=\"https:\/\/www.facebook.com\/Ecole-de-Musique-et-de-Danse-de-Guilers-480017765533016\/\" \/>\n<meta property=\"article:published_time\" content=\"2021-02-18T13:23:26+00:00\" \/>\n<meta property=\"article:modified_time\" content=\"2021-03-08T09:16:29+00:00\" \/>\n<meta name=\"author\" content=\"Marie Clavier\" \/>\n<meta name=\"twitter:card\" content=\"summary_large_image\" \/>\n<meta name=\"twitter:label1\" content=\"\u00c9crit par\" \/>\n\t<meta name=\"twitter:data1\" content=\"Marie Clavier\" \/>\n\t<meta name=\"twitter:label2\" content=\"Dur\u00e9e de lecture estim\u00e9e\" \/>\n\t<meta name=\"twitter:data2\" content=\"1 minute\" \/>\n<script type=\"application\/ld+json\" class=\"yoast-schema-graph\">{\"@context\":\"https:\/\/schema.org\",\"@graph\":[{\"@type\":\"Article\",\"@id\":\"https:\/\/www.emdg-guilers.org\/index.php\/2021\/02\/18\/suspension-des-cours-de-danse\/#article\",\"isPartOf\":{\"@id\":\"https:\/\/www.emdg-guilers.org\/index.php\/2021\/02\/18\/suspension-des-cours-de-danse\/\"},\"author\":{\"name\":\"Marie Clavier\",\"@id\":\"https:\/\/www.emdg-guilers.org\/#\/schema\/person\/5c279d8e49be5f6bfdc87fb9e08559d4\"},\"headline\":\"Suspension des cours de danse\",\"datePublished\":\"2021-02-18T13:23:26+00:00\",\"dateModified\":\"2021-03-08T09:16:29+00:00\",\"mainEntityOfPage\":{\"@id\":\"https:\/\/www.emdg-guilers.org\/index.php\/2021\/02\/18\/suspension-des-cours-de-danse\/\"},\"wordCount\":276,\"publisher\":{\"@id\":\"https:\/\/www.emdg-guilers.org\/#organization\"},\"inLanguage\":\"fr-FR\"},{\"@type\":\"WebPage\",\"@id\":\"https:\/\/www.emdg-guilers.org\/index.php\/2021\/02\/18\/suspension-des-cours-de-danse\/\",\"url\":\"https:\/\/www.emdg-guilers.org\/index.php\/2021\/02\/18\/suspension-des-cours-de-danse\/\",\"name\":\"Suspension des cours de danse - Ecole de Musique, Danse &amp; Th\u00e9\u00e2tre de Guilers\",\"isPartOf\":{\"@id\":\"https:\/\/www.emdg-guilers.org\/#website\"},\"datePublished\":\"2021-02-18T13:23:26+00:00\",\"dateModified\":\"2021-03-08T09:16:29+00:00\",\"breadcrumb\":{\"@id\":\"https:\/\/www.emdg-guilers.org\/index.php\/2021\/02\/18\/suspension-des-cours-de-danse\/#breadcrumb\"},\"inLanguage\":\"fr-FR\",\"potentialAction\":[{\"@type\":\"ReadAction\",\"target\":[\"https:\/\/www.emdg-guilers.org\/index.php\/2021\/02\/18\/suspension-des-cours-de-danse\/\"]}]},{\"@type\":\"BreadcrumbList\",\"@id\":\"https:\/\/www.emdg-guilers.org\/index.php\/2021\/02\/18\/suspension-des-cours-de-danse\/#breadcrumb\",\"itemListElement\":[{\"@type\":\"ListItem\",\"position\":1,\"name\":\"Accueil\",\"item\":\"https:\/\/www.emdg-guilers.org\/\"},{\"@type\":\"ListItem\",\"position\":2,\"name\":\"Suspension des cours de danse\"}]},{\"@type\":\"WebSite\",\"@id\":\"https:\/\/www.emdg-guilers.org\/#website\",\"url\":\"https:\/\/www.emdg-guilers.org\/\",\"name\":\"Ecole de Musique et Danse de Guilers\",\"description\":\"Ecole associative, cours de musique, danse, th\u00e9\u00e2tre accessibles \u00e0 tous\",\"publisher\":{\"@id\":\"https:\/\/www.emdg-guilers.org\/#organization\"},\"potentialAction\":[{\"@type\":\"SearchAction\",\"target\":{\"@type\":\"EntryPoint\",\"urlTemplate\":\"https:\/\/www.emdg-guilers.org\/?s={search_term_string}\"},\"query-input\":\"required name=search_term_string\"}],\"inLanguage\":\"fr-FR\"},{\"@type\":\"Organization\",\"@id\":\"https:\/\/www.emdg-guilers.org\/#organization\",\"name\":\"Ecole de Musique et de Danse\",\"url\":\"https:\/\/www.emdg-guilers.org\/\",\"logo\":{\"@type\":\"ImageObject\",\"inLanguage\":\"fr-FR\",\"@id\":\"https:\/\/www.emdg-guilers.org\/#\/schema\/logo\/image\/\",\"url\":\"https:\/\/www.emdg-guilers.org\/wp-content\/uploads\/2016\/06\/logo2014.jpg\",\"contentUrl\":\"https:\/\/www.emdg-guilers.org\/wp-content\/uploads\/2016\/06\/logo2014.jpg\",\"width\":214,\"height\":116,\"caption\":\"Ecole de Musique et de Danse\"},\"image\":{\"@id\":\"https:\/\/www.emdg-guilers.org\/#\/schema\/logo\/image\/\"},\"sameAs\":[\"https:\/\/www.facebook.com\/Ecole-de-Musique-et-de-Danse-de-Guilers-480017765533016\/\"]},{\"@type\":\"Person\",\"@id\":\"https:\/\/www.emdg-guilers.org\/#\/schema\/person\/5c279d8e49be5f6bfdc87fb9e08559d4\",\"name\":\"Marie Clavier\",\"image\":{\"@type\":\"ImageObject\",\"inLanguage\":\"fr-FR\",\"@id\":\"https:\/\/www.emdg-guilers.org\/#\/schema\/person\/image\/\",\"url\":\"https:\/\/secure.gravatar.com\/avatar\/82505eeeaf6d53a80197cd7ed92e8de4?s=96&d=mm&r=g\",\"contentUrl\":\"https:\/\/secure.gravatar.com\/avatar\/82505eeeaf6d53a80197cd7ed92e8de4?s=96&d=mm&r=g\",\"caption\":\"Marie Clavier\"},\"url\":\"https:\/\/www.emdg-guilers.org\/index.php\/author\/mclavier\/\"}]}<\/script>\n<!-- \/ Yoast SEO plugin. -->","yoast_head_json":{"title":"Suspension des cours de danse - Ecole de Musique, Danse &amp; Th\u00e9\u00e2tre de Guilers","robots":{"index":"index","follow":"follow","max-snippet":"max-snippet:-1","max-image-preview":"max-image-preview:large","max-video-preview":"max-video-preview:-1"},"canonical":"https:\/\/www.emdg-guilers.org\/index.php\/2021\/02\/18\/suspension-des-cours-de-danse\/","og_locale":"fr_FR","og_type":"article","og_title":"Suspension des cours de danse - Ecole de Musique, Danse &amp; Th\u00e9\u00e2tre de Guilers","og_description":"Suite \u00e0 une communication de la DRAC Bretagne, les cours de danse sont suspendus jusqu&rsquo;\u00e0 nouvel ordre (le 18-02-21) Pas de reprise pr\u00e9vue \u00e0 compter du retour des vacances de f\u00e9vrier 2021. Le d\u00e9cret n\u00b0 2020-1310 du 29 octobre 2020 prescrivant les mesures g\u00e9n\u00e9rales n\u00e9cessaires pour faire face \u00e0 l&rsquo;\u00e9pid\u00e9mie de covid-19 dans le cadre de l&rsquo;\u00e9tat d&rsquo;urgence sanitaire vient d\u2019\u00eatre modifi\u00e9 par le d\u00e9cret n\u00b0 2021-173 du 17 f\u00e9vrier 2021, paru ce matin au Journal officiel et entr\u00e9 en...Lire la suite Lire la suite","og_url":"https:\/\/www.emdg-guilers.org\/index.php\/2021\/02\/18\/suspension-des-cours-de-danse\/","og_site_name":"Ecole de Musique, Danse &amp; Th\u00e9\u00e2tre de Guilers","article_publisher":"https:\/\/www.facebook.com\/Ecole-de-Musique-et-de-Danse-de-Guilers-480017765533016\/","article_published_time":"2021-02-18T13:23:26+00:00","article_modified_time":"2021-03-08T09:16:29+00:00","author":"Marie Clavier","twitter_card":"summary_large_image","twitter_misc":{"\u00c9crit par":"Marie Clavier","Dur\u00e9e de lecture estim\u00e9e":"1 minute"},"schema":{"@context":"https:\/\/schema.org","@graph":[{"@type":"Article","@id":"https:\/\/www.emdg-guilers.org\/index.php\/2021\/02\/18\/suspension-des-cours-de-danse\/#article","isPartOf":{"@id":"https:\/\/www.emdg-guilers.org\/index.php\/2021\/02\/18\/suspension-des-cours-de-danse\/"},"author":{"name":"Marie Clavier","@id":"https:\/\/www.emdg-guilers.org\/#\/schema\/person\/5c279d8e49be5f6bfdc87fb9e08559d4"},"headline":"Suspension des cours de danse","datePublished":"2021-02-18T13:23:26+00:00","dateModified":"2021-03-08T09:16:29+00:00","mainEntityOfPage":{"@id":"https:\/\/www.emdg-guilers.org\/index.php\/2021\/02\/18\/suspension-des-cours-de-danse\/"},"wordCount":276,"publisher":{"@id":"https:\/\/www.emdg-guilers.org\/#organization"},"inLanguage":"fr-FR"},{"@type":"WebPage","@id":"https:\/\/www.emdg-guilers.org\/index.php\/2021\/02\/18\/suspension-des-cours-de-danse\/","url":"https:\/\/www.emdg-guilers.org\/index.php\/2021\/02\/18\/suspension-des-cours-de-danse\/","name":"Suspension des cours de danse - Ecole de Musique, Danse &amp; Th\u00e9\u00e2tre de Guilers","isPartOf":{"@id":"https:\/\/www.emdg-guilers.org\/#website"},"datePublished":"2021-02-18T13:23:26+00:00","dateModified":"2021-03-08T09:16:29+00:00","breadcrumb":{"@id":"https:\/\/www.emdg-guilers.org\/index.php\/2021\/02\/18\/suspension-des-cours-de-danse\/#breadcrumb"},"inLanguage":"fr-FR","potentialAction":[{"@type":"ReadAction","target":["https:\/\/www.emdg-guilers.org\/index.php\/2021\/02\/18\/suspension-des-cours-de-danse\/"]}]},{"@type":"BreadcrumbList","@id":"https:\/\/www.emdg-guilers.org\/index.php\/2021\/02\/18\/suspension-des-cours-de-danse\/#breadcrumb","itemListElement":[{"@type":"ListItem","position":1,"name":"Accueil","item":"https:\/\/www.emdg-guilers.org\/"},{"@type":"ListItem","position":2,"name":"Suspension des cours de danse"}]},{"@type":"WebSite","@id":"https:\/\/www.emdg-guilers.org\/#website","url":"https:\/\/www.emdg-guilers.org\/","name":"Ecole de Musique et Danse de Guilers","description":"Ecole associative, cours de musique, danse, th\u00e9\u00e2tre accessibles \u00e0 tous","publisher":{"@id":"https:\/\/www.emdg-guilers.org\/#organization"},"potentialAction":[{"@type":"SearchAction","target":{"@type":"EntryPoint","urlTemplate":"https:\/\/www.emdg-guilers.org\/?s={search_term_string}"},"query-input":"required name=search_term_string"}],"inLanguage":"fr-FR"},{"@type":"Organization","@id":"https:\/\/www.emdg-guilers.org\/#organization","name":"Ecole de Musique et de Danse","url":"https:\/\/www.emdg-guilers.org\/","logo":{"@type":"ImageObject","inLanguage":"fr-FR","@id":"https:\/\/www.emdg-guilers.org\/#\/schema\/logo\/image\/","url":"https:\/\/www.emdg-guilers.org\/wp-content\/uploads\/2016\/06\/logo2014.jpg","contentUrl":"https:\/\/www.emdg-guilers.org\/wp-content\/uploads\/2016\/06\/logo2014.jpg","width":214,"height":116,"caption":"Ecole de Musique et de Danse"},"image":{"@id":"https:\/\/www.emdg-guilers.org\/#\/schema\/logo\/image\/"},"sameAs":["https:\/\/www.facebook.com\/Ecole-de-Musique-et-de-Danse-de-Guilers-480017765533016\/"]},{"@type":"Person","@id":"https:\/\/www.emdg-guilers.org\/#\/schema\/person\/5c279d8e49be5f6bfdc87fb9e08559d4","name":"Marie Clavier","image":{"@type":"ImageObject","inLanguage":"fr-FR","@id":"https:\/\/www.emdg-guilers.org\/#\/schema\/person\/image\/","url":"https:\/\/secure.gravatar.com\/avatar\/82505eeeaf6d53a80197cd7ed92e8de4?s=96&d=mm&r=g","contentUrl":"https:\/\/secure.gravatar.com\/avatar\/82505eeeaf6d53a80197cd7ed92e8de4?s=96&d=mm&r=g","caption":"Marie Clavier"},"url":"https:\/\/www.emdg-guilers.org\/index.php\/author\/mclavier\/"}]}},"_links":{"self":[{"href":"https:\/\/www.emdg-guilers.org\/index.php\/wp-json\/wp\/v2\/posts\/2253"}],"collection":[{"href":"https:\/\/www.emdg-guilers.org\/index.php\/wp-json\/wp\/v2\/posts"}],"about":[{"href":"https:\/\/www.emdg-guilers.org\/index.php\/wp-json\/wp\/v2\/types\/post"}],"author":[{"embeddable":true,"href":"https:\/\/www.emdg-guilers.org\/index.php\/wp-json\/wp\/v2\/users\/3"}],"replies":[{"embeddable":true,"href":"https:\/\/www.emdg-guilers.org\/index.php\/wp-json\/wp\/v2\/comments?post=2253"}],"version-history":[{"count":2,"href":"https:\/\/www.emdg-guilers.org\/index.php\/wp-json\/wp\/v2\/posts\/2253\/revisions"}],"predecessor-version":[{"id":2256,"href":"https:\/\/www.emdg-guilers.org\/index.php\/wp-json\/wp\/v2\/posts\/2253\/revisions\/2256"}],"wp:attachment":[{"href":"https:\/\/www.emdg-guilers.org\/index.php\/wp-json\/wp\/v2\/media?parent=2253"}],"wp:term":[{"taxonomy":"category","embeddable":true,"href":"https:\/\/www.emdg-guilers.org\/index.php\/wp-json\/wp\/v2\/categories?post=2253"},{"taxonomy":"post_tag","embeddable":true,"href":"https:\/\/www.emdg-guilers.org\/index.php\/wp-json\/wp\/v2\/tags?post=2253"}],"curies":[{"name":"wp","href":"https:\/\/api.w.org\/{rel}","templated":true}]}}