{"id":2261,"date":"2021-03-16T15:04:10","date_gmt":"2021-03-16T14:04:10","guid":{"rendered":"https:\/\/www.emdg-guilers.org\/?p=2261"},"modified":"2021-04-06T17:05:52","modified_gmt":"2021-04-06T15:05:52","slug":"assemblee-generale-embarquee","status":"publish","type":"post","link":"https:\/\/www.emdg-guilers.org\/index.php\/2021\/03\/16\/assemblee-generale-embarquee\/","title":{"rendered":"Assembl\u00e9e G\u00e9n\u00e9rale \u00ab\u00a0embarqu\u00e9e\u00a0\u00bb"},"content":{"rendered":"\n<div class=\"wp-block-image\"><figure class=\"aligncenter size-large is-resized\"><img loading=\"lazy\" decoding=\"async\" src=\"https:\/\/www.emdg-guilers.org\/wp-content\/uploads\/2021\/03\/1-5-724x1024.jpg\" alt=\"\" class=\"wp-image-2278\" width=\"319\" height=\"451\" srcset=\"https:\/\/www.emdg-guilers.org\/wp-content\/uploads\/2021\/03\/1-5-724x1024.jpg 724w, https:\/\/www.emdg-guilers.org\/wp-content\/uploads\/2021\/03\/1-5-212x300.jpg 212w, https:\/\/www.emdg-guilers.org\/wp-content\/uploads\/2021\/03\/1-5-768x1086.jpg 768w, https:\/\/www.emdg-guilers.org\/wp-content\/uploads\/2021\/03\/1-5-1086x1536.jpg 1086w, https:\/\/www.emdg-guilers.org\/wp-content\/uploads\/2021\/03\/1-5-1448x2048.jpg 1448w, https:\/\/www.emdg-guilers.org\/wp-content\/uploads\/2021\/03\/1-5-191x270.jpg 191w, https:\/\/www.emdg-guilers.org\/wp-content\/uploads\/2021\/03\/1-5.jpg 1587w\" sizes=\"(max-width: 319px) 100vw, 319px\" \/><\/figure><\/div>\n\n\n\n<p>Prenez date, le <strong>mardi 6 avril \u00e0 18h30<\/strong>, c&rsquo;est l&rsquo;AG de l&rsquo;association (en visio)<br>Voici <a href=\"https:\/\/teams.microsoft.com\/l\/meetup-join\/19%3Ameeting_ZTVhZjJhMDctYjU0NS00OTRhLTk4NWMtMzYyMmU3YzYzYTVh%40thread.v2\/0?context=%7B%22Tid%22%3A%2268479fcb-f4a0-4731-8c44-7ad2146e65b7%22%2C%22Oid%22%3A%22c0aaef07-584c-42ef-b956-cfe8387f1680%22%7D\">le lien de connexion sur TEAMS<\/a>, pas besoin de t\u00e9l\u00e9charger l&rsquo;appli.<\/p>\n\n\n\n<p>En tant qu\u2019\u00e9l\u00e8ve ou parent d\u2019\u00e9l\u00e8ve de l\u2019Ecole de Musique et Danse de Guilers, vous \u00eates adh\u00e9rent \u00e0 l\u2019association.<br><br>A l&rsquo; AG, nous pr\u00e9senterons les activit\u00e9s, les comptes, les projets et surtout les personnes qui font vivre l&rsquo;\u00e9cole, (elle \u00e9tait initialement pr\u00e9vue le 17 novembre 2020, mais a \u00e9t\u00e9 report\u00e9e en raison du contexte).<br><strong><em>Vous recevrez le lien de connexion quelques jours avant l\u2019\u00e9ch\u00e9ance ainsi qu\u2019une proc\u00e9dure pour participer.<\/em><\/strong><\/p>\n\n\n\n<p>D\u2019ici l\u00e0, merci de nous confirmer votre pr\u00e9sence ou d\u2019envoyer un pouvoir (par email ou le d\u00e9poser \u00e0 l\u2019\u00e9cole directement).<br>Donner pouvoir est tr\u00e8s important pour que l\u2019assembl\u00e9e g\u00e9n\u00e9rale puisse \u00eatre valable. Merci donc de prendre 2 minutes pour ce faire !<\/p>\n\n\n\n<div class=\"wp-block-columns is-layout-flex wp-container-core-columns-is-layout-1 wp-block-columns-is-layout-flex\">\n<div class=\"wp-block-column is-vertically-aligned-top is-layout-flow wp-block-column-is-layout-flow\" style=\"flex-basis:100%\">\n<figure class=\"wp-block-gallery columns-1 is-cropped wp-block-gallery-1 is-layout-flex wp-block-gallery-is-layout-flex\"><ul class=\"blocks-gallery-grid\"><li class=\"blocks-gallery-item\"><figure><a href=\"https:\/\/www.emdg-guilers.org\/wp-content\/uploads\/2021\/03\/2-2.jpg\"><img loading=\"lazy\" decoding=\"async\" width=\"724\" height=\"1024\" src=\"https:\/\/www.emdg-guilers.org\/wp-content\/uploads\/2021\/03\/2-2-724x1024.jpg\" alt=\"\" data-id=\"2277\" data-full-url=\"https:\/\/www.emdg-guilers.org\/wp-content\/uploads\/2021\/03\/2-2.jpg\" data-link=\"https:\/\/www.emdg-guilers.org\/index.php\/2021\/03\/16\/assemblee-generale-embarquee\/2-2\/\" class=\"wp-image-2277\" srcset=\"https:\/\/www.emdg-guilers.org\/wp-content\/uploads\/2021\/03\/2-2-724x1024.jpg 724w, https:\/\/www.emdg-guilers.org\/wp-content\/uploads\/2021\/03\/2-2-212x300.jpg 212w, https:\/\/www.emdg-guilers.org\/wp-content\/uploads\/2021\/03\/2-2-768x1086.jpg 768w, https:\/\/www.emdg-guilers.org\/wp-content\/uploads\/2021\/03\/2-2-1086x1536.jpg 1086w, https:\/\/www.emdg-guilers.org\/wp-content\/uploads\/2021\/03\/2-2-1448x2048.jpg 1448w, https:\/\/www.emdg-guilers.org\/wp-content\/uploads\/2021\/03\/2-2-191x270.jpg 191w, https:\/\/www.emdg-guilers.org\/wp-content\/uploads\/2021\/03\/2-2.jpg 1587w\" sizes=\"(max-width: 724px) 100vw, 724px\" \/><\/a><\/figure><\/li><\/ul><\/figure>\n\n\n\n<p><\/p>\n<\/div>\n<\/div>\n\n\n\n<figure class=\"wp-block-gallery alignleft columns-0 is-cropped wp-block-gallery-2 is-layout-flex wp-block-gallery-is-layout-flex\"><ul class=\"blocks-gallery-grid\"><\/ul><\/figure>\n\n\n\n<div class=\"wp-block-columns is-layout-flex wp-container-core-columns-is-layout-2 wp-block-columns-is-layout-flex\">\n<div class=\"wp-block-column is-layout-flow wp-block-column-is-layout-flow\" style=\"flex-basis:100%\">\n<figure class=\"wp-block-gallery alignleft columns-0 is-cropped wp-block-gallery-3 is-layout-flex wp-block-gallery-is-layout-flex\"><ul class=\"blocks-gallery-grid\"><\/ul><\/figure>\n<\/div>\n<\/div>\n\n\n\n<p><\/p>\n","protected":false},"excerpt":{"rendered":"<p>Prenez date, le mardi 6 avril \u00e0 18h30, c&rsquo;est l&rsquo;AG de l&rsquo;association (en visio)Voici le lien de connexion sur TEAMS, pas besoin de t\u00e9l\u00e9charger l&rsquo;appli. En tant qu\u2019\u00e9l\u00e8ve ou parent d\u2019\u00e9l\u00e8ve de l\u2019Ecole de Musique et Danse de Guilers, vous \u00eates adh\u00e9rent \u00e0 l\u2019association. A l&rsquo; AG, nous pr\u00e9senterons les activit\u00e9s, les comptes, les projets et surtout les personnes qui font vivre l&rsquo;\u00e9cole, (elle \u00e9tait initialement pr\u00e9vue le 17 novembre 2020, mais a \u00e9t\u00e9 report\u00e9e en raison du contexte).Vous recevrez&#8230;<\/p>\n<p class=\"read-more\"><a class=\"btn btn-default\" href=\"https:\/\/www.emdg-guilers.org\/index.php\/2021\/03\/16\/assemblee-generale-embarquee\/\">Lire la suite<span class=\"screen-reader-text\"> Lire la suite<\/span><\/a><\/p>\n","protected":false},"author":3,"featured_media":0,"comment_status":"closed","ping_status":"closed","sticky":false,"template":"","format":"standard","meta":{"footnotes":""},"categories":[1],"tags":[],"yoast_head":"<!-- This site is optimized with the Yoast SEO plugin v22.4 - https:\/\/yoast.com\/wordpress\/plugins\/seo\/ -->\n<title>Assembl\u00e9e G\u00e9n\u00e9rale &quot;embarqu\u00e9e&quot; - Ecole de Musique, Danse &amp; Th\u00e9\u00e2tre de Guilers<\/title>\n<meta name=\"robots\" content=\"index, follow, max-snippet:-1, max-image-preview:large, max-video-preview:-1\" \/>\n<link rel=\"canonical\" href=\"https:\/\/www.emdg-guilers.org\/index.php\/2021\/03\/16\/assemblee-generale-embarquee\/\" \/>\n<meta property=\"og:locale\" content=\"fr_FR\" \/>\n<meta property=\"og:type\" content=\"article\" \/>\n<meta property=\"og:title\" content=\"Assembl\u00e9e G\u00e9n\u00e9rale &quot;embarqu\u00e9e&quot; - Ecole de Musique, Danse &amp; Th\u00e9\u00e2tre de Guilers\" \/>\n<meta property=\"og:description\" content=\"Prenez date, le mardi 6 avril \u00e0 18h30, c&rsquo;est l&rsquo;AG de l&rsquo;association (en visio)Voici le lien de connexion sur TEAMS, pas besoin de t\u00e9l\u00e9charger l&rsquo;appli. En tant qu\u2019\u00e9l\u00e8ve ou parent d\u2019\u00e9l\u00e8ve de l\u2019Ecole de Musique et Danse de Guilers, vous \u00eates adh\u00e9rent \u00e0 l\u2019association. A l&rsquo; AG, nous pr\u00e9senterons les activit\u00e9s, les comptes, les projets et surtout les personnes qui font vivre l&rsquo;\u00e9cole, (elle \u00e9tait initialement pr\u00e9vue le 17 novembre 2020, mais a \u00e9t\u00e9 report\u00e9e en raison du contexte).Vous recevrez...Lire la suite Lire la suite\" \/>\n<meta property=\"og:url\" content=\"https:\/\/www.emdg-guilers.org\/index.php\/2021\/03\/16\/assemblee-generale-embarquee\/\" \/>\n<meta property=\"og:site_name\" content=\"Ecole de Musique, Danse &amp; Th\u00e9\u00e2tre de Guilers\" \/>\n<meta property=\"article:publisher\" content=\"https:\/\/www.facebook.com\/Ecole-de-Musique-et-de-Danse-de-Guilers-480017765533016\/\" \/>\n<meta property=\"article:published_time\" content=\"2021-03-16T14:04:10+00:00\" \/>\n<meta property=\"article:modified_time\" content=\"2021-04-06T15:05:52+00:00\" \/>\n<meta property=\"og:image\" content=\"https:\/\/www.emdg-guilers.org\/wp-content\/uploads\/2021\/03\/1-5-724x1024.jpg\" \/>\n<meta name=\"author\" content=\"Marie Clavier\" \/>\n<meta name=\"twitter:card\" content=\"summary_large_image\" \/>\n<meta name=\"twitter:label1\" content=\"\u00c9crit par\" \/>\n\t<meta name=\"twitter:data1\" content=\"Marie Clavier\" \/>\n\t<meta name=\"twitter:label2\" content=\"Dur\u00e9e de lecture estim\u00e9e\" \/>\n\t<meta name=\"twitter:data2\" content=\"1 minute\" \/>\n<script type=\"application\/ld+json\" class=\"yoast-schema-graph\">{\"@context\":\"https:\/\/schema.org\",\"@graph\":[{\"@type\":\"Article\",\"@id\":\"https:\/\/www.emdg-guilers.org\/index.php\/2021\/03\/16\/assemblee-generale-embarquee\/#article\",\"isPartOf\":{\"@id\":\"https:\/\/www.emdg-guilers.org\/index.php\/2021\/03\/16\/assemblee-generale-embarquee\/\"},\"author\":{\"name\":\"Marie Clavier\",\"@id\":\"https:\/\/www.emdg-guilers.org\/#\/schema\/person\/5c279d8e49be5f6bfdc87fb9e08559d4\"},\"headline\":\"Assembl\u00e9e G\u00e9n\u00e9rale \u00ab\u00a0embarqu\u00e9e\u00a0\u00bb\",\"datePublished\":\"2021-03-16T14:04:10+00:00\",\"dateModified\":\"2021-04-06T15:05:52+00:00\",\"mainEntityOfPage\":{\"@id\":\"https:\/\/www.emdg-guilers.org\/index.php\/2021\/03\/16\/assemblee-generale-embarquee\/\"},\"wordCount\":164,\"publisher\":{\"@id\":\"https:\/\/www.emdg-guilers.org\/#organization\"},\"image\":{\"@id\":\"https:\/\/www.emdg-guilers.org\/index.php\/2021\/03\/16\/assemblee-generale-embarquee\/#primaryimage\"},\"thumbnailUrl\":\"https:\/\/www.emdg-guilers.org\/wp-content\/uploads\/2021\/03\/1-5-724x1024.jpg\",\"inLanguage\":\"fr-FR\"},{\"@type\":\"WebPage\",\"@id\":\"https:\/\/www.emdg-guilers.org\/index.php\/2021\/03\/16\/assemblee-generale-embarquee\/\",\"url\":\"https:\/\/www.emdg-guilers.org\/index.php\/2021\/03\/16\/assemblee-generale-embarquee\/\",\"name\":\"Assembl\u00e9e G\u00e9n\u00e9rale \\\"embarqu\u00e9e\\\" - Ecole de Musique, Danse &amp; Th\u00e9\u00e2tre de Guilers\",\"isPartOf\":{\"@id\":\"https:\/\/www.emdg-guilers.org\/#website\"},\"primaryImageOfPage\":{\"@id\":\"https:\/\/www.emdg-guilers.org\/index.php\/2021\/03\/16\/assemblee-generale-embarquee\/#primaryimage\"},\"image\":{\"@id\":\"https:\/\/www.emdg-guilers.org\/index.php\/2021\/03\/16\/assemblee-generale-embarquee\/#primaryimage\"},\"thumbnailUrl\":\"https:\/\/www.emdg-guilers.org\/wp-content\/uploads\/2021\/03\/1-5-724x1024.jpg\",\"datePublished\":\"2021-03-16T14:04:10+00:00\",\"dateModified\":\"2021-04-06T15:05:52+00:00\",\"breadcrumb\":{\"@id\":\"https:\/\/www.emdg-guilers.org\/index.php\/2021\/03\/16\/assemblee-generale-embarquee\/#breadcrumb\"},\"inLanguage\":\"fr-FR\",\"potentialAction\":[{\"@type\":\"ReadAction\",\"target\":[\"https:\/\/www.emdg-guilers.org\/index.php\/2021\/03\/16\/assemblee-generale-embarquee\/\"]}]},{\"@type\":\"ImageObject\",\"inLanguage\":\"fr-FR\",\"@id\":\"https:\/\/www.emdg-guilers.org\/index.php\/2021\/03\/16\/assemblee-generale-embarquee\/#primaryimage\",\"url\":\"https:\/\/www.emdg-guilers.org\/wp-content\/uploads\/2021\/03\/1-5.jpg\",\"contentUrl\":\"https:\/\/www.emdg-guilers.org\/wp-content\/uploads\/2021\/03\/1-5.jpg\",\"width\":1587,\"height\":2245},{\"@type\":\"BreadcrumbList\",\"@id\":\"https:\/\/www.emdg-guilers.org\/index.php\/2021\/03\/16\/assemblee-generale-embarquee\/#breadcrumb\",\"itemListElement\":[{\"@type\":\"ListItem\",\"position\":1,\"name\":\"Accueil\",\"item\":\"https:\/\/www.emdg-guilers.org\/\"},{\"@type\":\"ListItem\",\"position\":2,\"name\":\"Assembl\u00e9e G\u00e9n\u00e9rale \u00ab\u00a0embarqu\u00e9e\u00a0\u00bb\"}]},{\"@type\":\"WebSite\",\"@id\":\"https:\/\/www.emdg-guilers.org\/#website\",\"url\":\"https:\/\/www.emdg-guilers.org\/\",\"name\":\"Ecole de Musique et Danse de Guilers\",\"description\":\"Ecole associative, cours de musique, danse, th\u00e9\u00e2tre accessibles \u00e0 tous\",\"publisher\":{\"@id\":\"https:\/\/www.emdg-guilers.org\/#organization\"},\"potentialAction\":[{\"@type\":\"SearchAction\",\"target\":{\"@type\":\"EntryPoint\",\"urlTemplate\":\"https:\/\/www.emdg-guilers.org\/?s={search_term_string}\"},\"query-input\":\"required name=search_term_string\"}],\"inLanguage\":\"fr-FR\"},{\"@type\":\"Organization\",\"@id\":\"https:\/\/www.emdg-guilers.org\/#organization\",\"name\":\"Ecole de Musique et de Danse\",\"url\":\"https:\/\/www.emdg-guilers.org\/\",\"logo\":{\"@type\":\"ImageObject\",\"inLanguage\":\"fr-FR\",\"@id\":\"https:\/\/www.emdg-guilers.org\/#\/schema\/logo\/image\/\",\"url\":\"https:\/\/www.emdg-guilers.org\/wp-content\/uploads\/2016\/06\/logo2014.jpg\",\"contentUrl\":\"https:\/\/www.emdg-guilers.org\/wp-content\/uploads\/2016\/06\/logo2014.jpg\",\"width\":214,\"height\":116,\"caption\":\"Ecole de Musique et de Danse\"},\"image\":{\"@id\":\"https:\/\/www.emdg-guilers.org\/#\/schema\/logo\/image\/\"},\"sameAs\":[\"https:\/\/www.facebook.com\/Ecole-de-Musique-et-de-Danse-de-Guilers-480017765533016\/\"]},{\"@type\":\"Person\",\"@id\":\"https:\/\/www.emdg-guilers.org\/#\/schema\/person\/5c279d8e49be5f6bfdc87fb9e08559d4\",\"name\":\"Marie Clavier\",\"image\":{\"@type\":\"ImageObject\",\"inLanguage\":\"fr-FR\",\"@id\":\"https:\/\/www.emdg-guilers.org\/#\/schema\/person\/image\/\",\"url\":\"https:\/\/secure.gravatar.com\/avatar\/82505eeeaf6d53a80197cd7ed92e8de4?s=96&d=mm&r=g\",\"contentUrl\":\"https:\/\/secure.gravatar.com\/avatar\/82505eeeaf6d53a80197cd7ed92e8de4?s=96&d=mm&r=g\",\"caption\":\"Marie Clavier\"},\"url\":\"https:\/\/www.emdg-guilers.org\/index.php\/author\/mclavier\/\"}]}<\/script>\n<!-- \/ Yoast SEO plugin. -->","yoast_head_json":{"title":"Assembl\u00e9e G\u00e9n\u00e9rale \"embarqu\u00e9e\" - Ecole de Musique, Danse &amp; Th\u00e9\u00e2tre de Guilers","robots":{"index":"index","follow":"follow","max-snippet":"max-snippet:-1","max-image-preview":"max-image-preview:large","max-video-preview":"max-video-preview:-1"},"canonical":"https:\/\/www.emdg-guilers.org\/index.php\/2021\/03\/16\/assemblee-generale-embarquee\/","og_locale":"fr_FR","og_type":"article","og_title":"Assembl\u00e9e G\u00e9n\u00e9rale \"embarqu\u00e9e\" - Ecole de Musique, Danse &amp; Th\u00e9\u00e2tre de Guilers","og_description":"Prenez date, le mardi 6 avril \u00e0 18h30, c&rsquo;est l&rsquo;AG de l&rsquo;association (en visio)Voici le lien de connexion sur TEAMS, pas besoin de t\u00e9l\u00e9charger l&rsquo;appli. En tant qu\u2019\u00e9l\u00e8ve ou parent d\u2019\u00e9l\u00e8ve de l\u2019Ecole de Musique et Danse de Guilers, vous \u00eates adh\u00e9rent \u00e0 l\u2019association. A l&rsquo; AG, nous pr\u00e9senterons les activit\u00e9s, les comptes, les projets et surtout les personnes qui font vivre l&rsquo;\u00e9cole, (elle \u00e9tait initialement pr\u00e9vue le 17 novembre 2020, mais a \u00e9t\u00e9 report\u00e9e en raison du contexte).Vous recevrez...Lire la suite Lire la suite","og_url":"https:\/\/www.emdg-guilers.org\/index.php\/2021\/03\/16\/assemblee-generale-embarquee\/","og_site_name":"Ecole de Musique, Danse &amp; Th\u00e9\u00e2tre de Guilers","article_publisher":"https:\/\/www.facebook.com\/Ecole-de-Musique-et-de-Danse-de-Guilers-480017765533016\/","article_published_time":"2021-03-16T14:04:10+00:00","article_modified_time":"2021-04-06T15:05:52+00:00","og_image":[{"url":"https:\/\/www.emdg-guilers.org\/wp-content\/uploads\/2021\/03\/1-5-724x1024.jpg"}],"author":"Marie Clavier","twitter_card":"summary_large_image","twitter_misc":{"\u00c9crit par":"Marie Clavier","Dur\u00e9e de lecture estim\u00e9e":"1 minute"},"schema":{"@context":"https:\/\/schema.org","@graph":[{"@type":"Article","@id":"https:\/\/www.emdg-guilers.org\/index.php\/2021\/03\/16\/assemblee-generale-embarquee\/#article","isPartOf":{"@id":"https:\/\/www.emdg-guilers.org\/index.php\/2021\/03\/16\/assemblee-generale-embarquee\/"},"author":{"name":"Marie Clavier","@id":"https:\/\/www.emdg-guilers.org\/#\/schema\/person\/5c279d8e49be5f6bfdc87fb9e08559d4"},"headline":"Assembl\u00e9e G\u00e9n\u00e9rale \u00ab\u00a0embarqu\u00e9e\u00a0\u00bb","datePublished":"2021-03-16T14:04:10+00:00","dateModified":"2021-04-06T15:05:52+00:00","mainEntityOfPage":{"@id":"https:\/\/www.emdg-guilers.org\/index.php\/2021\/03\/16\/assemblee-generale-embarquee\/"},"wordCount":164,"publisher":{"@id":"https:\/\/www.emdg-guilers.org\/#organization"},"image":{"@id":"https:\/\/www.emdg-guilers.org\/index.php\/2021\/03\/16\/assemblee-generale-embarquee\/#primaryimage"},"thumbnailUrl":"https:\/\/www.emdg-guilers.org\/wp-content\/uploads\/2021\/03\/1-5-724x1024.jpg","inLanguage":"fr-FR"},{"@type":"WebPage","@id":"https:\/\/www.emdg-guilers.org\/index.php\/2021\/03\/16\/assemblee-generale-embarquee\/","url":"https:\/\/www.emdg-guilers.org\/index.php\/2021\/03\/16\/assemblee-generale-embarquee\/","name":"Assembl\u00e9e G\u00e9n\u00e9rale \"embarqu\u00e9e\" - Ecole de Musique, Danse &amp; Th\u00e9\u00e2tre de Guilers","isPartOf":{"@id":"https:\/\/www.emdg-guilers.org\/#website"},"primaryImageOfPage":{"@id":"https:\/\/www.emdg-guilers.org\/index.php\/2021\/03\/16\/assemblee-generale-embarquee\/#primaryimage"},"image":{"@id":"https:\/\/www.emdg-guilers.org\/index.php\/2021\/03\/16\/assemblee-generale-embarquee\/#primaryimage"},"thumbnailUrl":"https:\/\/www.emdg-guilers.org\/wp-content\/uploads\/2021\/03\/1-5-724x1024.jpg","datePublished":"2021-03-16T14:04:10+00:00","dateModified":"2021-04-06T15:05:52+00:00","breadcrumb":{"@id":"https:\/\/www.emdg-guilers.org\/index.php\/2021\/03\/16\/assemblee-generale-embarquee\/#breadcrumb"},"inLanguage":"fr-FR","potentialAction":[{"@type":"ReadAction","target":["https:\/\/www.emdg-guilers.org\/index.php\/2021\/03\/16\/assemblee-generale-embarquee\/"]}]},{"@type":"ImageObject","inLanguage":"fr-FR","@id":"https:\/\/www.emdg-guilers.org\/index.php\/2021\/03\/16\/assemblee-generale-embarquee\/#primaryimage","url":"https:\/\/www.emdg-guilers.org\/wp-content\/uploads\/2021\/03\/1-5.jpg","contentUrl":"https:\/\/www.emdg-guilers.org\/wp-content\/uploads\/2021\/03\/1-5.jpg","width":1587,"height":2245},{"@type":"BreadcrumbList","@id":"https:\/\/www.emdg-guilers.org\/index.php\/2021\/03\/16\/assemblee-generale-embarquee\/#breadcrumb","itemListElement":[{"@type":"ListItem","position":1,"name":"Accueil","item":"https:\/\/www.emdg-guilers.org\/"},{"@type":"ListItem","position":2,"name":"Assembl\u00e9e G\u00e9n\u00e9rale \u00ab\u00a0embarqu\u00e9e\u00a0\u00bb"}]},{"@type":"WebSite","@id":"https:\/\/www.emdg-guilers.org\/#website","url":"https:\/\/www.emdg-guilers.org\/","name":"Ecole de Musique et Danse de Guilers","description":"Ecole associative, cours de musique, danse, th\u00e9\u00e2tre accessibles \u00e0 tous","publisher":{"@id":"https:\/\/www.emdg-guilers.org\/#organization"},"potentialAction":[{"@type":"SearchAction","target":{"@type":"EntryPoint","urlTemplate":"https:\/\/www.emdg-guilers.org\/?s={search_term_string}"},"query-input":"required name=search_term_string"}],"inLanguage":"fr-FR"},{"@type":"Organization","@id":"https:\/\/www.emdg-guilers.org\/#organization","name":"Ecole de Musique et de Danse","url":"https:\/\/www.emdg-guilers.org\/","logo":{"@type":"ImageObject","inLanguage":"fr-FR","@id":"https:\/\/www.emdg-guilers.org\/#\/schema\/logo\/image\/","url":"https:\/\/www.emdg-guilers.org\/wp-content\/uploads\/2016\/06\/logo2014.jpg","contentUrl":"https:\/\/www.emdg-guilers.org\/wp-content\/uploads\/2016\/06\/logo2014.jpg","width":214,"height":116,"caption":"Ecole de Musique et de Danse"},"image":{"@id":"https:\/\/www.emdg-guilers.org\/#\/schema\/logo\/image\/"},"sameAs":["https:\/\/www.facebook.com\/Ecole-de-Musique-et-de-Danse-de-Guilers-480017765533016\/"]},{"@type":"Person","@id":"https:\/\/www.emdg-guilers.org\/#\/schema\/person\/5c279d8e49be5f6bfdc87fb9e08559d4","name":"Marie Clavier","image":{"@type":"ImageObject","inLanguage":"fr-FR","@id":"https:\/\/www.emdg-guilers.org\/#\/schema\/person\/image\/","url":"https:\/\/secure.gravatar.com\/avatar\/82505eeeaf6d53a80197cd7ed92e8de4?s=96&d=mm&r=g","contentUrl":"https:\/\/secure.gravatar.com\/avatar\/82505eeeaf6d53a80197cd7ed92e8de4?s=96&d=mm&r=g","caption":"Marie Clavier"},"url":"https:\/\/www.emdg-guilers.org\/index.php\/author\/mclavier\/"}]}},"_links":{"self":[{"href":"https:\/\/www.emdg-guilers.org\/index.php\/wp-json\/wp\/v2\/posts\/2261"}],"collection":[{"href":"https:\/\/www.emdg-guilers.org\/index.php\/wp-json\/wp\/v2\/posts"}],"about":[{"href":"https:\/\/www.emdg-guilers.org\/index.php\/wp-json\/wp\/v2\/types\/post"}],"author":[{"embeddable":true,"href":"https:\/\/www.emdg-guilers.org\/index.php\/wp-json\/wp\/v2\/users\/3"}],"replies":[{"embeddable":true,"href":"https:\/\/www.emdg-guilers.org\/index.php\/wp-json\/wp\/v2\/comments?post=2261"}],"version-history":[{"count":6,"href":"https:\/\/www.emdg-guilers.org\/index.php\/wp-json\/wp\/v2\/posts\/2261\/revisions"}],"predecessor-version":[{"id":2294,"href":"https:\/\/www.emdg-guilers.org\/index.php\/wp-json\/wp\/v2\/posts\/2261\/revisions\/2294"}],"wp:attachment":[{"href":"https:\/\/www.emdg-guilers.org\/index.php\/wp-json\/wp\/v2\/media?parent=2261"}],"wp:term":[{"taxonomy":"category","embeddable":true,"href":"https:\/\/www.emdg-guilers.org\/index.php\/wp-json\/wp\/v2\/categories?post=2261"},{"taxonomy":"post_tag","embeddable":true,"href":"https:\/\/www.emdg-guilers.org\/index.php\/wp-json\/wp\/v2\/tags?post=2261"}],"curies":[{"name":"wp","href":"https:\/\/api.w.org\/{rel}","templated":true}]}}