{"id":2364,"date":"2021-05-10T13:43:57","date_gmt":"2021-05-10T11:43:57","guid":{"rendered":"https:\/\/www.emdg-guilers.org\/?p=2364"},"modified":"2021-05-18T18:40:39","modified_gmt":"2021-05-18T16:40:39","slug":"reprise-le-19-mai","status":"publish","type":"post","link":"https:\/\/www.emdg-guilers.org\/index.php\/2021\/05\/10\/reprise-le-19-mai\/","title":{"rendered":"Reprise le 19 mai"},"content":{"rendered":"\n<p>Les cours peuvent reprendre \u00e0 compter du mercredi 19 mai 2021 \u00e0 l&rsquo;Ecole de Musique et Danse de Guilers.<\/p>\n\n\n\n<figure class=\"wp-block-image size-large\"><img loading=\"lazy\" decoding=\"async\" width=\"1024\" height=\"1024\" src=\"https:\/\/www.emdg-guilers.org\/wp-content\/uploads\/2021\/05\/contents-de-vous-retrouver--1024x1024.jpg\" alt=\"\" class=\"wp-image-2500\" srcset=\"https:\/\/www.emdg-guilers.org\/wp-content\/uploads\/2021\/05\/contents-de-vous-retrouver--1024x1024.jpg 1024w, https:\/\/www.emdg-guilers.org\/wp-content\/uploads\/2021\/05\/contents-de-vous-retrouver--300x300.jpg 300w, https:\/\/www.emdg-guilers.org\/wp-content\/uploads\/2021\/05\/contents-de-vous-retrouver--150x150.jpg 150w, https:\/\/www.emdg-guilers.org\/wp-content\/uploads\/2021\/05\/contents-de-vous-retrouver--768x768.jpg 768w, https:\/\/www.emdg-guilers.org\/wp-content\/uploads\/2021\/05\/contents-de-vous-retrouver--1536x1536.jpg 1536w, https:\/\/www.emdg-guilers.org\/wp-content\/uploads\/2021\/05\/contents-de-vous-retrouver--270x270.jpg 270w, https:\/\/www.emdg-guilers.org\/wp-content\/uploads\/2021\/05\/contents-de-vous-retrouver-.jpg 1654w\" sizes=\"(max-width: 1024px) 100vw, 1024px\" \/><\/figure>\n\n\n\n<p>La reprise en pr\u00e9sentiel est autoris\u00e9e pour tous les publics des \u00e9tablissements d\u2019enseignement artistique, sauf exceptions (ci-dessous)<br><br>Les activit\u00e9s d\u2019enseignement se d\u00e9roulent normalement dans la limite de l\u2019horaire du couvre-feu de 21h et le retour au domicile apr\u00e8s cette heure implique une attestation personnelle d\u00e9rogatoire<strong>. <\/strong><strong><br>Une attestation de scolarit\u00e9 et de d\u00e9placement seront fournies aux familles, le cas \u00e9ch\u00e9ant.<\/strong><\/p>\n\n\n\n<p><strong><u>Les horaires des cours sont ceux convenus en d\u00e9but d\u2019ann\u00e9e, lors de l\u2019inscription<\/u><\/strong><strong>. (1 seule exception, le cours de FM 3 du jeudi soir est exceptionnellement fusionn\u00e9 avec le cours de FM 3 du mercredi de 9h-10h pour le 19 mai, donc pas de cours le 20 mai)<\/strong><\/p>\n\n\n\n<p><strong><u>Danse&nbsp;:<\/u><\/strong><br>&#8211; reprise pour les mineurs, contact autoris\u00e9<br>&#8211; pas de reprise pour les majeurs<br>&#8211; distanciation minimale recommand\u00e9e&nbsp;: 1m (avec port du masque), 2m (sans port du masque)<br>&#8211; port du masque recommand\u00e9 d\u00e8s 6 ans mais pas obligatoire lors de la pratique, \u00e0 porter dans le b\u00e2timent et lors de tout d\u00e9placement<br>\u2013 vestiaires ferm\u00e9s.<\/p>\n\n\n\n<p><strong><u>Musique&nbsp;:<\/u><\/strong><\/p>\n\n\n\n<p>-reprise de tous les mineurs en pr\u00e9sentiel<br>&#8211; reprise de tous les majeurs en pr\u00e9sentiel<br>&#8211; port du masque obligatoire pour tous d\u00e8s 6 ans, distanciation d\u20191 m&nbsp;;&nbsp; sauf instruments \u00e0 vent et chant, distanciation 2m.<br>&#8211; 10 personnes en simultan\u00e9 en int\u00e9rieur pour les majeurs, 50 personnes maximum pour les mineurs<\/p>\n\n\n\n<p>Les r\u00e8gles d\u2019hygi\u00e8ne, de distanciation restent les m\u00eames que celles mises en place jusqu\u2019\u00e0 pr\u00e9sent.<\/p>\n\n\n\n<p>J\u2019attire votre attention sur l\u2019importance de bien les respecter (a\u00e9ration des salles, d\u00e9sinfection, etc)<\/p>\n\n\n\n<p><br><a href=\"https:\/\/www.cmf-musique.org\/wp-content\/uploads\/2021\/05\/20210512-Guide-aide-reprise-DGCA-pour-diffusion-a-date.pdf\">20210512-Guide-aide-reprise-DGCA-pour-diffusion-a-date.pdf (cmf-musique.org)<\/a><\/p>\n","protected":false},"excerpt":{"rendered":"<p>Les cours peuvent reprendre \u00e0 compter du mercredi 19 mai 2021 \u00e0 l&rsquo;Ecole de Musique et Danse de Guilers. La reprise en pr\u00e9sentiel est autoris\u00e9e pour tous les publics des \u00e9tablissements d\u2019enseignement artistique, sauf exceptions (ci-dessous) Les activit\u00e9s d\u2019enseignement se d\u00e9roulent normalement dans la limite de l\u2019horaire du couvre-feu de 21h et le retour au domicile apr\u00e8s cette heure implique une attestation personnelle d\u00e9rogatoire. Une attestation de scolarit\u00e9 et de d\u00e9placement seront fournies aux familles, le cas \u00e9ch\u00e9ant. Les horaires&#8230;<\/p>\n<p class=\"read-more\"><a class=\"btn btn-default\" href=\"https:\/\/www.emdg-guilers.org\/index.php\/2021\/05\/10\/reprise-le-19-mai\/\">Lire la suite<span class=\"screen-reader-text\"> Lire la suite<\/span><\/a><\/p>\n","protected":false},"author":3,"featured_media":0,"comment_status":"closed","ping_status":"closed","sticky":false,"template":"","format":"standard","meta":{"footnotes":""},"categories":[1],"tags":[],"yoast_head":"<!-- This site is optimized with the Yoast SEO plugin v22.4 - https:\/\/yoast.com\/wordpress\/plugins\/seo\/ -->\n<title>Reprise le 19 mai - Ecole de Musique, Danse &amp; Th\u00e9\u00e2tre de Guilers<\/title>\n<meta name=\"robots\" content=\"index, follow, max-snippet:-1, max-image-preview:large, max-video-preview:-1\" \/>\n<link rel=\"canonical\" href=\"https:\/\/www.emdg-guilers.org\/index.php\/2021\/05\/10\/reprise-le-19-mai\/\" \/>\n<meta property=\"og:locale\" content=\"fr_FR\" \/>\n<meta property=\"og:type\" content=\"article\" \/>\n<meta property=\"og:title\" content=\"Reprise le 19 mai - Ecole de Musique, Danse &amp; Th\u00e9\u00e2tre de Guilers\" \/>\n<meta property=\"og:description\" content=\"Les cours peuvent reprendre \u00e0 compter du mercredi 19 mai 2021 \u00e0 l&rsquo;Ecole de Musique et Danse de Guilers. La reprise en pr\u00e9sentiel est autoris\u00e9e pour tous les publics des \u00e9tablissements d\u2019enseignement artistique, sauf exceptions (ci-dessous) Les activit\u00e9s d\u2019enseignement se d\u00e9roulent normalement dans la limite de l\u2019horaire du couvre-feu de 21h et le retour au domicile apr\u00e8s cette heure implique une attestation personnelle d\u00e9rogatoire. Une attestation de scolarit\u00e9 et de d\u00e9placement seront fournies aux familles, le cas \u00e9ch\u00e9ant. Les horaires...Lire la suite Lire la suite\" \/>\n<meta property=\"og:url\" content=\"https:\/\/www.emdg-guilers.org\/index.php\/2021\/05\/10\/reprise-le-19-mai\/\" \/>\n<meta property=\"og:site_name\" content=\"Ecole de Musique, Danse &amp; Th\u00e9\u00e2tre de Guilers\" \/>\n<meta property=\"article:publisher\" content=\"https:\/\/www.facebook.com\/Ecole-de-Musique-et-de-Danse-de-Guilers-480017765533016\/\" \/>\n<meta property=\"article:published_time\" content=\"2021-05-10T11:43:57+00:00\" \/>\n<meta property=\"article:modified_time\" content=\"2021-05-18T16:40:39+00:00\" \/>\n<meta property=\"og:image\" content=\"https:\/\/www.emdg-guilers.org\/wp-content\/uploads\/2021\/05\/contents-de-vous-retrouver--1024x1024.jpg\" \/>\n<meta name=\"author\" content=\"Marie Clavier\" \/>\n<meta name=\"twitter:card\" content=\"summary_large_image\" \/>\n<meta name=\"twitter:label1\" content=\"\u00c9crit par\" \/>\n\t<meta name=\"twitter:data1\" content=\"Marie Clavier\" \/>\n\t<meta name=\"twitter:label2\" content=\"Dur\u00e9e de lecture estim\u00e9e\" \/>\n\t<meta name=\"twitter:data2\" content=\"1 minute\" \/>\n<script type=\"application\/ld+json\" class=\"yoast-schema-graph\">{\"@context\":\"https:\/\/schema.org\",\"@graph\":[{\"@type\":\"Article\",\"@id\":\"https:\/\/www.emdg-guilers.org\/index.php\/2021\/05\/10\/reprise-le-19-mai\/#article\",\"isPartOf\":{\"@id\":\"https:\/\/www.emdg-guilers.org\/index.php\/2021\/05\/10\/reprise-le-19-mai\/\"},\"author\":{\"name\":\"Marie Clavier\",\"@id\":\"https:\/\/www.emdg-guilers.org\/#\/schema\/person\/5c279d8e49be5f6bfdc87fb9e08559d4\"},\"headline\":\"Reprise le 19 mai\",\"datePublished\":\"2021-05-10T11:43:57+00:00\",\"dateModified\":\"2021-05-18T16:40:39+00:00\",\"mainEntityOfPage\":{\"@id\":\"https:\/\/www.emdg-guilers.org\/index.php\/2021\/05\/10\/reprise-le-19-mai\/\"},\"wordCount\":292,\"publisher\":{\"@id\":\"https:\/\/www.emdg-guilers.org\/#organization\"},\"image\":{\"@id\":\"https:\/\/www.emdg-guilers.org\/index.php\/2021\/05\/10\/reprise-le-19-mai\/#primaryimage\"},\"thumbnailUrl\":\"https:\/\/www.emdg-guilers.org\/wp-content\/uploads\/2021\/05\/contents-de-vous-retrouver--1024x1024.jpg\",\"inLanguage\":\"fr-FR\"},{\"@type\":\"WebPage\",\"@id\":\"https:\/\/www.emdg-guilers.org\/index.php\/2021\/05\/10\/reprise-le-19-mai\/\",\"url\":\"https:\/\/www.emdg-guilers.org\/index.php\/2021\/05\/10\/reprise-le-19-mai\/\",\"name\":\"Reprise le 19 mai - Ecole de Musique, Danse &amp; Th\u00e9\u00e2tre de Guilers\",\"isPartOf\":{\"@id\":\"https:\/\/www.emdg-guilers.org\/#website\"},\"primaryImageOfPage\":{\"@id\":\"https:\/\/www.emdg-guilers.org\/index.php\/2021\/05\/10\/reprise-le-19-mai\/#primaryimage\"},\"image\":{\"@id\":\"https:\/\/www.emdg-guilers.org\/index.php\/2021\/05\/10\/reprise-le-19-mai\/#primaryimage\"},\"thumbnailUrl\":\"https:\/\/www.emdg-guilers.org\/wp-content\/uploads\/2021\/05\/contents-de-vous-retrouver--1024x1024.jpg\",\"datePublished\":\"2021-05-10T11:43:57+00:00\",\"dateModified\":\"2021-05-18T16:40:39+00:00\",\"breadcrumb\":{\"@id\":\"https:\/\/www.emdg-guilers.org\/index.php\/2021\/05\/10\/reprise-le-19-mai\/#breadcrumb\"},\"inLanguage\":\"fr-FR\",\"potentialAction\":[{\"@type\":\"ReadAction\",\"target\":[\"https:\/\/www.emdg-guilers.org\/index.php\/2021\/05\/10\/reprise-le-19-mai\/\"]}]},{\"@type\":\"ImageObject\",\"inLanguage\":\"fr-FR\",\"@id\":\"https:\/\/www.emdg-guilers.org\/index.php\/2021\/05\/10\/reprise-le-19-mai\/#primaryimage\",\"url\":\"https:\/\/www.emdg-guilers.org\/wp-content\/uploads\/2021\/05\/contents-de-vous-retrouver-.jpg\",\"contentUrl\":\"https:\/\/www.emdg-guilers.org\/wp-content\/uploads\/2021\/05\/contents-de-vous-retrouver-.jpg\",\"width\":1654,\"height\":1654},{\"@type\":\"BreadcrumbList\",\"@id\":\"https:\/\/www.emdg-guilers.org\/index.php\/2021\/05\/10\/reprise-le-19-mai\/#breadcrumb\",\"itemListElement\":[{\"@type\":\"ListItem\",\"position\":1,\"name\":\"Accueil\",\"item\":\"https:\/\/www.emdg-guilers.org\/\"},{\"@type\":\"ListItem\",\"position\":2,\"name\":\"Reprise le 19 mai\"}]},{\"@type\":\"WebSite\",\"@id\":\"https:\/\/www.emdg-guilers.org\/#website\",\"url\":\"https:\/\/www.emdg-guilers.org\/\",\"name\":\"Ecole de Musique et Danse de Guilers\",\"description\":\"Ecole associative, cours de musique, danse, th\u00e9\u00e2tre accessibles \u00e0 tous\",\"publisher\":{\"@id\":\"https:\/\/www.emdg-guilers.org\/#organization\"},\"potentialAction\":[{\"@type\":\"SearchAction\",\"target\":{\"@type\":\"EntryPoint\",\"urlTemplate\":\"https:\/\/www.emdg-guilers.org\/?s={search_term_string}\"},\"query-input\":\"required name=search_term_string\"}],\"inLanguage\":\"fr-FR\"},{\"@type\":\"Organization\",\"@id\":\"https:\/\/www.emdg-guilers.org\/#organization\",\"name\":\"Ecole de Musique et de Danse\",\"url\":\"https:\/\/www.emdg-guilers.org\/\",\"logo\":{\"@type\":\"ImageObject\",\"inLanguage\":\"fr-FR\",\"@id\":\"https:\/\/www.emdg-guilers.org\/#\/schema\/logo\/image\/\",\"url\":\"https:\/\/www.emdg-guilers.org\/wp-content\/uploads\/2016\/06\/logo2014.jpg\",\"contentUrl\":\"https:\/\/www.emdg-guilers.org\/wp-content\/uploads\/2016\/06\/logo2014.jpg\",\"width\":214,\"height\":116,\"caption\":\"Ecole de Musique et de Danse\"},\"image\":{\"@id\":\"https:\/\/www.emdg-guilers.org\/#\/schema\/logo\/image\/\"},\"sameAs\":[\"https:\/\/www.facebook.com\/Ecole-de-Musique-et-de-Danse-de-Guilers-480017765533016\/\"]},{\"@type\":\"Person\",\"@id\":\"https:\/\/www.emdg-guilers.org\/#\/schema\/person\/5c279d8e49be5f6bfdc87fb9e08559d4\",\"name\":\"Marie Clavier\",\"image\":{\"@type\":\"ImageObject\",\"inLanguage\":\"fr-FR\",\"@id\":\"https:\/\/www.emdg-guilers.org\/#\/schema\/person\/image\/\",\"url\":\"https:\/\/secure.gravatar.com\/avatar\/82505eeeaf6d53a80197cd7ed92e8de4?s=96&d=mm&r=g\",\"contentUrl\":\"https:\/\/secure.gravatar.com\/avatar\/82505eeeaf6d53a80197cd7ed92e8de4?s=96&d=mm&r=g\",\"caption\":\"Marie Clavier\"},\"url\":\"https:\/\/www.emdg-guilers.org\/index.php\/author\/mclavier\/\"}]}<\/script>\n<!-- \/ Yoast SEO plugin. -->","yoast_head_json":{"title":"Reprise le 19 mai - Ecole de Musique, Danse &amp; Th\u00e9\u00e2tre de Guilers","robots":{"index":"index","follow":"follow","max-snippet":"max-snippet:-1","max-image-preview":"max-image-preview:large","max-video-preview":"max-video-preview:-1"},"canonical":"https:\/\/www.emdg-guilers.org\/index.php\/2021\/05\/10\/reprise-le-19-mai\/","og_locale":"fr_FR","og_type":"article","og_title":"Reprise le 19 mai - Ecole de Musique, Danse &amp; Th\u00e9\u00e2tre de Guilers","og_description":"Les cours peuvent reprendre \u00e0 compter du mercredi 19 mai 2021 \u00e0 l&rsquo;Ecole de Musique et Danse de Guilers. La reprise en pr\u00e9sentiel est autoris\u00e9e pour tous les publics des \u00e9tablissements d\u2019enseignement artistique, sauf exceptions (ci-dessous) Les activit\u00e9s d\u2019enseignement se d\u00e9roulent normalement dans la limite de l\u2019horaire du couvre-feu de 21h et le retour au domicile apr\u00e8s cette heure implique une attestation personnelle d\u00e9rogatoire. Une attestation de scolarit\u00e9 et de d\u00e9placement seront fournies aux familles, le cas \u00e9ch\u00e9ant. Les horaires...Lire la suite Lire la suite","og_url":"https:\/\/www.emdg-guilers.org\/index.php\/2021\/05\/10\/reprise-le-19-mai\/","og_site_name":"Ecole de Musique, Danse &amp; Th\u00e9\u00e2tre de Guilers","article_publisher":"https:\/\/www.facebook.com\/Ecole-de-Musique-et-de-Danse-de-Guilers-480017765533016\/","article_published_time":"2021-05-10T11:43:57+00:00","article_modified_time":"2021-05-18T16:40:39+00:00","og_image":[{"url":"https:\/\/www.emdg-guilers.org\/wp-content\/uploads\/2021\/05\/contents-de-vous-retrouver--1024x1024.jpg"}],"author":"Marie Clavier","twitter_card":"summary_large_image","twitter_misc":{"\u00c9crit par":"Marie Clavier","Dur\u00e9e de lecture estim\u00e9e":"1 minute"},"schema":{"@context":"https:\/\/schema.org","@graph":[{"@type":"Article","@id":"https:\/\/www.emdg-guilers.org\/index.php\/2021\/05\/10\/reprise-le-19-mai\/#article","isPartOf":{"@id":"https:\/\/www.emdg-guilers.org\/index.php\/2021\/05\/10\/reprise-le-19-mai\/"},"author":{"name":"Marie Clavier","@id":"https:\/\/www.emdg-guilers.org\/#\/schema\/person\/5c279d8e49be5f6bfdc87fb9e08559d4"},"headline":"Reprise le 19 mai","datePublished":"2021-05-10T11:43:57+00:00","dateModified":"2021-05-18T16:40:39+00:00","mainEntityOfPage":{"@id":"https:\/\/www.emdg-guilers.org\/index.php\/2021\/05\/10\/reprise-le-19-mai\/"},"wordCount":292,"publisher":{"@id":"https:\/\/www.emdg-guilers.org\/#organization"},"image":{"@id":"https:\/\/www.emdg-guilers.org\/index.php\/2021\/05\/10\/reprise-le-19-mai\/#primaryimage"},"thumbnailUrl":"https:\/\/www.emdg-guilers.org\/wp-content\/uploads\/2021\/05\/contents-de-vous-retrouver--1024x1024.jpg","inLanguage":"fr-FR"},{"@type":"WebPage","@id":"https:\/\/www.emdg-guilers.org\/index.php\/2021\/05\/10\/reprise-le-19-mai\/","url":"https:\/\/www.emdg-guilers.org\/index.php\/2021\/05\/10\/reprise-le-19-mai\/","name":"Reprise le 19 mai - Ecole de Musique, Danse &amp; Th\u00e9\u00e2tre de Guilers","isPartOf":{"@id":"https:\/\/www.emdg-guilers.org\/#website"},"primaryImageOfPage":{"@id":"https:\/\/www.emdg-guilers.org\/index.php\/2021\/05\/10\/reprise-le-19-mai\/#primaryimage"},"image":{"@id":"https:\/\/www.emdg-guilers.org\/index.php\/2021\/05\/10\/reprise-le-19-mai\/#primaryimage"},"thumbnailUrl":"https:\/\/www.emdg-guilers.org\/wp-content\/uploads\/2021\/05\/contents-de-vous-retrouver--1024x1024.jpg","datePublished":"2021-05-10T11:43:57+00:00","dateModified":"2021-05-18T16:40:39+00:00","breadcrumb":{"@id":"https:\/\/www.emdg-guilers.org\/index.php\/2021\/05\/10\/reprise-le-19-mai\/#breadcrumb"},"inLanguage":"fr-FR","potentialAction":[{"@type":"ReadAction","target":["https:\/\/www.emdg-guilers.org\/index.php\/2021\/05\/10\/reprise-le-19-mai\/"]}]},{"@type":"ImageObject","inLanguage":"fr-FR","@id":"https:\/\/www.emdg-guilers.org\/index.php\/2021\/05\/10\/reprise-le-19-mai\/#primaryimage","url":"https:\/\/www.emdg-guilers.org\/wp-content\/uploads\/2021\/05\/contents-de-vous-retrouver-.jpg","contentUrl":"https:\/\/www.emdg-guilers.org\/wp-content\/uploads\/2021\/05\/contents-de-vous-retrouver-.jpg","width":1654,"height":1654},{"@type":"BreadcrumbList","@id":"https:\/\/www.emdg-guilers.org\/index.php\/2021\/05\/10\/reprise-le-19-mai\/#breadcrumb","itemListElement":[{"@type":"ListItem","position":1,"name":"Accueil","item":"https:\/\/www.emdg-guilers.org\/"},{"@type":"ListItem","position":2,"name":"Reprise le 19 mai"}]},{"@type":"WebSite","@id":"https:\/\/www.emdg-guilers.org\/#website","url":"https:\/\/www.emdg-guilers.org\/","name":"Ecole de Musique et Danse de Guilers","description":"Ecole associative, cours de musique, danse, th\u00e9\u00e2tre accessibles \u00e0 tous","publisher":{"@id":"https:\/\/www.emdg-guilers.org\/#organization"},"potentialAction":[{"@type":"SearchAction","target":{"@type":"EntryPoint","urlTemplate":"https:\/\/www.emdg-guilers.org\/?s={search_term_string}"},"query-input":"required name=search_term_string"}],"inLanguage":"fr-FR"},{"@type":"Organization","@id":"https:\/\/www.emdg-guilers.org\/#organization","name":"Ecole de Musique et de Danse","url":"https:\/\/www.emdg-guilers.org\/","logo":{"@type":"ImageObject","inLanguage":"fr-FR","@id":"https:\/\/www.emdg-guilers.org\/#\/schema\/logo\/image\/","url":"https:\/\/www.emdg-guilers.org\/wp-content\/uploads\/2016\/06\/logo2014.jpg","contentUrl":"https:\/\/www.emdg-guilers.org\/wp-content\/uploads\/2016\/06\/logo2014.jpg","width":214,"height":116,"caption":"Ecole de Musique et de Danse"},"image":{"@id":"https:\/\/www.emdg-guilers.org\/#\/schema\/logo\/image\/"},"sameAs":["https:\/\/www.facebook.com\/Ecole-de-Musique-et-de-Danse-de-Guilers-480017765533016\/"]},{"@type":"Person","@id":"https:\/\/www.emdg-guilers.org\/#\/schema\/person\/5c279d8e49be5f6bfdc87fb9e08559d4","name":"Marie Clavier","image":{"@type":"ImageObject","inLanguage":"fr-FR","@id":"https:\/\/www.emdg-guilers.org\/#\/schema\/person\/image\/","url":"https:\/\/secure.gravatar.com\/avatar\/82505eeeaf6d53a80197cd7ed92e8de4?s=96&d=mm&r=g","contentUrl":"https:\/\/secure.gravatar.com\/avatar\/82505eeeaf6d53a80197cd7ed92e8de4?s=96&d=mm&r=g","caption":"Marie Clavier"},"url":"https:\/\/www.emdg-guilers.org\/index.php\/author\/mclavier\/"}]}},"_links":{"self":[{"href":"https:\/\/www.emdg-guilers.org\/index.php\/wp-json\/wp\/v2\/posts\/2364"}],"collection":[{"href":"https:\/\/www.emdg-guilers.org\/index.php\/wp-json\/wp\/v2\/posts"}],"about":[{"href":"https:\/\/www.emdg-guilers.org\/index.php\/wp-json\/wp\/v2\/types\/post"}],"author":[{"embeddable":true,"href":"https:\/\/www.emdg-guilers.org\/index.php\/wp-json\/wp\/v2\/users\/3"}],"replies":[{"embeddable":true,"href":"https:\/\/www.emdg-guilers.org\/index.php\/wp-json\/wp\/v2\/comments?post=2364"}],"version-history":[{"count":3,"href":"https:\/\/www.emdg-guilers.org\/index.php\/wp-json\/wp\/v2\/posts\/2364\/revisions"}],"predecessor-version":[{"id":2501,"href":"https:\/\/www.emdg-guilers.org\/index.php\/wp-json\/wp\/v2\/posts\/2364\/revisions\/2501"}],"wp:attachment":[{"href":"https:\/\/www.emdg-guilers.org\/index.php\/wp-json\/wp\/v2\/media?parent=2364"}],"wp:term":[{"taxonomy":"category","embeddable":true,"href":"https:\/\/www.emdg-guilers.org\/index.php\/wp-json\/wp\/v2\/categories?post=2364"},{"taxonomy":"post_tag","embeddable":true,"href":"https:\/\/www.emdg-guilers.org\/index.php\/wp-json\/wp\/v2\/tags?post=2364"}],"curies":[{"name":"wp","href":"https:\/\/api.w.org\/{rel}","templated":true}]}}