{"id":2531,"date":"2021-06-03T15:32:56","date_gmt":"2021-06-03T13:32:56","guid":{"rendered":"https:\/\/www.emdg-guilers.org\/?p=2531"},"modified":"2021-06-03T15:32:57","modified_gmt":"2021-06-03T13:32:57","slug":"concert-spectacle-les-retrouvailles-17-juin-a-lagora","status":"publish","type":"post","link":"https:\/\/www.emdg-guilers.org\/index.php\/2021\/06\/03\/concert-spectacle-les-retrouvailles-17-juin-a-lagora\/","title":{"rendered":"Concert Spectacle \u00ab\u00a0Les Retrouvailles\u00a0\u00bb &#8211; 17 juin \u00e0 l&rsquo;Agora"},"content":{"rendered":"\n<p>Places limit\u00e9es. R\u00e9servation obligatoire <a href=\"https:\/\/www.helloasso.com\/associations\/ecole-de-musique-et-danse-de-guilers\/evenements\/spectacle-concert-emdg?_ga=2.125140809.2138647485.1622726249-947667864.1617892226\" target=\"_blank\" rel=\"noreferrer noopener\">sur cette page<\/a><\/p>\n\n\n\n<p>Soir\u00e9e spectacle audition des \u00e9l\u00e8ves musique et danse :<br>&#8211; trio de trompettes <br>&#8211; danseurs initiation classique<br>&#8211; trio musiques actuelles<br>&#8211; \u00e9veil danse <br>&#8211; Guilers Guitar Gang (ensemble de guitares)<br>&#8211; piano solo<br>&#8211; carte blanche danseuses de l&rsquo;atelier chor\u00e9graphique<br><br>Suivi d&rsquo;un <strong>concert de l&rsquo;enseignante Claire-Audrey Desnos, harpiste, \u00e0 l&rsquo;occasion de la sortie de son nouvel album solo : \u00ab\u00a0M\u00e9andres\u00a0\u00bb.<\/strong><br><\/p>\n\n\n\n<figure class=\"wp-block-image size-large\"><a href=\"https:\/\/www.facebook.com\/events\/131602995629262\/?ref=newsfeed\"><img loading=\"lazy\" decoding=\"async\" width=\"724\" height=\"1024\" src=\"https:\/\/www.emdg-guilers.org\/wp-content\/uploads\/2021\/06\/2021-06-17-les-retrouvailles-724x1024.jpg\" alt=\"\" class=\"wp-image-2532\" srcset=\"https:\/\/www.emdg-guilers.org\/wp-content\/uploads\/2021\/06\/2021-06-17-les-retrouvailles-724x1024.jpg 724w, https:\/\/www.emdg-guilers.org\/wp-content\/uploads\/2021\/06\/2021-06-17-les-retrouvailles-212x300.jpg 212w, https:\/\/www.emdg-guilers.org\/wp-content\/uploads\/2021\/06\/2021-06-17-les-retrouvailles-768x1086.jpg 768w, https:\/\/www.emdg-guilers.org\/wp-content\/uploads\/2021\/06\/2021-06-17-les-retrouvailles-1086x1536.jpg 1086w, https:\/\/www.emdg-guilers.org\/wp-content\/uploads\/2021\/06\/2021-06-17-les-retrouvailles-1448x2048.jpg 1448w, https:\/\/www.emdg-guilers.org\/wp-content\/uploads\/2021\/06\/2021-06-17-les-retrouvailles-191x270.jpg 191w, https:\/\/www.emdg-guilers.org\/wp-content\/uploads\/2021\/06\/2021-06-17-les-retrouvailles.jpg 1587w\" sizes=\"(max-width: 724px) 100vw, 724px\" \/><\/a><\/figure>\n\n\n\n<p><br>Port du masque obligatoire, lavage des mains \u00e0 l&rsquo;entr\u00e9e, remplissage du fichier de tra\u00e7age, respect du protocole en vigueur.<\/p>\n","protected":false},"excerpt":{"rendered":"<p>Places limit\u00e9es. R\u00e9servation obligatoire sur cette page Soir\u00e9e spectacle audition des \u00e9l\u00e8ves musique et danse :&#8211; trio de trompettes &#8211; danseurs initiation classique&#8211; trio musiques actuelles&#8211; \u00e9veil danse &#8211; Guilers Guitar Gang (ensemble de guitares)&#8211; piano solo&#8211; carte blanche danseuses de l&rsquo;atelier chor\u00e9graphique Suivi d&rsquo;un concert de l&rsquo;enseignante Claire-Audrey Desnos, harpiste, \u00e0 l&rsquo;occasion de la sortie de son nouvel album solo : \u00ab\u00a0M\u00e9andres\u00a0\u00bb. Port du masque obligatoire, lavage des mains \u00e0 l&rsquo;entr\u00e9e, remplissage du fichier de tra\u00e7age, respect du protocole&#8230;<\/p>\n<p class=\"read-more\"><a class=\"btn btn-default\" href=\"https:\/\/www.emdg-guilers.org\/index.php\/2021\/06\/03\/concert-spectacle-les-retrouvailles-17-juin-a-lagora\/\">Lire la suite<span class=\"screen-reader-text\"> Lire la suite<\/span><\/a><\/p>\n","protected":false},"author":3,"featured_media":0,"comment_status":"closed","ping_status":"closed","sticky":false,"template":"","format":"standard","meta":{"footnotes":""},"categories":[1],"tags":[],"yoast_head":"<!-- This site is optimized with the Yoast SEO plugin v22.4 - https:\/\/yoast.com\/wordpress\/plugins\/seo\/ -->\n<title>Concert Spectacle &quot;Les Retrouvailles&quot; - 17 juin \u00e0 l&#039;Agora - Ecole de Musique, Danse &amp; Th\u00e9\u00e2tre de Guilers<\/title>\n<meta name=\"robots\" content=\"index, follow, max-snippet:-1, max-image-preview:large, max-video-preview:-1\" \/>\n<link rel=\"canonical\" href=\"https:\/\/www.emdg-guilers.org\/index.php\/2021\/06\/03\/concert-spectacle-les-retrouvailles-17-juin-a-lagora\/\" \/>\n<meta property=\"og:locale\" content=\"fr_FR\" \/>\n<meta property=\"og:type\" content=\"article\" \/>\n<meta property=\"og:title\" content=\"Concert Spectacle &quot;Les Retrouvailles&quot; - 17 juin \u00e0 l&#039;Agora - Ecole de Musique, Danse &amp; Th\u00e9\u00e2tre de Guilers\" \/>\n<meta property=\"og:description\" content=\"Places limit\u00e9es. R\u00e9servation obligatoire sur cette page Soir\u00e9e spectacle audition des \u00e9l\u00e8ves musique et danse :&#8211; trio de trompettes &#8211; danseurs initiation classique&#8211; trio musiques actuelles&#8211; \u00e9veil danse &#8211; Guilers Guitar Gang (ensemble de guitares)&#8211; piano solo&#8211; carte blanche danseuses de l&rsquo;atelier chor\u00e9graphique Suivi d&rsquo;un concert de l&rsquo;enseignante Claire-Audrey Desnos, harpiste, \u00e0 l&rsquo;occasion de la sortie de son nouvel album solo : \u00ab\u00a0M\u00e9andres\u00a0\u00bb. Port du masque obligatoire, lavage des mains \u00e0 l&rsquo;entr\u00e9e, remplissage du fichier de tra\u00e7age, respect du protocole...Lire la suite Lire la suite\" \/>\n<meta property=\"og:url\" content=\"https:\/\/www.emdg-guilers.org\/index.php\/2021\/06\/03\/concert-spectacle-les-retrouvailles-17-juin-a-lagora\/\" \/>\n<meta property=\"og:site_name\" content=\"Ecole de Musique, Danse &amp; Th\u00e9\u00e2tre de Guilers\" \/>\n<meta property=\"article:publisher\" content=\"https:\/\/www.facebook.com\/Ecole-de-Musique-et-de-Danse-de-Guilers-480017765533016\/\" \/>\n<meta property=\"article:published_time\" content=\"2021-06-03T13:32:56+00:00\" \/>\n<meta property=\"article:modified_time\" content=\"2021-06-03T13:32:57+00:00\" \/>\n<meta property=\"og:image\" content=\"https:\/\/www.emdg-guilers.org\/wp-content\/uploads\/2021\/06\/2021-06-17-les-retrouvailles-724x1024.jpg\" \/>\n<meta name=\"author\" content=\"Marie Clavier\" \/>\n<meta name=\"twitter:card\" content=\"summary_large_image\" \/>\n<meta name=\"twitter:label1\" content=\"\u00c9crit par\" \/>\n\t<meta name=\"twitter:data1\" content=\"Marie Clavier\" \/>\n<script type=\"application\/ld+json\" class=\"yoast-schema-graph\">{\"@context\":\"https:\/\/schema.org\",\"@graph\":[{\"@type\":\"Article\",\"@id\":\"https:\/\/www.emdg-guilers.org\/index.php\/2021\/06\/03\/concert-spectacle-les-retrouvailles-17-juin-a-lagora\/#article\",\"isPartOf\":{\"@id\":\"https:\/\/www.emdg-guilers.org\/index.php\/2021\/06\/03\/concert-spectacle-les-retrouvailles-17-juin-a-lagora\/\"},\"author\":{\"name\":\"Marie Clavier\",\"@id\":\"https:\/\/www.emdg-guilers.org\/#\/schema\/person\/5c279d8e49be5f6bfdc87fb9e08559d4\"},\"headline\":\"Concert Spectacle \u00ab\u00a0Les Retrouvailles\u00a0\u00bb &#8211; 17 juin \u00e0 l&rsquo;Agora\",\"datePublished\":\"2021-06-03T13:32:56+00:00\",\"dateModified\":\"2021-06-03T13:32:57+00:00\",\"mainEntityOfPage\":{\"@id\":\"https:\/\/www.emdg-guilers.org\/index.php\/2021\/06\/03\/concert-spectacle-les-retrouvailles-17-juin-a-lagora\/\"},\"wordCount\":95,\"publisher\":{\"@id\":\"https:\/\/www.emdg-guilers.org\/#organization\"},\"image\":{\"@id\":\"https:\/\/www.emdg-guilers.org\/index.php\/2021\/06\/03\/concert-spectacle-les-retrouvailles-17-juin-a-lagora\/#primaryimage\"},\"thumbnailUrl\":\"https:\/\/www.emdg-guilers.org\/wp-content\/uploads\/2021\/06\/2021-06-17-les-retrouvailles-724x1024.jpg\",\"inLanguage\":\"fr-FR\"},{\"@type\":\"WebPage\",\"@id\":\"https:\/\/www.emdg-guilers.org\/index.php\/2021\/06\/03\/concert-spectacle-les-retrouvailles-17-juin-a-lagora\/\",\"url\":\"https:\/\/www.emdg-guilers.org\/index.php\/2021\/06\/03\/concert-spectacle-les-retrouvailles-17-juin-a-lagora\/\",\"name\":\"Concert Spectacle \\\"Les Retrouvailles\\\" - 17 juin \u00e0 l'Agora - Ecole de Musique, Danse &amp; Th\u00e9\u00e2tre de Guilers\",\"isPartOf\":{\"@id\":\"https:\/\/www.emdg-guilers.org\/#website\"},\"primaryImageOfPage\":{\"@id\":\"https:\/\/www.emdg-guilers.org\/index.php\/2021\/06\/03\/concert-spectacle-les-retrouvailles-17-juin-a-lagora\/#primaryimage\"},\"image\":{\"@id\":\"https:\/\/www.emdg-guilers.org\/index.php\/2021\/06\/03\/concert-spectacle-les-retrouvailles-17-juin-a-lagora\/#primaryimage\"},\"thumbnailUrl\":\"https:\/\/www.emdg-guilers.org\/wp-content\/uploads\/2021\/06\/2021-06-17-les-retrouvailles-724x1024.jpg\",\"datePublished\":\"2021-06-03T13:32:56+00:00\",\"dateModified\":\"2021-06-03T13:32:57+00:00\",\"breadcrumb\":{\"@id\":\"https:\/\/www.emdg-guilers.org\/index.php\/2021\/06\/03\/concert-spectacle-les-retrouvailles-17-juin-a-lagora\/#breadcrumb\"},\"inLanguage\":\"fr-FR\",\"potentialAction\":[{\"@type\":\"ReadAction\",\"target\":[\"https:\/\/www.emdg-guilers.org\/index.php\/2021\/06\/03\/concert-spectacle-les-retrouvailles-17-juin-a-lagora\/\"]}]},{\"@type\":\"ImageObject\",\"inLanguage\":\"fr-FR\",\"@id\":\"https:\/\/www.emdg-guilers.org\/index.php\/2021\/06\/03\/concert-spectacle-les-retrouvailles-17-juin-a-lagora\/#primaryimage\",\"url\":\"https:\/\/www.emdg-guilers.org\/wp-content\/uploads\/2021\/06\/2021-06-17-les-retrouvailles.jpg\",\"contentUrl\":\"https:\/\/www.emdg-guilers.org\/wp-content\/uploads\/2021\/06\/2021-06-17-les-retrouvailles.jpg\",\"width\":1587,\"height\":2245},{\"@type\":\"BreadcrumbList\",\"@id\":\"https:\/\/www.emdg-guilers.org\/index.php\/2021\/06\/03\/concert-spectacle-les-retrouvailles-17-juin-a-lagora\/#breadcrumb\",\"itemListElement\":[{\"@type\":\"ListItem\",\"position\":1,\"name\":\"Accueil\",\"item\":\"https:\/\/www.emdg-guilers.org\/\"},{\"@type\":\"ListItem\",\"position\":2,\"name\":\"Concert Spectacle \u00ab\u00a0Les Retrouvailles\u00a0\u00bb &#8211; 17 juin \u00e0 l&rsquo;Agora\"}]},{\"@type\":\"WebSite\",\"@id\":\"https:\/\/www.emdg-guilers.org\/#website\",\"url\":\"https:\/\/www.emdg-guilers.org\/\",\"name\":\"Ecole de Musique et Danse de Guilers\",\"description\":\"Ecole associative, cours de musique, danse, th\u00e9\u00e2tre accessibles \u00e0 tous\",\"publisher\":{\"@id\":\"https:\/\/www.emdg-guilers.org\/#organization\"},\"potentialAction\":[{\"@type\":\"SearchAction\",\"target\":{\"@type\":\"EntryPoint\",\"urlTemplate\":\"https:\/\/www.emdg-guilers.org\/?s={search_term_string}\"},\"query-input\":\"required name=search_term_string\"}],\"inLanguage\":\"fr-FR\"},{\"@type\":\"Organization\",\"@id\":\"https:\/\/www.emdg-guilers.org\/#organization\",\"name\":\"Ecole de Musique et de Danse\",\"url\":\"https:\/\/www.emdg-guilers.org\/\",\"logo\":{\"@type\":\"ImageObject\",\"inLanguage\":\"fr-FR\",\"@id\":\"https:\/\/www.emdg-guilers.org\/#\/schema\/logo\/image\/\",\"url\":\"https:\/\/www.emdg-guilers.org\/wp-content\/uploads\/2016\/06\/logo2014.jpg\",\"contentUrl\":\"https:\/\/www.emdg-guilers.org\/wp-content\/uploads\/2016\/06\/logo2014.jpg\",\"width\":214,\"height\":116,\"caption\":\"Ecole de Musique et de Danse\"},\"image\":{\"@id\":\"https:\/\/www.emdg-guilers.org\/#\/schema\/logo\/image\/\"},\"sameAs\":[\"https:\/\/www.facebook.com\/Ecole-de-Musique-et-de-Danse-de-Guilers-480017765533016\/\"]},{\"@type\":\"Person\",\"@id\":\"https:\/\/www.emdg-guilers.org\/#\/schema\/person\/5c279d8e49be5f6bfdc87fb9e08559d4\",\"name\":\"Marie Clavier\",\"image\":{\"@type\":\"ImageObject\",\"inLanguage\":\"fr-FR\",\"@id\":\"https:\/\/www.emdg-guilers.org\/#\/schema\/person\/image\/\",\"url\":\"https:\/\/secure.gravatar.com\/avatar\/82505eeeaf6d53a80197cd7ed92e8de4?s=96&d=mm&r=g\",\"contentUrl\":\"https:\/\/secure.gravatar.com\/avatar\/82505eeeaf6d53a80197cd7ed92e8de4?s=96&d=mm&r=g\",\"caption\":\"Marie Clavier\"},\"url\":\"https:\/\/www.emdg-guilers.org\/index.php\/author\/mclavier\/\"}]}<\/script>\n<!-- \/ Yoast SEO plugin. -->","yoast_head_json":{"title":"Concert Spectacle \"Les Retrouvailles\" - 17 juin \u00e0 l'Agora - Ecole de Musique, Danse &amp; Th\u00e9\u00e2tre de Guilers","robots":{"index":"index","follow":"follow","max-snippet":"max-snippet:-1","max-image-preview":"max-image-preview:large","max-video-preview":"max-video-preview:-1"},"canonical":"https:\/\/www.emdg-guilers.org\/index.php\/2021\/06\/03\/concert-spectacle-les-retrouvailles-17-juin-a-lagora\/","og_locale":"fr_FR","og_type":"article","og_title":"Concert Spectacle \"Les Retrouvailles\" - 17 juin \u00e0 l'Agora - Ecole de Musique, Danse &amp; Th\u00e9\u00e2tre de Guilers","og_description":"Places limit\u00e9es. R\u00e9servation obligatoire sur cette page Soir\u00e9e spectacle audition des \u00e9l\u00e8ves musique et danse :&#8211; trio de trompettes &#8211; danseurs initiation classique&#8211; trio musiques actuelles&#8211; \u00e9veil danse &#8211; Guilers Guitar Gang (ensemble de guitares)&#8211; piano solo&#8211; carte blanche danseuses de l&rsquo;atelier chor\u00e9graphique Suivi d&rsquo;un concert de l&rsquo;enseignante Claire-Audrey Desnos, harpiste, \u00e0 l&rsquo;occasion de la sortie de son nouvel album solo : \u00ab\u00a0M\u00e9andres\u00a0\u00bb. Port du masque obligatoire, lavage des mains \u00e0 l&rsquo;entr\u00e9e, remplissage du fichier de tra\u00e7age, respect du protocole...Lire la suite Lire la suite","og_url":"https:\/\/www.emdg-guilers.org\/index.php\/2021\/06\/03\/concert-spectacle-les-retrouvailles-17-juin-a-lagora\/","og_site_name":"Ecole de Musique, Danse &amp; Th\u00e9\u00e2tre de Guilers","article_publisher":"https:\/\/www.facebook.com\/Ecole-de-Musique-et-de-Danse-de-Guilers-480017765533016\/","article_published_time":"2021-06-03T13:32:56+00:00","article_modified_time":"2021-06-03T13:32:57+00:00","og_image":[{"url":"https:\/\/www.emdg-guilers.org\/wp-content\/uploads\/2021\/06\/2021-06-17-les-retrouvailles-724x1024.jpg"}],"author":"Marie Clavier","twitter_card":"summary_large_image","twitter_misc":{"\u00c9crit par":"Marie Clavier"},"schema":{"@context":"https:\/\/schema.org","@graph":[{"@type":"Article","@id":"https:\/\/www.emdg-guilers.org\/index.php\/2021\/06\/03\/concert-spectacle-les-retrouvailles-17-juin-a-lagora\/#article","isPartOf":{"@id":"https:\/\/www.emdg-guilers.org\/index.php\/2021\/06\/03\/concert-spectacle-les-retrouvailles-17-juin-a-lagora\/"},"author":{"name":"Marie Clavier","@id":"https:\/\/www.emdg-guilers.org\/#\/schema\/person\/5c279d8e49be5f6bfdc87fb9e08559d4"},"headline":"Concert Spectacle \u00ab\u00a0Les Retrouvailles\u00a0\u00bb &#8211; 17 juin \u00e0 l&rsquo;Agora","datePublished":"2021-06-03T13:32:56+00:00","dateModified":"2021-06-03T13:32:57+00:00","mainEntityOfPage":{"@id":"https:\/\/www.emdg-guilers.org\/index.php\/2021\/06\/03\/concert-spectacle-les-retrouvailles-17-juin-a-lagora\/"},"wordCount":95,"publisher":{"@id":"https:\/\/www.emdg-guilers.org\/#organization"},"image":{"@id":"https:\/\/www.emdg-guilers.org\/index.php\/2021\/06\/03\/concert-spectacle-les-retrouvailles-17-juin-a-lagora\/#primaryimage"},"thumbnailUrl":"https:\/\/www.emdg-guilers.org\/wp-content\/uploads\/2021\/06\/2021-06-17-les-retrouvailles-724x1024.jpg","inLanguage":"fr-FR"},{"@type":"WebPage","@id":"https:\/\/www.emdg-guilers.org\/index.php\/2021\/06\/03\/concert-spectacle-les-retrouvailles-17-juin-a-lagora\/","url":"https:\/\/www.emdg-guilers.org\/index.php\/2021\/06\/03\/concert-spectacle-les-retrouvailles-17-juin-a-lagora\/","name":"Concert Spectacle \"Les Retrouvailles\" - 17 juin \u00e0 l'Agora - Ecole de Musique, Danse &amp; Th\u00e9\u00e2tre de Guilers","isPartOf":{"@id":"https:\/\/www.emdg-guilers.org\/#website"},"primaryImageOfPage":{"@id":"https:\/\/www.emdg-guilers.org\/index.php\/2021\/06\/03\/concert-spectacle-les-retrouvailles-17-juin-a-lagora\/#primaryimage"},"image":{"@id":"https:\/\/www.emdg-guilers.org\/index.php\/2021\/06\/03\/concert-spectacle-les-retrouvailles-17-juin-a-lagora\/#primaryimage"},"thumbnailUrl":"https:\/\/www.emdg-guilers.org\/wp-content\/uploads\/2021\/06\/2021-06-17-les-retrouvailles-724x1024.jpg","datePublished":"2021-06-03T13:32:56+00:00","dateModified":"2021-06-03T13:32:57+00:00","breadcrumb":{"@id":"https:\/\/www.emdg-guilers.org\/index.php\/2021\/06\/03\/concert-spectacle-les-retrouvailles-17-juin-a-lagora\/#breadcrumb"},"inLanguage":"fr-FR","potentialAction":[{"@type":"ReadAction","target":["https:\/\/www.emdg-guilers.org\/index.php\/2021\/06\/03\/concert-spectacle-les-retrouvailles-17-juin-a-lagora\/"]}]},{"@type":"ImageObject","inLanguage":"fr-FR","@id":"https:\/\/www.emdg-guilers.org\/index.php\/2021\/06\/03\/concert-spectacle-les-retrouvailles-17-juin-a-lagora\/#primaryimage","url":"https:\/\/www.emdg-guilers.org\/wp-content\/uploads\/2021\/06\/2021-06-17-les-retrouvailles.jpg","contentUrl":"https:\/\/www.emdg-guilers.org\/wp-content\/uploads\/2021\/06\/2021-06-17-les-retrouvailles.jpg","width":1587,"height":2245},{"@type":"BreadcrumbList","@id":"https:\/\/www.emdg-guilers.org\/index.php\/2021\/06\/03\/concert-spectacle-les-retrouvailles-17-juin-a-lagora\/#breadcrumb","itemListElement":[{"@type":"ListItem","position":1,"name":"Accueil","item":"https:\/\/www.emdg-guilers.org\/"},{"@type":"ListItem","position":2,"name":"Concert Spectacle \u00ab\u00a0Les Retrouvailles\u00a0\u00bb &#8211; 17 juin \u00e0 l&rsquo;Agora"}]},{"@type":"WebSite","@id":"https:\/\/www.emdg-guilers.org\/#website","url":"https:\/\/www.emdg-guilers.org\/","name":"Ecole de Musique et Danse de Guilers","description":"Ecole associative, cours de musique, danse, th\u00e9\u00e2tre accessibles \u00e0 tous","publisher":{"@id":"https:\/\/www.emdg-guilers.org\/#organization"},"potentialAction":[{"@type":"SearchAction","target":{"@type":"EntryPoint","urlTemplate":"https:\/\/www.emdg-guilers.org\/?s={search_term_string}"},"query-input":"required name=search_term_string"}],"inLanguage":"fr-FR"},{"@type":"Organization","@id":"https:\/\/www.emdg-guilers.org\/#organization","name":"Ecole de Musique et de Danse","url":"https:\/\/www.emdg-guilers.org\/","logo":{"@type":"ImageObject","inLanguage":"fr-FR","@id":"https:\/\/www.emdg-guilers.org\/#\/schema\/logo\/image\/","url":"https:\/\/www.emdg-guilers.org\/wp-content\/uploads\/2016\/06\/logo2014.jpg","contentUrl":"https:\/\/www.emdg-guilers.org\/wp-content\/uploads\/2016\/06\/logo2014.jpg","width":214,"height":116,"caption":"Ecole de Musique et de Danse"},"image":{"@id":"https:\/\/www.emdg-guilers.org\/#\/schema\/logo\/image\/"},"sameAs":["https:\/\/www.facebook.com\/Ecole-de-Musique-et-de-Danse-de-Guilers-480017765533016\/"]},{"@type":"Person","@id":"https:\/\/www.emdg-guilers.org\/#\/schema\/person\/5c279d8e49be5f6bfdc87fb9e08559d4","name":"Marie Clavier","image":{"@type":"ImageObject","inLanguage":"fr-FR","@id":"https:\/\/www.emdg-guilers.org\/#\/schema\/person\/image\/","url":"https:\/\/secure.gravatar.com\/avatar\/82505eeeaf6d53a80197cd7ed92e8de4?s=96&d=mm&r=g","contentUrl":"https:\/\/secure.gravatar.com\/avatar\/82505eeeaf6d53a80197cd7ed92e8de4?s=96&d=mm&r=g","caption":"Marie Clavier"},"url":"https:\/\/www.emdg-guilers.org\/index.php\/author\/mclavier\/"}]}},"_links":{"self":[{"href":"https:\/\/www.emdg-guilers.org\/index.php\/wp-json\/wp\/v2\/posts\/2531"}],"collection":[{"href":"https:\/\/www.emdg-guilers.org\/index.php\/wp-json\/wp\/v2\/posts"}],"about":[{"href":"https:\/\/www.emdg-guilers.org\/index.php\/wp-json\/wp\/v2\/types\/post"}],"author":[{"embeddable":true,"href":"https:\/\/www.emdg-guilers.org\/index.php\/wp-json\/wp\/v2\/users\/3"}],"replies":[{"embeddable":true,"href":"https:\/\/www.emdg-guilers.org\/index.php\/wp-json\/wp\/v2\/comments?post=2531"}],"version-history":[{"count":1,"href":"https:\/\/www.emdg-guilers.org\/index.php\/wp-json\/wp\/v2\/posts\/2531\/revisions"}],"predecessor-version":[{"id":2533,"href":"https:\/\/www.emdg-guilers.org\/index.php\/wp-json\/wp\/v2\/posts\/2531\/revisions\/2533"}],"wp:attachment":[{"href":"https:\/\/www.emdg-guilers.org\/index.php\/wp-json\/wp\/v2\/media?parent=2531"}],"wp:term":[{"taxonomy":"category","embeddable":true,"href":"https:\/\/www.emdg-guilers.org\/index.php\/wp-json\/wp\/v2\/categories?post=2531"},{"taxonomy":"post_tag","embeddable":true,"href":"https:\/\/www.emdg-guilers.org\/index.php\/wp-json\/wp\/v2\/tags?post=2531"}],"curies":[{"name":"wp","href":"https:\/\/api.w.org\/{rel}","templated":true}]}}