{"id":2541,"date":"2021-06-16T23:54:08","date_gmt":"2021-06-16T21:54:08","guid":{"rendered":"https:\/\/www.emdg-guilers.org\/?p=2541"},"modified":"2021-06-22T15:13:43","modified_gmt":"2021-06-22T13:13:43","slug":"inscriptions-2021-22-et-nouveautes","status":"publish","type":"post","link":"https:\/\/www.emdg-guilers.org\/index.php\/2021\/06\/16\/inscriptions-2021-22-et-nouveautes\/","title":{"rendered":"Inscriptions 2021-22 et nouveaut\u00e9s !"},"content":{"rendered":"\n<p>Les nouvelles inscriptions pour 2021-22 ont lieu la semaine du 19 au 26 juin.<\/p>\n\n\n\n<p>Fin des cours : le 26 juin pour la musique et l&rsquo;\u00e9veil musique et danse<br>3 juillet pour la danse<\/p>\n\n\n\n<p><strong>Permanences&nbsp;\u00e0 l\u2019\u00e9cole<\/strong> :<br>Samedi 19&nbsp;: 10h-12h<br>Lundi 21&nbsp;: 10h-12h<br>Mardi 22&nbsp;: 10h-12h<br>Mercredi&nbsp;: 11h-13h<br>Jeudi&nbsp;24 : 14h-16h<br>Samedi 26&nbsp;: 10h-12h<\/p>\n\n\n\n<p>Fiche d\u2019inscription, horaires, tarifs, <a href=\"https:\/\/www.emdg-guilers.org\/index.php\/fiche-dinscription-2019-20\/\" target=\"_blank\" rel=\"noreferrer noopener\">\u00e0 r\u00e9cup\u00e9rer ici<\/a><\/p>\n\n\n\n<p>Si votre dossier est complet et que vous n\u2019avez pas de question, d\u00e9posez-le nous dans la bo\u00eete \u00e0 lettres, envoyez-le ou passez au bureau pour tout renseignement&nbsp;! Vous pouvez aussi nous joindre par t\u00e9l\u00e9phone ou courriel : 02 98 05 24 11 \/ <a href=\"mailto:emdg29@gmail.com\">emdg29@gmail.com<\/a><\/p>\n\n\n\n<p><strong>A noter&nbsp;:&nbsp; les nouveaux cours<\/strong><\/p>\n\n\n\n<ul><li><strong><a href=\"https:\/\/www.emdg-guilers.org\/index.php\/chorale-enfants\/\" target=\"_blank\" rel=\"noreferrer noopener\">Chorale enfants<\/a><\/strong> \u2013 du CE1 au CM2, le mardi soir (75\u20ac en pratique seule, gratuit pour les \u00e9l\u00e8ves musiciens)<\/li><li><a href=\"https:\/\/www.emdg-guilers.org\/index.php\/atelier-musical-parents-enfants-nouveau\/\" target=\"_blank\" rel=\"noreferrer noopener\"><strong>Atelier \u00e9veil musical parents<\/strong> (ou grand-parent) <strong>et enfant<\/strong> (2 \u00e0 4 ans)<\/a>, le mercredi matin<\/li><li><strong><a href=\"https:\/\/www.emdg-guilers.org\/index.php\/eveil-musique-danse-nouveau\/\" target=\"_blank\" rel=\"noreferrer noopener\">Eveil musique et danse<\/a><\/strong>, (GS, CP) le mardi soir ou le mercredi matin<\/li><li><a href=\"https:\/\/www.emdg-guilers.org\/index.php\/guitare-daccompagnement-chant\/\" target=\"_blank\" rel=\"noreferrer noopener\"><strong>Guitare accompagnement voix, atelier collectif<\/strong>,<\/a> (ados, adultes) le lundi soir (75\u20ac en pratique seule, gratuit pour les \u00e9l\u00e8ves musiciens)<\/li><li><strong><a href=\"https:\/\/www.emdg-guilers.org\/index.php\/flute-traversiere-en-bois\/\" target=\"_blank\" rel=\"noreferrer noopener\">Fl\u00fbte traversi\u00e8re en bois<\/a> (irlandaise, \u00e9cossaise, bretonne)<\/strong>, enfants, ados, adultes<\/li><li><strong><a href=\"https:\/\/www.emdg-guilers.org\/index.php\/musique-assistee-par-ordinateur\/\" target=\"_blank\" rel=\"noreferrer noopener\">Musique Assist\u00e9e par Ordinateur<\/a> <\/strong>(tous niveaux), le mercredi<\/li><\/ul>\n\n\n\n<p>Plus d\u2019infos sur <a href=\"http:\/\/www.emdg-guilers.org\">www.emdg-guilers.org<\/a><\/p>\n","protected":false},"excerpt":{"rendered":"<p>Les nouvelles inscriptions pour 2021-22 ont lieu la semaine du 19 au 26 juin. Fin des cours : le 26 juin pour la musique et l&rsquo;\u00e9veil musique et danse3 juillet pour la danse Permanences&nbsp;\u00e0 l\u2019\u00e9cole :Samedi 19&nbsp;: 10h-12hLundi 21&nbsp;: 10h-12hMardi 22&nbsp;: 10h-12hMercredi&nbsp;: 11h-13hJeudi&nbsp;24 : 14h-16hSamedi 26&nbsp;: 10h-12h Fiche d\u2019inscription, horaires, tarifs, \u00e0 r\u00e9cup\u00e9rer ici Si votre dossier est complet et que vous n\u2019avez pas de question, d\u00e9posez-le nous dans la bo\u00eete \u00e0 lettres, envoyez-le ou passez au bureau pour tout&#8230;<\/p>\n<p class=\"read-more\"><a class=\"btn btn-default\" href=\"https:\/\/www.emdg-guilers.org\/index.php\/2021\/06\/16\/inscriptions-2021-22-et-nouveautes\/\">Lire la suite<span class=\"screen-reader-text\"> Lire la suite<\/span><\/a><\/p>\n","protected":false},"author":3,"featured_media":0,"comment_status":"closed","ping_status":"closed","sticky":false,"template":"","format":"standard","meta":{"footnotes":""},"categories":[1],"tags":[],"yoast_head":"<!-- This site is optimized with the Yoast SEO plugin v22.4 - https:\/\/yoast.com\/wordpress\/plugins\/seo\/ -->\n<title>Inscriptions 2021-22 et nouveaut\u00e9s ! - Ecole de Musique, Danse &amp; Th\u00e9\u00e2tre de Guilers<\/title>\n<meta name=\"robots\" content=\"index, follow, max-snippet:-1, max-image-preview:large, max-video-preview:-1\" \/>\n<link rel=\"canonical\" href=\"https:\/\/www.emdg-guilers.org\/index.php\/2021\/06\/16\/inscriptions-2021-22-et-nouveautes\/\" \/>\n<meta property=\"og:locale\" content=\"fr_FR\" \/>\n<meta property=\"og:type\" content=\"article\" \/>\n<meta property=\"og:title\" content=\"Inscriptions 2021-22 et nouveaut\u00e9s ! - Ecole de Musique, Danse &amp; Th\u00e9\u00e2tre de Guilers\" \/>\n<meta property=\"og:description\" content=\"Les nouvelles inscriptions pour 2021-22 ont lieu la semaine du 19 au 26 juin. Fin des cours : le 26 juin pour la musique et l&rsquo;\u00e9veil musique et danse3 juillet pour la danse Permanences&nbsp;\u00e0 l\u2019\u00e9cole :Samedi 19&nbsp;: 10h-12hLundi 21&nbsp;: 10h-12hMardi 22&nbsp;: 10h-12hMercredi&nbsp;: 11h-13hJeudi&nbsp;24 : 14h-16hSamedi 26&nbsp;: 10h-12h Fiche d\u2019inscription, horaires, tarifs, \u00e0 r\u00e9cup\u00e9rer ici Si votre dossier est complet et que vous n\u2019avez pas de question, d\u00e9posez-le nous dans la bo\u00eete \u00e0 lettres, envoyez-le ou passez au bureau pour tout...Lire la suite Lire la suite\" \/>\n<meta property=\"og:url\" content=\"https:\/\/www.emdg-guilers.org\/index.php\/2021\/06\/16\/inscriptions-2021-22-et-nouveautes\/\" \/>\n<meta property=\"og:site_name\" content=\"Ecole de Musique, Danse &amp; Th\u00e9\u00e2tre de Guilers\" \/>\n<meta property=\"article:publisher\" content=\"https:\/\/www.facebook.com\/Ecole-de-Musique-et-de-Danse-de-Guilers-480017765533016\/\" \/>\n<meta property=\"article:published_time\" content=\"2021-06-16T21:54:08+00:00\" \/>\n<meta property=\"article:modified_time\" content=\"2021-06-22T13:13:43+00:00\" \/>\n<meta name=\"author\" content=\"Marie Clavier\" \/>\n<meta name=\"twitter:card\" content=\"summary_large_image\" \/>\n<meta name=\"twitter:label1\" content=\"\u00c9crit par\" \/>\n\t<meta name=\"twitter:data1\" content=\"Marie Clavier\" \/>\n\t<meta name=\"twitter:label2\" content=\"Dur\u00e9e de lecture estim\u00e9e\" \/>\n\t<meta name=\"twitter:data2\" content=\"1 minute\" \/>\n<script type=\"application\/ld+json\" class=\"yoast-schema-graph\">{\"@context\":\"https:\/\/schema.org\",\"@graph\":[{\"@type\":\"Article\",\"@id\":\"https:\/\/www.emdg-guilers.org\/index.php\/2021\/06\/16\/inscriptions-2021-22-et-nouveautes\/#article\",\"isPartOf\":{\"@id\":\"https:\/\/www.emdg-guilers.org\/index.php\/2021\/06\/16\/inscriptions-2021-22-et-nouveautes\/\"},\"author\":{\"name\":\"Marie Clavier\",\"@id\":\"https:\/\/www.emdg-guilers.org\/#\/schema\/person\/5c279d8e49be5f6bfdc87fb9e08559d4\"},\"headline\":\"Inscriptions 2021-22 et nouveaut\u00e9s !\",\"datePublished\":\"2021-06-16T21:54:08+00:00\",\"dateModified\":\"2021-06-22T13:13:43+00:00\",\"mainEntityOfPage\":{\"@id\":\"https:\/\/www.emdg-guilers.org\/index.php\/2021\/06\/16\/inscriptions-2021-22-et-nouveautes\/\"},\"wordCount\":208,\"publisher\":{\"@id\":\"https:\/\/www.emdg-guilers.org\/#organization\"},\"inLanguage\":\"fr-FR\"},{\"@type\":\"WebPage\",\"@id\":\"https:\/\/www.emdg-guilers.org\/index.php\/2021\/06\/16\/inscriptions-2021-22-et-nouveautes\/\",\"url\":\"https:\/\/www.emdg-guilers.org\/index.php\/2021\/06\/16\/inscriptions-2021-22-et-nouveautes\/\",\"name\":\"Inscriptions 2021-22 et nouveaut\u00e9s ! - Ecole de Musique, Danse &amp; Th\u00e9\u00e2tre de Guilers\",\"isPartOf\":{\"@id\":\"https:\/\/www.emdg-guilers.org\/#website\"},\"datePublished\":\"2021-06-16T21:54:08+00:00\",\"dateModified\":\"2021-06-22T13:13:43+00:00\",\"breadcrumb\":{\"@id\":\"https:\/\/www.emdg-guilers.org\/index.php\/2021\/06\/16\/inscriptions-2021-22-et-nouveautes\/#breadcrumb\"},\"inLanguage\":\"fr-FR\",\"potentialAction\":[{\"@type\":\"ReadAction\",\"target\":[\"https:\/\/www.emdg-guilers.org\/index.php\/2021\/06\/16\/inscriptions-2021-22-et-nouveautes\/\"]}]},{\"@type\":\"BreadcrumbList\",\"@id\":\"https:\/\/www.emdg-guilers.org\/index.php\/2021\/06\/16\/inscriptions-2021-22-et-nouveautes\/#breadcrumb\",\"itemListElement\":[{\"@type\":\"ListItem\",\"position\":1,\"name\":\"Accueil\",\"item\":\"https:\/\/www.emdg-guilers.org\/\"},{\"@type\":\"ListItem\",\"position\":2,\"name\":\"Inscriptions 2021-22 et nouveaut\u00e9s !\"}]},{\"@type\":\"WebSite\",\"@id\":\"https:\/\/www.emdg-guilers.org\/#website\",\"url\":\"https:\/\/www.emdg-guilers.org\/\",\"name\":\"Ecole de Musique et Danse de Guilers\",\"description\":\"Ecole associative, cours de musique, danse, th\u00e9\u00e2tre accessibles \u00e0 tous\",\"publisher\":{\"@id\":\"https:\/\/www.emdg-guilers.org\/#organization\"},\"potentialAction\":[{\"@type\":\"SearchAction\",\"target\":{\"@type\":\"EntryPoint\",\"urlTemplate\":\"https:\/\/www.emdg-guilers.org\/?s={search_term_string}\"},\"query-input\":\"required name=search_term_string\"}],\"inLanguage\":\"fr-FR\"},{\"@type\":\"Organization\",\"@id\":\"https:\/\/www.emdg-guilers.org\/#organization\",\"name\":\"Ecole de Musique et de Danse\",\"url\":\"https:\/\/www.emdg-guilers.org\/\",\"logo\":{\"@type\":\"ImageObject\",\"inLanguage\":\"fr-FR\",\"@id\":\"https:\/\/www.emdg-guilers.org\/#\/schema\/logo\/image\/\",\"url\":\"https:\/\/www.emdg-guilers.org\/wp-content\/uploads\/2016\/06\/logo2014.jpg\",\"contentUrl\":\"https:\/\/www.emdg-guilers.org\/wp-content\/uploads\/2016\/06\/logo2014.jpg\",\"width\":214,\"height\":116,\"caption\":\"Ecole de Musique et de Danse\"},\"image\":{\"@id\":\"https:\/\/www.emdg-guilers.org\/#\/schema\/logo\/image\/\"},\"sameAs\":[\"https:\/\/www.facebook.com\/Ecole-de-Musique-et-de-Danse-de-Guilers-480017765533016\/\"]},{\"@type\":\"Person\",\"@id\":\"https:\/\/www.emdg-guilers.org\/#\/schema\/person\/5c279d8e49be5f6bfdc87fb9e08559d4\",\"name\":\"Marie Clavier\",\"image\":{\"@type\":\"ImageObject\",\"inLanguage\":\"fr-FR\",\"@id\":\"https:\/\/www.emdg-guilers.org\/#\/schema\/person\/image\/\",\"url\":\"https:\/\/secure.gravatar.com\/avatar\/82505eeeaf6d53a80197cd7ed92e8de4?s=96&d=mm&r=g\",\"contentUrl\":\"https:\/\/secure.gravatar.com\/avatar\/82505eeeaf6d53a80197cd7ed92e8de4?s=96&d=mm&r=g\",\"caption\":\"Marie Clavier\"},\"url\":\"https:\/\/www.emdg-guilers.org\/index.php\/author\/mclavier\/\"}]}<\/script>\n<!-- \/ Yoast SEO plugin. -->","yoast_head_json":{"title":"Inscriptions 2021-22 et nouveaut\u00e9s ! - Ecole de Musique, Danse &amp; Th\u00e9\u00e2tre de Guilers","robots":{"index":"index","follow":"follow","max-snippet":"max-snippet:-1","max-image-preview":"max-image-preview:large","max-video-preview":"max-video-preview:-1"},"canonical":"https:\/\/www.emdg-guilers.org\/index.php\/2021\/06\/16\/inscriptions-2021-22-et-nouveautes\/","og_locale":"fr_FR","og_type":"article","og_title":"Inscriptions 2021-22 et nouveaut\u00e9s ! - Ecole de Musique, Danse &amp; Th\u00e9\u00e2tre de Guilers","og_description":"Les nouvelles inscriptions pour 2021-22 ont lieu la semaine du 19 au 26 juin. Fin des cours : le 26 juin pour la musique et l&rsquo;\u00e9veil musique et danse3 juillet pour la danse Permanences&nbsp;\u00e0 l\u2019\u00e9cole :Samedi 19&nbsp;: 10h-12hLundi 21&nbsp;: 10h-12hMardi 22&nbsp;: 10h-12hMercredi&nbsp;: 11h-13hJeudi&nbsp;24 : 14h-16hSamedi 26&nbsp;: 10h-12h Fiche d\u2019inscription, horaires, tarifs, \u00e0 r\u00e9cup\u00e9rer ici Si votre dossier est complet et que vous n\u2019avez pas de question, d\u00e9posez-le nous dans la bo\u00eete \u00e0 lettres, envoyez-le ou passez au bureau pour tout...Lire la suite Lire la suite","og_url":"https:\/\/www.emdg-guilers.org\/index.php\/2021\/06\/16\/inscriptions-2021-22-et-nouveautes\/","og_site_name":"Ecole de Musique, Danse &amp; Th\u00e9\u00e2tre de Guilers","article_publisher":"https:\/\/www.facebook.com\/Ecole-de-Musique-et-de-Danse-de-Guilers-480017765533016\/","article_published_time":"2021-06-16T21:54:08+00:00","article_modified_time":"2021-06-22T13:13:43+00:00","author":"Marie Clavier","twitter_card":"summary_large_image","twitter_misc":{"\u00c9crit par":"Marie Clavier","Dur\u00e9e de lecture estim\u00e9e":"1 minute"},"schema":{"@context":"https:\/\/schema.org","@graph":[{"@type":"Article","@id":"https:\/\/www.emdg-guilers.org\/index.php\/2021\/06\/16\/inscriptions-2021-22-et-nouveautes\/#article","isPartOf":{"@id":"https:\/\/www.emdg-guilers.org\/index.php\/2021\/06\/16\/inscriptions-2021-22-et-nouveautes\/"},"author":{"name":"Marie Clavier","@id":"https:\/\/www.emdg-guilers.org\/#\/schema\/person\/5c279d8e49be5f6bfdc87fb9e08559d4"},"headline":"Inscriptions 2021-22 et nouveaut\u00e9s !","datePublished":"2021-06-16T21:54:08+00:00","dateModified":"2021-06-22T13:13:43+00:00","mainEntityOfPage":{"@id":"https:\/\/www.emdg-guilers.org\/index.php\/2021\/06\/16\/inscriptions-2021-22-et-nouveautes\/"},"wordCount":208,"publisher":{"@id":"https:\/\/www.emdg-guilers.org\/#organization"},"inLanguage":"fr-FR"},{"@type":"WebPage","@id":"https:\/\/www.emdg-guilers.org\/index.php\/2021\/06\/16\/inscriptions-2021-22-et-nouveautes\/","url":"https:\/\/www.emdg-guilers.org\/index.php\/2021\/06\/16\/inscriptions-2021-22-et-nouveautes\/","name":"Inscriptions 2021-22 et nouveaut\u00e9s ! - Ecole de Musique, Danse &amp; Th\u00e9\u00e2tre de Guilers","isPartOf":{"@id":"https:\/\/www.emdg-guilers.org\/#website"},"datePublished":"2021-06-16T21:54:08+00:00","dateModified":"2021-06-22T13:13:43+00:00","breadcrumb":{"@id":"https:\/\/www.emdg-guilers.org\/index.php\/2021\/06\/16\/inscriptions-2021-22-et-nouveautes\/#breadcrumb"},"inLanguage":"fr-FR","potentialAction":[{"@type":"ReadAction","target":["https:\/\/www.emdg-guilers.org\/index.php\/2021\/06\/16\/inscriptions-2021-22-et-nouveautes\/"]}]},{"@type":"BreadcrumbList","@id":"https:\/\/www.emdg-guilers.org\/index.php\/2021\/06\/16\/inscriptions-2021-22-et-nouveautes\/#breadcrumb","itemListElement":[{"@type":"ListItem","position":1,"name":"Accueil","item":"https:\/\/www.emdg-guilers.org\/"},{"@type":"ListItem","position":2,"name":"Inscriptions 2021-22 et nouveaut\u00e9s !"}]},{"@type":"WebSite","@id":"https:\/\/www.emdg-guilers.org\/#website","url":"https:\/\/www.emdg-guilers.org\/","name":"Ecole de Musique et Danse de Guilers","description":"Ecole associative, cours de musique, danse, th\u00e9\u00e2tre accessibles \u00e0 tous","publisher":{"@id":"https:\/\/www.emdg-guilers.org\/#organization"},"potentialAction":[{"@type":"SearchAction","target":{"@type":"EntryPoint","urlTemplate":"https:\/\/www.emdg-guilers.org\/?s={search_term_string}"},"query-input":"required name=search_term_string"}],"inLanguage":"fr-FR"},{"@type":"Organization","@id":"https:\/\/www.emdg-guilers.org\/#organization","name":"Ecole de Musique et de Danse","url":"https:\/\/www.emdg-guilers.org\/","logo":{"@type":"ImageObject","inLanguage":"fr-FR","@id":"https:\/\/www.emdg-guilers.org\/#\/schema\/logo\/image\/","url":"https:\/\/www.emdg-guilers.org\/wp-content\/uploads\/2016\/06\/logo2014.jpg","contentUrl":"https:\/\/www.emdg-guilers.org\/wp-content\/uploads\/2016\/06\/logo2014.jpg","width":214,"height":116,"caption":"Ecole de Musique et de Danse"},"image":{"@id":"https:\/\/www.emdg-guilers.org\/#\/schema\/logo\/image\/"},"sameAs":["https:\/\/www.facebook.com\/Ecole-de-Musique-et-de-Danse-de-Guilers-480017765533016\/"]},{"@type":"Person","@id":"https:\/\/www.emdg-guilers.org\/#\/schema\/person\/5c279d8e49be5f6bfdc87fb9e08559d4","name":"Marie Clavier","image":{"@type":"ImageObject","inLanguage":"fr-FR","@id":"https:\/\/www.emdg-guilers.org\/#\/schema\/person\/image\/","url":"https:\/\/secure.gravatar.com\/avatar\/82505eeeaf6d53a80197cd7ed92e8de4?s=96&d=mm&r=g","contentUrl":"https:\/\/secure.gravatar.com\/avatar\/82505eeeaf6d53a80197cd7ed92e8de4?s=96&d=mm&r=g","caption":"Marie Clavier"},"url":"https:\/\/www.emdg-guilers.org\/index.php\/author\/mclavier\/"}]}},"_links":{"self":[{"href":"https:\/\/www.emdg-guilers.org\/index.php\/wp-json\/wp\/v2\/posts\/2541"}],"collection":[{"href":"https:\/\/www.emdg-guilers.org\/index.php\/wp-json\/wp\/v2\/posts"}],"about":[{"href":"https:\/\/www.emdg-guilers.org\/index.php\/wp-json\/wp\/v2\/types\/post"}],"author":[{"embeddable":true,"href":"https:\/\/www.emdg-guilers.org\/index.php\/wp-json\/wp\/v2\/users\/3"}],"replies":[{"embeddable":true,"href":"https:\/\/www.emdg-guilers.org\/index.php\/wp-json\/wp\/v2\/comments?post=2541"}],"version-history":[{"count":3,"href":"https:\/\/www.emdg-guilers.org\/index.php\/wp-json\/wp\/v2\/posts\/2541\/revisions"}],"predecessor-version":[{"id":2562,"href":"https:\/\/www.emdg-guilers.org\/index.php\/wp-json\/wp\/v2\/posts\/2541\/revisions\/2562"}],"wp:attachment":[{"href":"https:\/\/www.emdg-guilers.org\/index.php\/wp-json\/wp\/v2\/media?parent=2541"}],"wp:term":[{"taxonomy":"category","embeddable":true,"href":"https:\/\/www.emdg-guilers.org\/index.php\/wp-json\/wp\/v2\/categories?post=2541"},{"taxonomy":"post_tag","embeddable":true,"href":"https:\/\/www.emdg-guilers.org\/index.php\/wp-json\/wp\/v2\/tags?post=2541"}],"curies":[{"name":"wp","href":"https:\/\/api.w.org\/{rel}","templated":true}]}}