{"id":2638,"date":"2021-08-19T19:54:38","date_gmt":"2021-08-19T17:54:38","guid":{"rendered":"https:\/\/www.emdg-guilers.org\/?p=2638"},"modified":"2021-10-05T13:21:24","modified_gmt":"2021-10-05T11:21:24","slug":"infos-rentree-2021-22","status":"publish","type":"post","link":"https:\/\/www.emdg-guilers.org\/index.php\/2021\/08\/19\/infos-rentree-2021-22\/","title":{"rendered":"Infos rentr\u00e9e 2021-22"},"content":{"rendered":"\n<p>Permanences d&rsquo;inscription : lundi, mardi, samedi de 10h \u00e0 12h.<br><br><em>Pr\u00e9voir un certificat m\u00e9dical (danse), un <strong><a href=\"https:\/\/www.cmf-musique.org\/pass-sanitaire\/\" target=\"_blank\" rel=\"noreferrer noopener\">passe sanitaire<\/a><\/strong> (pour les \u00e9l\u00e8ves majeurs \u00e0 partir du 30-08-21 et le 30-09-2021 pour les plus de 12 ans)), un moyen de paiement (ch\u00e8ques ou ANCV).<\/em><\/p>\n\n\n\n<p>Sinon, vous pouvez aussi imprimer la<strong><a href=\"https:\/\/www.emdg-guilers.org\/index.php\/fiche-dinscription-2019-20\/\" target=\"_blank\" rel=\"noreferrer noopener\"> fiche d&rsquo;inscription <\/a><\/strong>et nous la retourner accompagn\u00e9e de votre r\u00e8glement par ch\u00e8que. Si vous avez des questions, nous nous ferons un plaisir de vous renseigner par email emdg29@gmail.com <br><a href=\"https:\/\/www.emdg-guilers.org\/index.php\/lassociation\/les-tarifs\/\" target=\"_blank\" rel=\"noreferrer noopener\">Adresse postale ici<\/a><br><br>REPRISE DES COURS A PARTIR DU 13 SEPTEMBRE.<br>Attention : les cours de Hip Hop reprennent \u00e0 compter du 20 septembre<\/p>\n\n\n\n<figure class=\"wp-block-image size-large\"><img loading=\"lazy\" decoding=\"async\" width=\"940\" height=\"788\" src=\"https:\/\/www.emdg-guilers.org\/wp-content\/uploads\/2021\/08\/2021-22-infos-rentree.jpg\" alt=\"\" class=\"wp-image-2641\" srcset=\"https:\/\/www.emdg-guilers.org\/wp-content\/uploads\/2021\/08\/2021-22-infos-rentree.jpg 940w, https:\/\/www.emdg-guilers.org\/wp-content\/uploads\/2021\/08\/2021-22-infos-rentree-300x251.jpg 300w, https:\/\/www.emdg-guilers.org\/wp-content\/uploads\/2021\/08\/2021-22-infos-rentree-768x644.jpg 768w, https:\/\/www.emdg-guilers.org\/wp-content\/uploads\/2021\/08\/2021-22-infos-rentree-322x270.jpg 322w\" sizes=\"(max-width: 940px) 100vw, 940px\" \/><\/figure>\n","protected":false},"excerpt":{"rendered":"<p>Permanences d&rsquo;inscription : lundi, mardi, samedi de 10h \u00e0 12h. Pr\u00e9voir un certificat m\u00e9dical (danse), un passe sanitaire (pour les \u00e9l\u00e8ves majeurs \u00e0 partir du 30-08-21 et le 30-09-2021 pour les plus de 12 ans)), un moyen de paiement (ch\u00e8ques ou ANCV). Sinon, vous pouvez aussi imprimer la fiche d&rsquo;inscription et nous la retourner accompagn\u00e9e de votre r\u00e8glement par ch\u00e8que. Si vous avez des questions, nous nous ferons un plaisir de vous renseigner par email emdg29@gmail.com Adresse postale ici REPRISE&#8230;<\/p>\n<p class=\"read-more\"><a class=\"btn btn-default\" href=\"https:\/\/www.emdg-guilers.org\/index.php\/2021\/08\/19\/infos-rentree-2021-22\/\">Lire la suite<span class=\"screen-reader-text\"> Lire la suite<\/span><\/a><\/p>\n","protected":false},"author":3,"featured_media":0,"comment_status":"closed","ping_status":"closed","sticky":false,"template":"","format":"standard","meta":{"footnotes":""},"categories":[1],"tags":[],"yoast_head":"<!-- This site is optimized with the Yoast SEO plugin v22.4 - https:\/\/yoast.com\/wordpress\/plugins\/seo\/ -->\n<title>Infos rentr\u00e9e 2021-22 - Ecole de Musique, Danse &amp; Th\u00e9\u00e2tre de Guilers<\/title>\n<meta name=\"robots\" content=\"index, follow, max-snippet:-1, max-image-preview:large, max-video-preview:-1\" \/>\n<link rel=\"canonical\" href=\"https:\/\/www.emdg-guilers.org\/index.php\/2021\/08\/19\/infos-rentree-2021-22\/\" \/>\n<meta property=\"og:locale\" content=\"fr_FR\" \/>\n<meta property=\"og:type\" content=\"article\" \/>\n<meta property=\"og:title\" content=\"Infos rentr\u00e9e 2021-22 - Ecole de Musique, Danse &amp; Th\u00e9\u00e2tre de Guilers\" \/>\n<meta property=\"og:description\" content=\"Permanences d&rsquo;inscription : lundi, mardi, samedi de 10h \u00e0 12h. Pr\u00e9voir un certificat m\u00e9dical (danse), un passe sanitaire (pour les \u00e9l\u00e8ves majeurs \u00e0 partir du 30-08-21 et le 30-09-2021 pour les plus de 12 ans)), un moyen de paiement (ch\u00e8ques ou ANCV). Sinon, vous pouvez aussi imprimer la fiche d&rsquo;inscription et nous la retourner accompagn\u00e9e de votre r\u00e8glement par ch\u00e8que. Si vous avez des questions, nous nous ferons un plaisir de vous renseigner par email emdg29@gmail.com Adresse postale ici REPRISE...Lire la suite Lire la suite\" \/>\n<meta property=\"og:url\" content=\"https:\/\/www.emdg-guilers.org\/index.php\/2021\/08\/19\/infos-rentree-2021-22\/\" \/>\n<meta property=\"og:site_name\" content=\"Ecole de Musique, Danse &amp; Th\u00e9\u00e2tre de Guilers\" \/>\n<meta property=\"article:publisher\" content=\"https:\/\/www.facebook.com\/Ecole-de-Musique-et-de-Danse-de-Guilers-480017765533016\/\" \/>\n<meta property=\"article:published_time\" content=\"2021-08-19T17:54:38+00:00\" \/>\n<meta property=\"article:modified_time\" content=\"2021-10-05T11:21:24+00:00\" \/>\n<meta property=\"og:image\" content=\"https:\/\/www.emdg-guilers.org\/wp-content\/uploads\/2021\/08\/2021-22-infos-rentree.jpg\" \/>\n<meta name=\"author\" content=\"Marie Clavier\" \/>\n<meta name=\"twitter:card\" content=\"summary_large_image\" \/>\n<meta name=\"twitter:label1\" content=\"\u00c9crit par\" \/>\n\t<meta name=\"twitter:data1\" content=\"Marie Clavier\" \/>\n\t<meta name=\"twitter:label2\" content=\"Dur\u00e9e de lecture estim\u00e9e\" \/>\n\t<meta name=\"twitter:data2\" content=\"1 minute\" \/>\n<script type=\"application\/ld+json\" class=\"yoast-schema-graph\">{\"@context\":\"https:\/\/schema.org\",\"@graph\":[{\"@type\":\"Article\",\"@id\":\"https:\/\/www.emdg-guilers.org\/index.php\/2021\/08\/19\/infos-rentree-2021-22\/#article\",\"isPartOf\":{\"@id\":\"https:\/\/www.emdg-guilers.org\/index.php\/2021\/08\/19\/infos-rentree-2021-22\/\"},\"author\":{\"name\":\"Marie Clavier\",\"@id\":\"https:\/\/www.emdg-guilers.org\/#\/schema\/person\/5c279d8e49be5f6bfdc87fb9e08559d4\"},\"headline\":\"Infos rentr\u00e9e 2021-22\",\"datePublished\":\"2021-08-19T17:54:38+00:00\",\"dateModified\":\"2021-10-05T11:21:24+00:00\",\"mainEntityOfPage\":{\"@id\":\"https:\/\/www.emdg-guilers.org\/index.php\/2021\/08\/19\/infos-rentree-2021-22\/\"},\"wordCount\":107,\"publisher\":{\"@id\":\"https:\/\/www.emdg-guilers.org\/#organization\"},\"image\":{\"@id\":\"https:\/\/www.emdg-guilers.org\/index.php\/2021\/08\/19\/infos-rentree-2021-22\/#primaryimage\"},\"thumbnailUrl\":\"https:\/\/www.emdg-guilers.org\/wp-content\/uploads\/2021\/08\/2021-22-infos-rentree.jpg\",\"inLanguage\":\"fr-FR\"},{\"@type\":\"WebPage\",\"@id\":\"https:\/\/www.emdg-guilers.org\/index.php\/2021\/08\/19\/infos-rentree-2021-22\/\",\"url\":\"https:\/\/www.emdg-guilers.org\/index.php\/2021\/08\/19\/infos-rentree-2021-22\/\",\"name\":\"Infos rentr\u00e9e 2021-22 - Ecole de Musique, Danse &amp; Th\u00e9\u00e2tre de Guilers\",\"isPartOf\":{\"@id\":\"https:\/\/www.emdg-guilers.org\/#website\"},\"primaryImageOfPage\":{\"@id\":\"https:\/\/www.emdg-guilers.org\/index.php\/2021\/08\/19\/infos-rentree-2021-22\/#primaryimage\"},\"image\":{\"@id\":\"https:\/\/www.emdg-guilers.org\/index.php\/2021\/08\/19\/infos-rentree-2021-22\/#primaryimage\"},\"thumbnailUrl\":\"https:\/\/www.emdg-guilers.org\/wp-content\/uploads\/2021\/08\/2021-22-infos-rentree.jpg\",\"datePublished\":\"2021-08-19T17:54:38+00:00\",\"dateModified\":\"2021-10-05T11:21:24+00:00\",\"breadcrumb\":{\"@id\":\"https:\/\/www.emdg-guilers.org\/index.php\/2021\/08\/19\/infos-rentree-2021-22\/#breadcrumb\"},\"inLanguage\":\"fr-FR\",\"potentialAction\":[{\"@type\":\"ReadAction\",\"target\":[\"https:\/\/www.emdg-guilers.org\/index.php\/2021\/08\/19\/infos-rentree-2021-22\/\"]}]},{\"@type\":\"ImageObject\",\"inLanguage\":\"fr-FR\",\"@id\":\"https:\/\/www.emdg-guilers.org\/index.php\/2021\/08\/19\/infos-rentree-2021-22\/#primaryimage\",\"url\":\"https:\/\/www.emdg-guilers.org\/wp-content\/uploads\/2021\/08\/2021-22-infos-rentree.jpg\",\"contentUrl\":\"https:\/\/www.emdg-guilers.org\/wp-content\/uploads\/2021\/08\/2021-22-infos-rentree.jpg\",\"width\":940,\"height\":788},{\"@type\":\"BreadcrumbList\",\"@id\":\"https:\/\/www.emdg-guilers.org\/index.php\/2021\/08\/19\/infos-rentree-2021-22\/#breadcrumb\",\"itemListElement\":[{\"@type\":\"ListItem\",\"position\":1,\"name\":\"Accueil\",\"item\":\"https:\/\/www.emdg-guilers.org\/\"},{\"@type\":\"ListItem\",\"position\":2,\"name\":\"Infos rentr\u00e9e 2021-22\"}]},{\"@type\":\"WebSite\",\"@id\":\"https:\/\/www.emdg-guilers.org\/#website\",\"url\":\"https:\/\/www.emdg-guilers.org\/\",\"name\":\"Ecole de Musique et Danse de Guilers\",\"description\":\"Ecole associative, cours de musique, danse, th\u00e9\u00e2tre accessibles \u00e0 tous\",\"publisher\":{\"@id\":\"https:\/\/www.emdg-guilers.org\/#organization\"},\"potentialAction\":[{\"@type\":\"SearchAction\",\"target\":{\"@type\":\"EntryPoint\",\"urlTemplate\":\"https:\/\/www.emdg-guilers.org\/?s={search_term_string}\"},\"query-input\":\"required name=search_term_string\"}],\"inLanguage\":\"fr-FR\"},{\"@type\":\"Organization\",\"@id\":\"https:\/\/www.emdg-guilers.org\/#organization\",\"name\":\"Ecole de Musique et de Danse\",\"url\":\"https:\/\/www.emdg-guilers.org\/\",\"logo\":{\"@type\":\"ImageObject\",\"inLanguage\":\"fr-FR\",\"@id\":\"https:\/\/www.emdg-guilers.org\/#\/schema\/logo\/image\/\",\"url\":\"https:\/\/www.emdg-guilers.org\/wp-content\/uploads\/2016\/06\/logo2014.jpg\",\"contentUrl\":\"https:\/\/www.emdg-guilers.org\/wp-content\/uploads\/2016\/06\/logo2014.jpg\",\"width\":214,\"height\":116,\"caption\":\"Ecole de Musique et de Danse\"},\"image\":{\"@id\":\"https:\/\/www.emdg-guilers.org\/#\/schema\/logo\/image\/\"},\"sameAs\":[\"https:\/\/www.facebook.com\/Ecole-de-Musique-et-de-Danse-de-Guilers-480017765533016\/\"]},{\"@type\":\"Person\",\"@id\":\"https:\/\/www.emdg-guilers.org\/#\/schema\/person\/5c279d8e49be5f6bfdc87fb9e08559d4\",\"name\":\"Marie Clavier\",\"image\":{\"@type\":\"ImageObject\",\"inLanguage\":\"fr-FR\",\"@id\":\"https:\/\/www.emdg-guilers.org\/#\/schema\/person\/image\/\",\"url\":\"https:\/\/secure.gravatar.com\/avatar\/82505eeeaf6d53a80197cd7ed92e8de4?s=96&d=mm&r=g\",\"contentUrl\":\"https:\/\/secure.gravatar.com\/avatar\/82505eeeaf6d53a80197cd7ed92e8de4?s=96&d=mm&r=g\",\"caption\":\"Marie Clavier\"},\"url\":\"https:\/\/www.emdg-guilers.org\/index.php\/author\/mclavier\/\"}]}<\/script>\n<!-- \/ Yoast SEO plugin. -->","yoast_head_json":{"title":"Infos rentr\u00e9e 2021-22 - Ecole de Musique, Danse &amp; Th\u00e9\u00e2tre de Guilers","robots":{"index":"index","follow":"follow","max-snippet":"max-snippet:-1","max-image-preview":"max-image-preview:large","max-video-preview":"max-video-preview:-1"},"canonical":"https:\/\/www.emdg-guilers.org\/index.php\/2021\/08\/19\/infos-rentree-2021-22\/","og_locale":"fr_FR","og_type":"article","og_title":"Infos rentr\u00e9e 2021-22 - Ecole de Musique, Danse &amp; Th\u00e9\u00e2tre de Guilers","og_description":"Permanences d&rsquo;inscription : lundi, mardi, samedi de 10h \u00e0 12h. Pr\u00e9voir un certificat m\u00e9dical (danse), un passe sanitaire (pour les \u00e9l\u00e8ves majeurs \u00e0 partir du 30-08-21 et le 30-09-2021 pour les plus de 12 ans)), un moyen de paiement (ch\u00e8ques ou ANCV). Sinon, vous pouvez aussi imprimer la fiche d&rsquo;inscription et nous la retourner accompagn\u00e9e de votre r\u00e8glement par ch\u00e8que. Si vous avez des questions, nous nous ferons un plaisir de vous renseigner par email emdg29@gmail.com Adresse postale ici REPRISE...Lire la suite Lire la suite","og_url":"https:\/\/www.emdg-guilers.org\/index.php\/2021\/08\/19\/infos-rentree-2021-22\/","og_site_name":"Ecole de Musique, Danse &amp; Th\u00e9\u00e2tre de Guilers","article_publisher":"https:\/\/www.facebook.com\/Ecole-de-Musique-et-de-Danse-de-Guilers-480017765533016\/","article_published_time":"2021-08-19T17:54:38+00:00","article_modified_time":"2021-10-05T11:21:24+00:00","og_image":[{"url":"https:\/\/www.emdg-guilers.org\/wp-content\/uploads\/2021\/08\/2021-22-infos-rentree.jpg"}],"author":"Marie Clavier","twitter_card":"summary_large_image","twitter_misc":{"\u00c9crit par":"Marie Clavier","Dur\u00e9e de lecture estim\u00e9e":"1 minute"},"schema":{"@context":"https:\/\/schema.org","@graph":[{"@type":"Article","@id":"https:\/\/www.emdg-guilers.org\/index.php\/2021\/08\/19\/infos-rentree-2021-22\/#article","isPartOf":{"@id":"https:\/\/www.emdg-guilers.org\/index.php\/2021\/08\/19\/infos-rentree-2021-22\/"},"author":{"name":"Marie Clavier","@id":"https:\/\/www.emdg-guilers.org\/#\/schema\/person\/5c279d8e49be5f6bfdc87fb9e08559d4"},"headline":"Infos rentr\u00e9e 2021-22","datePublished":"2021-08-19T17:54:38+00:00","dateModified":"2021-10-05T11:21:24+00:00","mainEntityOfPage":{"@id":"https:\/\/www.emdg-guilers.org\/index.php\/2021\/08\/19\/infos-rentree-2021-22\/"},"wordCount":107,"publisher":{"@id":"https:\/\/www.emdg-guilers.org\/#organization"},"image":{"@id":"https:\/\/www.emdg-guilers.org\/index.php\/2021\/08\/19\/infos-rentree-2021-22\/#primaryimage"},"thumbnailUrl":"https:\/\/www.emdg-guilers.org\/wp-content\/uploads\/2021\/08\/2021-22-infos-rentree.jpg","inLanguage":"fr-FR"},{"@type":"WebPage","@id":"https:\/\/www.emdg-guilers.org\/index.php\/2021\/08\/19\/infos-rentree-2021-22\/","url":"https:\/\/www.emdg-guilers.org\/index.php\/2021\/08\/19\/infos-rentree-2021-22\/","name":"Infos rentr\u00e9e 2021-22 - Ecole de Musique, Danse &amp; Th\u00e9\u00e2tre de Guilers","isPartOf":{"@id":"https:\/\/www.emdg-guilers.org\/#website"},"primaryImageOfPage":{"@id":"https:\/\/www.emdg-guilers.org\/index.php\/2021\/08\/19\/infos-rentree-2021-22\/#primaryimage"},"image":{"@id":"https:\/\/www.emdg-guilers.org\/index.php\/2021\/08\/19\/infos-rentree-2021-22\/#primaryimage"},"thumbnailUrl":"https:\/\/www.emdg-guilers.org\/wp-content\/uploads\/2021\/08\/2021-22-infos-rentree.jpg","datePublished":"2021-08-19T17:54:38+00:00","dateModified":"2021-10-05T11:21:24+00:00","breadcrumb":{"@id":"https:\/\/www.emdg-guilers.org\/index.php\/2021\/08\/19\/infos-rentree-2021-22\/#breadcrumb"},"inLanguage":"fr-FR","potentialAction":[{"@type":"ReadAction","target":["https:\/\/www.emdg-guilers.org\/index.php\/2021\/08\/19\/infos-rentree-2021-22\/"]}]},{"@type":"ImageObject","inLanguage":"fr-FR","@id":"https:\/\/www.emdg-guilers.org\/index.php\/2021\/08\/19\/infos-rentree-2021-22\/#primaryimage","url":"https:\/\/www.emdg-guilers.org\/wp-content\/uploads\/2021\/08\/2021-22-infos-rentree.jpg","contentUrl":"https:\/\/www.emdg-guilers.org\/wp-content\/uploads\/2021\/08\/2021-22-infos-rentree.jpg","width":940,"height":788},{"@type":"BreadcrumbList","@id":"https:\/\/www.emdg-guilers.org\/index.php\/2021\/08\/19\/infos-rentree-2021-22\/#breadcrumb","itemListElement":[{"@type":"ListItem","position":1,"name":"Accueil","item":"https:\/\/www.emdg-guilers.org\/"},{"@type":"ListItem","position":2,"name":"Infos rentr\u00e9e 2021-22"}]},{"@type":"WebSite","@id":"https:\/\/www.emdg-guilers.org\/#website","url":"https:\/\/www.emdg-guilers.org\/","name":"Ecole de Musique et Danse de Guilers","description":"Ecole associative, cours de musique, danse, th\u00e9\u00e2tre accessibles \u00e0 tous","publisher":{"@id":"https:\/\/www.emdg-guilers.org\/#organization"},"potentialAction":[{"@type":"SearchAction","target":{"@type":"EntryPoint","urlTemplate":"https:\/\/www.emdg-guilers.org\/?s={search_term_string}"},"query-input":"required name=search_term_string"}],"inLanguage":"fr-FR"},{"@type":"Organization","@id":"https:\/\/www.emdg-guilers.org\/#organization","name":"Ecole de Musique et de Danse","url":"https:\/\/www.emdg-guilers.org\/","logo":{"@type":"ImageObject","inLanguage":"fr-FR","@id":"https:\/\/www.emdg-guilers.org\/#\/schema\/logo\/image\/","url":"https:\/\/www.emdg-guilers.org\/wp-content\/uploads\/2016\/06\/logo2014.jpg","contentUrl":"https:\/\/www.emdg-guilers.org\/wp-content\/uploads\/2016\/06\/logo2014.jpg","width":214,"height":116,"caption":"Ecole de Musique et de Danse"},"image":{"@id":"https:\/\/www.emdg-guilers.org\/#\/schema\/logo\/image\/"},"sameAs":["https:\/\/www.facebook.com\/Ecole-de-Musique-et-de-Danse-de-Guilers-480017765533016\/"]},{"@type":"Person","@id":"https:\/\/www.emdg-guilers.org\/#\/schema\/person\/5c279d8e49be5f6bfdc87fb9e08559d4","name":"Marie Clavier","image":{"@type":"ImageObject","inLanguage":"fr-FR","@id":"https:\/\/www.emdg-guilers.org\/#\/schema\/person\/image\/","url":"https:\/\/secure.gravatar.com\/avatar\/82505eeeaf6d53a80197cd7ed92e8de4?s=96&d=mm&r=g","contentUrl":"https:\/\/secure.gravatar.com\/avatar\/82505eeeaf6d53a80197cd7ed92e8de4?s=96&d=mm&r=g","caption":"Marie Clavier"},"url":"https:\/\/www.emdg-guilers.org\/index.php\/author\/mclavier\/"}]}},"_links":{"self":[{"href":"https:\/\/www.emdg-guilers.org\/index.php\/wp-json\/wp\/v2\/posts\/2638"}],"collection":[{"href":"https:\/\/www.emdg-guilers.org\/index.php\/wp-json\/wp\/v2\/posts"}],"about":[{"href":"https:\/\/www.emdg-guilers.org\/index.php\/wp-json\/wp\/v2\/types\/post"}],"author":[{"embeddable":true,"href":"https:\/\/www.emdg-guilers.org\/index.php\/wp-json\/wp\/v2\/users\/3"}],"replies":[{"embeddable":true,"href":"https:\/\/www.emdg-guilers.org\/index.php\/wp-json\/wp\/v2\/comments?post=2638"}],"version-history":[{"count":7,"href":"https:\/\/www.emdg-guilers.org\/index.php\/wp-json\/wp\/v2\/posts\/2638\/revisions"}],"predecessor-version":[{"id":2707,"href":"https:\/\/www.emdg-guilers.org\/index.php\/wp-json\/wp\/v2\/posts\/2638\/revisions\/2707"}],"wp:attachment":[{"href":"https:\/\/www.emdg-guilers.org\/index.php\/wp-json\/wp\/v2\/media?parent=2638"}],"wp:term":[{"taxonomy":"category","embeddable":true,"href":"https:\/\/www.emdg-guilers.org\/index.php\/wp-json\/wp\/v2\/categories?post=2638"},{"taxonomy":"post_tag","embeddable":true,"href":"https:\/\/www.emdg-guilers.org\/index.php\/wp-json\/wp\/v2\/tags?post=2638"}],"curies":[{"name":"wp","href":"https:\/\/api.w.org\/{rel}","templated":true}]}}