{"id":2709,"date":"2021-10-09T22:15:17","date_gmt":"2021-10-09T20:15:17","guid":{"rendered":"https:\/\/www.emdg-guilers.org\/?p=2709"},"modified":"2021-10-21T11:09:10","modified_gmt":"2021-10-21T09:09:10","slug":"stages-de-danse","status":"publish","type":"post","link":"https:\/\/www.emdg-guilers.org\/index.php\/2021\/10\/09\/stages-de-danse\/","title":{"rendered":"Stage(s) de danse"},"content":{"rendered":"\n<p>Vacances de la Toussaint &#8211; vendredi 5 et samedi 6 novembre 2021<br><strong><em>Inscriptions jusqu&rsquo;au 24-10-21.<\/em><\/strong><\/p>\n\n\n\n<p>Un stage \u00ab\u00a0poly-danses\u00a0\u00bb offert aux \u00e9l\u00e8ves de l&rsquo;Ecole de Musique et Danse de Guilers, inscrits en 2020-21 ou 2021-22.<br><br><strong>VENDREDI 5 NOVEMBRE 2021<\/strong> &#8211; Pour les \u00e9l\u00e8ves de primaires.<br>3 sessions d&rsquo; 1h pour pour d\u00e9couvrir &amp; pratiquer cons\u00e9cutivement le classique, le modern jazz et le hip hop.<br>11h-12h &#8211; cr\u00e9neau 1<br>Pause d\u00e9jeuner non prise en charge par l&rsquo;EMDG<br>13h30-14h30 &#8211; cr\u00e9neau 2<br>14h30-15h30 &#8211; cr\u00e9neau 3<br><a href=\"https:\/\/www.helloasso.com\/associations\/ecole-de-musique-et-danse-de-guilers\/evenements\/stage-de-danse-eleves-de-primaire\" target=\"_blank\" rel=\"noreferrer noopener\">Inscription obligatoire ici<\/a><br><br><strong>Session danse classique sur pointes<\/strong> (uniquement pour les danseuses d\u00e9j\u00e0 inscrites en pointes avec Virginie) <a href=\"https:\/\/www.helloasso.com\/associations\/ecole-de-musique-et-danse-de-guilers\/evenements\/stage-de-danse-classique-session-pointes?_gl=1%2aesad4p%2a_ga%2aOTQ3NjY3ODY0LjE2MTc4OTIyMjY.%2a_ga_TKC826G3G2%2aMTYzNDYzNjM3Ny4yMi4xLjE2MzQ2Mzc1NzYuMA..&amp;_ga=2.255313480.1702704424.1634636377-947667864.1617892226\" target=\"_blank\" rel=\"noreferrer noopener\">Inscription obligatoire ici<\/a><\/p>\n\n\n\n<p><strong>SAMEDI 6 NOMEMBRE 2021<\/strong> &#8211; Pour les coll\u00e9giens, lyc\u00e9ens et +. Passe sanitaire obligatoire +12ans<br>3 sessions d&rsquo; 1h30<br>Chaque inscrit participe d&rsquo;office aux 3 ateliers.<br>10h30-12h- cr\u00e9neau 1<br>Pause d\u00e9jeuner non prise en charge par l&rsquo;EMDG<br>13h30-15h &#8211; cr\u00e9neau 2<br>15h-16h30 &#8211; cr\u00e9neau 3<br><a href=\"https:\/\/www.helloasso.com\/associations\/ecole-de-musique-et-danse-de-guilers\/evenements\/stage-de-danse-eleves-de-college-lycee-et\" target=\"_blank\" rel=\"noreferrer noopener\">Inscription obligatoire ici<\/a><\/p>\n\n\n\n<p>Gratuit.<br><\/p>\n\n\n\n<figure class=\"wp-block-image size-large\"><img loading=\"lazy\" decoding=\"async\" width=\"724\" height=\"1024\" src=\"https:\/\/www.emdg-guilers.org\/wp-content\/uploads\/2021\/10\/stage-danse-novembre-2021-724x1024.jpg\" alt=\"\" class=\"wp-image-2710\" srcset=\"https:\/\/www.emdg-guilers.org\/wp-content\/uploads\/2021\/10\/stage-danse-novembre-2021-724x1024.jpg 724w, https:\/\/www.emdg-guilers.org\/wp-content\/uploads\/2021\/10\/stage-danse-novembre-2021-212x300.jpg 212w, https:\/\/www.emdg-guilers.org\/wp-content\/uploads\/2021\/10\/stage-danse-novembre-2021-768x1086.jpg 768w, https:\/\/www.emdg-guilers.org\/wp-content\/uploads\/2021\/10\/stage-danse-novembre-2021-1086x1536.jpg 1086w, https:\/\/www.emdg-guilers.org\/wp-content\/uploads\/2021\/10\/stage-danse-novembre-2021-1448x2048.jpg 1448w, https:\/\/www.emdg-guilers.org\/wp-content\/uploads\/2021\/10\/stage-danse-novembre-2021-191x270.jpg 191w, https:\/\/www.emdg-guilers.org\/wp-content\/uploads\/2021\/10\/stage-danse-novembre-2021.jpg 1587w\" sizes=\"(max-width: 724px) 100vw, 724px\" \/><\/figure>\n\n\n\n<p><\/p>\n","protected":false},"excerpt":{"rendered":"<p>Vacances de la Toussaint &#8211; vendredi 5 et samedi 6 novembre 2021Inscriptions jusqu&rsquo;au 24-10-21. Un stage \u00ab\u00a0poly-danses\u00a0\u00bb offert aux \u00e9l\u00e8ves de l&rsquo;Ecole de Musique et Danse de Guilers, inscrits en 2020-21 ou 2021-22. VENDREDI 5 NOVEMBRE 2021 &#8211; Pour les \u00e9l\u00e8ves de primaires.3 sessions d&rsquo; 1h pour pour d\u00e9couvrir &amp; pratiquer cons\u00e9cutivement le classique, le modern jazz et le hip hop.11h-12h &#8211; cr\u00e9neau 1Pause d\u00e9jeuner non prise en charge par l&rsquo;EMDG13h30-14h30 &#8211; cr\u00e9neau 214h30-15h30 &#8211; cr\u00e9neau 3Inscription obligatoire ici Session&#8230;<\/p>\n<p class=\"read-more\"><a class=\"btn btn-default\" href=\"https:\/\/www.emdg-guilers.org\/index.php\/2021\/10\/09\/stages-de-danse\/\">Lire la suite<span class=\"screen-reader-text\"> Lire la suite<\/span><\/a><\/p>\n","protected":false},"author":3,"featured_media":0,"comment_status":"closed","ping_status":"closed","sticky":false,"template":"","format":"standard","meta":{"footnotes":""},"categories":[1],"tags":[],"yoast_head":"<!-- This site is optimized with the Yoast SEO plugin v22.4 - https:\/\/yoast.com\/wordpress\/plugins\/seo\/ -->\n<title>Stage(s) de danse - Ecole de Musique, Danse &amp; Th\u00e9\u00e2tre de Guilers<\/title>\n<meta name=\"robots\" content=\"index, follow, max-snippet:-1, max-image-preview:large, max-video-preview:-1\" \/>\n<link rel=\"canonical\" href=\"https:\/\/www.emdg-guilers.org\/index.php\/2021\/10\/09\/stages-de-danse\/\" \/>\n<meta property=\"og:locale\" content=\"fr_FR\" \/>\n<meta property=\"og:type\" content=\"article\" \/>\n<meta property=\"og:title\" content=\"Stage(s) de danse - Ecole de Musique, Danse &amp; Th\u00e9\u00e2tre de Guilers\" \/>\n<meta property=\"og:description\" content=\"Vacances de la Toussaint &#8211; vendredi 5 et samedi 6 novembre 2021Inscriptions jusqu&rsquo;au 24-10-21. Un stage \u00ab\u00a0poly-danses\u00a0\u00bb offert aux \u00e9l\u00e8ves de l&rsquo;Ecole de Musique et Danse de Guilers, inscrits en 2020-21 ou 2021-22. VENDREDI 5 NOVEMBRE 2021 &#8211; Pour les \u00e9l\u00e8ves de primaires.3 sessions d&rsquo; 1h pour pour d\u00e9couvrir &amp; pratiquer cons\u00e9cutivement le classique, le modern jazz et le hip hop.11h-12h &#8211; cr\u00e9neau 1Pause d\u00e9jeuner non prise en charge par l&rsquo;EMDG13h30-14h30 &#8211; cr\u00e9neau 214h30-15h30 &#8211; cr\u00e9neau 3Inscription obligatoire ici Session...Lire la suite Lire la suite\" \/>\n<meta property=\"og:url\" content=\"https:\/\/www.emdg-guilers.org\/index.php\/2021\/10\/09\/stages-de-danse\/\" \/>\n<meta property=\"og:site_name\" content=\"Ecole de Musique, Danse &amp; Th\u00e9\u00e2tre de Guilers\" \/>\n<meta property=\"article:publisher\" content=\"https:\/\/www.facebook.com\/Ecole-de-Musique-et-de-Danse-de-Guilers-480017765533016\/\" \/>\n<meta property=\"article:published_time\" content=\"2021-10-09T20:15:17+00:00\" \/>\n<meta property=\"article:modified_time\" content=\"2021-10-21T09:09:10+00:00\" \/>\n<meta property=\"og:image\" content=\"https:\/\/www.emdg-guilers.org\/wp-content\/uploads\/2021\/10\/stage-danse-novembre-2021-724x1024.jpg\" \/>\n<meta name=\"author\" content=\"Marie Clavier\" \/>\n<meta name=\"twitter:card\" content=\"summary_large_image\" \/>\n<meta name=\"twitter:label1\" content=\"\u00c9crit par\" \/>\n\t<meta name=\"twitter:data1\" content=\"Marie Clavier\" \/>\n\t<meta name=\"twitter:label2\" content=\"Dur\u00e9e de lecture estim\u00e9e\" \/>\n\t<meta name=\"twitter:data2\" content=\"1 minute\" \/>\n<script type=\"application\/ld+json\" class=\"yoast-schema-graph\">{\"@context\":\"https:\/\/schema.org\",\"@graph\":[{\"@type\":\"Article\",\"@id\":\"https:\/\/www.emdg-guilers.org\/index.php\/2021\/10\/09\/stages-de-danse\/#article\",\"isPartOf\":{\"@id\":\"https:\/\/www.emdg-guilers.org\/index.php\/2021\/10\/09\/stages-de-danse\/\"},\"author\":{\"name\":\"Marie Clavier\",\"@id\":\"https:\/\/www.emdg-guilers.org\/#\/schema\/person\/5c279d8e49be5f6bfdc87fb9e08559d4\"},\"headline\":\"Stage(s) de danse\",\"datePublished\":\"2021-10-09T20:15:17+00:00\",\"dateModified\":\"2021-10-21T09:09:10+00:00\",\"mainEntityOfPage\":{\"@id\":\"https:\/\/www.emdg-guilers.org\/index.php\/2021\/10\/09\/stages-de-danse\/\"},\"wordCount\":166,\"publisher\":{\"@id\":\"https:\/\/www.emdg-guilers.org\/#organization\"},\"image\":{\"@id\":\"https:\/\/www.emdg-guilers.org\/index.php\/2021\/10\/09\/stages-de-danse\/#primaryimage\"},\"thumbnailUrl\":\"https:\/\/www.emdg-guilers.org\/wp-content\/uploads\/2021\/10\/stage-danse-novembre-2021-724x1024.jpg\",\"inLanguage\":\"fr-FR\"},{\"@type\":\"WebPage\",\"@id\":\"https:\/\/www.emdg-guilers.org\/index.php\/2021\/10\/09\/stages-de-danse\/\",\"url\":\"https:\/\/www.emdg-guilers.org\/index.php\/2021\/10\/09\/stages-de-danse\/\",\"name\":\"Stage(s) de danse - Ecole de Musique, Danse &amp; Th\u00e9\u00e2tre de Guilers\",\"isPartOf\":{\"@id\":\"https:\/\/www.emdg-guilers.org\/#website\"},\"primaryImageOfPage\":{\"@id\":\"https:\/\/www.emdg-guilers.org\/index.php\/2021\/10\/09\/stages-de-danse\/#primaryimage\"},\"image\":{\"@id\":\"https:\/\/www.emdg-guilers.org\/index.php\/2021\/10\/09\/stages-de-danse\/#primaryimage\"},\"thumbnailUrl\":\"https:\/\/www.emdg-guilers.org\/wp-content\/uploads\/2021\/10\/stage-danse-novembre-2021-724x1024.jpg\",\"datePublished\":\"2021-10-09T20:15:17+00:00\",\"dateModified\":\"2021-10-21T09:09:10+00:00\",\"breadcrumb\":{\"@id\":\"https:\/\/www.emdg-guilers.org\/index.php\/2021\/10\/09\/stages-de-danse\/#breadcrumb\"},\"inLanguage\":\"fr-FR\",\"potentialAction\":[{\"@type\":\"ReadAction\",\"target\":[\"https:\/\/www.emdg-guilers.org\/index.php\/2021\/10\/09\/stages-de-danse\/\"]}]},{\"@type\":\"ImageObject\",\"inLanguage\":\"fr-FR\",\"@id\":\"https:\/\/www.emdg-guilers.org\/index.php\/2021\/10\/09\/stages-de-danse\/#primaryimage\",\"url\":\"https:\/\/www.emdg-guilers.org\/wp-content\/uploads\/2021\/10\/stage-danse-novembre-2021.jpg\",\"contentUrl\":\"https:\/\/www.emdg-guilers.org\/wp-content\/uploads\/2021\/10\/stage-danse-novembre-2021.jpg\",\"width\":1587,\"height\":2245},{\"@type\":\"BreadcrumbList\",\"@id\":\"https:\/\/www.emdg-guilers.org\/index.php\/2021\/10\/09\/stages-de-danse\/#breadcrumb\",\"itemListElement\":[{\"@type\":\"ListItem\",\"position\":1,\"name\":\"Accueil\",\"item\":\"https:\/\/www.emdg-guilers.org\/\"},{\"@type\":\"ListItem\",\"position\":2,\"name\":\"Stage(s) de danse\"}]},{\"@type\":\"WebSite\",\"@id\":\"https:\/\/www.emdg-guilers.org\/#website\",\"url\":\"https:\/\/www.emdg-guilers.org\/\",\"name\":\"Ecole de Musique et Danse de Guilers\",\"description\":\"Ecole associative, cours de musique, danse, th\u00e9\u00e2tre accessibles \u00e0 tous\",\"publisher\":{\"@id\":\"https:\/\/www.emdg-guilers.org\/#organization\"},\"potentialAction\":[{\"@type\":\"SearchAction\",\"target\":{\"@type\":\"EntryPoint\",\"urlTemplate\":\"https:\/\/www.emdg-guilers.org\/?s={search_term_string}\"},\"query-input\":\"required name=search_term_string\"}],\"inLanguage\":\"fr-FR\"},{\"@type\":\"Organization\",\"@id\":\"https:\/\/www.emdg-guilers.org\/#organization\",\"name\":\"Ecole de Musique et de Danse\",\"url\":\"https:\/\/www.emdg-guilers.org\/\",\"logo\":{\"@type\":\"ImageObject\",\"inLanguage\":\"fr-FR\",\"@id\":\"https:\/\/www.emdg-guilers.org\/#\/schema\/logo\/image\/\",\"url\":\"https:\/\/www.emdg-guilers.org\/wp-content\/uploads\/2016\/06\/logo2014.jpg\",\"contentUrl\":\"https:\/\/www.emdg-guilers.org\/wp-content\/uploads\/2016\/06\/logo2014.jpg\",\"width\":214,\"height\":116,\"caption\":\"Ecole de Musique et de Danse\"},\"image\":{\"@id\":\"https:\/\/www.emdg-guilers.org\/#\/schema\/logo\/image\/\"},\"sameAs\":[\"https:\/\/www.facebook.com\/Ecole-de-Musique-et-de-Danse-de-Guilers-480017765533016\/\"]},{\"@type\":\"Person\",\"@id\":\"https:\/\/www.emdg-guilers.org\/#\/schema\/person\/5c279d8e49be5f6bfdc87fb9e08559d4\",\"name\":\"Marie Clavier\",\"image\":{\"@type\":\"ImageObject\",\"inLanguage\":\"fr-FR\",\"@id\":\"https:\/\/www.emdg-guilers.org\/#\/schema\/person\/image\/\",\"url\":\"https:\/\/secure.gravatar.com\/avatar\/82505eeeaf6d53a80197cd7ed92e8de4?s=96&d=mm&r=g\",\"contentUrl\":\"https:\/\/secure.gravatar.com\/avatar\/82505eeeaf6d53a80197cd7ed92e8de4?s=96&d=mm&r=g\",\"caption\":\"Marie Clavier\"},\"url\":\"https:\/\/www.emdg-guilers.org\/index.php\/author\/mclavier\/\"}]}<\/script>\n<!-- \/ Yoast SEO plugin. -->","yoast_head_json":{"title":"Stage(s) de danse - Ecole de Musique, Danse &amp; Th\u00e9\u00e2tre de Guilers","robots":{"index":"index","follow":"follow","max-snippet":"max-snippet:-1","max-image-preview":"max-image-preview:large","max-video-preview":"max-video-preview:-1"},"canonical":"https:\/\/www.emdg-guilers.org\/index.php\/2021\/10\/09\/stages-de-danse\/","og_locale":"fr_FR","og_type":"article","og_title":"Stage(s) de danse - Ecole de Musique, Danse &amp; Th\u00e9\u00e2tre de Guilers","og_description":"Vacances de la Toussaint &#8211; vendredi 5 et samedi 6 novembre 2021Inscriptions jusqu&rsquo;au 24-10-21. Un stage \u00ab\u00a0poly-danses\u00a0\u00bb offert aux \u00e9l\u00e8ves de l&rsquo;Ecole de Musique et Danse de Guilers, inscrits en 2020-21 ou 2021-22. VENDREDI 5 NOVEMBRE 2021 &#8211; Pour les \u00e9l\u00e8ves de primaires.3 sessions d&rsquo; 1h pour pour d\u00e9couvrir &amp; pratiquer cons\u00e9cutivement le classique, le modern jazz et le hip hop.11h-12h &#8211; cr\u00e9neau 1Pause d\u00e9jeuner non prise en charge par l&rsquo;EMDG13h30-14h30 &#8211; cr\u00e9neau 214h30-15h30 &#8211; cr\u00e9neau 3Inscription obligatoire ici Session...Lire la suite Lire la suite","og_url":"https:\/\/www.emdg-guilers.org\/index.php\/2021\/10\/09\/stages-de-danse\/","og_site_name":"Ecole de Musique, Danse &amp; Th\u00e9\u00e2tre de Guilers","article_publisher":"https:\/\/www.facebook.com\/Ecole-de-Musique-et-de-Danse-de-Guilers-480017765533016\/","article_published_time":"2021-10-09T20:15:17+00:00","article_modified_time":"2021-10-21T09:09:10+00:00","og_image":[{"url":"https:\/\/www.emdg-guilers.org\/wp-content\/uploads\/2021\/10\/stage-danse-novembre-2021-724x1024.jpg"}],"author":"Marie Clavier","twitter_card":"summary_large_image","twitter_misc":{"\u00c9crit par":"Marie Clavier","Dur\u00e9e de lecture estim\u00e9e":"1 minute"},"schema":{"@context":"https:\/\/schema.org","@graph":[{"@type":"Article","@id":"https:\/\/www.emdg-guilers.org\/index.php\/2021\/10\/09\/stages-de-danse\/#article","isPartOf":{"@id":"https:\/\/www.emdg-guilers.org\/index.php\/2021\/10\/09\/stages-de-danse\/"},"author":{"name":"Marie Clavier","@id":"https:\/\/www.emdg-guilers.org\/#\/schema\/person\/5c279d8e49be5f6bfdc87fb9e08559d4"},"headline":"Stage(s) de danse","datePublished":"2021-10-09T20:15:17+00:00","dateModified":"2021-10-21T09:09:10+00:00","mainEntityOfPage":{"@id":"https:\/\/www.emdg-guilers.org\/index.php\/2021\/10\/09\/stages-de-danse\/"},"wordCount":166,"publisher":{"@id":"https:\/\/www.emdg-guilers.org\/#organization"},"image":{"@id":"https:\/\/www.emdg-guilers.org\/index.php\/2021\/10\/09\/stages-de-danse\/#primaryimage"},"thumbnailUrl":"https:\/\/www.emdg-guilers.org\/wp-content\/uploads\/2021\/10\/stage-danse-novembre-2021-724x1024.jpg","inLanguage":"fr-FR"},{"@type":"WebPage","@id":"https:\/\/www.emdg-guilers.org\/index.php\/2021\/10\/09\/stages-de-danse\/","url":"https:\/\/www.emdg-guilers.org\/index.php\/2021\/10\/09\/stages-de-danse\/","name":"Stage(s) de danse - Ecole de Musique, Danse &amp; Th\u00e9\u00e2tre de Guilers","isPartOf":{"@id":"https:\/\/www.emdg-guilers.org\/#website"},"primaryImageOfPage":{"@id":"https:\/\/www.emdg-guilers.org\/index.php\/2021\/10\/09\/stages-de-danse\/#primaryimage"},"image":{"@id":"https:\/\/www.emdg-guilers.org\/index.php\/2021\/10\/09\/stages-de-danse\/#primaryimage"},"thumbnailUrl":"https:\/\/www.emdg-guilers.org\/wp-content\/uploads\/2021\/10\/stage-danse-novembre-2021-724x1024.jpg","datePublished":"2021-10-09T20:15:17+00:00","dateModified":"2021-10-21T09:09:10+00:00","breadcrumb":{"@id":"https:\/\/www.emdg-guilers.org\/index.php\/2021\/10\/09\/stages-de-danse\/#breadcrumb"},"inLanguage":"fr-FR","potentialAction":[{"@type":"ReadAction","target":["https:\/\/www.emdg-guilers.org\/index.php\/2021\/10\/09\/stages-de-danse\/"]}]},{"@type":"ImageObject","inLanguage":"fr-FR","@id":"https:\/\/www.emdg-guilers.org\/index.php\/2021\/10\/09\/stages-de-danse\/#primaryimage","url":"https:\/\/www.emdg-guilers.org\/wp-content\/uploads\/2021\/10\/stage-danse-novembre-2021.jpg","contentUrl":"https:\/\/www.emdg-guilers.org\/wp-content\/uploads\/2021\/10\/stage-danse-novembre-2021.jpg","width":1587,"height":2245},{"@type":"BreadcrumbList","@id":"https:\/\/www.emdg-guilers.org\/index.php\/2021\/10\/09\/stages-de-danse\/#breadcrumb","itemListElement":[{"@type":"ListItem","position":1,"name":"Accueil","item":"https:\/\/www.emdg-guilers.org\/"},{"@type":"ListItem","position":2,"name":"Stage(s) de danse"}]},{"@type":"WebSite","@id":"https:\/\/www.emdg-guilers.org\/#website","url":"https:\/\/www.emdg-guilers.org\/","name":"Ecole de Musique et Danse de Guilers","description":"Ecole associative, cours de musique, danse, th\u00e9\u00e2tre accessibles \u00e0 tous","publisher":{"@id":"https:\/\/www.emdg-guilers.org\/#organization"},"potentialAction":[{"@type":"SearchAction","target":{"@type":"EntryPoint","urlTemplate":"https:\/\/www.emdg-guilers.org\/?s={search_term_string}"},"query-input":"required name=search_term_string"}],"inLanguage":"fr-FR"},{"@type":"Organization","@id":"https:\/\/www.emdg-guilers.org\/#organization","name":"Ecole de Musique et de Danse","url":"https:\/\/www.emdg-guilers.org\/","logo":{"@type":"ImageObject","inLanguage":"fr-FR","@id":"https:\/\/www.emdg-guilers.org\/#\/schema\/logo\/image\/","url":"https:\/\/www.emdg-guilers.org\/wp-content\/uploads\/2016\/06\/logo2014.jpg","contentUrl":"https:\/\/www.emdg-guilers.org\/wp-content\/uploads\/2016\/06\/logo2014.jpg","width":214,"height":116,"caption":"Ecole de Musique et de Danse"},"image":{"@id":"https:\/\/www.emdg-guilers.org\/#\/schema\/logo\/image\/"},"sameAs":["https:\/\/www.facebook.com\/Ecole-de-Musique-et-de-Danse-de-Guilers-480017765533016\/"]},{"@type":"Person","@id":"https:\/\/www.emdg-guilers.org\/#\/schema\/person\/5c279d8e49be5f6bfdc87fb9e08559d4","name":"Marie Clavier","image":{"@type":"ImageObject","inLanguage":"fr-FR","@id":"https:\/\/www.emdg-guilers.org\/#\/schema\/person\/image\/","url":"https:\/\/secure.gravatar.com\/avatar\/82505eeeaf6d53a80197cd7ed92e8de4?s=96&d=mm&r=g","contentUrl":"https:\/\/secure.gravatar.com\/avatar\/82505eeeaf6d53a80197cd7ed92e8de4?s=96&d=mm&r=g","caption":"Marie Clavier"},"url":"https:\/\/www.emdg-guilers.org\/index.php\/author\/mclavier\/"}]}},"_links":{"self":[{"href":"https:\/\/www.emdg-guilers.org\/index.php\/wp-json\/wp\/v2\/posts\/2709"}],"collection":[{"href":"https:\/\/www.emdg-guilers.org\/index.php\/wp-json\/wp\/v2\/posts"}],"about":[{"href":"https:\/\/www.emdg-guilers.org\/index.php\/wp-json\/wp\/v2\/types\/post"}],"author":[{"embeddable":true,"href":"https:\/\/www.emdg-guilers.org\/index.php\/wp-json\/wp\/v2\/users\/3"}],"replies":[{"embeddable":true,"href":"https:\/\/www.emdg-guilers.org\/index.php\/wp-json\/wp\/v2\/comments?post=2709"}],"version-history":[{"count":3,"href":"https:\/\/www.emdg-guilers.org\/index.php\/wp-json\/wp\/v2\/posts\/2709\/revisions"}],"predecessor-version":[{"id":2715,"href":"https:\/\/www.emdg-guilers.org\/index.php\/wp-json\/wp\/v2\/posts\/2709\/revisions\/2715"}],"wp:attachment":[{"href":"https:\/\/www.emdg-guilers.org\/index.php\/wp-json\/wp\/v2\/media?parent=2709"}],"wp:term":[{"taxonomy":"category","embeddable":true,"href":"https:\/\/www.emdg-guilers.org\/index.php\/wp-json\/wp\/v2\/categories?post=2709"},{"taxonomy":"post_tag","embeddable":true,"href":"https:\/\/www.emdg-guilers.org\/index.php\/wp-json\/wp\/v2\/tags?post=2709"}],"curies":[{"name":"wp","href":"https:\/\/api.w.org\/{rel}","templated":true}]}}