{"id":2719,"date":"2021-11-08T12:29:12","date_gmt":"2021-11-08T11:29:12","guid":{"rendered":"https:\/\/www.emdg-guilers.org\/?p=2719"},"modified":"2021-11-08T15:15:25","modified_gmt":"2021-11-08T14:15:25","slug":"assemblee-generale","status":"publish","type":"post","link":"https:\/\/www.emdg-guilers.org\/index.php\/2021\/11\/08\/assemblee-generale\/","title":{"rendered":"Assembl\u00e9e G\u00e9n\u00e9rale"},"content":{"rendered":"\n<p>Mardi 23 novembre 2021, 19h30<\/p>\n\n\n\n<p>Rendez-vous \u00e0 l&rsquo;Agora, salle 1, Guilers. <\/p>\n\n\n\n<p><strong><em>A l\u2019occasion de ce temps fort, l\u2019ensemble de guitares de l\u2019EMDG, le Guilers Guitar Gang, dirig\u00e9 par Erwan Duval et Pascal Ghigou pr\u00e9sentera plusieurs morceaux&nbsp;! Merci de leur faire bon accueil.<\/em><\/strong><\/p>\n\n\n\n<p><strong><u>Ordre du jour :<\/u><\/strong><\/p>\n\n\n\n<p>&#8211; Rapport moral \/ Rapport d\u2019activit\u00e9s \/ Rapport financier<br>&#8211; Pr\u00e9sentation des actions 2021 &amp; 2022 &#8211; \u00c9changes avec les participants<br>&#8211; Composition du Conseil d&rsquo;Administration<br><br>Nous vous rappelons que ce moment est essentiel pour la vie et le d\u00e9veloppement de notre \u00e9cole associative.<\/p>\n\n\n\n<figure class=\"wp-block-image size-large\"><a href=\"https:\/\/www.facebook.com\/events\/456285585834317\/?ref=newsfeed\"><img loading=\"lazy\" decoding=\"async\" width=\"724\" height=\"1024\" src=\"https:\/\/www.emdg-guilers.org\/wp-content\/uploads\/2021\/11\/2021-11-23-Affiche-AG-Mardi-23-nov.-2021-724x1024.jpg\" alt=\"\" class=\"wp-image-2720\" srcset=\"https:\/\/www.emdg-guilers.org\/wp-content\/uploads\/2021\/11\/2021-11-23-Affiche-AG-Mardi-23-nov.-2021-724x1024.jpg 724w, https:\/\/www.emdg-guilers.org\/wp-content\/uploads\/2021\/11\/2021-11-23-Affiche-AG-Mardi-23-nov.-2021-212x300.jpg 212w, https:\/\/www.emdg-guilers.org\/wp-content\/uploads\/2021\/11\/2021-11-23-Affiche-AG-Mardi-23-nov.-2021-768x1086.jpg 768w, https:\/\/www.emdg-guilers.org\/wp-content\/uploads\/2021\/11\/2021-11-23-Affiche-AG-Mardi-23-nov.-2021-1086x1536.jpg 1086w, https:\/\/www.emdg-guilers.org\/wp-content\/uploads\/2021\/11\/2021-11-23-Affiche-AG-Mardi-23-nov.-2021-1448x2048.jpg 1448w, https:\/\/www.emdg-guilers.org\/wp-content\/uploads\/2021\/11\/2021-11-23-Affiche-AG-Mardi-23-nov.-2021-191x270.jpg 191w, https:\/\/www.emdg-guilers.org\/wp-content\/uploads\/2021\/11\/2021-11-23-Affiche-AG-Mardi-23-nov.-2021.jpg 1587w\" sizes=\"(max-width: 724px) 100vw, 724px\" \/><\/a><\/figure>\n\n\n\n<p><\/p>\n","protected":false},"excerpt":{"rendered":"<p>Mardi 23 novembre 2021, 19h30 Rendez-vous \u00e0 l&rsquo;Agora, salle 1, Guilers. A l\u2019occasion de ce temps fort, l\u2019ensemble de guitares de l\u2019EMDG, le Guilers Guitar Gang, dirig\u00e9 par Erwan Duval et Pascal Ghigou pr\u00e9sentera plusieurs morceaux&nbsp;! Merci de leur faire bon accueil. Ordre du jour : &#8211; Rapport moral \/ Rapport d\u2019activit\u00e9s \/ Rapport financier&#8211; Pr\u00e9sentation des actions 2021 &amp; 2022 &#8211; \u00c9changes avec les participants&#8211; Composition du Conseil d&rsquo;Administration Nous vous rappelons que ce moment est essentiel pour la&#8230;<\/p>\n<p class=\"read-more\"><a class=\"btn btn-default\" href=\"https:\/\/www.emdg-guilers.org\/index.php\/2021\/11\/08\/assemblee-generale\/\">Lire la suite<span class=\"screen-reader-text\"> Lire la suite<\/span><\/a><\/p>\n","protected":false},"author":3,"featured_media":0,"comment_status":"closed","ping_status":"closed","sticky":false,"template":"","format":"standard","meta":{"footnotes":""},"categories":[1],"tags":[],"yoast_head":"<!-- This site is optimized with the Yoast SEO plugin v22.4 - https:\/\/yoast.com\/wordpress\/plugins\/seo\/ -->\n<title>Assembl\u00e9e G\u00e9n\u00e9rale - Ecole de Musique, Danse &amp; Th\u00e9\u00e2tre de Guilers<\/title>\n<meta name=\"robots\" content=\"index, follow, max-snippet:-1, max-image-preview:large, max-video-preview:-1\" \/>\n<link rel=\"canonical\" href=\"https:\/\/www.emdg-guilers.org\/index.php\/2021\/11\/08\/assemblee-generale\/\" \/>\n<meta property=\"og:locale\" content=\"fr_FR\" \/>\n<meta property=\"og:type\" content=\"article\" \/>\n<meta property=\"og:title\" content=\"Assembl\u00e9e G\u00e9n\u00e9rale - Ecole de Musique, Danse &amp; Th\u00e9\u00e2tre de Guilers\" \/>\n<meta property=\"og:description\" content=\"Mardi 23 novembre 2021, 19h30 Rendez-vous \u00e0 l&rsquo;Agora, salle 1, Guilers. A l\u2019occasion de ce temps fort, l\u2019ensemble de guitares de l\u2019EMDG, le Guilers Guitar Gang, dirig\u00e9 par Erwan Duval et Pascal Ghigou pr\u00e9sentera plusieurs morceaux&nbsp;! Merci de leur faire bon accueil. Ordre du jour : &#8211; Rapport moral \/ Rapport d\u2019activit\u00e9s \/ Rapport financier&#8211; Pr\u00e9sentation des actions 2021 &amp; 2022 &#8211; \u00c9changes avec les participants&#8211; Composition du Conseil d&rsquo;Administration Nous vous rappelons que ce moment est essentiel pour la...Lire la suite Lire la suite\" \/>\n<meta property=\"og:url\" content=\"https:\/\/www.emdg-guilers.org\/index.php\/2021\/11\/08\/assemblee-generale\/\" \/>\n<meta property=\"og:site_name\" content=\"Ecole de Musique, Danse &amp; Th\u00e9\u00e2tre de Guilers\" \/>\n<meta property=\"article:publisher\" content=\"https:\/\/www.facebook.com\/Ecole-de-Musique-et-de-Danse-de-Guilers-480017765533016\/\" \/>\n<meta property=\"article:published_time\" content=\"2021-11-08T11:29:12+00:00\" \/>\n<meta property=\"article:modified_time\" content=\"2021-11-08T14:15:25+00:00\" \/>\n<meta property=\"og:image\" content=\"https:\/\/www.emdg-guilers.org\/wp-content\/uploads\/2021\/11\/2021-11-23-Affiche-AG-Mardi-23-nov.-2021-724x1024.jpg\" \/>\n<meta name=\"author\" content=\"Marie Clavier\" \/>\n<meta name=\"twitter:card\" content=\"summary_large_image\" \/>\n<meta name=\"twitter:label1\" content=\"\u00c9crit par\" \/>\n\t<meta name=\"twitter:data1\" content=\"Marie Clavier\" \/>\n<script type=\"application\/ld+json\" class=\"yoast-schema-graph\">{\"@context\":\"https:\/\/schema.org\",\"@graph\":[{\"@type\":\"Article\",\"@id\":\"https:\/\/www.emdg-guilers.org\/index.php\/2021\/11\/08\/assemblee-generale\/#article\",\"isPartOf\":{\"@id\":\"https:\/\/www.emdg-guilers.org\/index.php\/2021\/11\/08\/assemblee-generale\/\"},\"author\":{\"name\":\"Marie Clavier\",\"@id\":\"https:\/\/www.emdg-guilers.org\/#\/schema\/person\/5c279d8e49be5f6bfdc87fb9e08559d4\"},\"headline\":\"Assembl\u00e9e G\u00e9n\u00e9rale\",\"datePublished\":\"2021-11-08T11:29:12+00:00\",\"dateModified\":\"2021-11-08T14:15:25+00:00\",\"mainEntityOfPage\":{\"@id\":\"https:\/\/www.emdg-guilers.org\/index.php\/2021\/11\/08\/assemblee-generale\/\"},\"wordCount\":93,\"publisher\":{\"@id\":\"https:\/\/www.emdg-guilers.org\/#organization\"},\"image\":{\"@id\":\"https:\/\/www.emdg-guilers.org\/index.php\/2021\/11\/08\/assemblee-generale\/#primaryimage\"},\"thumbnailUrl\":\"https:\/\/www.emdg-guilers.org\/wp-content\/uploads\/2021\/11\/2021-11-23-Affiche-AG-Mardi-23-nov.-2021-724x1024.jpg\",\"inLanguage\":\"fr-FR\"},{\"@type\":\"WebPage\",\"@id\":\"https:\/\/www.emdg-guilers.org\/index.php\/2021\/11\/08\/assemblee-generale\/\",\"url\":\"https:\/\/www.emdg-guilers.org\/index.php\/2021\/11\/08\/assemblee-generale\/\",\"name\":\"Assembl\u00e9e G\u00e9n\u00e9rale - Ecole de Musique, Danse &amp; Th\u00e9\u00e2tre de Guilers\",\"isPartOf\":{\"@id\":\"https:\/\/www.emdg-guilers.org\/#website\"},\"primaryImageOfPage\":{\"@id\":\"https:\/\/www.emdg-guilers.org\/index.php\/2021\/11\/08\/assemblee-generale\/#primaryimage\"},\"image\":{\"@id\":\"https:\/\/www.emdg-guilers.org\/index.php\/2021\/11\/08\/assemblee-generale\/#primaryimage\"},\"thumbnailUrl\":\"https:\/\/www.emdg-guilers.org\/wp-content\/uploads\/2021\/11\/2021-11-23-Affiche-AG-Mardi-23-nov.-2021-724x1024.jpg\",\"datePublished\":\"2021-11-08T11:29:12+00:00\",\"dateModified\":\"2021-11-08T14:15:25+00:00\",\"breadcrumb\":{\"@id\":\"https:\/\/www.emdg-guilers.org\/index.php\/2021\/11\/08\/assemblee-generale\/#breadcrumb\"},\"inLanguage\":\"fr-FR\",\"potentialAction\":[{\"@type\":\"ReadAction\",\"target\":[\"https:\/\/www.emdg-guilers.org\/index.php\/2021\/11\/08\/assemblee-generale\/\"]}]},{\"@type\":\"ImageObject\",\"inLanguage\":\"fr-FR\",\"@id\":\"https:\/\/www.emdg-guilers.org\/index.php\/2021\/11\/08\/assemblee-generale\/#primaryimage\",\"url\":\"https:\/\/www.emdg-guilers.org\/wp-content\/uploads\/2021\/11\/2021-11-23-Affiche-AG-Mardi-23-nov.-2021.jpg\",\"contentUrl\":\"https:\/\/www.emdg-guilers.org\/wp-content\/uploads\/2021\/11\/2021-11-23-Affiche-AG-Mardi-23-nov.-2021.jpg\",\"width\":1587,\"height\":2245},{\"@type\":\"BreadcrumbList\",\"@id\":\"https:\/\/www.emdg-guilers.org\/index.php\/2021\/11\/08\/assemblee-generale\/#breadcrumb\",\"itemListElement\":[{\"@type\":\"ListItem\",\"position\":1,\"name\":\"Accueil\",\"item\":\"https:\/\/www.emdg-guilers.org\/\"},{\"@type\":\"ListItem\",\"position\":2,\"name\":\"Assembl\u00e9e G\u00e9n\u00e9rale\"}]},{\"@type\":\"WebSite\",\"@id\":\"https:\/\/www.emdg-guilers.org\/#website\",\"url\":\"https:\/\/www.emdg-guilers.org\/\",\"name\":\"Ecole de Musique et Danse de Guilers\",\"description\":\"Ecole associative, cours de musique, danse, th\u00e9\u00e2tre accessibles \u00e0 tous\",\"publisher\":{\"@id\":\"https:\/\/www.emdg-guilers.org\/#organization\"},\"potentialAction\":[{\"@type\":\"SearchAction\",\"target\":{\"@type\":\"EntryPoint\",\"urlTemplate\":\"https:\/\/www.emdg-guilers.org\/?s={search_term_string}\"},\"query-input\":\"required name=search_term_string\"}],\"inLanguage\":\"fr-FR\"},{\"@type\":\"Organization\",\"@id\":\"https:\/\/www.emdg-guilers.org\/#organization\",\"name\":\"Ecole de Musique et de Danse\",\"url\":\"https:\/\/www.emdg-guilers.org\/\",\"logo\":{\"@type\":\"ImageObject\",\"inLanguage\":\"fr-FR\",\"@id\":\"https:\/\/www.emdg-guilers.org\/#\/schema\/logo\/image\/\",\"url\":\"https:\/\/www.emdg-guilers.org\/wp-content\/uploads\/2016\/06\/logo2014.jpg\",\"contentUrl\":\"https:\/\/www.emdg-guilers.org\/wp-content\/uploads\/2016\/06\/logo2014.jpg\",\"width\":214,\"height\":116,\"caption\":\"Ecole de Musique et de Danse\"},\"image\":{\"@id\":\"https:\/\/www.emdg-guilers.org\/#\/schema\/logo\/image\/\"},\"sameAs\":[\"https:\/\/www.facebook.com\/Ecole-de-Musique-et-de-Danse-de-Guilers-480017765533016\/\"]},{\"@type\":\"Person\",\"@id\":\"https:\/\/www.emdg-guilers.org\/#\/schema\/person\/5c279d8e49be5f6bfdc87fb9e08559d4\",\"name\":\"Marie Clavier\",\"image\":{\"@type\":\"ImageObject\",\"inLanguage\":\"fr-FR\",\"@id\":\"https:\/\/www.emdg-guilers.org\/#\/schema\/person\/image\/\",\"url\":\"https:\/\/secure.gravatar.com\/avatar\/82505eeeaf6d53a80197cd7ed92e8de4?s=96&d=mm&r=g\",\"contentUrl\":\"https:\/\/secure.gravatar.com\/avatar\/82505eeeaf6d53a80197cd7ed92e8de4?s=96&d=mm&r=g\",\"caption\":\"Marie Clavier\"},\"url\":\"https:\/\/www.emdg-guilers.org\/index.php\/author\/mclavier\/\"}]}<\/script>\n<!-- \/ Yoast SEO plugin. -->","yoast_head_json":{"title":"Assembl\u00e9e G\u00e9n\u00e9rale - Ecole de Musique, Danse &amp; Th\u00e9\u00e2tre de Guilers","robots":{"index":"index","follow":"follow","max-snippet":"max-snippet:-1","max-image-preview":"max-image-preview:large","max-video-preview":"max-video-preview:-1"},"canonical":"https:\/\/www.emdg-guilers.org\/index.php\/2021\/11\/08\/assemblee-generale\/","og_locale":"fr_FR","og_type":"article","og_title":"Assembl\u00e9e G\u00e9n\u00e9rale - Ecole de Musique, Danse &amp; Th\u00e9\u00e2tre de Guilers","og_description":"Mardi 23 novembre 2021, 19h30 Rendez-vous \u00e0 l&rsquo;Agora, salle 1, Guilers. A l\u2019occasion de ce temps fort, l\u2019ensemble de guitares de l\u2019EMDG, le Guilers Guitar Gang, dirig\u00e9 par Erwan Duval et Pascal Ghigou pr\u00e9sentera plusieurs morceaux&nbsp;! Merci de leur faire bon accueil. Ordre du jour : &#8211; Rapport moral \/ Rapport d\u2019activit\u00e9s \/ Rapport financier&#8211; Pr\u00e9sentation des actions 2021 &amp; 2022 &#8211; \u00c9changes avec les participants&#8211; Composition du Conseil d&rsquo;Administration Nous vous rappelons que ce moment est essentiel pour la...Lire la suite Lire la suite","og_url":"https:\/\/www.emdg-guilers.org\/index.php\/2021\/11\/08\/assemblee-generale\/","og_site_name":"Ecole de Musique, Danse &amp; Th\u00e9\u00e2tre de Guilers","article_publisher":"https:\/\/www.facebook.com\/Ecole-de-Musique-et-de-Danse-de-Guilers-480017765533016\/","article_published_time":"2021-11-08T11:29:12+00:00","article_modified_time":"2021-11-08T14:15:25+00:00","og_image":[{"url":"https:\/\/www.emdg-guilers.org\/wp-content\/uploads\/2021\/11\/2021-11-23-Affiche-AG-Mardi-23-nov.-2021-724x1024.jpg"}],"author":"Marie Clavier","twitter_card":"summary_large_image","twitter_misc":{"\u00c9crit par":"Marie Clavier"},"schema":{"@context":"https:\/\/schema.org","@graph":[{"@type":"Article","@id":"https:\/\/www.emdg-guilers.org\/index.php\/2021\/11\/08\/assemblee-generale\/#article","isPartOf":{"@id":"https:\/\/www.emdg-guilers.org\/index.php\/2021\/11\/08\/assemblee-generale\/"},"author":{"name":"Marie Clavier","@id":"https:\/\/www.emdg-guilers.org\/#\/schema\/person\/5c279d8e49be5f6bfdc87fb9e08559d4"},"headline":"Assembl\u00e9e G\u00e9n\u00e9rale","datePublished":"2021-11-08T11:29:12+00:00","dateModified":"2021-11-08T14:15:25+00:00","mainEntityOfPage":{"@id":"https:\/\/www.emdg-guilers.org\/index.php\/2021\/11\/08\/assemblee-generale\/"},"wordCount":93,"publisher":{"@id":"https:\/\/www.emdg-guilers.org\/#organization"},"image":{"@id":"https:\/\/www.emdg-guilers.org\/index.php\/2021\/11\/08\/assemblee-generale\/#primaryimage"},"thumbnailUrl":"https:\/\/www.emdg-guilers.org\/wp-content\/uploads\/2021\/11\/2021-11-23-Affiche-AG-Mardi-23-nov.-2021-724x1024.jpg","inLanguage":"fr-FR"},{"@type":"WebPage","@id":"https:\/\/www.emdg-guilers.org\/index.php\/2021\/11\/08\/assemblee-generale\/","url":"https:\/\/www.emdg-guilers.org\/index.php\/2021\/11\/08\/assemblee-generale\/","name":"Assembl\u00e9e G\u00e9n\u00e9rale - Ecole de Musique, Danse &amp; Th\u00e9\u00e2tre de Guilers","isPartOf":{"@id":"https:\/\/www.emdg-guilers.org\/#website"},"primaryImageOfPage":{"@id":"https:\/\/www.emdg-guilers.org\/index.php\/2021\/11\/08\/assemblee-generale\/#primaryimage"},"image":{"@id":"https:\/\/www.emdg-guilers.org\/index.php\/2021\/11\/08\/assemblee-generale\/#primaryimage"},"thumbnailUrl":"https:\/\/www.emdg-guilers.org\/wp-content\/uploads\/2021\/11\/2021-11-23-Affiche-AG-Mardi-23-nov.-2021-724x1024.jpg","datePublished":"2021-11-08T11:29:12+00:00","dateModified":"2021-11-08T14:15:25+00:00","breadcrumb":{"@id":"https:\/\/www.emdg-guilers.org\/index.php\/2021\/11\/08\/assemblee-generale\/#breadcrumb"},"inLanguage":"fr-FR","potentialAction":[{"@type":"ReadAction","target":["https:\/\/www.emdg-guilers.org\/index.php\/2021\/11\/08\/assemblee-generale\/"]}]},{"@type":"ImageObject","inLanguage":"fr-FR","@id":"https:\/\/www.emdg-guilers.org\/index.php\/2021\/11\/08\/assemblee-generale\/#primaryimage","url":"https:\/\/www.emdg-guilers.org\/wp-content\/uploads\/2021\/11\/2021-11-23-Affiche-AG-Mardi-23-nov.-2021.jpg","contentUrl":"https:\/\/www.emdg-guilers.org\/wp-content\/uploads\/2021\/11\/2021-11-23-Affiche-AG-Mardi-23-nov.-2021.jpg","width":1587,"height":2245},{"@type":"BreadcrumbList","@id":"https:\/\/www.emdg-guilers.org\/index.php\/2021\/11\/08\/assemblee-generale\/#breadcrumb","itemListElement":[{"@type":"ListItem","position":1,"name":"Accueil","item":"https:\/\/www.emdg-guilers.org\/"},{"@type":"ListItem","position":2,"name":"Assembl\u00e9e G\u00e9n\u00e9rale"}]},{"@type":"WebSite","@id":"https:\/\/www.emdg-guilers.org\/#website","url":"https:\/\/www.emdg-guilers.org\/","name":"Ecole de Musique et Danse de Guilers","description":"Ecole associative, cours de musique, danse, th\u00e9\u00e2tre accessibles \u00e0 tous","publisher":{"@id":"https:\/\/www.emdg-guilers.org\/#organization"},"potentialAction":[{"@type":"SearchAction","target":{"@type":"EntryPoint","urlTemplate":"https:\/\/www.emdg-guilers.org\/?s={search_term_string}"},"query-input":"required name=search_term_string"}],"inLanguage":"fr-FR"},{"@type":"Organization","@id":"https:\/\/www.emdg-guilers.org\/#organization","name":"Ecole de Musique et de Danse","url":"https:\/\/www.emdg-guilers.org\/","logo":{"@type":"ImageObject","inLanguage":"fr-FR","@id":"https:\/\/www.emdg-guilers.org\/#\/schema\/logo\/image\/","url":"https:\/\/www.emdg-guilers.org\/wp-content\/uploads\/2016\/06\/logo2014.jpg","contentUrl":"https:\/\/www.emdg-guilers.org\/wp-content\/uploads\/2016\/06\/logo2014.jpg","width":214,"height":116,"caption":"Ecole de Musique et de Danse"},"image":{"@id":"https:\/\/www.emdg-guilers.org\/#\/schema\/logo\/image\/"},"sameAs":["https:\/\/www.facebook.com\/Ecole-de-Musique-et-de-Danse-de-Guilers-480017765533016\/"]},{"@type":"Person","@id":"https:\/\/www.emdg-guilers.org\/#\/schema\/person\/5c279d8e49be5f6bfdc87fb9e08559d4","name":"Marie Clavier","image":{"@type":"ImageObject","inLanguage":"fr-FR","@id":"https:\/\/www.emdg-guilers.org\/#\/schema\/person\/image\/","url":"https:\/\/secure.gravatar.com\/avatar\/82505eeeaf6d53a80197cd7ed92e8de4?s=96&d=mm&r=g","contentUrl":"https:\/\/secure.gravatar.com\/avatar\/82505eeeaf6d53a80197cd7ed92e8de4?s=96&d=mm&r=g","caption":"Marie Clavier"},"url":"https:\/\/www.emdg-guilers.org\/index.php\/author\/mclavier\/"}]}},"_links":{"self":[{"href":"https:\/\/www.emdg-guilers.org\/index.php\/wp-json\/wp\/v2\/posts\/2719"}],"collection":[{"href":"https:\/\/www.emdg-guilers.org\/index.php\/wp-json\/wp\/v2\/posts"}],"about":[{"href":"https:\/\/www.emdg-guilers.org\/index.php\/wp-json\/wp\/v2\/types\/post"}],"author":[{"embeddable":true,"href":"https:\/\/www.emdg-guilers.org\/index.php\/wp-json\/wp\/v2\/users\/3"}],"replies":[{"embeddable":true,"href":"https:\/\/www.emdg-guilers.org\/index.php\/wp-json\/wp\/v2\/comments?post=2719"}],"version-history":[{"count":2,"href":"https:\/\/www.emdg-guilers.org\/index.php\/wp-json\/wp\/v2\/posts\/2719\/revisions"}],"predecessor-version":[{"id":2722,"href":"https:\/\/www.emdg-guilers.org\/index.php\/wp-json\/wp\/v2\/posts\/2719\/revisions\/2722"}],"wp:attachment":[{"href":"https:\/\/www.emdg-guilers.org\/index.php\/wp-json\/wp\/v2\/media?parent=2719"}],"wp:term":[{"taxonomy":"category","embeddable":true,"href":"https:\/\/www.emdg-guilers.org\/index.php\/wp-json\/wp\/v2\/categories?post=2719"},{"taxonomy":"post_tag","embeddable":true,"href":"https:\/\/www.emdg-guilers.org\/index.php\/wp-json\/wp\/v2\/tags?post=2719"}],"curies":[{"name":"wp","href":"https:\/\/api.w.org\/{rel}","templated":true}]}}