{"id":2746,"date":"2021-11-22T17:56:41","date_gmt":"2021-11-22T16:56:41","guid":{"rendered":"https:\/\/www.emdg-guilers.org\/?p=2746"},"modified":"2021-12-08T15:49:38","modified_gmt":"2021-12-08T14:49:38","slug":"spectacle-de-noel-de-l-emdg","status":"publish","type":"post","link":"https:\/\/www.emdg-guilers.org\/index.php\/2021\/11\/22\/spectacle-de-noel-de-l-emdg\/","title":{"rendered":"Spectacle de No\u00ebl  : en plein air ! le 15 d\u00e9cembre"},"content":{"rendered":"\n<p>Les spectacles de fin d&rsquo;ann\u00e9e en int\u00e9rieur sont interdits. En effet, un arr\u00eat\u00e9 municipal de Mr Ogor nous interdit d&rsquo;organiser des \u00e9v\u00e9nements jusqu&rsquo;au 15 janvier 2022. Nous allons proposer un spectacle de No\u00ebl sous la hall Baucina, couverte mais en ext\u00e9rieur, le 15 d\u00e9cembre, de 18h30 \u00e0 19h30.<\/p>\n\n\n\n<p>Merci de venir masqu\u00e9s et de rester les distances de pr\u00e9caution<\/p>\n\n\n\n<div class=\"wp-block-columns is-layout-flex wp-container-core-columns-is-layout-1 wp-block-columns-is-layout-flex\">\n<div class=\"wp-block-column is-layout-flow wp-block-column-is-layout-flow\" style=\"flex-basis:100%\"><\/div>\n<\/div>\n\n\n\n<div class=\"wp-block-columns is-layout-flex wp-container-core-columns-is-layout-2 wp-block-columns-is-layout-flex\">\n<div class=\"wp-block-column is-layout-flow wp-block-column-is-layout-flow\" style=\"flex-basis:100%\">\n<figure class=\"wp-block-image size-large\"><img loading=\"lazy\" decoding=\"async\" width=\"1024\" height=\"1024\" src=\"https:\/\/www.emdg-guilers.org\/wp-content\/uploads\/2021\/12\/2021-12-15-spect-noel-emdg-1-1024x1024.jpg\" alt=\"\" class=\"wp-image-2883\" srcset=\"https:\/\/www.emdg-guilers.org\/wp-content\/uploads\/2021\/12\/2021-12-15-spect-noel-emdg-1-1024x1024.jpg 1024w, https:\/\/www.emdg-guilers.org\/wp-content\/uploads\/2021\/12\/2021-12-15-spect-noel-emdg-1-300x300.jpg 300w, https:\/\/www.emdg-guilers.org\/wp-content\/uploads\/2021\/12\/2021-12-15-spect-noel-emdg-1-150x150.jpg 150w, https:\/\/www.emdg-guilers.org\/wp-content\/uploads\/2021\/12\/2021-12-15-spect-noel-emdg-1-768x768.jpg 768w, https:\/\/www.emdg-guilers.org\/wp-content\/uploads\/2021\/12\/2021-12-15-spect-noel-emdg-1-270x270.jpg 270w, https:\/\/www.emdg-guilers.org\/wp-content\/uploads\/2021\/12\/2021-12-15-spect-noel-emdg-1.jpg 1080w\" sizes=\"(max-width: 1024px) 100vw, 1024px\" \/><\/figure>\n<\/div>\n<\/div>\n\n\n\n<p><br><\/p>\n","protected":false},"excerpt":{"rendered":"<p>Les spectacles de fin d&rsquo;ann\u00e9e en int\u00e9rieur sont interdits. En effet, un arr\u00eat\u00e9 municipal de Mr Ogor nous interdit d&rsquo;organiser des \u00e9v\u00e9nements jusqu&rsquo;au 15 janvier 2022. Nous allons proposer un spectacle de No\u00ebl sous la hall Baucina, couverte mais en ext\u00e9rieur, le 15 d\u00e9cembre, de 18h30 \u00e0 19h30. Merci de venir masqu\u00e9s et de rester les distances de pr\u00e9caution<\/p>\n","protected":false},"author":3,"featured_media":0,"comment_status":"closed","ping_status":"closed","sticky":false,"template":"","format":"standard","meta":{"footnotes":""},"categories":[1],"tags":[],"yoast_head":"<!-- This site is optimized with the Yoast SEO plugin v22.4 - https:\/\/yoast.com\/wordpress\/plugins\/seo\/ -->\n<title>Spectacle de No\u00ebl : en plein air ! le 15 d\u00e9cembre - Ecole de Musique, Danse &amp; Th\u00e9\u00e2tre de Guilers<\/title>\n<meta name=\"robots\" content=\"index, follow, max-snippet:-1, max-image-preview:large, max-video-preview:-1\" \/>\n<link rel=\"canonical\" href=\"https:\/\/www.emdg-guilers.org\/index.php\/2021\/11\/22\/spectacle-de-noel-de-l-emdg\/\" \/>\n<meta property=\"og:locale\" content=\"fr_FR\" \/>\n<meta property=\"og:type\" content=\"article\" \/>\n<meta property=\"og:title\" content=\"Spectacle de No\u00ebl : en plein air ! le 15 d\u00e9cembre - Ecole de Musique, Danse &amp; Th\u00e9\u00e2tre de Guilers\" \/>\n<meta property=\"og:description\" content=\"Les spectacles de fin d&rsquo;ann\u00e9e en int\u00e9rieur sont interdits. En effet, un arr\u00eat\u00e9 municipal de Mr Ogor nous interdit d&rsquo;organiser des \u00e9v\u00e9nements jusqu&rsquo;au 15 janvier 2022. Nous allons proposer un spectacle de No\u00ebl sous la hall Baucina, couverte mais en ext\u00e9rieur, le 15 d\u00e9cembre, de 18h30 \u00e0 19h30. Merci de venir masqu\u00e9s et de rester les distances de pr\u00e9caution\" \/>\n<meta property=\"og:url\" content=\"https:\/\/www.emdg-guilers.org\/index.php\/2021\/11\/22\/spectacle-de-noel-de-l-emdg\/\" \/>\n<meta property=\"og:site_name\" content=\"Ecole de Musique, Danse &amp; Th\u00e9\u00e2tre de Guilers\" \/>\n<meta property=\"article:publisher\" content=\"https:\/\/www.facebook.com\/Ecole-de-Musique-et-de-Danse-de-Guilers-480017765533016\/\" \/>\n<meta property=\"article:published_time\" content=\"2021-11-22T16:56:41+00:00\" \/>\n<meta property=\"article:modified_time\" content=\"2021-12-08T14:49:38+00:00\" \/>\n<meta property=\"og:image\" content=\"https:\/\/www.emdg-guilers.org\/wp-content\/uploads\/2021\/12\/2021-12-15-spect-noel-emdg-1-1024x1024.jpg\" \/>\n<meta name=\"author\" content=\"Marie Clavier\" \/>\n<meta name=\"twitter:card\" content=\"summary_large_image\" \/>\n<meta name=\"twitter:label1\" content=\"\u00c9crit par\" \/>\n\t<meta name=\"twitter:data1\" content=\"Marie Clavier\" \/>\n\t<meta name=\"twitter:label2\" content=\"Dur\u00e9e de lecture estim\u00e9e\" \/>\n\t<meta name=\"twitter:data2\" content=\"1 minute\" \/>\n<script type=\"application\/ld+json\" class=\"yoast-schema-graph\">{\"@context\":\"https:\/\/schema.org\",\"@graph\":[{\"@type\":\"Article\",\"@id\":\"https:\/\/www.emdg-guilers.org\/index.php\/2021\/11\/22\/spectacle-de-noel-de-l-emdg\/#article\",\"isPartOf\":{\"@id\":\"https:\/\/www.emdg-guilers.org\/index.php\/2021\/11\/22\/spectacle-de-noel-de-l-emdg\/\"},\"author\":{\"name\":\"Marie Clavier\",\"@id\":\"https:\/\/www.emdg-guilers.org\/#\/schema\/person\/5c279d8e49be5f6bfdc87fb9e08559d4\"},\"headline\":\"Spectacle de No\u00ebl : en plein air ! le 15 d\u00e9cembre\",\"datePublished\":\"2021-11-22T16:56:41+00:00\",\"dateModified\":\"2021-12-08T14:49:38+00:00\",\"mainEntityOfPage\":{\"@id\":\"https:\/\/www.emdg-guilers.org\/index.php\/2021\/11\/22\/spectacle-de-noel-de-l-emdg\/\"},\"wordCount\":74,\"publisher\":{\"@id\":\"https:\/\/www.emdg-guilers.org\/#organization\"},\"image\":{\"@id\":\"https:\/\/www.emdg-guilers.org\/index.php\/2021\/11\/22\/spectacle-de-noel-de-l-emdg\/#primaryimage\"},\"thumbnailUrl\":\"https:\/\/www.emdg-guilers.org\/wp-content\/uploads\/2021\/12\/2021-12-15-spect-noel-emdg-1-1024x1024.jpg\",\"inLanguage\":\"fr-FR\"},{\"@type\":\"WebPage\",\"@id\":\"https:\/\/www.emdg-guilers.org\/index.php\/2021\/11\/22\/spectacle-de-noel-de-l-emdg\/\",\"url\":\"https:\/\/www.emdg-guilers.org\/index.php\/2021\/11\/22\/spectacle-de-noel-de-l-emdg\/\",\"name\":\"Spectacle de No\u00ebl : en plein air ! le 15 d\u00e9cembre - Ecole de Musique, Danse &amp; Th\u00e9\u00e2tre de Guilers\",\"isPartOf\":{\"@id\":\"https:\/\/www.emdg-guilers.org\/#website\"},\"primaryImageOfPage\":{\"@id\":\"https:\/\/www.emdg-guilers.org\/index.php\/2021\/11\/22\/spectacle-de-noel-de-l-emdg\/#primaryimage\"},\"image\":{\"@id\":\"https:\/\/www.emdg-guilers.org\/index.php\/2021\/11\/22\/spectacle-de-noel-de-l-emdg\/#primaryimage\"},\"thumbnailUrl\":\"https:\/\/www.emdg-guilers.org\/wp-content\/uploads\/2021\/12\/2021-12-15-spect-noel-emdg-1-1024x1024.jpg\",\"datePublished\":\"2021-11-22T16:56:41+00:00\",\"dateModified\":\"2021-12-08T14:49:38+00:00\",\"breadcrumb\":{\"@id\":\"https:\/\/www.emdg-guilers.org\/index.php\/2021\/11\/22\/spectacle-de-noel-de-l-emdg\/#breadcrumb\"},\"inLanguage\":\"fr-FR\",\"potentialAction\":[{\"@type\":\"ReadAction\",\"target\":[\"https:\/\/www.emdg-guilers.org\/index.php\/2021\/11\/22\/spectacle-de-noel-de-l-emdg\/\"]}]},{\"@type\":\"ImageObject\",\"inLanguage\":\"fr-FR\",\"@id\":\"https:\/\/www.emdg-guilers.org\/index.php\/2021\/11\/22\/spectacle-de-noel-de-l-emdg\/#primaryimage\",\"url\":\"https:\/\/www.emdg-guilers.org\/wp-content\/uploads\/2021\/12\/2021-12-15-spect-noel-emdg-1.jpg\",\"contentUrl\":\"https:\/\/www.emdg-guilers.org\/wp-content\/uploads\/2021\/12\/2021-12-15-spect-noel-emdg-1.jpg\",\"width\":1080,\"height\":1080},{\"@type\":\"BreadcrumbList\",\"@id\":\"https:\/\/www.emdg-guilers.org\/index.php\/2021\/11\/22\/spectacle-de-noel-de-l-emdg\/#breadcrumb\",\"itemListElement\":[{\"@type\":\"ListItem\",\"position\":1,\"name\":\"Accueil\",\"item\":\"https:\/\/www.emdg-guilers.org\/\"},{\"@type\":\"ListItem\",\"position\":2,\"name\":\"Spectacle de No\u00ebl : en plein air ! le 15 d\u00e9cembre\"}]},{\"@type\":\"WebSite\",\"@id\":\"https:\/\/www.emdg-guilers.org\/#website\",\"url\":\"https:\/\/www.emdg-guilers.org\/\",\"name\":\"Ecole de Musique et Danse de Guilers\",\"description\":\"Ecole associative, cours de musique, danse, th\u00e9\u00e2tre accessibles \u00e0 tous\",\"publisher\":{\"@id\":\"https:\/\/www.emdg-guilers.org\/#organization\"},\"potentialAction\":[{\"@type\":\"SearchAction\",\"target\":{\"@type\":\"EntryPoint\",\"urlTemplate\":\"https:\/\/www.emdg-guilers.org\/?s={search_term_string}\"},\"query-input\":\"required name=search_term_string\"}],\"inLanguage\":\"fr-FR\"},{\"@type\":\"Organization\",\"@id\":\"https:\/\/www.emdg-guilers.org\/#organization\",\"name\":\"Ecole de Musique et de Danse\",\"url\":\"https:\/\/www.emdg-guilers.org\/\",\"logo\":{\"@type\":\"ImageObject\",\"inLanguage\":\"fr-FR\",\"@id\":\"https:\/\/www.emdg-guilers.org\/#\/schema\/logo\/image\/\",\"url\":\"https:\/\/www.emdg-guilers.org\/wp-content\/uploads\/2016\/06\/logo2014.jpg\",\"contentUrl\":\"https:\/\/www.emdg-guilers.org\/wp-content\/uploads\/2016\/06\/logo2014.jpg\",\"width\":214,\"height\":116,\"caption\":\"Ecole de Musique et de Danse\"},\"image\":{\"@id\":\"https:\/\/www.emdg-guilers.org\/#\/schema\/logo\/image\/\"},\"sameAs\":[\"https:\/\/www.facebook.com\/Ecole-de-Musique-et-de-Danse-de-Guilers-480017765533016\/\"]},{\"@type\":\"Person\",\"@id\":\"https:\/\/www.emdg-guilers.org\/#\/schema\/person\/5c279d8e49be5f6bfdc87fb9e08559d4\",\"name\":\"Marie Clavier\",\"image\":{\"@type\":\"ImageObject\",\"inLanguage\":\"fr-FR\",\"@id\":\"https:\/\/www.emdg-guilers.org\/#\/schema\/person\/image\/\",\"url\":\"https:\/\/secure.gravatar.com\/avatar\/82505eeeaf6d53a80197cd7ed92e8de4?s=96&d=mm&r=g\",\"contentUrl\":\"https:\/\/secure.gravatar.com\/avatar\/82505eeeaf6d53a80197cd7ed92e8de4?s=96&d=mm&r=g\",\"caption\":\"Marie Clavier\"},\"url\":\"https:\/\/www.emdg-guilers.org\/index.php\/author\/mclavier\/\"}]}<\/script>\n<!-- \/ Yoast SEO plugin. -->","yoast_head_json":{"title":"Spectacle de No\u00ebl : en plein air ! le 15 d\u00e9cembre - Ecole de Musique, Danse &amp; Th\u00e9\u00e2tre de Guilers","robots":{"index":"index","follow":"follow","max-snippet":"max-snippet:-1","max-image-preview":"max-image-preview:large","max-video-preview":"max-video-preview:-1"},"canonical":"https:\/\/www.emdg-guilers.org\/index.php\/2021\/11\/22\/spectacle-de-noel-de-l-emdg\/","og_locale":"fr_FR","og_type":"article","og_title":"Spectacle de No\u00ebl : en plein air ! le 15 d\u00e9cembre - Ecole de Musique, Danse &amp; Th\u00e9\u00e2tre de Guilers","og_description":"Les spectacles de fin d&rsquo;ann\u00e9e en int\u00e9rieur sont interdits. En effet, un arr\u00eat\u00e9 municipal de Mr Ogor nous interdit d&rsquo;organiser des \u00e9v\u00e9nements jusqu&rsquo;au 15 janvier 2022. Nous allons proposer un spectacle de No\u00ebl sous la hall Baucina, couverte mais en ext\u00e9rieur, le 15 d\u00e9cembre, de 18h30 \u00e0 19h30. Merci de venir masqu\u00e9s et de rester les distances de pr\u00e9caution","og_url":"https:\/\/www.emdg-guilers.org\/index.php\/2021\/11\/22\/spectacle-de-noel-de-l-emdg\/","og_site_name":"Ecole de Musique, Danse &amp; Th\u00e9\u00e2tre de Guilers","article_publisher":"https:\/\/www.facebook.com\/Ecole-de-Musique-et-de-Danse-de-Guilers-480017765533016\/","article_published_time":"2021-11-22T16:56:41+00:00","article_modified_time":"2021-12-08T14:49:38+00:00","og_image":[{"url":"https:\/\/www.emdg-guilers.org\/wp-content\/uploads\/2021\/12\/2021-12-15-spect-noel-emdg-1-1024x1024.jpg"}],"author":"Marie Clavier","twitter_card":"summary_large_image","twitter_misc":{"\u00c9crit par":"Marie Clavier","Dur\u00e9e de lecture estim\u00e9e":"1 minute"},"schema":{"@context":"https:\/\/schema.org","@graph":[{"@type":"Article","@id":"https:\/\/www.emdg-guilers.org\/index.php\/2021\/11\/22\/spectacle-de-noel-de-l-emdg\/#article","isPartOf":{"@id":"https:\/\/www.emdg-guilers.org\/index.php\/2021\/11\/22\/spectacle-de-noel-de-l-emdg\/"},"author":{"name":"Marie Clavier","@id":"https:\/\/www.emdg-guilers.org\/#\/schema\/person\/5c279d8e49be5f6bfdc87fb9e08559d4"},"headline":"Spectacle de No\u00ebl : en plein air ! le 15 d\u00e9cembre","datePublished":"2021-11-22T16:56:41+00:00","dateModified":"2021-12-08T14:49:38+00:00","mainEntityOfPage":{"@id":"https:\/\/www.emdg-guilers.org\/index.php\/2021\/11\/22\/spectacle-de-noel-de-l-emdg\/"},"wordCount":74,"publisher":{"@id":"https:\/\/www.emdg-guilers.org\/#organization"},"image":{"@id":"https:\/\/www.emdg-guilers.org\/index.php\/2021\/11\/22\/spectacle-de-noel-de-l-emdg\/#primaryimage"},"thumbnailUrl":"https:\/\/www.emdg-guilers.org\/wp-content\/uploads\/2021\/12\/2021-12-15-spect-noel-emdg-1-1024x1024.jpg","inLanguage":"fr-FR"},{"@type":"WebPage","@id":"https:\/\/www.emdg-guilers.org\/index.php\/2021\/11\/22\/spectacle-de-noel-de-l-emdg\/","url":"https:\/\/www.emdg-guilers.org\/index.php\/2021\/11\/22\/spectacle-de-noel-de-l-emdg\/","name":"Spectacle de No\u00ebl : en plein air ! le 15 d\u00e9cembre - Ecole de Musique, Danse &amp; Th\u00e9\u00e2tre de Guilers","isPartOf":{"@id":"https:\/\/www.emdg-guilers.org\/#website"},"primaryImageOfPage":{"@id":"https:\/\/www.emdg-guilers.org\/index.php\/2021\/11\/22\/spectacle-de-noel-de-l-emdg\/#primaryimage"},"image":{"@id":"https:\/\/www.emdg-guilers.org\/index.php\/2021\/11\/22\/spectacle-de-noel-de-l-emdg\/#primaryimage"},"thumbnailUrl":"https:\/\/www.emdg-guilers.org\/wp-content\/uploads\/2021\/12\/2021-12-15-spect-noel-emdg-1-1024x1024.jpg","datePublished":"2021-11-22T16:56:41+00:00","dateModified":"2021-12-08T14:49:38+00:00","breadcrumb":{"@id":"https:\/\/www.emdg-guilers.org\/index.php\/2021\/11\/22\/spectacle-de-noel-de-l-emdg\/#breadcrumb"},"inLanguage":"fr-FR","potentialAction":[{"@type":"ReadAction","target":["https:\/\/www.emdg-guilers.org\/index.php\/2021\/11\/22\/spectacle-de-noel-de-l-emdg\/"]}]},{"@type":"ImageObject","inLanguage":"fr-FR","@id":"https:\/\/www.emdg-guilers.org\/index.php\/2021\/11\/22\/spectacle-de-noel-de-l-emdg\/#primaryimage","url":"https:\/\/www.emdg-guilers.org\/wp-content\/uploads\/2021\/12\/2021-12-15-spect-noel-emdg-1.jpg","contentUrl":"https:\/\/www.emdg-guilers.org\/wp-content\/uploads\/2021\/12\/2021-12-15-spect-noel-emdg-1.jpg","width":1080,"height":1080},{"@type":"BreadcrumbList","@id":"https:\/\/www.emdg-guilers.org\/index.php\/2021\/11\/22\/spectacle-de-noel-de-l-emdg\/#breadcrumb","itemListElement":[{"@type":"ListItem","position":1,"name":"Accueil","item":"https:\/\/www.emdg-guilers.org\/"},{"@type":"ListItem","position":2,"name":"Spectacle de No\u00ebl : en plein air ! le 15 d\u00e9cembre"}]},{"@type":"WebSite","@id":"https:\/\/www.emdg-guilers.org\/#website","url":"https:\/\/www.emdg-guilers.org\/","name":"Ecole de Musique et Danse de Guilers","description":"Ecole associative, cours de musique, danse, th\u00e9\u00e2tre accessibles \u00e0 tous","publisher":{"@id":"https:\/\/www.emdg-guilers.org\/#organization"},"potentialAction":[{"@type":"SearchAction","target":{"@type":"EntryPoint","urlTemplate":"https:\/\/www.emdg-guilers.org\/?s={search_term_string}"},"query-input":"required name=search_term_string"}],"inLanguage":"fr-FR"},{"@type":"Organization","@id":"https:\/\/www.emdg-guilers.org\/#organization","name":"Ecole de Musique et de Danse","url":"https:\/\/www.emdg-guilers.org\/","logo":{"@type":"ImageObject","inLanguage":"fr-FR","@id":"https:\/\/www.emdg-guilers.org\/#\/schema\/logo\/image\/","url":"https:\/\/www.emdg-guilers.org\/wp-content\/uploads\/2016\/06\/logo2014.jpg","contentUrl":"https:\/\/www.emdg-guilers.org\/wp-content\/uploads\/2016\/06\/logo2014.jpg","width":214,"height":116,"caption":"Ecole de Musique et de Danse"},"image":{"@id":"https:\/\/www.emdg-guilers.org\/#\/schema\/logo\/image\/"},"sameAs":["https:\/\/www.facebook.com\/Ecole-de-Musique-et-de-Danse-de-Guilers-480017765533016\/"]},{"@type":"Person","@id":"https:\/\/www.emdg-guilers.org\/#\/schema\/person\/5c279d8e49be5f6bfdc87fb9e08559d4","name":"Marie Clavier","image":{"@type":"ImageObject","inLanguage":"fr-FR","@id":"https:\/\/www.emdg-guilers.org\/#\/schema\/person\/image\/","url":"https:\/\/secure.gravatar.com\/avatar\/82505eeeaf6d53a80197cd7ed92e8de4?s=96&d=mm&r=g","contentUrl":"https:\/\/secure.gravatar.com\/avatar\/82505eeeaf6d53a80197cd7ed92e8de4?s=96&d=mm&r=g","caption":"Marie Clavier"},"url":"https:\/\/www.emdg-guilers.org\/index.php\/author\/mclavier\/"}]}},"_links":{"self":[{"href":"https:\/\/www.emdg-guilers.org\/index.php\/wp-json\/wp\/v2\/posts\/2746"}],"collection":[{"href":"https:\/\/www.emdg-guilers.org\/index.php\/wp-json\/wp\/v2\/posts"}],"about":[{"href":"https:\/\/www.emdg-guilers.org\/index.php\/wp-json\/wp\/v2\/types\/post"}],"author":[{"embeddable":true,"href":"https:\/\/www.emdg-guilers.org\/index.php\/wp-json\/wp\/v2\/users\/3"}],"replies":[{"embeddable":true,"href":"https:\/\/www.emdg-guilers.org\/index.php\/wp-json\/wp\/v2\/comments?post=2746"}],"version-history":[{"count":6,"href":"https:\/\/www.emdg-guilers.org\/index.php\/wp-json\/wp\/v2\/posts\/2746\/revisions"}],"predecessor-version":[{"id":2885,"href":"https:\/\/www.emdg-guilers.org\/index.php\/wp-json\/wp\/v2\/posts\/2746\/revisions\/2885"}],"wp:attachment":[{"href":"https:\/\/www.emdg-guilers.org\/index.php\/wp-json\/wp\/v2\/media?parent=2746"}],"wp:term":[{"taxonomy":"category","embeddable":true,"href":"https:\/\/www.emdg-guilers.org\/index.php\/wp-json\/wp\/v2\/categories?post=2746"},{"taxonomy":"post_tag","embeddable":true,"href":"https:\/\/www.emdg-guilers.org\/index.php\/wp-json\/wp\/v2\/tags?post=2746"}],"curies":[{"name":"wp","href":"https:\/\/api.w.org\/{rel}","templated":true}]}}