{"id":2958,"date":"2022-03-24T17:48:33","date_gmt":"2022-03-24T16:48:33","guid":{"rendered":"https:\/\/www.emdg-guilers.org\/?p=2958"},"modified":"2022-03-24T17:48:34","modified_gmt":"2022-03-24T16:48:34","slug":"stage-de-musiques-du-monde-samedi-2-avril","status":"publish","type":"post","link":"https:\/\/www.emdg-guilers.org\/index.php\/2022\/03\/24\/stage-de-musiques-du-monde-samedi-2-avril\/","title":{"rendered":"Stage de musiques du monde &#8211; samedi 2 avril"},"content":{"rendered":"\n<p><strong>14h-16h &#8211; Salle de r\u00e9p\u00e9, EMDG, Guilers<\/strong><\/p>\n\n\n\n<p><strong>STAGE MUSIQUES DU MONDE AVEC PHILIPPE GOURET, FEEF<\/strong> \u00e0 l&rsquo;occasion de la sortie de son album \u00ab\u00a0The Defiant\u00a0\u00bb. <strong>Ouvert \u00e0 tous les instrumentistes, d\u00e8s 2 ans de pratique<\/strong>. <br>Exploration sonore de l&rsquo;instrument et d\u00e9tournement, apprentissage de morceaux, travail technique, discussion et d\u00e9couverte du travail men\u00e9 pour enregistrer un album.<br><strong><u><a href=\"https:\/\/www.helloasso.com\/associations\/ecole-de-musique-et-danse-de-guilers\/evenements\/stage-de-musiques-du-monde-avec-philippe-gouret-feef\"><strong>Gratuit sur inscription, limit\u00e9 \u00e0 16 participants.<\/strong><\/a><\/u><\/strong><\/p>\n\n\n\n<figure class=\"wp-block-image size-large\"><a href=\"https:\/\/www.helloasso.com\/associations\/ecole-de-musique-et-danse-de-guilers\/evenements\/stage-de-musiques-du-monde-avec-philippe-gouret-feef\"><img loading=\"lazy\" decoding=\"async\" width=\"1024\" height=\"242\" src=\"https:\/\/www.emdg-guilers.org\/wp-content\/uploads\/2022\/03\/vok-face-avant-ban-1024x242.jpg\" alt=\"\" class=\"wp-image-2959\" srcset=\"https:\/\/www.emdg-guilers.org\/wp-content\/uploads\/2022\/03\/vok-face-avant-ban-1024x242.jpg 1024w, https:\/\/www.emdg-guilers.org\/wp-content\/uploads\/2022\/03\/vok-face-avant-ban-300x71.jpg 300w, https:\/\/www.emdg-guilers.org\/wp-content\/uploads\/2022\/03\/vok-face-avant-ban-768x182.jpg 768w, https:\/\/www.emdg-guilers.org\/wp-content\/uploads\/2022\/03\/vok-face-avant-ban-1536x363.jpg 1536w, https:\/\/www.emdg-guilers.org\/wp-content\/uploads\/2022\/03\/vok-face-avant-ban-604x143.jpg 604w, https:\/\/www.emdg-guilers.org\/wp-content\/uploads\/2022\/03\/vok-face-avant-ban.jpg 1848w\" sizes=\"(max-width: 1024px) 100vw, 1024px\" \/><\/a><\/figure>\n","protected":false},"excerpt":{"rendered":"<p>14h-16h &#8211; Salle de r\u00e9p\u00e9, EMDG, Guilers STAGE MUSIQUES DU MONDE AVEC PHILIPPE GOURET, FEEF \u00e0 l&rsquo;occasion de la sortie de son album \u00ab\u00a0The Defiant\u00a0\u00bb. Ouvert \u00e0 tous les instrumentistes, d\u00e8s 2 ans de pratique. Exploration sonore de l&rsquo;instrument et d\u00e9tournement, apprentissage de morceaux, travail technique, discussion et d\u00e9couverte du travail men\u00e9 pour enregistrer un album.Gratuit sur inscription, limit\u00e9 \u00e0 16 participants.<\/p>\n","protected":false},"author":3,"featured_media":0,"comment_status":"closed","ping_status":"closed","sticky":false,"template":"","format":"standard","meta":{"footnotes":""},"categories":[1],"tags":[],"yoast_head":"<!-- This site is optimized with the Yoast SEO plugin v22.4 - https:\/\/yoast.com\/wordpress\/plugins\/seo\/ -->\n<title>Stage de musiques du monde - samedi 2 avril - Ecole de Musique, Danse &amp; Th\u00e9\u00e2tre de Guilers<\/title>\n<meta name=\"robots\" content=\"index, follow, max-snippet:-1, max-image-preview:large, max-video-preview:-1\" \/>\n<link rel=\"canonical\" href=\"https:\/\/www.emdg-guilers.org\/index.php\/2022\/03\/24\/stage-de-musiques-du-monde-samedi-2-avril\/\" \/>\n<meta property=\"og:locale\" content=\"fr_FR\" \/>\n<meta property=\"og:type\" content=\"article\" \/>\n<meta property=\"og:title\" content=\"Stage de musiques du monde - samedi 2 avril - Ecole de Musique, Danse &amp; Th\u00e9\u00e2tre de Guilers\" \/>\n<meta property=\"og:description\" content=\"14h-16h &#8211; Salle de r\u00e9p\u00e9, EMDG, Guilers STAGE MUSIQUES DU MONDE AVEC PHILIPPE GOURET, FEEF \u00e0 l&rsquo;occasion de la sortie de son album \u00ab\u00a0The Defiant\u00a0\u00bb. Ouvert \u00e0 tous les instrumentistes, d\u00e8s 2 ans de pratique. Exploration sonore de l&rsquo;instrument et d\u00e9tournement, apprentissage de morceaux, travail technique, discussion et d\u00e9couverte du travail men\u00e9 pour enregistrer un album.Gratuit sur inscription, limit\u00e9 \u00e0 16 participants.\" \/>\n<meta property=\"og:url\" content=\"https:\/\/www.emdg-guilers.org\/index.php\/2022\/03\/24\/stage-de-musiques-du-monde-samedi-2-avril\/\" \/>\n<meta property=\"og:site_name\" content=\"Ecole de Musique, Danse &amp; Th\u00e9\u00e2tre de Guilers\" \/>\n<meta property=\"article:publisher\" content=\"https:\/\/www.facebook.com\/Ecole-de-Musique-et-de-Danse-de-Guilers-480017765533016\/\" \/>\n<meta property=\"article:published_time\" content=\"2022-03-24T16:48:33+00:00\" \/>\n<meta property=\"article:modified_time\" content=\"2022-03-24T16:48:34+00:00\" \/>\n<meta property=\"og:image\" content=\"https:\/\/www.emdg-guilers.org\/wp-content\/uploads\/2022\/03\/vok-face-avant-ban-1024x242.jpg\" \/>\n<meta name=\"author\" content=\"Marie Clavier\" \/>\n<meta name=\"twitter:card\" content=\"summary_large_image\" \/>\n<meta name=\"twitter:label1\" content=\"\u00c9crit par\" \/>\n\t<meta name=\"twitter:data1\" content=\"Marie Clavier\" \/>\n\t<meta name=\"twitter:label2\" content=\"Dur\u00e9e de lecture estim\u00e9e\" \/>\n\t<meta name=\"twitter:data2\" content=\"1 minute\" \/>\n<script type=\"application\/ld+json\" class=\"yoast-schema-graph\">{\"@context\":\"https:\/\/schema.org\",\"@graph\":[{\"@type\":\"Article\",\"@id\":\"https:\/\/www.emdg-guilers.org\/index.php\/2022\/03\/24\/stage-de-musiques-du-monde-samedi-2-avril\/#article\",\"isPartOf\":{\"@id\":\"https:\/\/www.emdg-guilers.org\/index.php\/2022\/03\/24\/stage-de-musiques-du-monde-samedi-2-avril\/\"},\"author\":{\"name\":\"Marie Clavier\",\"@id\":\"https:\/\/www.emdg-guilers.org\/#\/schema\/person\/5c279d8e49be5f6bfdc87fb9e08559d4\"},\"headline\":\"Stage de musiques du monde &#8211; samedi 2 avril\",\"datePublished\":\"2022-03-24T16:48:33+00:00\",\"dateModified\":\"2022-03-24T16:48:34+00:00\",\"mainEntityOfPage\":{\"@id\":\"https:\/\/www.emdg-guilers.org\/index.php\/2022\/03\/24\/stage-de-musiques-du-monde-samedi-2-avril\/\"},\"wordCount\":71,\"publisher\":{\"@id\":\"https:\/\/www.emdg-guilers.org\/#organization\"},\"image\":{\"@id\":\"https:\/\/www.emdg-guilers.org\/index.php\/2022\/03\/24\/stage-de-musiques-du-monde-samedi-2-avril\/#primaryimage\"},\"thumbnailUrl\":\"https:\/\/www.emdg-guilers.org\/wp-content\/uploads\/2022\/03\/vok-face-avant-ban-1024x242.jpg\",\"inLanguage\":\"fr-FR\"},{\"@type\":\"WebPage\",\"@id\":\"https:\/\/www.emdg-guilers.org\/index.php\/2022\/03\/24\/stage-de-musiques-du-monde-samedi-2-avril\/\",\"url\":\"https:\/\/www.emdg-guilers.org\/index.php\/2022\/03\/24\/stage-de-musiques-du-monde-samedi-2-avril\/\",\"name\":\"Stage de musiques du monde - samedi 2 avril - Ecole de Musique, Danse &amp; Th\u00e9\u00e2tre de Guilers\",\"isPartOf\":{\"@id\":\"https:\/\/www.emdg-guilers.org\/#website\"},\"primaryImageOfPage\":{\"@id\":\"https:\/\/www.emdg-guilers.org\/index.php\/2022\/03\/24\/stage-de-musiques-du-monde-samedi-2-avril\/#primaryimage\"},\"image\":{\"@id\":\"https:\/\/www.emdg-guilers.org\/index.php\/2022\/03\/24\/stage-de-musiques-du-monde-samedi-2-avril\/#primaryimage\"},\"thumbnailUrl\":\"https:\/\/www.emdg-guilers.org\/wp-content\/uploads\/2022\/03\/vok-face-avant-ban-1024x242.jpg\",\"datePublished\":\"2022-03-24T16:48:33+00:00\",\"dateModified\":\"2022-03-24T16:48:34+00:00\",\"breadcrumb\":{\"@id\":\"https:\/\/www.emdg-guilers.org\/index.php\/2022\/03\/24\/stage-de-musiques-du-monde-samedi-2-avril\/#breadcrumb\"},\"inLanguage\":\"fr-FR\",\"potentialAction\":[{\"@type\":\"ReadAction\",\"target\":[\"https:\/\/www.emdg-guilers.org\/index.php\/2022\/03\/24\/stage-de-musiques-du-monde-samedi-2-avril\/\"]}]},{\"@type\":\"ImageObject\",\"inLanguage\":\"fr-FR\",\"@id\":\"https:\/\/www.emdg-guilers.org\/index.php\/2022\/03\/24\/stage-de-musiques-du-monde-samedi-2-avril\/#primaryimage\",\"url\":\"https:\/\/www.emdg-guilers.org\/wp-content\/uploads\/2022\/03\/vok-face-avant-ban.jpg\",\"contentUrl\":\"https:\/\/www.emdg-guilers.org\/wp-content\/uploads\/2022\/03\/vok-face-avant-ban.jpg\",\"width\":1848,\"height\":437},{\"@type\":\"BreadcrumbList\",\"@id\":\"https:\/\/www.emdg-guilers.org\/index.php\/2022\/03\/24\/stage-de-musiques-du-monde-samedi-2-avril\/#breadcrumb\",\"itemListElement\":[{\"@type\":\"ListItem\",\"position\":1,\"name\":\"Accueil\",\"item\":\"https:\/\/www.emdg-guilers.org\/\"},{\"@type\":\"ListItem\",\"position\":2,\"name\":\"Stage de musiques du monde &#8211; samedi 2 avril\"}]},{\"@type\":\"WebSite\",\"@id\":\"https:\/\/www.emdg-guilers.org\/#website\",\"url\":\"https:\/\/www.emdg-guilers.org\/\",\"name\":\"Ecole de Musique et Danse de Guilers\",\"description\":\"Ecole associative, cours de musique, danse, th\u00e9\u00e2tre accessibles \u00e0 tous\",\"publisher\":{\"@id\":\"https:\/\/www.emdg-guilers.org\/#organization\"},\"potentialAction\":[{\"@type\":\"SearchAction\",\"target\":{\"@type\":\"EntryPoint\",\"urlTemplate\":\"https:\/\/www.emdg-guilers.org\/?s={search_term_string}\"},\"query-input\":\"required name=search_term_string\"}],\"inLanguage\":\"fr-FR\"},{\"@type\":\"Organization\",\"@id\":\"https:\/\/www.emdg-guilers.org\/#organization\",\"name\":\"Ecole de Musique et de Danse\",\"url\":\"https:\/\/www.emdg-guilers.org\/\",\"logo\":{\"@type\":\"ImageObject\",\"inLanguage\":\"fr-FR\",\"@id\":\"https:\/\/www.emdg-guilers.org\/#\/schema\/logo\/image\/\",\"url\":\"https:\/\/www.emdg-guilers.org\/wp-content\/uploads\/2016\/06\/logo2014.jpg\",\"contentUrl\":\"https:\/\/www.emdg-guilers.org\/wp-content\/uploads\/2016\/06\/logo2014.jpg\",\"width\":214,\"height\":116,\"caption\":\"Ecole de Musique et de Danse\"},\"image\":{\"@id\":\"https:\/\/www.emdg-guilers.org\/#\/schema\/logo\/image\/\"},\"sameAs\":[\"https:\/\/www.facebook.com\/Ecole-de-Musique-et-de-Danse-de-Guilers-480017765533016\/\"]},{\"@type\":\"Person\",\"@id\":\"https:\/\/www.emdg-guilers.org\/#\/schema\/person\/5c279d8e49be5f6bfdc87fb9e08559d4\",\"name\":\"Marie Clavier\",\"image\":{\"@type\":\"ImageObject\",\"inLanguage\":\"fr-FR\",\"@id\":\"https:\/\/www.emdg-guilers.org\/#\/schema\/person\/image\/\",\"url\":\"https:\/\/secure.gravatar.com\/avatar\/82505eeeaf6d53a80197cd7ed92e8de4?s=96&d=mm&r=g\",\"contentUrl\":\"https:\/\/secure.gravatar.com\/avatar\/82505eeeaf6d53a80197cd7ed92e8de4?s=96&d=mm&r=g\",\"caption\":\"Marie Clavier\"},\"url\":\"https:\/\/www.emdg-guilers.org\/index.php\/author\/mclavier\/\"}]}<\/script>\n<!-- \/ Yoast SEO plugin. -->","yoast_head_json":{"title":"Stage de musiques du monde - samedi 2 avril - Ecole de Musique, Danse &amp; Th\u00e9\u00e2tre de Guilers","robots":{"index":"index","follow":"follow","max-snippet":"max-snippet:-1","max-image-preview":"max-image-preview:large","max-video-preview":"max-video-preview:-1"},"canonical":"https:\/\/www.emdg-guilers.org\/index.php\/2022\/03\/24\/stage-de-musiques-du-monde-samedi-2-avril\/","og_locale":"fr_FR","og_type":"article","og_title":"Stage de musiques du monde - samedi 2 avril - Ecole de Musique, Danse &amp; Th\u00e9\u00e2tre de Guilers","og_description":"14h-16h &#8211; Salle de r\u00e9p\u00e9, EMDG, Guilers STAGE MUSIQUES DU MONDE AVEC PHILIPPE GOURET, FEEF \u00e0 l&rsquo;occasion de la sortie de son album \u00ab\u00a0The Defiant\u00a0\u00bb. Ouvert \u00e0 tous les instrumentistes, d\u00e8s 2 ans de pratique. Exploration sonore de l&rsquo;instrument et d\u00e9tournement, apprentissage de morceaux, travail technique, discussion et d\u00e9couverte du travail men\u00e9 pour enregistrer un album.Gratuit sur inscription, limit\u00e9 \u00e0 16 participants.","og_url":"https:\/\/www.emdg-guilers.org\/index.php\/2022\/03\/24\/stage-de-musiques-du-monde-samedi-2-avril\/","og_site_name":"Ecole de Musique, Danse &amp; Th\u00e9\u00e2tre de Guilers","article_publisher":"https:\/\/www.facebook.com\/Ecole-de-Musique-et-de-Danse-de-Guilers-480017765533016\/","article_published_time":"2022-03-24T16:48:33+00:00","article_modified_time":"2022-03-24T16:48:34+00:00","og_image":[{"url":"https:\/\/www.emdg-guilers.org\/wp-content\/uploads\/2022\/03\/vok-face-avant-ban-1024x242.jpg"}],"author":"Marie Clavier","twitter_card":"summary_large_image","twitter_misc":{"\u00c9crit par":"Marie Clavier","Dur\u00e9e de lecture estim\u00e9e":"1 minute"},"schema":{"@context":"https:\/\/schema.org","@graph":[{"@type":"Article","@id":"https:\/\/www.emdg-guilers.org\/index.php\/2022\/03\/24\/stage-de-musiques-du-monde-samedi-2-avril\/#article","isPartOf":{"@id":"https:\/\/www.emdg-guilers.org\/index.php\/2022\/03\/24\/stage-de-musiques-du-monde-samedi-2-avril\/"},"author":{"name":"Marie Clavier","@id":"https:\/\/www.emdg-guilers.org\/#\/schema\/person\/5c279d8e49be5f6bfdc87fb9e08559d4"},"headline":"Stage de musiques du monde &#8211; samedi 2 avril","datePublished":"2022-03-24T16:48:33+00:00","dateModified":"2022-03-24T16:48:34+00:00","mainEntityOfPage":{"@id":"https:\/\/www.emdg-guilers.org\/index.php\/2022\/03\/24\/stage-de-musiques-du-monde-samedi-2-avril\/"},"wordCount":71,"publisher":{"@id":"https:\/\/www.emdg-guilers.org\/#organization"},"image":{"@id":"https:\/\/www.emdg-guilers.org\/index.php\/2022\/03\/24\/stage-de-musiques-du-monde-samedi-2-avril\/#primaryimage"},"thumbnailUrl":"https:\/\/www.emdg-guilers.org\/wp-content\/uploads\/2022\/03\/vok-face-avant-ban-1024x242.jpg","inLanguage":"fr-FR"},{"@type":"WebPage","@id":"https:\/\/www.emdg-guilers.org\/index.php\/2022\/03\/24\/stage-de-musiques-du-monde-samedi-2-avril\/","url":"https:\/\/www.emdg-guilers.org\/index.php\/2022\/03\/24\/stage-de-musiques-du-monde-samedi-2-avril\/","name":"Stage de musiques du monde - samedi 2 avril - Ecole de Musique, Danse &amp; Th\u00e9\u00e2tre de Guilers","isPartOf":{"@id":"https:\/\/www.emdg-guilers.org\/#website"},"primaryImageOfPage":{"@id":"https:\/\/www.emdg-guilers.org\/index.php\/2022\/03\/24\/stage-de-musiques-du-monde-samedi-2-avril\/#primaryimage"},"image":{"@id":"https:\/\/www.emdg-guilers.org\/index.php\/2022\/03\/24\/stage-de-musiques-du-monde-samedi-2-avril\/#primaryimage"},"thumbnailUrl":"https:\/\/www.emdg-guilers.org\/wp-content\/uploads\/2022\/03\/vok-face-avant-ban-1024x242.jpg","datePublished":"2022-03-24T16:48:33+00:00","dateModified":"2022-03-24T16:48:34+00:00","breadcrumb":{"@id":"https:\/\/www.emdg-guilers.org\/index.php\/2022\/03\/24\/stage-de-musiques-du-monde-samedi-2-avril\/#breadcrumb"},"inLanguage":"fr-FR","potentialAction":[{"@type":"ReadAction","target":["https:\/\/www.emdg-guilers.org\/index.php\/2022\/03\/24\/stage-de-musiques-du-monde-samedi-2-avril\/"]}]},{"@type":"ImageObject","inLanguage":"fr-FR","@id":"https:\/\/www.emdg-guilers.org\/index.php\/2022\/03\/24\/stage-de-musiques-du-monde-samedi-2-avril\/#primaryimage","url":"https:\/\/www.emdg-guilers.org\/wp-content\/uploads\/2022\/03\/vok-face-avant-ban.jpg","contentUrl":"https:\/\/www.emdg-guilers.org\/wp-content\/uploads\/2022\/03\/vok-face-avant-ban.jpg","width":1848,"height":437},{"@type":"BreadcrumbList","@id":"https:\/\/www.emdg-guilers.org\/index.php\/2022\/03\/24\/stage-de-musiques-du-monde-samedi-2-avril\/#breadcrumb","itemListElement":[{"@type":"ListItem","position":1,"name":"Accueil","item":"https:\/\/www.emdg-guilers.org\/"},{"@type":"ListItem","position":2,"name":"Stage de musiques du monde &#8211; samedi 2 avril"}]},{"@type":"WebSite","@id":"https:\/\/www.emdg-guilers.org\/#website","url":"https:\/\/www.emdg-guilers.org\/","name":"Ecole de Musique et Danse de Guilers","description":"Ecole associative, cours de musique, danse, th\u00e9\u00e2tre accessibles \u00e0 tous","publisher":{"@id":"https:\/\/www.emdg-guilers.org\/#organization"},"potentialAction":[{"@type":"SearchAction","target":{"@type":"EntryPoint","urlTemplate":"https:\/\/www.emdg-guilers.org\/?s={search_term_string}"},"query-input":"required name=search_term_string"}],"inLanguage":"fr-FR"},{"@type":"Organization","@id":"https:\/\/www.emdg-guilers.org\/#organization","name":"Ecole de Musique et de Danse","url":"https:\/\/www.emdg-guilers.org\/","logo":{"@type":"ImageObject","inLanguage":"fr-FR","@id":"https:\/\/www.emdg-guilers.org\/#\/schema\/logo\/image\/","url":"https:\/\/www.emdg-guilers.org\/wp-content\/uploads\/2016\/06\/logo2014.jpg","contentUrl":"https:\/\/www.emdg-guilers.org\/wp-content\/uploads\/2016\/06\/logo2014.jpg","width":214,"height":116,"caption":"Ecole de Musique et de Danse"},"image":{"@id":"https:\/\/www.emdg-guilers.org\/#\/schema\/logo\/image\/"},"sameAs":["https:\/\/www.facebook.com\/Ecole-de-Musique-et-de-Danse-de-Guilers-480017765533016\/"]},{"@type":"Person","@id":"https:\/\/www.emdg-guilers.org\/#\/schema\/person\/5c279d8e49be5f6bfdc87fb9e08559d4","name":"Marie Clavier","image":{"@type":"ImageObject","inLanguage":"fr-FR","@id":"https:\/\/www.emdg-guilers.org\/#\/schema\/person\/image\/","url":"https:\/\/secure.gravatar.com\/avatar\/82505eeeaf6d53a80197cd7ed92e8de4?s=96&d=mm&r=g","contentUrl":"https:\/\/secure.gravatar.com\/avatar\/82505eeeaf6d53a80197cd7ed92e8de4?s=96&d=mm&r=g","caption":"Marie Clavier"},"url":"https:\/\/www.emdg-guilers.org\/index.php\/author\/mclavier\/"}]}},"_links":{"self":[{"href":"https:\/\/www.emdg-guilers.org\/index.php\/wp-json\/wp\/v2\/posts\/2958"}],"collection":[{"href":"https:\/\/www.emdg-guilers.org\/index.php\/wp-json\/wp\/v2\/posts"}],"about":[{"href":"https:\/\/www.emdg-guilers.org\/index.php\/wp-json\/wp\/v2\/types\/post"}],"author":[{"embeddable":true,"href":"https:\/\/www.emdg-guilers.org\/index.php\/wp-json\/wp\/v2\/users\/3"}],"replies":[{"embeddable":true,"href":"https:\/\/www.emdg-guilers.org\/index.php\/wp-json\/wp\/v2\/comments?post=2958"}],"version-history":[{"count":1,"href":"https:\/\/www.emdg-guilers.org\/index.php\/wp-json\/wp\/v2\/posts\/2958\/revisions"}],"predecessor-version":[{"id":2960,"href":"https:\/\/www.emdg-guilers.org\/index.php\/wp-json\/wp\/v2\/posts\/2958\/revisions\/2960"}],"wp:attachment":[{"href":"https:\/\/www.emdg-guilers.org\/index.php\/wp-json\/wp\/v2\/media?parent=2958"}],"wp:term":[{"taxonomy":"category","embeddable":true,"href":"https:\/\/www.emdg-guilers.org\/index.php\/wp-json\/wp\/v2\/categories?post=2958"},{"taxonomy":"post_tag","embeddable":true,"href":"https:\/\/www.emdg-guilers.org\/index.php\/wp-json\/wp\/v2\/tags?post=2958"}],"curies":[{"name":"wp","href":"https:\/\/api.w.org\/{rel}","templated":true}]}}