{"id":3015,"date":"2022-05-02T13:01:53","date_gmt":"2022-05-02T11:01:53","guid":{"rendered":"https:\/\/www.emdg-guilers.org\/?p=3015"},"modified":"2022-05-02T13:01:55","modified_gmt":"2022-05-02T11:01:55","slug":"gala-de-danse-billetterie-ouverte","status":"publish","type":"post","link":"https:\/\/www.emdg-guilers.org\/index.php\/2022\/05\/02\/gala-de-danse-billetterie-ouverte\/","title":{"rendered":"Gala de danse : billetterie ouverte"},"content":{"rendered":"\n<p>Soir\u00e9e de gala de danse de l&rsquo;Ecole de Musique et Danse de Guilers. La billetterie est ouverte ! <\/p>\n\n\n\n<p>Retrouvez les classes de danse classique, de modern jazz et de hip hop.<br><strong>Gala des petits : 17h30 \/ <a href=\"https:\/\/www.helloasso.com\/associations\/ecole-de-musique-et-danse-de-guilers\/evenements\/gala-de-danse-des-petits\" target=\"_blank\" rel=\"noreferrer noopener\">BILLETTERIE<\/a><br>Gala des grands : 20h \/ <a href=\"https:\/\/www.helloasso.com\/associations\/ecole-de-musique-et-danse-de-guilers\/evenements\/gala-des-grands-de-l-emdg\" target=\"_blank\" rel=\"noreferrer noopener\">BILLETTERIE<\/a><\/strong><br>Bien v\u00e9rifier dans quel gala votre enfant va danser ! La liste des classes concern\u00e9es est indiqu\u00e9 sur la page de billetterie.<\/p>\n\n\n\n<div class=\"wp-block-image\"><figure class=\"aligncenter size-large is-resized\"><img loading=\"lazy\" decoding=\"async\" src=\"https:\/\/www.emdg-guilers.org\/wp-content\/uploads\/2022\/05\/2022-06-11-Gala-de-Danse-724x1024.jpg\" alt=\"\" class=\"wp-image-3016\" width=\"382\" height=\"540\" srcset=\"https:\/\/www.emdg-guilers.org\/wp-content\/uploads\/2022\/05\/2022-06-11-Gala-de-Danse-724x1024.jpg 724w, https:\/\/www.emdg-guilers.org\/wp-content\/uploads\/2022\/05\/2022-06-11-Gala-de-Danse-212x300.jpg 212w, https:\/\/www.emdg-guilers.org\/wp-content\/uploads\/2022\/05\/2022-06-11-Gala-de-Danse-768x1086.jpg 768w, https:\/\/www.emdg-guilers.org\/wp-content\/uploads\/2022\/05\/2022-06-11-Gala-de-Danse-1086x1536.jpg 1086w, https:\/\/www.emdg-guilers.org\/wp-content\/uploads\/2022\/05\/2022-06-11-Gala-de-Danse-1448x2048.jpg 1448w, https:\/\/www.emdg-guilers.org\/wp-content\/uploads\/2022\/05\/2022-06-11-Gala-de-Danse-191x270.jpg 191w, https:\/\/www.emdg-guilers.org\/wp-content\/uploads\/2022\/05\/2022-06-11-Gala-de-Danse.jpg 1587w\" sizes=\"(max-width: 382px) 100vw, 382px\" \/><\/figure><\/div>\n","protected":false},"excerpt":{"rendered":"<p>Soir\u00e9e de gala de danse de l&rsquo;Ecole de Musique et Danse de Guilers. La billetterie est ouverte ! Retrouvez les classes de danse classique, de modern jazz et de hip hop.Gala des petits : 17h30 \/ BILLETTERIEGala des grands : 20h \/ BILLETTERIEBien v\u00e9rifier dans quel gala votre enfant va danser ! La liste des classes concern\u00e9es est indiqu\u00e9 sur la page de billetterie.<\/p>\n","protected":false},"author":3,"featured_media":0,"comment_status":"closed","ping_status":"closed","sticky":false,"template":"","format":"standard","meta":{"footnotes":""},"categories":[1],"tags":[],"yoast_head":"<!-- This site is optimized with the Yoast SEO plugin v22.4 - https:\/\/yoast.com\/wordpress\/plugins\/seo\/ -->\n<title>Gala de danse : billetterie ouverte - Ecole de Musique, Danse &amp; Th\u00e9\u00e2tre de Guilers<\/title>\n<meta name=\"robots\" content=\"index, follow, max-snippet:-1, max-image-preview:large, max-video-preview:-1\" \/>\n<link rel=\"canonical\" href=\"https:\/\/www.emdg-guilers.org\/index.php\/2022\/05\/02\/gala-de-danse-billetterie-ouverte\/\" \/>\n<meta property=\"og:locale\" content=\"fr_FR\" \/>\n<meta property=\"og:type\" content=\"article\" \/>\n<meta property=\"og:title\" content=\"Gala de danse : billetterie ouverte - Ecole de Musique, Danse &amp; Th\u00e9\u00e2tre de Guilers\" \/>\n<meta property=\"og:description\" content=\"Soir\u00e9e de gala de danse de l&rsquo;Ecole de Musique et Danse de Guilers. La billetterie est ouverte ! Retrouvez les classes de danse classique, de modern jazz et de hip hop.Gala des petits : 17h30 \/ BILLETTERIEGala des grands : 20h \/ BILLETTERIEBien v\u00e9rifier dans quel gala votre enfant va danser ! La liste des classes concern\u00e9es est indiqu\u00e9 sur la page de billetterie.\" \/>\n<meta property=\"og:url\" content=\"https:\/\/www.emdg-guilers.org\/index.php\/2022\/05\/02\/gala-de-danse-billetterie-ouverte\/\" \/>\n<meta property=\"og:site_name\" content=\"Ecole de Musique, Danse &amp; Th\u00e9\u00e2tre de Guilers\" \/>\n<meta property=\"article:publisher\" content=\"https:\/\/www.facebook.com\/Ecole-de-Musique-et-de-Danse-de-Guilers-480017765533016\/\" \/>\n<meta property=\"article:published_time\" content=\"2022-05-02T11:01:53+00:00\" \/>\n<meta property=\"article:modified_time\" content=\"2022-05-02T11:01:55+00:00\" \/>\n<meta property=\"og:image\" content=\"https:\/\/www.emdg-guilers.org\/wp-content\/uploads\/2022\/05\/2022-06-11-Gala-de-Danse-724x1024.jpg\" \/>\n<meta name=\"author\" content=\"Marie Clavier\" \/>\n<meta name=\"twitter:card\" content=\"summary_large_image\" \/>\n<meta name=\"twitter:label1\" content=\"\u00c9crit par\" \/>\n\t<meta name=\"twitter:data1\" content=\"Marie Clavier\" \/>\n\t<meta name=\"twitter:label2\" content=\"Dur\u00e9e de lecture estim\u00e9e\" \/>\n\t<meta name=\"twitter:data2\" content=\"1 minute\" \/>\n<script type=\"application\/ld+json\" class=\"yoast-schema-graph\">{\"@context\":\"https:\/\/schema.org\",\"@graph\":[{\"@type\":\"Article\",\"@id\":\"https:\/\/www.emdg-guilers.org\/index.php\/2022\/05\/02\/gala-de-danse-billetterie-ouverte\/#article\",\"isPartOf\":{\"@id\":\"https:\/\/www.emdg-guilers.org\/index.php\/2022\/05\/02\/gala-de-danse-billetterie-ouverte\/\"},\"author\":{\"name\":\"Marie Clavier\",\"@id\":\"https:\/\/www.emdg-guilers.org\/#\/schema\/person\/5c279d8e49be5f6bfdc87fb9e08559d4\"},\"headline\":\"Gala de danse : billetterie ouverte\",\"datePublished\":\"2022-05-02T11:01:53+00:00\",\"dateModified\":\"2022-05-02T11:01:55+00:00\",\"mainEntityOfPage\":{\"@id\":\"https:\/\/www.emdg-guilers.org\/index.php\/2022\/05\/02\/gala-de-danse-billetterie-ouverte\/\"},\"wordCount\":69,\"publisher\":{\"@id\":\"https:\/\/www.emdg-guilers.org\/#organization\"},\"image\":{\"@id\":\"https:\/\/www.emdg-guilers.org\/index.php\/2022\/05\/02\/gala-de-danse-billetterie-ouverte\/#primaryimage\"},\"thumbnailUrl\":\"https:\/\/www.emdg-guilers.org\/wp-content\/uploads\/2022\/05\/2022-06-11-Gala-de-Danse-724x1024.jpg\",\"inLanguage\":\"fr-FR\"},{\"@type\":\"WebPage\",\"@id\":\"https:\/\/www.emdg-guilers.org\/index.php\/2022\/05\/02\/gala-de-danse-billetterie-ouverte\/\",\"url\":\"https:\/\/www.emdg-guilers.org\/index.php\/2022\/05\/02\/gala-de-danse-billetterie-ouverte\/\",\"name\":\"Gala de danse : billetterie ouverte - Ecole de Musique, Danse &amp; Th\u00e9\u00e2tre de Guilers\",\"isPartOf\":{\"@id\":\"https:\/\/www.emdg-guilers.org\/#website\"},\"primaryImageOfPage\":{\"@id\":\"https:\/\/www.emdg-guilers.org\/index.php\/2022\/05\/02\/gala-de-danse-billetterie-ouverte\/#primaryimage\"},\"image\":{\"@id\":\"https:\/\/www.emdg-guilers.org\/index.php\/2022\/05\/02\/gala-de-danse-billetterie-ouverte\/#primaryimage\"},\"thumbnailUrl\":\"https:\/\/www.emdg-guilers.org\/wp-content\/uploads\/2022\/05\/2022-06-11-Gala-de-Danse-724x1024.jpg\",\"datePublished\":\"2022-05-02T11:01:53+00:00\",\"dateModified\":\"2022-05-02T11:01:55+00:00\",\"breadcrumb\":{\"@id\":\"https:\/\/www.emdg-guilers.org\/index.php\/2022\/05\/02\/gala-de-danse-billetterie-ouverte\/#breadcrumb\"},\"inLanguage\":\"fr-FR\",\"potentialAction\":[{\"@type\":\"ReadAction\",\"target\":[\"https:\/\/www.emdg-guilers.org\/index.php\/2022\/05\/02\/gala-de-danse-billetterie-ouverte\/\"]}]},{\"@type\":\"ImageObject\",\"inLanguage\":\"fr-FR\",\"@id\":\"https:\/\/www.emdg-guilers.org\/index.php\/2022\/05\/02\/gala-de-danse-billetterie-ouverte\/#primaryimage\",\"url\":\"https:\/\/www.emdg-guilers.org\/wp-content\/uploads\/2022\/05\/2022-06-11-Gala-de-Danse.jpg\",\"contentUrl\":\"https:\/\/www.emdg-guilers.org\/wp-content\/uploads\/2022\/05\/2022-06-11-Gala-de-Danse.jpg\",\"width\":1587,\"height\":2245},{\"@type\":\"BreadcrumbList\",\"@id\":\"https:\/\/www.emdg-guilers.org\/index.php\/2022\/05\/02\/gala-de-danse-billetterie-ouverte\/#breadcrumb\",\"itemListElement\":[{\"@type\":\"ListItem\",\"position\":1,\"name\":\"Accueil\",\"item\":\"https:\/\/www.emdg-guilers.org\/\"},{\"@type\":\"ListItem\",\"position\":2,\"name\":\"Gala de danse : billetterie ouverte\"}]},{\"@type\":\"WebSite\",\"@id\":\"https:\/\/www.emdg-guilers.org\/#website\",\"url\":\"https:\/\/www.emdg-guilers.org\/\",\"name\":\"Ecole de Musique et Danse de Guilers\",\"description\":\"Ecole associative, cours de musique, danse, th\u00e9\u00e2tre accessibles \u00e0 tous\",\"publisher\":{\"@id\":\"https:\/\/www.emdg-guilers.org\/#organization\"},\"potentialAction\":[{\"@type\":\"SearchAction\",\"target\":{\"@type\":\"EntryPoint\",\"urlTemplate\":\"https:\/\/www.emdg-guilers.org\/?s={search_term_string}\"},\"query-input\":\"required name=search_term_string\"}],\"inLanguage\":\"fr-FR\"},{\"@type\":\"Organization\",\"@id\":\"https:\/\/www.emdg-guilers.org\/#organization\",\"name\":\"Ecole de Musique et de Danse\",\"url\":\"https:\/\/www.emdg-guilers.org\/\",\"logo\":{\"@type\":\"ImageObject\",\"inLanguage\":\"fr-FR\",\"@id\":\"https:\/\/www.emdg-guilers.org\/#\/schema\/logo\/image\/\",\"url\":\"https:\/\/www.emdg-guilers.org\/wp-content\/uploads\/2016\/06\/logo2014.jpg\",\"contentUrl\":\"https:\/\/www.emdg-guilers.org\/wp-content\/uploads\/2016\/06\/logo2014.jpg\",\"width\":214,\"height\":116,\"caption\":\"Ecole de Musique et de Danse\"},\"image\":{\"@id\":\"https:\/\/www.emdg-guilers.org\/#\/schema\/logo\/image\/\"},\"sameAs\":[\"https:\/\/www.facebook.com\/Ecole-de-Musique-et-de-Danse-de-Guilers-480017765533016\/\"]},{\"@type\":\"Person\",\"@id\":\"https:\/\/www.emdg-guilers.org\/#\/schema\/person\/5c279d8e49be5f6bfdc87fb9e08559d4\",\"name\":\"Marie Clavier\",\"image\":{\"@type\":\"ImageObject\",\"inLanguage\":\"fr-FR\",\"@id\":\"https:\/\/www.emdg-guilers.org\/#\/schema\/person\/image\/\",\"url\":\"https:\/\/secure.gravatar.com\/avatar\/82505eeeaf6d53a80197cd7ed92e8de4?s=96&d=mm&r=g\",\"contentUrl\":\"https:\/\/secure.gravatar.com\/avatar\/82505eeeaf6d53a80197cd7ed92e8de4?s=96&d=mm&r=g\",\"caption\":\"Marie Clavier\"},\"url\":\"https:\/\/www.emdg-guilers.org\/index.php\/author\/mclavier\/\"}]}<\/script>\n<!-- \/ Yoast SEO plugin. -->","yoast_head_json":{"title":"Gala de danse : billetterie ouverte - Ecole de Musique, Danse &amp; Th\u00e9\u00e2tre de Guilers","robots":{"index":"index","follow":"follow","max-snippet":"max-snippet:-1","max-image-preview":"max-image-preview:large","max-video-preview":"max-video-preview:-1"},"canonical":"https:\/\/www.emdg-guilers.org\/index.php\/2022\/05\/02\/gala-de-danse-billetterie-ouverte\/","og_locale":"fr_FR","og_type":"article","og_title":"Gala de danse : billetterie ouverte - Ecole de Musique, Danse &amp; Th\u00e9\u00e2tre de Guilers","og_description":"Soir\u00e9e de gala de danse de l&rsquo;Ecole de Musique et Danse de Guilers. La billetterie est ouverte ! Retrouvez les classes de danse classique, de modern jazz et de hip hop.Gala des petits : 17h30 \/ BILLETTERIEGala des grands : 20h \/ BILLETTERIEBien v\u00e9rifier dans quel gala votre enfant va danser ! La liste des classes concern\u00e9es est indiqu\u00e9 sur la page de billetterie.","og_url":"https:\/\/www.emdg-guilers.org\/index.php\/2022\/05\/02\/gala-de-danse-billetterie-ouverte\/","og_site_name":"Ecole de Musique, Danse &amp; Th\u00e9\u00e2tre de Guilers","article_publisher":"https:\/\/www.facebook.com\/Ecole-de-Musique-et-de-Danse-de-Guilers-480017765533016\/","article_published_time":"2022-05-02T11:01:53+00:00","article_modified_time":"2022-05-02T11:01:55+00:00","og_image":[{"url":"https:\/\/www.emdg-guilers.org\/wp-content\/uploads\/2022\/05\/2022-06-11-Gala-de-Danse-724x1024.jpg"}],"author":"Marie Clavier","twitter_card":"summary_large_image","twitter_misc":{"\u00c9crit par":"Marie Clavier","Dur\u00e9e de lecture estim\u00e9e":"1 minute"},"schema":{"@context":"https:\/\/schema.org","@graph":[{"@type":"Article","@id":"https:\/\/www.emdg-guilers.org\/index.php\/2022\/05\/02\/gala-de-danse-billetterie-ouverte\/#article","isPartOf":{"@id":"https:\/\/www.emdg-guilers.org\/index.php\/2022\/05\/02\/gala-de-danse-billetterie-ouverte\/"},"author":{"name":"Marie Clavier","@id":"https:\/\/www.emdg-guilers.org\/#\/schema\/person\/5c279d8e49be5f6bfdc87fb9e08559d4"},"headline":"Gala de danse : billetterie ouverte","datePublished":"2022-05-02T11:01:53+00:00","dateModified":"2022-05-02T11:01:55+00:00","mainEntityOfPage":{"@id":"https:\/\/www.emdg-guilers.org\/index.php\/2022\/05\/02\/gala-de-danse-billetterie-ouverte\/"},"wordCount":69,"publisher":{"@id":"https:\/\/www.emdg-guilers.org\/#organization"},"image":{"@id":"https:\/\/www.emdg-guilers.org\/index.php\/2022\/05\/02\/gala-de-danse-billetterie-ouverte\/#primaryimage"},"thumbnailUrl":"https:\/\/www.emdg-guilers.org\/wp-content\/uploads\/2022\/05\/2022-06-11-Gala-de-Danse-724x1024.jpg","inLanguage":"fr-FR"},{"@type":"WebPage","@id":"https:\/\/www.emdg-guilers.org\/index.php\/2022\/05\/02\/gala-de-danse-billetterie-ouverte\/","url":"https:\/\/www.emdg-guilers.org\/index.php\/2022\/05\/02\/gala-de-danse-billetterie-ouverte\/","name":"Gala de danse : billetterie ouverte - Ecole de Musique, Danse &amp; Th\u00e9\u00e2tre de Guilers","isPartOf":{"@id":"https:\/\/www.emdg-guilers.org\/#website"},"primaryImageOfPage":{"@id":"https:\/\/www.emdg-guilers.org\/index.php\/2022\/05\/02\/gala-de-danse-billetterie-ouverte\/#primaryimage"},"image":{"@id":"https:\/\/www.emdg-guilers.org\/index.php\/2022\/05\/02\/gala-de-danse-billetterie-ouverte\/#primaryimage"},"thumbnailUrl":"https:\/\/www.emdg-guilers.org\/wp-content\/uploads\/2022\/05\/2022-06-11-Gala-de-Danse-724x1024.jpg","datePublished":"2022-05-02T11:01:53+00:00","dateModified":"2022-05-02T11:01:55+00:00","breadcrumb":{"@id":"https:\/\/www.emdg-guilers.org\/index.php\/2022\/05\/02\/gala-de-danse-billetterie-ouverte\/#breadcrumb"},"inLanguage":"fr-FR","potentialAction":[{"@type":"ReadAction","target":["https:\/\/www.emdg-guilers.org\/index.php\/2022\/05\/02\/gala-de-danse-billetterie-ouverte\/"]}]},{"@type":"ImageObject","inLanguage":"fr-FR","@id":"https:\/\/www.emdg-guilers.org\/index.php\/2022\/05\/02\/gala-de-danse-billetterie-ouverte\/#primaryimage","url":"https:\/\/www.emdg-guilers.org\/wp-content\/uploads\/2022\/05\/2022-06-11-Gala-de-Danse.jpg","contentUrl":"https:\/\/www.emdg-guilers.org\/wp-content\/uploads\/2022\/05\/2022-06-11-Gala-de-Danse.jpg","width":1587,"height":2245},{"@type":"BreadcrumbList","@id":"https:\/\/www.emdg-guilers.org\/index.php\/2022\/05\/02\/gala-de-danse-billetterie-ouverte\/#breadcrumb","itemListElement":[{"@type":"ListItem","position":1,"name":"Accueil","item":"https:\/\/www.emdg-guilers.org\/"},{"@type":"ListItem","position":2,"name":"Gala de danse : billetterie ouverte"}]},{"@type":"WebSite","@id":"https:\/\/www.emdg-guilers.org\/#website","url":"https:\/\/www.emdg-guilers.org\/","name":"Ecole de Musique et Danse de Guilers","description":"Ecole associative, cours de musique, danse, th\u00e9\u00e2tre accessibles \u00e0 tous","publisher":{"@id":"https:\/\/www.emdg-guilers.org\/#organization"},"potentialAction":[{"@type":"SearchAction","target":{"@type":"EntryPoint","urlTemplate":"https:\/\/www.emdg-guilers.org\/?s={search_term_string}"},"query-input":"required name=search_term_string"}],"inLanguage":"fr-FR"},{"@type":"Organization","@id":"https:\/\/www.emdg-guilers.org\/#organization","name":"Ecole de Musique et de Danse","url":"https:\/\/www.emdg-guilers.org\/","logo":{"@type":"ImageObject","inLanguage":"fr-FR","@id":"https:\/\/www.emdg-guilers.org\/#\/schema\/logo\/image\/","url":"https:\/\/www.emdg-guilers.org\/wp-content\/uploads\/2016\/06\/logo2014.jpg","contentUrl":"https:\/\/www.emdg-guilers.org\/wp-content\/uploads\/2016\/06\/logo2014.jpg","width":214,"height":116,"caption":"Ecole de Musique et de Danse"},"image":{"@id":"https:\/\/www.emdg-guilers.org\/#\/schema\/logo\/image\/"},"sameAs":["https:\/\/www.facebook.com\/Ecole-de-Musique-et-de-Danse-de-Guilers-480017765533016\/"]},{"@type":"Person","@id":"https:\/\/www.emdg-guilers.org\/#\/schema\/person\/5c279d8e49be5f6bfdc87fb9e08559d4","name":"Marie Clavier","image":{"@type":"ImageObject","inLanguage":"fr-FR","@id":"https:\/\/www.emdg-guilers.org\/#\/schema\/person\/image\/","url":"https:\/\/secure.gravatar.com\/avatar\/82505eeeaf6d53a80197cd7ed92e8de4?s=96&d=mm&r=g","contentUrl":"https:\/\/secure.gravatar.com\/avatar\/82505eeeaf6d53a80197cd7ed92e8de4?s=96&d=mm&r=g","caption":"Marie Clavier"},"url":"https:\/\/www.emdg-guilers.org\/index.php\/author\/mclavier\/"}]}},"_links":{"self":[{"href":"https:\/\/www.emdg-guilers.org\/index.php\/wp-json\/wp\/v2\/posts\/3015"}],"collection":[{"href":"https:\/\/www.emdg-guilers.org\/index.php\/wp-json\/wp\/v2\/posts"}],"about":[{"href":"https:\/\/www.emdg-guilers.org\/index.php\/wp-json\/wp\/v2\/types\/post"}],"author":[{"embeddable":true,"href":"https:\/\/www.emdg-guilers.org\/index.php\/wp-json\/wp\/v2\/users\/3"}],"replies":[{"embeddable":true,"href":"https:\/\/www.emdg-guilers.org\/index.php\/wp-json\/wp\/v2\/comments?post=3015"}],"version-history":[{"count":1,"href":"https:\/\/www.emdg-guilers.org\/index.php\/wp-json\/wp\/v2\/posts\/3015\/revisions"}],"predecessor-version":[{"id":3017,"href":"https:\/\/www.emdg-guilers.org\/index.php\/wp-json\/wp\/v2\/posts\/3015\/revisions\/3017"}],"wp:attachment":[{"href":"https:\/\/www.emdg-guilers.org\/index.php\/wp-json\/wp\/v2\/media?parent=3015"}],"wp:term":[{"taxonomy":"category","embeddable":true,"href":"https:\/\/www.emdg-guilers.org\/index.php\/wp-json\/wp\/v2\/categories?post=3015"},{"taxonomy":"post_tag","embeddable":true,"href":"https:\/\/www.emdg-guilers.org\/index.php\/wp-json\/wp\/v2\/tags?post=3015"}],"curies":[{"name":"wp","href":"https:\/\/api.w.org\/{rel}","templated":true}]}}