{"id":3143,"date":"2022-07-02T11:04:00","date_gmt":"2022-07-02T09:04:00","guid":{"rendered":"https:\/\/www.emdg-guilers.org\/?p=3143"},"modified":"2022-07-02T11:04:01","modified_gmt":"2022-07-02T09:04:01","slug":"lemdg-recrute-une-professeure-de-danse-modern-jazz","status":"publish","type":"post","link":"https:\/\/www.emdg-guilers.org\/index.php\/2022\/07\/02\/lemdg-recrute-une-professeure-de-danse-modern-jazz\/","title":{"rendered":"L&rsquo;EMDG recrute un(e) professeur(e) de danse modern jazz"},"content":{"rendered":"\n<p>CDI, statut professeur, convention ECLAT &#8211; A pourvoir pour le 12-09-2022. Limite d&rsquo;envoi des candidatures : 31-08-2022.<br><br><strong>Dur\u00e9e hebdomadaire souhait\u00e9e<\/strong>\u00a0: 7h\/10h<br>Dur\u00e9e du contrat (sauf CDI et titulaires) : 2 \u00e0 3 fois par semaine<br>Jours \/ creneaux \/ horaires recherches : Mardi 17h15-20h45 \/ Jeudi 17h30-21h30 \/ Samedi 13h30-16h &#8211; Possibilit\u00e9 de modifier les cr\u00e9neaux et jours si besoin.<\/p>\n\n\n\n<p><strong>Missions<\/strong><br>Nous recrutons un\/e professeur\/e de danse mordern jazz titulaire d&rsquo;un D.E \u00e0 compter de la rentr\u00e9e scolaire 2022-23.<br>Niveaux \/ \u00e2ges des \u00e9l\u00e8ves : de 6 \u00e0 ados. Logique de progression p\u00e9dagogique.<br>Il existe un atelier chor\u00e9graphique, un cours suppl\u00e9mentaire pour les danseurs\/ses qui veulent s&rsquo;investir plus, mettre en place un travail de cr\u00e9ation, d&rsquo;improvisation.<\/p>\n\n\n\n<p><strong>Profil du poste<\/strong><br>Titulaire d&rsquo;un DE en jazz.<br>Personne dynamique, motiv\u00e9e, qui aime travailler avec ses coll\u00e8gues (danse classique, hip hop, musique, th\u00e9\u00e2tre), qui souhaite s&rsquo;investir dans le projet de l&rsquo;\u00e9cole.<\/p>\n\n\n\n<p><strong>Conditions<\/strong><br>Convention collective ECLAT : statut professeur<br>R\u00e9mun\u00e9ration en fonction du profil (anciennet\u00e9, dipl\u00f4mes, etc)<\/p>\n\n\n\n<p><strong>Commentaires<\/strong><br>En cas d&rsquo;indisponibilit\u00e9 sur les cours du samedi (2h30 l&rsquo;apr\u00e8s-midi), il est possible d&rsquo;occuper le poste partiellement pour les cours du mardi ou du jeudi uniquement.<\/p>\n\n\n\n<p>Doubler l&rsquo;envoi de la candidature \u00e0 emdg29@gmail.com<\/p>\n\n\n\n<p><strong>Contact de l\u2019employeur<\/strong><br>Marie Clavier, directrice<br>T\u00e9l : 0298052411<br>Courriel :&nbsp;<a href=\"mailto:direction@emdg-guilers.org\">direction@emdg-guilers.org<\/a><br>Web :&nbsp;<a target=\"_blank\" href=\"http:\/\/www.emdg-guilers.org\/\" rel=\"noreferrer noopener\">www.emdg-guilers.org<\/a><\/p>\n","protected":false},"excerpt":{"rendered":"<p>CDI, statut professeur, convention ECLAT &#8211; A pourvoir pour le 12-09-2022. Limite d&rsquo;envoi des candidatures : 31-08-2022. Dur\u00e9e hebdomadaire souhait\u00e9e\u00a0: 7h\/10hDur\u00e9e du contrat (sauf CDI et titulaires) : 2 \u00e0 3 fois par semaineJours \/ creneaux \/ horaires recherches : Mardi 17h15-20h45 \/ Jeudi 17h30-21h30 \/ Samedi 13h30-16h &#8211; Possibilit\u00e9 de modifier les cr\u00e9neaux et jours si besoin. MissionsNous recrutons un\/e professeur\/e de danse mordern jazz titulaire d&rsquo;un D.E \u00e0 compter de la rentr\u00e9e scolaire 2022-23.Niveaux \/ \u00e2ges des \u00e9l\u00e8ves&#8230;<\/p>\n<p class=\"read-more\"><a class=\"btn btn-default\" href=\"https:\/\/www.emdg-guilers.org\/index.php\/2022\/07\/02\/lemdg-recrute-une-professeure-de-danse-modern-jazz\/\">Lire la suite<span class=\"screen-reader-text\"> Lire la suite<\/span><\/a><\/p>\n","protected":false},"author":3,"featured_media":0,"comment_status":"closed","ping_status":"closed","sticky":false,"template":"","format":"standard","meta":{"footnotes":""},"categories":[1],"tags":[],"yoast_head":"<!-- This site is optimized with the Yoast SEO plugin v22.4 - https:\/\/yoast.com\/wordpress\/plugins\/seo\/ -->\n<title>L&#039;EMDG recrute un(e) professeur(e) de danse modern jazz - Ecole de Musique, Danse &amp; Th\u00e9\u00e2tre de Guilers<\/title>\n<meta name=\"robots\" content=\"index, follow, max-snippet:-1, max-image-preview:large, max-video-preview:-1\" \/>\n<link rel=\"canonical\" href=\"https:\/\/www.emdg-guilers.org\/index.php\/2022\/07\/02\/lemdg-recrute-une-professeure-de-danse-modern-jazz\/\" \/>\n<meta property=\"og:locale\" content=\"fr_FR\" \/>\n<meta property=\"og:type\" content=\"article\" \/>\n<meta property=\"og:title\" content=\"L&#039;EMDG recrute un(e) professeur(e) de danse modern jazz - Ecole de Musique, Danse &amp; Th\u00e9\u00e2tre de Guilers\" \/>\n<meta property=\"og:description\" content=\"CDI, statut professeur, convention ECLAT &#8211; A pourvoir pour le 12-09-2022. Limite d&rsquo;envoi des candidatures : 31-08-2022. Dur\u00e9e hebdomadaire souhait\u00e9e\u00a0: 7h\/10hDur\u00e9e du contrat (sauf CDI et titulaires) : 2 \u00e0 3 fois par semaineJours \/ creneaux \/ horaires recherches : Mardi 17h15-20h45 \/ Jeudi 17h30-21h30 \/ Samedi 13h30-16h &#8211; Possibilit\u00e9 de modifier les cr\u00e9neaux et jours si besoin. MissionsNous recrutons un\/e professeur\/e de danse mordern jazz titulaire d&rsquo;un D.E \u00e0 compter de la rentr\u00e9e scolaire 2022-23.Niveaux \/ \u00e2ges des \u00e9l\u00e8ves...Lire la suite Lire la suite\" \/>\n<meta property=\"og:url\" content=\"https:\/\/www.emdg-guilers.org\/index.php\/2022\/07\/02\/lemdg-recrute-une-professeure-de-danse-modern-jazz\/\" \/>\n<meta property=\"og:site_name\" content=\"Ecole de Musique, Danse &amp; Th\u00e9\u00e2tre de Guilers\" \/>\n<meta property=\"article:publisher\" content=\"https:\/\/www.facebook.com\/Ecole-de-Musique-et-de-Danse-de-Guilers-480017765533016\/\" \/>\n<meta property=\"article:published_time\" content=\"2022-07-02T09:04:00+00:00\" \/>\n<meta property=\"article:modified_time\" content=\"2022-07-02T09:04:01+00:00\" \/>\n<meta name=\"author\" content=\"Marie Clavier\" \/>\n<meta name=\"twitter:card\" content=\"summary_large_image\" \/>\n<meta name=\"twitter:label1\" content=\"\u00c9crit par\" \/>\n\t<meta name=\"twitter:data1\" content=\"Marie Clavier\" \/>\n\t<meta name=\"twitter:label2\" content=\"Dur\u00e9e de lecture estim\u00e9e\" \/>\n\t<meta name=\"twitter:data2\" content=\"1 minute\" \/>\n<script type=\"application\/ld+json\" class=\"yoast-schema-graph\">{\"@context\":\"https:\/\/schema.org\",\"@graph\":[{\"@type\":\"Article\",\"@id\":\"https:\/\/www.emdg-guilers.org\/index.php\/2022\/07\/02\/lemdg-recrute-une-professeure-de-danse-modern-jazz\/#article\",\"isPartOf\":{\"@id\":\"https:\/\/www.emdg-guilers.org\/index.php\/2022\/07\/02\/lemdg-recrute-une-professeure-de-danse-modern-jazz\/\"},\"author\":{\"name\":\"Marie Clavier\",\"@id\":\"https:\/\/www.emdg-guilers.org\/#\/schema\/person\/5c279d8e49be5f6bfdc87fb9e08559d4\"},\"headline\":\"L&rsquo;EMDG recrute un(e) professeur(e) de danse modern jazz\",\"datePublished\":\"2022-07-02T09:04:00+00:00\",\"dateModified\":\"2022-07-02T09:04:01+00:00\",\"mainEntityOfPage\":{\"@id\":\"https:\/\/www.emdg-guilers.org\/index.php\/2022\/07\/02\/lemdg-recrute-une-professeure-de-danse-modern-jazz\/\"},\"wordCount\":237,\"publisher\":{\"@id\":\"https:\/\/www.emdg-guilers.org\/#organization\"},\"inLanguage\":\"fr-FR\"},{\"@type\":\"WebPage\",\"@id\":\"https:\/\/www.emdg-guilers.org\/index.php\/2022\/07\/02\/lemdg-recrute-une-professeure-de-danse-modern-jazz\/\",\"url\":\"https:\/\/www.emdg-guilers.org\/index.php\/2022\/07\/02\/lemdg-recrute-une-professeure-de-danse-modern-jazz\/\",\"name\":\"L'EMDG recrute un(e) professeur(e) de danse modern jazz - Ecole de Musique, Danse &amp; Th\u00e9\u00e2tre de Guilers\",\"isPartOf\":{\"@id\":\"https:\/\/www.emdg-guilers.org\/#website\"},\"datePublished\":\"2022-07-02T09:04:00+00:00\",\"dateModified\":\"2022-07-02T09:04:01+00:00\",\"breadcrumb\":{\"@id\":\"https:\/\/www.emdg-guilers.org\/index.php\/2022\/07\/02\/lemdg-recrute-une-professeure-de-danse-modern-jazz\/#breadcrumb\"},\"inLanguage\":\"fr-FR\",\"potentialAction\":[{\"@type\":\"ReadAction\",\"target\":[\"https:\/\/www.emdg-guilers.org\/index.php\/2022\/07\/02\/lemdg-recrute-une-professeure-de-danse-modern-jazz\/\"]}]},{\"@type\":\"BreadcrumbList\",\"@id\":\"https:\/\/www.emdg-guilers.org\/index.php\/2022\/07\/02\/lemdg-recrute-une-professeure-de-danse-modern-jazz\/#breadcrumb\",\"itemListElement\":[{\"@type\":\"ListItem\",\"position\":1,\"name\":\"Accueil\",\"item\":\"https:\/\/www.emdg-guilers.org\/\"},{\"@type\":\"ListItem\",\"position\":2,\"name\":\"L&rsquo;EMDG recrute un(e) professeur(e) de danse modern jazz\"}]},{\"@type\":\"WebSite\",\"@id\":\"https:\/\/www.emdg-guilers.org\/#website\",\"url\":\"https:\/\/www.emdg-guilers.org\/\",\"name\":\"Ecole de Musique et Danse de Guilers\",\"description\":\"Ecole associative, cours de musique, danse, th\u00e9\u00e2tre accessibles \u00e0 tous\",\"publisher\":{\"@id\":\"https:\/\/www.emdg-guilers.org\/#organization\"},\"potentialAction\":[{\"@type\":\"SearchAction\",\"target\":{\"@type\":\"EntryPoint\",\"urlTemplate\":\"https:\/\/www.emdg-guilers.org\/?s={search_term_string}\"},\"query-input\":\"required name=search_term_string\"}],\"inLanguage\":\"fr-FR\"},{\"@type\":\"Organization\",\"@id\":\"https:\/\/www.emdg-guilers.org\/#organization\",\"name\":\"Ecole de Musique et de Danse\",\"url\":\"https:\/\/www.emdg-guilers.org\/\",\"logo\":{\"@type\":\"ImageObject\",\"inLanguage\":\"fr-FR\",\"@id\":\"https:\/\/www.emdg-guilers.org\/#\/schema\/logo\/image\/\",\"url\":\"https:\/\/www.emdg-guilers.org\/wp-content\/uploads\/2016\/06\/logo2014.jpg\",\"contentUrl\":\"https:\/\/www.emdg-guilers.org\/wp-content\/uploads\/2016\/06\/logo2014.jpg\",\"width\":214,\"height\":116,\"caption\":\"Ecole de Musique et de Danse\"},\"image\":{\"@id\":\"https:\/\/www.emdg-guilers.org\/#\/schema\/logo\/image\/\"},\"sameAs\":[\"https:\/\/www.facebook.com\/Ecole-de-Musique-et-de-Danse-de-Guilers-480017765533016\/\"]},{\"@type\":\"Person\",\"@id\":\"https:\/\/www.emdg-guilers.org\/#\/schema\/person\/5c279d8e49be5f6bfdc87fb9e08559d4\",\"name\":\"Marie Clavier\",\"image\":{\"@type\":\"ImageObject\",\"inLanguage\":\"fr-FR\",\"@id\":\"https:\/\/www.emdg-guilers.org\/#\/schema\/person\/image\/\",\"url\":\"https:\/\/secure.gravatar.com\/avatar\/82505eeeaf6d53a80197cd7ed92e8de4?s=96&d=mm&r=g\",\"contentUrl\":\"https:\/\/secure.gravatar.com\/avatar\/82505eeeaf6d53a80197cd7ed92e8de4?s=96&d=mm&r=g\",\"caption\":\"Marie Clavier\"},\"url\":\"https:\/\/www.emdg-guilers.org\/index.php\/author\/mclavier\/\"}]}<\/script>\n<!-- \/ Yoast SEO plugin. -->","yoast_head_json":{"title":"L'EMDG recrute un(e) professeur(e) de danse modern jazz - Ecole de Musique, Danse &amp; Th\u00e9\u00e2tre de Guilers","robots":{"index":"index","follow":"follow","max-snippet":"max-snippet:-1","max-image-preview":"max-image-preview:large","max-video-preview":"max-video-preview:-1"},"canonical":"https:\/\/www.emdg-guilers.org\/index.php\/2022\/07\/02\/lemdg-recrute-une-professeure-de-danse-modern-jazz\/","og_locale":"fr_FR","og_type":"article","og_title":"L'EMDG recrute un(e) professeur(e) de danse modern jazz - Ecole de Musique, Danse &amp; Th\u00e9\u00e2tre de Guilers","og_description":"CDI, statut professeur, convention ECLAT &#8211; A pourvoir pour le 12-09-2022. Limite d&rsquo;envoi des candidatures : 31-08-2022. Dur\u00e9e hebdomadaire souhait\u00e9e\u00a0: 7h\/10hDur\u00e9e du contrat (sauf CDI et titulaires) : 2 \u00e0 3 fois par semaineJours \/ creneaux \/ horaires recherches : Mardi 17h15-20h45 \/ Jeudi 17h30-21h30 \/ Samedi 13h30-16h &#8211; Possibilit\u00e9 de modifier les cr\u00e9neaux et jours si besoin. MissionsNous recrutons un\/e professeur\/e de danse mordern jazz titulaire d&rsquo;un D.E \u00e0 compter de la rentr\u00e9e scolaire 2022-23.Niveaux \/ \u00e2ges des \u00e9l\u00e8ves...Lire la suite Lire la suite","og_url":"https:\/\/www.emdg-guilers.org\/index.php\/2022\/07\/02\/lemdg-recrute-une-professeure-de-danse-modern-jazz\/","og_site_name":"Ecole de Musique, Danse &amp; Th\u00e9\u00e2tre de Guilers","article_publisher":"https:\/\/www.facebook.com\/Ecole-de-Musique-et-de-Danse-de-Guilers-480017765533016\/","article_published_time":"2022-07-02T09:04:00+00:00","article_modified_time":"2022-07-02T09:04:01+00:00","author":"Marie Clavier","twitter_card":"summary_large_image","twitter_misc":{"\u00c9crit par":"Marie Clavier","Dur\u00e9e de lecture estim\u00e9e":"1 minute"},"schema":{"@context":"https:\/\/schema.org","@graph":[{"@type":"Article","@id":"https:\/\/www.emdg-guilers.org\/index.php\/2022\/07\/02\/lemdg-recrute-une-professeure-de-danse-modern-jazz\/#article","isPartOf":{"@id":"https:\/\/www.emdg-guilers.org\/index.php\/2022\/07\/02\/lemdg-recrute-une-professeure-de-danse-modern-jazz\/"},"author":{"name":"Marie Clavier","@id":"https:\/\/www.emdg-guilers.org\/#\/schema\/person\/5c279d8e49be5f6bfdc87fb9e08559d4"},"headline":"L&rsquo;EMDG recrute un(e) professeur(e) de danse modern jazz","datePublished":"2022-07-02T09:04:00+00:00","dateModified":"2022-07-02T09:04:01+00:00","mainEntityOfPage":{"@id":"https:\/\/www.emdg-guilers.org\/index.php\/2022\/07\/02\/lemdg-recrute-une-professeure-de-danse-modern-jazz\/"},"wordCount":237,"publisher":{"@id":"https:\/\/www.emdg-guilers.org\/#organization"},"inLanguage":"fr-FR"},{"@type":"WebPage","@id":"https:\/\/www.emdg-guilers.org\/index.php\/2022\/07\/02\/lemdg-recrute-une-professeure-de-danse-modern-jazz\/","url":"https:\/\/www.emdg-guilers.org\/index.php\/2022\/07\/02\/lemdg-recrute-une-professeure-de-danse-modern-jazz\/","name":"L'EMDG recrute un(e) professeur(e) de danse modern jazz - Ecole de Musique, Danse &amp; Th\u00e9\u00e2tre de Guilers","isPartOf":{"@id":"https:\/\/www.emdg-guilers.org\/#website"},"datePublished":"2022-07-02T09:04:00+00:00","dateModified":"2022-07-02T09:04:01+00:00","breadcrumb":{"@id":"https:\/\/www.emdg-guilers.org\/index.php\/2022\/07\/02\/lemdg-recrute-une-professeure-de-danse-modern-jazz\/#breadcrumb"},"inLanguage":"fr-FR","potentialAction":[{"@type":"ReadAction","target":["https:\/\/www.emdg-guilers.org\/index.php\/2022\/07\/02\/lemdg-recrute-une-professeure-de-danse-modern-jazz\/"]}]},{"@type":"BreadcrumbList","@id":"https:\/\/www.emdg-guilers.org\/index.php\/2022\/07\/02\/lemdg-recrute-une-professeure-de-danse-modern-jazz\/#breadcrumb","itemListElement":[{"@type":"ListItem","position":1,"name":"Accueil","item":"https:\/\/www.emdg-guilers.org\/"},{"@type":"ListItem","position":2,"name":"L&rsquo;EMDG recrute un(e) professeur(e) de danse modern jazz"}]},{"@type":"WebSite","@id":"https:\/\/www.emdg-guilers.org\/#website","url":"https:\/\/www.emdg-guilers.org\/","name":"Ecole de Musique et Danse de Guilers","description":"Ecole associative, cours de musique, danse, th\u00e9\u00e2tre accessibles \u00e0 tous","publisher":{"@id":"https:\/\/www.emdg-guilers.org\/#organization"},"potentialAction":[{"@type":"SearchAction","target":{"@type":"EntryPoint","urlTemplate":"https:\/\/www.emdg-guilers.org\/?s={search_term_string}"},"query-input":"required name=search_term_string"}],"inLanguage":"fr-FR"},{"@type":"Organization","@id":"https:\/\/www.emdg-guilers.org\/#organization","name":"Ecole de Musique et de Danse","url":"https:\/\/www.emdg-guilers.org\/","logo":{"@type":"ImageObject","inLanguage":"fr-FR","@id":"https:\/\/www.emdg-guilers.org\/#\/schema\/logo\/image\/","url":"https:\/\/www.emdg-guilers.org\/wp-content\/uploads\/2016\/06\/logo2014.jpg","contentUrl":"https:\/\/www.emdg-guilers.org\/wp-content\/uploads\/2016\/06\/logo2014.jpg","width":214,"height":116,"caption":"Ecole de Musique et de Danse"},"image":{"@id":"https:\/\/www.emdg-guilers.org\/#\/schema\/logo\/image\/"},"sameAs":["https:\/\/www.facebook.com\/Ecole-de-Musique-et-de-Danse-de-Guilers-480017765533016\/"]},{"@type":"Person","@id":"https:\/\/www.emdg-guilers.org\/#\/schema\/person\/5c279d8e49be5f6bfdc87fb9e08559d4","name":"Marie Clavier","image":{"@type":"ImageObject","inLanguage":"fr-FR","@id":"https:\/\/www.emdg-guilers.org\/#\/schema\/person\/image\/","url":"https:\/\/secure.gravatar.com\/avatar\/82505eeeaf6d53a80197cd7ed92e8de4?s=96&d=mm&r=g","contentUrl":"https:\/\/secure.gravatar.com\/avatar\/82505eeeaf6d53a80197cd7ed92e8de4?s=96&d=mm&r=g","caption":"Marie Clavier"},"url":"https:\/\/www.emdg-guilers.org\/index.php\/author\/mclavier\/"}]}},"_links":{"self":[{"href":"https:\/\/www.emdg-guilers.org\/index.php\/wp-json\/wp\/v2\/posts\/3143"}],"collection":[{"href":"https:\/\/www.emdg-guilers.org\/index.php\/wp-json\/wp\/v2\/posts"}],"about":[{"href":"https:\/\/www.emdg-guilers.org\/index.php\/wp-json\/wp\/v2\/types\/post"}],"author":[{"embeddable":true,"href":"https:\/\/www.emdg-guilers.org\/index.php\/wp-json\/wp\/v2\/users\/3"}],"replies":[{"embeddable":true,"href":"https:\/\/www.emdg-guilers.org\/index.php\/wp-json\/wp\/v2\/comments?post=3143"}],"version-history":[{"count":1,"href":"https:\/\/www.emdg-guilers.org\/index.php\/wp-json\/wp\/v2\/posts\/3143\/revisions"}],"predecessor-version":[{"id":3144,"href":"https:\/\/www.emdg-guilers.org\/index.php\/wp-json\/wp\/v2\/posts\/3143\/revisions\/3144"}],"wp:attachment":[{"href":"https:\/\/www.emdg-guilers.org\/index.php\/wp-json\/wp\/v2\/media?parent=3143"}],"wp:term":[{"taxonomy":"category","embeddable":true,"href":"https:\/\/www.emdg-guilers.org\/index.php\/wp-json\/wp\/v2\/categories?post=3143"},{"taxonomy":"post_tag","embeddable":true,"href":"https:\/\/www.emdg-guilers.org\/index.php\/wp-json\/wp\/v2\/tags?post=3143"}],"curies":[{"name":"wp","href":"https:\/\/api.w.org\/{rel}","templated":true}]}}