{"id":3591,"date":"2023-04-26T16:55:56","date_gmt":"2023-04-26T14:55:56","guid":{"rendered":"https:\/\/www.emdg-guilers.org\/?p=3591"},"modified":"2023-05-22T10:13:50","modified_gmt":"2023-05-22T08:13:50","slug":"en-mai-fais-ce-quil-te-plait","status":"publish","type":"post","link":"https:\/\/www.emdg-guilers.org\/index.php\/2023\/04\/26\/en-mai-fais-ce-quil-te-plait\/","title":{"rendered":"En mai, fais ce qu&rsquo;il te pla\u00eet !"},"content":{"rendered":"\n<p>&#8230; Et r\u00e9inscris-toi \u00e0 l&rsquo;EMDG !<\/p>\n\n\n\n<p>Toutes les infos sur les r\u00e9inscriptions, <a href=\"https:\/\/www.emdg-guilers.org\/index.php\/procedure-de-reinscription-2023-24\/\" target=\"_blank\" rel=\"noreferrer noopener\">c&rsquo;est ici<\/a>, rdv du 9 au 28 mai pour avoir une place pour 2023-24<\/p>\n\n\n\n<div class=\"wp-block-file\"><a href=\"https:\/\/www.emdg-guilers.org\/wp-content\/uploads\/2023\/05\/EMDG-DANSE-IMPRIMABLE-2023.pdf\">EMDG-DANSE-IMPRIMABLE-2023<\/a><a href=\"https:\/\/www.emdg-guilers.org\/wp-content\/uploads\/2023\/05\/EMDG-DANSE-IMPRIMABLE-2023.pdf\" class=\"wp-block-file__button\" download>T\u00e9l\u00e9charger<\/a><\/div>\n\n\n\n<div class=\"wp-block-file\"><a href=\"https:\/\/www.emdg-guilers.org\/wp-content\/uploads\/2023\/05\/EMDG-MUSIQUE-THEATRE-IMPRIMABLE-2023.pdf\">EMDG-MUSIQUE-THEATRE-IMPRIMABLE-2023<\/a><a href=\"https:\/\/www.emdg-guilers.org\/wp-content\/uploads\/2023\/05\/EMDG-MUSIQUE-THEATRE-IMPRIMABLE-2023.pdf\" class=\"wp-block-file__button\" download>T\u00e9l\u00e9charger<\/a><\/div>\n\n\n\n<figure class=\"wp-block-image size-large\"><a href=\"https:\/\/www.emdg-guilers.org\/wp-content\/uploads\/2023\/04\/PROCEDURE-DE-REINSCRIPTION-2-2.pdf\"><img loading=\"lazy\" decoding=\"async\" width=\"600\" height=\"200\" src=\"https:\/\/www.emdg-guilers.org\/wp-content\/uploads\/2023\/04\/Re-Inscriptions-23-24-1.jpg\" alt=\"\" class=\"wp-image-3593\" srcset=\"https:\/\/www.emdg-guilers.org\/wp-content\/uploads\/2023\/04\/Re-Inscriptions-23-24-1.jpg 600w, https:\/\/www.emdg-guilers.org\/wp-content\/uploads\/2023\/04\/Re-Inscriptions-23-24-1-300x100.jpg 300w\" sizes=\"(max-width: 600px) 100vw, 600px\" \/><\/a><\/figure>\n\n\n\n<ul><li>La billetterie des galas de danse de fin d&rsquo;ann\u00e9e est ouverte : <br><a href=\"https:\/\/www.helloasso.com\/associations\/ecole-de-musique-et-danse-de-guilers\/evenements\/gala-des-petits-de-l-emdg-2023\" target=\"_blank\" rel=\"noreferrer noopener\">Gala des petits <\/a> &#8211; 17h &#8211; samedi 10 juin<br><a href=\"https:\/\/www.helloasso.com\/associations\/ecole-de-musique-et-danse-de-guilers\/evenements\/gala-des-grands-de-l-emdg-2023\" target=\"_blank\" rel=\"noreferrer noopener\">Gala des grands<\/a> &#8211; 20h30 &#8211; samedi 10 juin<\/li><li>Bien v\u00e9rifier dans quel gala danse votre enfant. Nombre de places limit\u00e9.<\/li><\/ul>\n\n\n\n<div class=\"wp-block-image\"><figure class=\"aligncenter size-large is-resized\"><a href=\"https:\/\/www.facebook.com\/events\/205838612225962\/?acontext=%7B%22event_action_history%22%3A[%7B%22extra_data%22%3A%22%22%2C%22mechanism%22%3A%22surface%22%2C%22surface%22%3A%22edit_dialog%22%7D%2C%7B%22extra_data%22%3A%22%22%2C%22mechanism%22%3A%22surface%22%2C%22surface%22%3A%22permalink%22%7D%2C%7B%22extra_data%22%3A%22%22%2C%22mechanism%22%3A%22surface%22%2C%22surface%22%3A%22edit_dialog%22%7D]%2C%22ref_notif_type%22%3Anull%7D\"><img loading=\"lazy\" decoding=\"async\" src=\"https:\/\/www.emdg-guilers.org\/wp-content\/uploads\/2023\/05\/GALA-de-danse-2023-724x1024.jpg\" alt=\"\" class=\"wp-image-3602\" width=\"280\" height=\"396\" srcset=\"https:\/\/www.emdg-guilers.org\/wp-content\/uploads\/2023\/05\/GALA-de-danse-2023-724x1024.jpg 724w, https:\/\/www.emdg-guilers.org\/wp-content\/uploads\/2023\/05\/GALA-de-danse-2023-212x300.jpg 212w, https:\/\/www.emdg-guilers.org\/wp-content\/uploads\/2023\/05\/GALA-de-danse-2023-768x1086.jpg 768w, https:\/\/www.emdg-guilers.org\/wp-content\/uploads\/2023\/05\/GALA-de-danse-2023-1086x1536.jpg 1086w, https:\/\/www.emdg-guilers.org\/wp-content\/uploads\/2023\/05\/GALA-de-danse-2023-1448x2048.jpg 1448w, https:\/\/www.emdg-guilers.org\/wp-content\/uploads\/2023\/05\/GALA-de-danse-2023-191x270.jpg 191w, https:\/\/www.emdg-guilers.org\/wp-content\/uploads\/2023\/05\/GALA-de-danse-2023.jpg 1587w\" sizes=\"(max-width: 280px) 100vw, 280px\" \/><\/a><\/figure><\/div>\n","protected":false},"excerpt":{"rendered":"<p>&#8230; Et r\u00e9inscris-toi \u00e0 l&rsquo;EMDG ! Toutes les infos sur les r\u00e9inscriptions, c&rsquo;est ici, rdv du 9 au 28 mai pour avoir une place pour 2023-24 La billetterie des galas de danse de fin d&rsquo;ann\u00e9e est ouverte : Gala des petits &#8211; 17h &#8211; samedi 10 juinGala des grands &#8211; 20h30 &#8211; samedi 10 juin Bien v\u00e9rifier dans quel gala danse votre enfant. Nombre de places limit\u00e9.<\/p>\n","protected":false},"author":3,"featured_media":0,"comment_status":"closed","ping_status":"closed","sticky":false,"template":"","format":"standard","meta":{"footnotes":""},"categories":[1],"tags":[],"yoast_head":"<!-- This site is optimized with the Yoast SEO plugin v22.4 - https:\/\/yoast.com\/wordpress\/plugins\/seo\/ -->\n<title>En mai, fais ce qu&#039;il te pla\u00eet ! - Ecole de Musique, Danse &amp; Th\u00e9\u00e2tre de Guilers<\/title>\n<meta name=\"robots\" content=\"index, follow, max-snippet:-1, max-image-preview:large, max-video-preview:-1\" \/>\n<link rel=\"canonical\" href=\"https:\/\/www.emdg-guilers.org\/index.php\/2023\/04\/26\/en-mai-fais-ce-quil-te-plait\/\" \/>\n<meta property=\"og:locale\" content=\"fr_FR\" \/>\n<meta property=\"og:type\" content=\"article\" \/>\n<meta property=\"og:title\" content=\"En mai, fais ce qu&#039;il te pla\u00eet ! - Ecole de Musique, Danse &amp; Th\u00e9\u00e2tre de Guilers\" \/>\n<meta property=\"og:description\" content=\"&#8230; Et r\u00e9inscris-toi \u00e0 l&rsquo;EMDG ! Toutes les infos sur les r\u00e9inscriptions, c&rsquo;est ici, rdv du 9 au 28 mai pour avoir une place pour 2023-24 La billetterie des galas de danse de fin d&rsquo;ann\u00e9e est ouverte : Gala des petits &#8211; 17h &#8211; samedi 10 juinGala des grands &#8211; 20h30 &#8211; samedi 10 juin Bien v\u00e9rifier dans quel gala danse votre enfant. Nombre de places limit\u00e9.\" \/>\n<meta property=\"og:url\" content=\"https:\/\/www.emdg-guilers.org\/index.php\/2023\/04\/26\/en-mai-fais-ce-quil-te-plait\/\" \/>\n<meta property=\"og:site_name\" content=\"Ecole de Musique, Danse &amp; Th\u00e9\u00e2tre de Guilers\" \/>\n<meta property=\"article:publisher\" content=\"https:\/\/www.facebook.com\/Ecole-de-Musique-et-de-Danse-de-Guilers-480017765533016\/\" \/>\n<meta property=\"article:published_time\" content=\"2023-04-26T14:55:56+00:00\" \/>\n<meta property=\"article:modified_time\" content=\"2023-05-22T08:13:50+00:00\" \/>\n<meta property=\"og:image\" content=\"https:\/\/www.emdg-guilers.org\/wp-content\/uploads\/2023\/04\/Re-Inscriptions-23-24-1.jpg\" \/>\n<meta name=\"author\" content=\"Marie Clavier\" \/>\n<meta name=\"twitter:card\" content=\"summary_large_image\" \/>\n<meta name=\"twitter:label1\" content=\"\u00c9crit par\" \/>\n\t<meta name=\"twitter:data1\" content=\"Marie Clavier\" \/>\n\t<meta name=\"twitter:label2\" content=\"Dur\u00e9e de lecture estim\u00e9e\" \/>\n\t<meta name=\"twitter:data2\" content=\"1 minute\" \/>\n<script type=\"application\/ld+json\" class=\"yoast-schema-graph\">{\"@context\":\"https:\/\/schema.org\",\"@graph\":[{\"@type\":\"Article\",\"@id\":\"https:\/\/www.emdg-guilers.org\/index.php\/2023\/04\/26\/en-mai-fais-ce-quil-te-plait\/#article\",\"isPartOf\":{\"@id\":\"https:\/\/www.emdg-guilers.org\/index.php\/2023\/04\/26\/en-mai-fais-ce-quil-te-plait\/\"},\"author\":{\"name\":\"Marie Clavier\",\"@id\":\"https:\/\/www.emdg-guilers.org\/#\/schema\/person\/5c279d8e49be5f6bfdc87fb9e08559d4\"},\"headline\":\"En mai, fais ce qu&rsquo;il te pla\u00eet !\",\"datePublished\":\"2023-04-26T14:55:56+00:00\",\"dateModified\":\"2023-05-22T08:13:50+00:00\",\"mainEntityOfPage\":{\"@id\":\"https:\/\/www.emdg-guilers.org\/index.php\/2023\/04\/26\/en-mai-fais-ce-quil-te-plait\/\"},\"wordCount\":80,\"publisher\":{\"@id\":\"https:\/\/www.emdg-guilers.org\/#organization\"},\"image\":{\"@id\":\"https:\/\/www.emdg-guilers.org\/index.php\/2023\/04\/26\/en-mai-fais-ce-quil-te-plait\/#primaryimage\"},\"thumbnailUrl\":\"https:\/\/www.emdg-guilers.org\/wp-content\/uploads\/2023\/04\/Re-Inscriptions-23-24-1.jpg\",\"inLanguage\":\"fr-FR\"},{\"@type\":\"WebPage\",\"@id\":\"https:\/\/www.emdg-guilers.org\/index.php\/2023\/04\/26\/en-mai-fais-ce-quil-te-plait\/\",\"url\":\"https:\/\/www.emdg-guilers.org\/index.php\/2023\/04\/26\/en-mai-fais-ce-quil-te-plait\/\",\"name\":\"En mai, fais ce qu'il te pla\u00eet ! - Ecole de Musique, Danse &amp; Th\u00e9\u00e2tre de Guilers\",\"isPartOf\":{\"@id\":\"https:\/\/www.emdg-guilers.org\/#website\"},\"primaryImageOfPage\":{\"@id\":\"https:\/\/www.emdg-guilers.org\/index.php\/2023\/04\/26\/en-mai-fais-ce-quil-te-plait\/#primaryimage\"},\"image\":{\"@id\":\"https:\/\/www.emdg-guilers.org\/index.php\/2023\/04\/26\/en-mai-fais-ce-quil-te-plait\/#primaryimage\"},\"thumbnailUrl\":\"https:\/\/www.emdg-guilers.org\/wp-content\/uploads\/2023\/04\/Re-Inscriptions-23-24-1.jpg\",\"datePublished\":\"2023-04-26T14:55:56+00:00\",\"dateModified\":\"2023-05-22T08:13:50+00:00\",\"breadcrumb\":{\"@id\":\"https:\/\/www.emdg-guilers.org\/index.php\/2023\/04\/26\/en-mai-fais-ce-quil-te-plait\/#breadcrumb\"},\"inLanguage\":\"fr-FR\",\"potentialAction\":[{\"@type\":\"ReadAction\",\"target\":[\"https:\/\/www.emdg-guilers.org\/index.php\/2023\/04\/26\/en-mai-fais-ce-quil-te-plait\/\"]}]},{\"@type\":\"ImageObject\",\"inLanguage\":\"fr-FR\",\"@id\":\"https:\/\/www.emdg-guilers.org\/index.php\/2023\/04\/26\/en-mai-fais-ce-quil-te-plait\/#primaryimage\",\"url\":\"https:\/\/www.emdg-guilers.org\/wp-content\/uploads\/2023\/04\/Re-Inscriptions-23-24-1.jpg\",\"contentUrl\":\"https:\/\/www.emdg-guilers.org\/wp-content\/uploads\/2023\/04\/Re-Inscriptions-23-24-1.jpg\",\"width\":600,\"height\":200},{\"@type\":\"BreadcrumbList\",\"@id\":\"https:\/\/www.emdg-guilers.org\/index.php\/2023\/04\/26\/en-mai-fais-ce-quil-te-plait\/#breadcrumb\",\"itemListElement\":[{\"@type\":\"ListItem\",\"position\":1,\"name\":\"Accueil\",\"item\":\"https:\/\/www.emdg-guilers.org\/\"},{\"@type\":\"ListItem\",\"position\":2,\"name\":\"En mai, fais ce qu&rsquo;il te pla\u00eet !\"}]},{\"@type\":\"WebSite\",\"@id\":\"https:\/\/www.emdg-guilers.org\/#website\",\"url\":\"https:\/\/www.emdg-guilers.org\/\",\"name\":\"Ecole de Musique et Danse de Guilers\",\"description\":\"Ecole associative, cours de musique, danse, th\u00e9\u00e2tre accessibles \u00e0 tous\",\"publisher\":{\"@id\":\"https:\/\/www.emdg-guilers.org\/#organization\"},\"potentialAction\":[{\"@type\":\"SearchAction\",\"target\":{\"@type\":\"EntryPoint\",\"urlTemplate\":\"https:\/\/www.emdg-guilers.org\/?s={search_term_string}\"},\"query-input\":\"required name=search_term_string\"}],\"inLanguage\":\"fr-FR\"},{\"@type\":\"Organization\",\"@id\":\"https:\/\/www.emdg-guilers.org\/#organization\",\"name\":\"Ecole de Musique et de Danse\",\"url\":\"https:\/\/www.emdg-guilers.org\/\",\"logo\":{\"@type\":\"ImageObject\",\"inLanguage\":\"fr-FR\",\"@id\":\"https:\/\/www.emdg-guilers.org\/#\/schema\/logo\/image\/\",\"url\":\"https:\/\/www.emdg-guilers.org\/wp-content\/uploads\/2016\/06\/logo2014.jpg\",\"contentUrl\":\"https:\/\/www.emdg-guilers.org\/wp-content\/uploads\/2016\/06\/logo2014.jpg\",\"width\":214,\"height\":116,\"caption\":\"Ecole de Musique et de Danse\"},\"image\":{\"@id\":\"https:\/\/www.emdg-guilers.org\/#\/schema\/logo\/image\/\"},\"sameAs\":[\"https:\/\/www.facebook.com\/Ecole-de-Musique-et-de-Danse-de-Guilers-480017765533016\/\"]},{\"@type\":\"Person\",\"@id\":\"https:\/\/www.emdg-guilers.org\/#\/schema\/person\/5c279d8e49be5f6bfdc87fb9e08559d4\",\"name\":\"Marie Clavier\",\"image\":{\"@type\":\"ImageObject\",\"inLanguage\":\"fr-FR\",\"@id\":\"https:\/\/www.emdg-guilers.org\/#\/schema\/person\/image\/\",\"url\":\"https:\/\/secure.gravatar.com\/avatar\/82505eeeaf6d53a80197cd7ed92e8de4?s=96&d=mm&r=g\",\"contentUrl\":\"https:\/\/secure.gravatar.com\/avatar\/82505eeeaf6d53a80197cd7ed92e8de4?s=96&d=mm&r=g\",\"caption\":\"Marie Clavier\"},\"url\":\"https:\/\/www.emdg-guilers.org\/index.php\/author\/mclavier\/\"}]}<\/script>\n<!-- \/ Yoast SEO plugin. -->","yoast_head_json":{"title":"En mai, fais ce qu'il te pla\u00eet ! - Ecole de Musique, Danse &amp; Th\u00e9\u00e2tre de Guilers","robots":{"index":"index","follow":"follow","max-snippet":"max-snippet:-1","max-image-preview":"max-image-preview:large","max-video-preview":"max-video-preview:-1"},"canonical":"https:\/\/www.emdg-guilers.org\/index.php\/2023\/04\/26\/en-mai-fais-ce-quil-te-plait\/","og_locale":"fr_FR","og_type":"article","og_title":"En mai, fais ce qu'il te pla\u00eet ! - Ecole de Musique, Danse &amp; Th\u00e9\u00e2tre de Guilers","og_description":"&#8230; Et r\u00e9inscris-toi \u00e0 l&rsquo;EMDG ! Toutes les infos sur les r\u00e9inscriptions, c&rsquo;est ici, rdv du 9 au 28 mai pour avoir une place pour 2023-24 La billetterie des galas de danse de fin d&rsquo;ann\u00e9e est ouverte : Gala des petits &#8211; 17h &#8211; samedi 10 juinGala des grands &#8211; 20h30 &#8211; samedi 10 juin Bien v\u00e9rifier dans quel gala danse votre enfant. Nombre de places limit\u00e9.","og_url":"https:\/\/www.emdg-guilers.org\/index.php\/2023\/04\/26\/en-mai-fais-ce-quil-te-plait\/","og_site_name":"Ecole de Musique, Danse &amp; Th\u00e9\u00e2tre de Guilers","article_publisher":"https:\/\/www.facebook.com\/Ecole-de-Musique-et-de-Danse-de-Guilers-480017765533016\/","article_published_time":"2023-04-26T14:55:56+00:00","article_modified_time":"2023-05-22T08:13:50+00:00","og_image":[{"url":"https:\/\/www.emdg-guilers.org\/wp-content\/uploads\/2023\/04\/Re-Inscriptions-23-24-1.jpg"}],"author":"Marie Clavier","twitter_card":"summary_large_image","twitter_misc":{"\u00c9crit par":"Marie Clavier","Dur\u00e9e de lecture estim\u00e9e":"1 minute"},"schema":{"@context":"https:\/\/schema.org","@graph":[{"@type":"Article","@id":"https:\/\/www.emdg-guilers.org\/index.php\/2023\/04\/26\/en-mai-fais-ce-quil-te-plait\/#article","isPartOf":{"@id":"https:\/\/www.emdg-guilers.org\/index.php\/2023\/04\/26\/en-mai-fais-ce-quil-te-plait\/"},"author":{"name":"Marie Clavier","@id":"https:\/\/www.emdg-guilers.org\/#\/schema\/person\/5c279d8e49be5f6bfdc87fb9e08559d4"},"headline":"En mai, fais ce qu&rsquo;il te pla\u00eet !","datePublished":"2023-04-26T14:55:56+00:00","dateModified":"2023-05-22T08:13:50+00:00","mainEntityOfPage":{"@id":"https:\/\/www.emdg-guilers.org\/index.php\/2023\/04\/26\/en-mai-fais-ce-quil-te-plait\/"},"wordCount":80,"publisher":{"@id":"https:\/\/www.emdg-guilers.org\/#organization"},"image":{"@id":"https:\/\/www.emdg-guilers.org\/index.php\/2023\/04\/26\/en-mai-fais-ce-quil-te-plait\/#primaryimage"},"thumbnailUrl":"https:\/\/www.emdg-guilers.org\/wp-content\/uploads\/2023\/04\/Re-Inscriptions-23-24-1.jpg","inLanguage":"fr-FR"},{"@type":"WebPage","@id":"https:\/\/www.emdg-guilers.org\/index.php\/2023\/04\/26\/en-mai-fais-ce-quil-te-plait\/","url":"https:\/\/www.emdg-guilers.org\/index.php\/2023\/04\/26\/en-mai-fais-ce-quil-te-plait\/","name":"En mai, fais ce qu'il te pla\u00eet ! - Ecole de Musique, Danse &amp; Th\u00e9\u00e2tre de Guilers","isPartOf":{"@id":"https:\/\/www.emdg-guilers.org\/#website"},"primaryImageOfPage":{"@id":"https:\/\/www.emdg-guilers.org\/index.php\/2023\/04\/26\/en-mai-fais-ce-quil-te-plait\/#primaryimage"},"image":{"@id":"https:\/\/www.emdg-guilers.org\/index.php\/2023\/04\/26\/en-mai-fais-ce-quil-te-plait\/#primaryimage"},"thumbnailUrl":"https:\/\/www.emdg-guilers.org\/wp-content\/uploads\/2023\/04\/Re-Inscriptions-23-24-1.jpg","datePublished":"2023-04-26T14:55:56+00:00","dateModified":"2023-05-22T08:13:50+00:00","breadcrumb":{"@id":"https:\/\/www.emdg-guilers.org\/index.php\/2023\/04\/26\/en-mai-fais-ce-quil-te-plait\/#breadcrumb"},"inLanguage":"fr-FR","potentialAction":[{"@type":"ReadAction","target":["https:\/\/www.emdg-guilers.org\/index.php\/2023\/04\/26\/en-mai-fais-ce-quil-te-plait\/"]}]},{"@type":"ImageObject","inLanguage":"fr-FR","@id":"https:\/\/www.emdg-guilers.org\/index.php\/2023\/04\/26\/en-mai-fais-ce-quil-te-plait\/#primaryimage","url":"https:\/\/www.emdg-guilers.org\/wp-content\/uploads\/2023\/04\/Re-Inscriptions-23-24-1.jpg","contentUrl":"https:\/\/www.emdg-guilers.org\/wp-content\/uploads\/2023\/04\/Re-Inscriptions-23-24-1.jpg","width":600,"height":200},{"@type":"BreadcrumbList","@id":"https:\/\/www.emdg-guilers.org\/index.php\/2023\/04\/26\/en-mai-fais-ce-quil-te-plait\/#breadcrumb","itemListElement":[{"@type":"ListItem","position":1,"name":"Accueil","item":"https:\/\/www.emdg-guilers.org\/"},{"@type":"ListItem","position":2,"name":"En mai, fais ce qu&rsquo;il te pla\u00eet !"}]},{"@type":"WebSite","@id":"https:\/\/www.emdg-guilers.org\/#website","url":"https:\/\/www.emdg-guilers.org\/","name":"Ecole de Musique et Danse de Guilers","description":"Ecole associative, cours de musique, danse, th\u00e9\u00e2tre accessibles \u00e0 tous","publisher":{"@id":"https:\/\/www.emdg-guilers.org\/#organization"},"potentialAction":[{"@type":"SearchAction","target":{"@type":"EntryPoint","urlTemplate":"https:\/\/www.emdg-guilers.org\/?s={search_term_string}"},"query-input":"required name=search_term_string"}],"inLanguage":"fr-FR"},{"@type":"Organization","@id":"https:\/\/www.emdg-guilers.org\/#organization","name":"Ecole de Musique et de Danse","url":"https:\/\/www.emdg-guilers.org\/","logo":{"@type":"ImageObject","inLanguage":"fr-FR","@id":"https:\/\/www.emdg-guilers.org\/#\/schema\/logo\/image\/","url":"https:\/\/www.emdg-guilers.org\/wp-content\/uploads\/2016\/06\/logo2014.jpg","contentUrl":"https:\/\/www.emdg-guilers.org\/wp-content\/uploads\/2016\/06\/logo2014.jpg","width":214,"height":116,"caption":"Ecole de Musique et de Danse"},"image":{"@id":"https:\/\/www.emdg-guilers.org\/#\/schema\/logo\/image\/"},"sameAs":["https:\/\/www.facebook.com\/Ecole-de-Musique-et-de-Danse-de-Guilers-480017765533016\/"]},{"@type":"Person","@id":"https:\/\/www.emdg-guilers.org\/#\/schema\/person\/5c279d8e49be5f6bfdc87fb9e08559d4","name":"Marie Clavier","image":{"@type":"ImageObject","inLanguage":"fr-FR","@id":"https:\/\/www.emdg-guilers.org\/#\/schema\/person\/image\/","url":"https:\/\/secure.gravatar.com\/avatar\/82505eeeaf6d53a80197cd7ed92e8de4?s=96&d=mm&r=g","contentUrl":"https:\/\/secure.gravatar.com\/avatar\/82505eeeaf6d53a80197cd7ed92e8de4?s=96&d=mm&r=g","caption":"Marie Clavier"},"url":"https:\/\/www.emdg-guilers.org\/index.php\/author\/mclavier\/"}]}},"_links":{"self":[{"href":"https:\/\/www.emdg-guilers.org\/index.php\/wp-json\/wp\/v2\/posts\/3591"}],"collection":[{"href":"https:\/\/www.emdg-guilers.org\/index.php\/wp-json\/wp\/v2\/posts"}],"about":[{"href":"https:\/\/www.emdg-guilers.org\/index.php\/wp-json\/wp\/v2\/types\/post"}],"author":[{"embeddable":true,"href":"https:\/\/www.emdg-guilers.org\/index.php\/wp-json\/wp\/v2\/users\/3"}],"replies":[{"embeddable":true,"href":"https:\/\/www.emdg-guilers.org\/index.php\/wp-json\/wp\/v2\/comments?post=3591"}],"version-history":[{"count":4,"href":"https:\/\/www.emdg-guilers.org\/index.php\/wp-json\/wp\/v2\/posts\/3591\/revisions"}],"predecessor-version":[{"id":3634,"href":"https:\/\/www.emdg-guilers.org\/index.php\/wp-json\/wp\/v2\/posts\/3591\/revisions\/3634"}],"wp:attachment":[{"href":"https:\/\/www.emdg-guilers.org\/index.php\/wp-json\/wp\/v2\/media?parent=3591"}],"wp:term":[{"taxonomy":"category","embeddable":true,"href":"https:\/\/www.emdg-guilers.org\/index.php\/wp-json\/wp\/v2\/categories?post=3591"},{"taxonomy":"post_tag","embeddable":true,"href":"https:\/\/www.emdg-guilers.org\/index.php\/wp-json\/wp\/v2\/tags?post=3591"}],"curies":[{"name":"wp","href":"https:\/\/api.w.org\/{rel}","templated":true}]}}