{"id":3646,"date":"2023-05-30T11:38:54","date_gmt":"2023-05-30T09:38:54","guid":{"rendered":"https:\/\/www.emdg-guilers.org\/?p=3646"},"modified":"2023-06-20T15:06:14","modified_gmt":"2023-06-20T13:06:14","slug":"nouvelles-inscriptions","status":"publish","type":"post","link":"https:\/\/www.emdg-guilers.org\/index.php\/2023\/05\/30\/nouvelles-inscriptions\/","title":{"rendered":"Nouvelles inscriptions"},"content":{"rendered":"\n<p>Les r\u00e9inscriptions sont closes, maintenant, place aux futurs nouveaux \u00e9l\u00e8ves ! Les nouvelles inscriptions en danse, musique et th\u00e9\u00e2tre d\u00e9marrent le <strong>13 juin.<\/strong> <strong><em>Permanences : samedi 17, 24 juin de 10h \u00e0 12h30.<\/em><\/strong><\/p>\n\n\n\n<p><br><strong>Nouveaut\u00e9s :  <\/strong><br>&#8211; un <a href=\"https:\/\/www.emdg-guilers.org\/index.php\/theatre-emdg\/\">atelier th\u00e9\u00e2tre<\/a> pour les enfants de 9 \u00e0 11 ans (mercredi)<br>&#8211; des cours de <a href=\"https:\/\/www.emdg-guilers.org\/wp-admin\/post.php?post=3732&amp;action=edit\" target=\"_blank\" rel=\"noreferrer noopener\">chant musiques actuelles<\/a> d\u00e8s 7 ans (jeudi)<br>&#8211;<a href=\"https:\/\/www.emdg-guilers.org\/index.php\/3-parcours-global-detudes-pge\/\"> 2 Parcours d&rsquo;Initiation Musicale (PIM)<\/a> pour les enfants de 7 ans qui souhaitent apprendre plusieurs instruments dans l&rsquo;ann\u00e9e (diff\u00e9rent du parcours d\u00e9couverte). Au choix : Tuba \/ trompette, fl\u00fbte, guitare, clarinette (mardi) ou Clavier, violon, percussions, fl\u00fbte traversi\u00e8re (mercredi) &#8211; Nombre de places limit\u00e9.<br>&#8211; un cours de <a href=\"https:\/\/www.emdg-guilers.org\/index.php\/danse\/modern-jazz\/\">danse modern jazz adultes<\/a> (tous niveaux) &#8211; mercredi<br><br><strong>Nos nouvelles professeures :<\/strong> Mah\u00e9e Deloustal (<a href=\"https:\/\/www.emdg-guilers.org\/index.php\/musique\/instruments\/saxophone\/\">saxophone<\/a> \/ <a href=\"https:\/\/www.emdg-guilers.org\/wp-admin\/post.php?post=3732&amp;action=edit\">chant musiques actuelles<\/a>), Lucile Danielou (danse <a href=\"https:\/\/www.emdg-guilers.org\/index.php\/danse\/modern-jazz\/\">modern jazz<\/a> \/ danse <a href=\"https:\/\/www.emdg-guilers.org\/index.php\/danse\/hip-hop\/\">hip hop<\/a>), Anne Pouivet (<a href=\"https:\/\/www.emdg-guilers.org\/index.php\/eveil\/musique\/\">\u00e9veil musical<\/a>, <a href=\"https:\/\/www.emdg-guilers.org\/index.php\/musique\/parcours-decouverte-instrumentale\/\">parcours d\u00e9couverte<\/a>, fl\u00fbte, Dumiste), Esth\u00e8le Maina (<a href=\"https:\/\/www.emdg-guilers.org\/index.php\/eveil\/musique\/\">harpe<\/a>, fl\u00fbte) !<br><br><a href=\"https:\/\/www.emdg-guilers.org\/index.php\/lassociation\/les-permanences\/\">Horaires des permanences<\/a><br><\/p>\n\n\n\n<figure class=\"wp-block-image size-large\"><a href=\"https:\/\/www.emdg-guilers.org\/index.php\/fiches-dinscription-2023-24\/\"><img loading=\"lazy\" decoding=\"async\" width=\"1024\" height=\"577\" src=\"https:\/\/www.emdg-guilers.org\/wp-content\/uploads\/2023\/05\/2-1024x577.jpg\" alt=\"\" class=\"wp-image-3647\" srcset=\"https:\/\/www.emdg-guilers.org\/wp-content\/uploads\/2023\/05\/2-1024x577.jpg 1024w, https:\/\/www.emdg-guilers.org\/wp-content\/uploads\/2023\/05\/2-300x169.jpg 300w, https:\/\/www.emdg-guilers.org\/wp-content\/uploads\/2023\/05\/2-768x433.jpg 768w, https:\/\/www.emdg-guilers.org\/wp-content\/uploads\/2023\/05\/2-1536x865.jpg 1536w, https:\/\/www.emdg-guilers.org\/wp-content\/uploads\/2023\/05\/2-479x270.jpg 479w, https:\/\/www.emdg-guilers.org\/wp-content\/uploads\/2023\/05\/2.jpg 1640w\" sizes=\"(max-width: 1024px) 100vw, 1024px\" \/><\/a><\/figure>\n\n\n\n<div class=\"wp-block-image\"><figure class=\"aligncenter size-large\"><a href=\"https:\/\/www.helloasso.com\/associations\/ecole-de-musique-et-danse-de-guilers\/evenements\/spectacles-de-theatre-groupes-adultes\"><img loading=\"lazy\" decoding=\"async\" width=\"724\" height=\"1024\" src=\"https:\/\/www.emdg-guilers.org\/wp-content\/uploads\/2023\/06\/Spectacles-theatre-adultes-23-juin-724x1024.jpg\" alt=\"\" class=\"wp-image-3675\" srcset=\"https:\/\/www.emdg-guilers.org\/wp-content\/uploads\/2023\/06\/Spectacles-theatre-adultes-23-juin-724x1024.jpg 724w, https:\/\/www.emdg-guilers.org\/wp-content\/uploads\/2023\/06\/Spectacles-theatre-adultes-23-juin-212x300.jpg 212w, https:\/\/www.emdg-guilers.org\/wp-content\/uploads\/2023\/06\/Spectacles-theatre-adultes-23-juin-768x1086.jpg 768w, https:\/\/www.emdg-guilers.org\/wp-content\/uploads\/2023\/06\/Spectacles-theatre-adultes-23-juin-1086x1536.jpg 1086w, https:\/\/www.emdg-guilers.org\/wp-content\/uploads\/2023\/06\/Spectacles-theatre-adultes-23-juin-1448x2048.jpg 1448w, https:\/\/www.emdg-guilers.org\/wp-content\/uploads\/2023\/06\/Spectacles-theatre-adultes-23-juin-191x270.jpg 191w, https:\/\/www.emdg-guilers.org\/wp-content\/uploads\/2023\/06\/Spectacles-theatre-adultes-23-juin.jpg 1587w\" sizes=\"(max-width: 724px) 100vw, 724px\" \/><\/a><figcaption>Spectacle de th\u00e9\u00e2tre des adultes : Cabaret d&rsquo;impro \/ L&rsquo;augmentation, G. Perec<\/figcaption><\/figure><\/div>\n\n\n\n<p>Prenez vos places pour le vendredi 23 juin ! <\/p>\n\n\n\n<p><strong>FIN DES COURS LE SAMEDI 24 JUIN 2023<\/strong><\/p>\n","protected":false},"excerpt":{"rendered":"<p>Les r\u00e9inscriptions sont closes, maintenant, place aux futurs nouveaux \u00e9l\u00e8ves ! Les nouvelles inscriptions en danse, musique et th\u00e9\u00e2tre d\u00e9marrent le 13 juin. Permanences : samedi 17, 24 juin de 10h \u00e0 12h30. Nouveaut\u00e9s : &#8211; un atelier th\u00e9\u00e2tre pour les enfants de 9 \u00e0 11 ans (mercredi)&#8211; des cours de chant musiques actuelles d\u00e8s 7 ans (jeudi)&#8211; 2 Parcours d&rsquo;Initiation Musicale (PIM) pour les enfants de 7 ans qui souhaitent apprendre plusieurs instruments dans l&rsquo;ann\u00e9e (diff\u00e9rent du parcours d\u00e9couverte)&#8230;.<\/p>\n<p class=\"read-more\"><a class=\"btn btn-default\" href=\"https:\/\/www.emdg-guilers.org\/index.php\/2023\/05\/30\/nouvelles-inscriptions\/\">Lire la suite<span class=\"screen-reader-text\"> Lire la suite<\/span><\/a><\/p>\n","protected":false},"author":3,"featured_media":0,"comment_status":"closed","ping_status":"closed","sticky":false,"template":"","format":"standard","meta":{"footnotes":""},"categories":[1],"tags":[],"yoast_head":"<!-- This site is optimized with the Yoast SEO plugin v22.4 - https:\/\/yoast.com\/wordpress\/plugins\/seo\/ -->\n<title>Nouvelles inscriptions - Ecole de Musique, Danse &amp; Th\u00e9\u00e2tre de Guilers<\/title>\n<meta name=\"robots\" content=\"index, follow, max-snippet:-1, max-image-preview:large, max-video-preview:-1\" \/>\n<link rel=\"canonical\" href=\"https:\/\/www.emdg-guilers.org\/index.php\/2023\/05\/30\/nouvelles-inscriptions\/\" \/>\n<meta property=\"og:locale\" content=\"fr_FR\" \/>\n<meta property=\"og:type\" content=\"article\" \/>\n<meta property=\"og:title\" content=\"Nouvelles inscriptions - Ecole de Musique, Danse &amp; Th\u00e9\u00e2tre de Guilers\" \/>\n<meta property=\"og:description\" content=\"Les r\u00e9inscriptions sont closes, maintenant, place aux futurs nouveaux \u00e9l\u00e8ves ! Les nouvelles inscriptions en danse, musique et th\u00e9\u00e2tre d\u00e9marrent le 13 juin. Permanences : samedi 17, 24 juin de 10h \u00e0 12h30. Nouveaut\u00e9s : &#8211; un atelier th\u00e9\u00e2tre pour les enfants de 9 \u00e0 11 ans (mercredi)&#8211; des cours de chant musiques actuelles d\u00e8s 7 ans (jeudi)&#8211; 2 Parcours d&rsquo;Initiation Musicale (PIM) pour les enfants de 7 ans qui souhaitent apprendre plusieurs instruments dans l&rsquo;ann\u00e9e (diff\u00e9rent du parcours d\u00e9couverte)....Lire la suite Lire la suite\" \/>\n<meta property=\"og:url\" content=\"https:\/\/www.emdg-guilers.org\/index.php\/2023\/05\/30\/nouvelles-inscriptions\/\" \/>\n<meta property=\"og:site_name\" content=\"Ecole de Musique, Danse &amp; Th\u00e9\u00e2tre de Guilers\" \/>\n<meta property=\"article:publisher\" content=\"https:\/\/www.facebook.com\/Ecole-de-Musique-et-de-Danse-de-Guilers-480017765533016\/\" \/>\n<meta property=\"article:published_time\" content=\"2023-05-30T09:38:54+00:00\" \/>\n<meta property=\"article:modified_time\" content=\"2023-06-20T13:06:14+00:00\" \/>\n<meta property=\"og:image\" content=\"https:\/\/www.emdg-guilers.org\/wp-content\/uploads\/2023\/05\/2-1024x577.jpg\" \/>\n<meta name=\"author\" content=\"Marie Clavier\" \/>\n<meta name=\"twitter:card\" content=\"summary_large_image\" \/>\n<meta name=\"twitter:label1\" content=\"\u00c9crit par\" \/>\n\t<meta name=\"twitter:data1\" content=\"Marie Clavier\" \/>\n\t<meta name=\"twitter:label2\" content=\"Dur\u00e9e de lecture estim\u00e9e\" \/>\n\t<meta name=\"twitter:data2\" content=\"2 minutes\" \/>\n<script type=\"application\/ld+json\" class=\"yoast-schema-graph\">{\"@context\":\"https:\/\/schema.org\",\"@graph\":[{\"@type\":\"Article\",\"@id\":\"https:\/\/www.emdg-guilers.org\/index.php\/2023\/05\/30\/nouvelles-inscriptions\/#article\",\"isPartOf\":{\"@id\":\"https:\/\/www.emdg-guilers.org\/index.php\/2023\/05\/30\/nouvelles-inscriptions\/\"},\"author\":{\"name\":\"Marie Clavier\",\"@id\":\"https:\/\/www.emdg-guilers.org\/#\/schema\/person\/5c279d8e49be5f6bfdc87fb9e08559d4\"},\"headline\":\"Nouvelles inscriptions\",\"datePublished\":\"2023-05-30T09:38:54+00:00\",\"dateModified\":\"2023-06-20T13:06:14+00:00\",\"mainEntityOfPage\":{\"@id\":\"https:\/\/www.emdg-guilers.org\/index.php\/2023\/05\/30\/nouvelles-inscriptions\/\"},\"wordCount\":177,\"publisher\":{\"@id\":\"https:\/\/www.emdg-guilers.org\/#organization\"},\"image\":{\"@id\":\"https:\/\/www.emdg-guilers.org\/index.php\/2023\/05\/30\/nouvelles-inscriptions\/#primaryimage\"},\"thumbnailUrl\":\"https:\/\/www.emdg-guilers.org\/wp-content\/uploads\/2023\/05\/2-1024x577.jpg\",\"inLanguage\":\"fr-FR\"},{\"@type\":\"WebPage\",\"@id\":\"https:\/\/www.emdg-guilers.org\/index.php\/2023\/05\/30\/nouvelles-inscriptions\/\",\"url\":\"https:\/\/www.emdg-guilers.org\/index.php\/2023\/05\/30\/nouvelles-inscriptions\/\",\"name\":\"Nouvelles inscriptions - Ecole de Musique, Danse &amp; Th\u00e9\u00e2tre de Guilers\",\"isPartOf\":{\"@id\":\"https:\/\/www.emdg-guilers.org\/#website\"},\"primaryImageOfPage\":{\"@id\":\"https:\/\/www.emdg-guilers.org\/index.php\/2023\/05\/30\/nouvelles-inscriptions\/#primaryimage\"},\"image\":{\"@id\":\"https:\/\/www.emdg-guilers.org\/index.php\/2023\/05\/30\/nouvelles-inscriptions\/#primaryimage\"},\"thumbnailUrl\":\"https:\/\/www.emdg-guilers.org\/wp-content\/uploads\/2023\/05\/2-1024x577.jpg\",\"datePublished\":\"2023-05-30T09:38:54+00:00\",\"dateModified\":\"2023-06-20T13:06:14+00:00\",\"breadcrumb\":{\"@id\":\"https:\/\/www.emdg-guilers.org\/index.php\/2023\/05\/30\/nouvelles-inscriptions\/#breadcrumb\"},\"inLanguage\":\"fr-FR\",\"potentialAction\":[{\"@type\":\"ReadAction\",\"target\":[\"https:\/\/www.emdg-guilers.org\/index.php\/2023\/05\/30\/nouvelles-inscriptions\/\"]}]},{\"@type\":\"ImageObject\",\"inLanguage\":\"fr-FR\",\"@id\":\"https:\/\/www.emdg-guilers.org\/index.php\/2023\/05\/30\/nouvelles-inscriptions\/#primaryimage\",\"url\":\"https:\/\/www.emdg-guilers.org\/wp-content\/uploads\/2023\/05\/2.jpg\",\"contentUrl\":\"https:\/\/www.emdg-guilers.org\/wp-content\/uploads\/2023\/05\/2.jpg\",\"width\":1640,\"height\":924},{\"@type\":\"BreadcrumbList\",\"@id\":\"https:\/\/www.emdg-guilers.org\/index.php\/2023\/05\/30\/nouvelles-inscriptions\/#breadcrumb\",\"itemListElement\":[{\"@type\":\"ListItem\",\"position\":1,\"name\":\"Accueil\",\"item\":\"https:\/\/www.emdg-guilers.org\/\"},{\"@type\":\"ListItem\",\"position\":2,\"name\":\"Nouvelles inscriptions\"}]},{\"@type\":\"WebSite\",\"@id\":\"https:\/\/www.emdg-guilers.org\/#website\",\"url\":\"https:\/\/www.emdg-guilers.org\/\",\"name\":\"Ecole de Musique et Danse de Guilers\",\"description\":\"Ecole associative, cours de musique, danse, th\u00e9\u00e2tre accessibles \u00e0 tous\",\"publisher\":{\"@id\":\"https:\/\/www.emdg-guilers.org\/#organization\"},\"potentialAction\":[{\"@type\":\"SearchAction\",\"target\":{\"@type\":\"EntryPoint\",\"urlTemplate\":\"https:\/\/www.emdg-guilers.org\/?s={search_term_string}\"},\"query-input\":\"required name=search_term_string\"}],\"inLanguage\":\"fr-FR\"},{\"@type\":\"Organization\",\"@id\":\"https:\/\/www.emdg-guilers.org\/#organization\",\"name\":\"Ecole de Musique et de Danse\",\"url\":\"https:\/\/www.emdg-guilers.org\/\",\"logo\":{\"@type\":\"ImageObject\",\"inLanguage\":\"fr-FR\",\"@id\":\"https:\/\/www.emdg-guilers.org\/#\/schema\/logo\/image\/\",\"url\":\"https:\/\/www.emdg-guilers.org\/wp-content\/uploads\/2016\/06\/logo2014.jpg\",\"contentUrl\":\"https:\/\/www.emdg-guilers.org\/wp-content\/uploads\/2016\/06\/logo2014.jpg\",\"width\":214,\"height\":116,\"caption\":\"Ecole de Musique et de Danse\"},\"image\":{\"@id\":\"https:\/\/www.emdg-guilers.org\/#\/schema\/logo\/image\/\"},\"sameAs\":[\"https:\/\/www.facebook.com\/Ecole-de-Musique-et-de-Danse-de-Guilers-480017765533016\/\"]},{\"@type\":\"Person\",\"@id\":\"https:\/\/www.emdg-guilers.org\/#\/schema\/person\/5c279d8e49be5f6bfdc87fb9e08559d4\",\"name\":\"Marie Clavier\",\"image\":{\"@type\":\"ImageObject\",\"inLanguage\":\"fr-FR\",\"@id\":\"https:\/\/www.emdg-guilers.org\/#\/schema\/person\/image\/\",\"url\":\"https:\/\/secure.gravatar.com\/avatar\/82505eeeaf6d53a80197cd7ed92e8de4?s=96&d=mm&r=g\",\"contentUrl\":\"https:\/\/secure.gravatar.com\/avatar\/82505eeeaf6d53a80197cd7ed92e8de4?s=96&d=mm&r=g\",\"caption\":\"Marie Clavier\"},\"url\":\"https:\/\/www.emdg-guilers.org\/index.php\/author\/mclavier\/\"}]}<\/script>\n<!-- \/ Yoast SEO plugin. -->","yoast_head_json":{"title":"Nouvelles inscriptions - Ecole de Musique, Danse &amp; Th\u00e9\u00e2tre de Guilers","robots":{"index":"index","follow":"follow","max-snippet":"max-snippet:-1","max-image-preview":"max-image-preview:large","max-video-preview":"max-video-preview:-1"},"canonical":"https:\/\/www.emdg-guilers.org\/index.php\/2023\/05\/30\/nouvelles-inscriptions\/","og_locale":"fr_FR","og_type":"article","og_title":"Nouvelles inscriptions - Ecole de Musique, Danse &amp; Th\u00e9\u00e2tre de Guilers","og_description":"Les r\u00e9inscriptions sont closes, maintenant, place aux futurs nouveaux \u00e9l\u00e8ves ! Les nouvelles inscriptions en danse, musique et th\u00e9\u00e2tre d\u00e9marrent le 13 juin. Permanences : samedi 17, 24 juin de 10h \u00e0 12h30. Nouveaut\u00e9s : &#8211; un atelier th\u00e9\u00e2tre pour les enfants de 9 \u00e0 11 ans (mercredi)&#8211; des cours de chant musiques actuelles d\u00e8s 7 ans (jeudi)&#8211; 2 Parcours d&rsquo;Initiation Musicale (PIM) pour les enfants de 7 ans qui souhaitent apprendre plusieurs instruments dans l&rsquo;ann\u00e9e (diff\u00e9rent du parcours d\u00e9couverte)....Lire la suite Lire la suite","og_url":"https:\/\/www.emdg-guilers.org\/index.php\/2023\/05\/30\/nouvelles-inscriptions\/","og_site_name":"Ecole de Musique, Danse &amp; Th\u00e9\u00e2tre de Guilers","article_publisher":"https:\/\/www.facebook.com\/Ecole-de-Musique-et-de-Danse-de-Guilers-480017765533016\/","article_published_time":"2023-05-30T09:38:54+00:00","article_modified_time":"2023-06-20T13:06:14+00:00","og_image":[{"url":"https:\/\/www.emdg-guilers.org\/wp-content\/uploads\/2023\/05\/2-1024x577.jpg"}],"author":"Marie Clavier","twitter_card":"summary_large_image","twitter_misc":{"\u00c9crit par":"Marie Clavier","Dur\u00e9e de lecture estim\u00e9e":"2 minutes"},"schema":{"@context":"https:\/\/schema.org","@graph":[{"@type":"Article","@id":"https:\/\/www.emdg-guilers.org\/index.php\/2023\/05\/30\/nouvelles-inscriptions\/#article","isPartOf":{"@id":"https:\/\/www.emdg-guilers.org\/index.php\/2023\/05\/30\/nouvelles-inscriptions\/"},"author":{"name":"Marie Clavier","@id":"https:\/\/www.emdg-guilers.org\/#\/schema\/person\/5c279d8e49be5f6bfdc87fb9e08559d4"},"headline":"Nouvelles inscriptions","datePublished":"2023-05-30T09:38:54+00:00","dateModified":"2023-06-20T13:06:14+00:00","mainEntityOfPage":{"@id":"https:\/\/www.emdg-guilers.org\/index.php\/2023\/05\/30\/nouvelles-inscriptions\/"},"wordCount":177,"publisher":{"@id":"https:\/\/www.emdg-guilers.org\/#organization"},"image":{"@id":"https:\/\/www.emdg-guilers.org\/index.php\/2023\/05\/30\/nouvelles-inscriptions\/#primaryimage"},"thumbnailUrl":"https:\/\/www.emdg-guilers.org\/wp-content\/uploads\/2023\/05\/2-1024x577.jpg","inLanguage":"fr-FR"},{"@type":"WebPage","@id":"https:\/\/www.emdg-guilers.org\/index.php\/2023\/05\/30\/nouvelles-inscriptions\/","url":"https:\/\/www.emdg-guilers.org\/index.php\/2023\/05\/30\/nouvelles-inscriptions\/","name":"Nouvelles inscriptions - Ecole de Musique, Danse &amp; Th\u00e9\u00e2tre de Guilers","isPartOf":{"@id":"https:\/\/www.emdg-guilers.org\/#website"},"primaryImageOfPage":{"@id":"https:\/\/www.emdg-guilers.org\/index.php\/2023\/05\/30\/nouvelles-inscriptions\/#primaryimage"},"image":{"@id":"https:\/\/www.emdg-guilers.org\/index.php\/2023\/05\/30\/nouvelles-inscriptions\/#primaryimage"},"thumbnailUrl":"https:\/\/www.emdg-guilers.org\/wp-content\/uploads\/2023\/05\/2-1024x577.jpg","datePublished":"2023-05-30T09:38:54+00:00","dateModified":"2023-06-20T13:06:14+00:00","breadcrumb":{"@id":"https:\/\/www.emdg-guilers.org\/index.php\/2023\/05\/30\/nouvelles-inscriptions\/#breadcrumb"},"inLanguage":"fr-FR","potentialAction":[{"@type":"ReadAction","target":["https:\/\/www.emdg-guilers.org\/index.php\/2023\/05\/30\/nouvelles-inscriptions\/"]}]},{"@type":"ImageObject","inLanguage":"fr-FR","@id":"https:\/\/www.emdg-guilers.org\/index.php\/2023\/05\/30\/nouvelles-inscriptions\/#primaryimage","url":"https:\/\/www.emdg-guilers.org\/wp-content\/uploads\/2023\/05\/2.jpg","contentUrl":"https:\/\/www.emdg-guilers.org\/wp-content\/uploads\/2023\/05\/2.jpg","width":1640,"height":924},{"@type":"BreadcrumbList","@id":"https:\/\/www.emdg-guilers.org\/index.php\/2023\/05\/30\/nouvelles-inscriptions\/#breadcrumb","itemListElement":[{"@type":"ListItem","position":1,"name":"Accueil","item":"https:\/\/www.emdg-guilers.org\/"},{"@type":"ListItem","position":2,"name":"Nouvelles inscriptions"}]},{"@type":"WebSite","@id":"https:\/\/www.emdg-guilers.org\/#website","url":"https:\/\/www.emdg-guilers.org\/","name":"Ecole de Musique et Danse de Guilers","description":"Ecole associative, cours de musique, danse, th\u00e9\u00e2tre accessibles \u00e0 tous","publisher":{"@id":"https:\/\/www.emdg-guilers.org\/#organization"},"potentialAction":[{"@type":"SearchAction","target":{"@type":"EntryPoint","urlTemplate":"https:\/\/www.emdg-guilers.org\/?s={search_term_string}"},"query-input":"required name=search_term_string"}],"inLanguage":"fr-FR"},{"@type":"Organization","@id":"https:\/\/www.emdg-guilers.org\/#organization","name":"Ecole de Musique et de Danse","url":"https:\/\/www.emdg-guilers.org\/","logo":{"@type":"ImageObject","inLanguage":"fr-FR","@id":"https:\/\/www.emdg-guilers.org\/#\/schema\/logo\/image\/","url":"https:\/\/www.emdg-guilers.org\/wp-content\/uploads\/2016\/06\/logo2014.jpg","contentUrl":"https:\/\/www.emdg-guilers.org\/wp-content\/uploads\/2016\/06\/logo2014.jpg","width":214,"height":116,"caption":"Ecole de Musique et de Danse"},"image":{"@id":"https:\/\/www.emdg-guilers.org\/#\/schema\/logo\/image\/"},"sameAs":["https:\/\/www.facebook.com\/Ecole-de-Musique-et-de-Danse-de-Guilers-480017765533016\/"]},{"@type":"Person","@id":"https:\/\/www.emdg-guilers.org\/#\/schema\/person\/5c279d8e49be5f6bfdc87fb9e08559d4","name":"Marie Clavier","image":{"@type":"ImageObject","inLanguage":"fr-FR","@id":"https:\/\/www.emdg-guilers.org\/#\/schema\/person\/image\/","url":"https:\/\/secure.gravatar.com\/avatar\/82505eeeaf6d53a80197cd7ed92e8de4?s=96&d=mm&r=g","contentUrl":"https:\/\/secure.gravatar.com\/avatar\/82505eeeaf6d53a80197cd7ed92e8de4?s=96&d=mm&r=g","caption":"Marie Clavier"},"url":"https:\/\/www.emdg-guilers.org\/index.php\/author\/mclavier\/"}]}},"_links":{"self":[{"href":"https:\/\/www.emdg-guilers.org\/index.php\/wp-json\/wp\/v2\/posts\/3646"}],"collection":[{"href":"https:\/\/www.emdg-guilers.org\/index.php\/wp-json\/wp\/v2\/posts"}],"about":[{"href":"https:\/\/www.emdg-guilers.org\/index.php\/wp-json\/wp\/v2\/types\/post"}],"author":[{"embeddable":true,"href":"https:\/\/www.emdg-guilers.org\/index.php\/wp-json\/wp\/v2\/users\/3"}],"replies":[{"embeddable":true,"href":"https:\/\/www.emdg-guilers.org\/index.php\/wp-json\/wp\/v2\/comments?post=3646"}],"version-history":[{"count":11,"href":"https:\/\/www.emdg-guilers.org\/index.php\/wp-json\/wp\/v2\/posts\/3646\/revisions"}],"predecessor-version":[{"id":3756,"href":"https:\/\/www.emdg-guilers.org\/index.php\/wp-json\/wp\/v2\/posts\/3646\/revisions\/3756"}],"wp:attachment":[{"href":"https:\/\/www.emdg-guilers.org\/index.php\/wp-json\/wp\/v2\/media?parent=3646"}],"wp:term":[{"taxonomy":"category","embeddable":true,"href":"https:\/\/www.emdg-guilers.org\/index.php\/wp-json\/wp\/v2\/categories?post=3646"},{"taxonomy":"post_tag","embeddable":true,"href":"https:\/\/www.emdg-guilers.org\/index.php\/wp-json\/wp\/v2\/tags?post=3646"}],"curies":[{"name":"wp","href":"https:\/\/api.w.org\/{rel}","templated":true}]}}