{"id":3791,"date":"2023-08-28T19:01:48","date_gmt":"2023-08-28T17:01:48","guid":{"rendered":"https:\/\/www.emdg-guilers.org\/?p=3791"},"modified":"2023-08-28T19:03:25","modified_gmt":"2023-08-28T17:03:25","slug":"forum-des-assos-2-sept-guilers","status":"publish","type":"post","link":"https:\/\/www.emdg-guilers.org\/index.php\/2023\/08\/28\/forum-des-assos-2-sept-guilers\/","title":{"rendered":"Forum des assos \/ 2 sept \/ Guilers"},"content":{"rendered":"\n<div class=\"wp-block-image\"><figure class=\"aligncenter size-large is-resized\"><img loading=\"lazy\" decoding=\"async\" src=\"https:\/\/www.emdg-guilers.org\/wp-content\/uploads\/2023\/08\/forum-des-assos-2023-1024x1024.jpg\" alt=\"\" class=\"wp-image-3792\" width=\"423\" height=\"423\" srcset=\"https:\/\/www.emdg-guilers.org\/wp-content\/uploads\/2023\/08\/forum-des-assos-2023-1024x1024.jpg 1024w, https:\/\/www.emdg-guilers.org\/wp-content\/uploads\/2023\/08\/forum-des-assos-2023-300x300.jpg 300w, https:\/\/www.emdg-guilers.org\/wp-content\/uploads\/2023\/08\/forum-des-assos-2023-150x150.jpg 150w, https:\/\/www.emdg-guilers.org\/wp-content\/uploads\/2023\/08\/forum-des-assos-2023-768x768.jpg 768w, https:\/\/www.emdg-guilers.org\/wp-content\/uploads\/2023\/08\/forum-des-assos-2023-270x270.jpg 270w, https:\/\/www.emdg-guilers.org\/wp-content\/uploads\/2023\/08\/forum-des-assos-2023.jpg 1080w\" sizes=\"(max-width: 423px) 100vw, 423px\" \/><\/figure><\/div>\n\n\n\n<p class=\"has-text-align-left\">Venez rencontrer l&rsquo;\u00e9quipe de l&rsquo;Ecole de Musique, danse et th\u00e9\u00e2tre de Guilers \u00e0 l&rsquo;occasion du <strong>Forum des associations de la ville. Rdv le samedi 2 septembre, entre 9h et 13h<\/strong> \u00e0 l&rsquo;Espace Pagnol, salle Jean de Florette, Guilers, stand au fond \u00e0 gauche !<\/p>\n\n\n\n<p>Si vous avez pr\u00e9vu de vous inscrire, n&rsquo;oubliez pas d&rsquo;amener un moyen de paiement (ch\u00e8que de pr\u00e9f\u00e9rence, mais nous acceptons aussi les ANCV, esp\u00e8ces, pr\u00e9l\u00e8vements sur pr\u00e9sentation d&rsquo;un RIB) et certificats m\u00e9dicaux pour la danse (si vous les avez d\u00e9j\u00e0). A tr\u00e8s vite !<\/p>\n","protected":false},"excerpt":{"rendered":"<p>Venez rencontrer l&rsquo;\u00e9quipe de l&rsquo;Ecole de Musique, danse et th\u00e9\u00e2tre de Guilers \u00e0 l&rsquo;occasion du Forum des associations de la ville. Rdv le samedi 2 septembre, entre 9h et 13h \u00e0 l&rsquo;Espace Pagnol, salle Jean de Florette, Guilers, stand au fond \u00e0 gauche ! Si vous avez pr\u00e9vu de vous inscrire, n&rsquo;oubliez pas d&rsquo;amener un moyen de paiement (ch\u00e8que de pr\u00e9f\u00e9rence, mais nous acceptons aussi les ANCV, esp\u00e8ces, pr\u00e9l\u00e8vements sur pr\u00e9sentation d&rsquo;un RIB) et certificats m\u00e9dicaux pour la danse (si&#8230;<\/p>\n<p class=\"read-more\"><a class=\"btn btn-default\" href=\"https:\/\/www.emdg-guilers.org\/index.php\/2023\/08\/28\/forum-des-assos-2-sept-guilers\/\">Lire la suite<span class=\"screen-reader-text\"> Lire la suite<\/span><\/a><\/p>\n","protected":false},"author":3,"featured_media":0,"comment_status":"closed","ping_status":"closed","sticky":false,"template":"","format":"standard","meta":{"footnotes":""},"categories":[1],"tags":[15,128,18,127,17],"yoast_head":"<!-- This site is optimized with the Yoast SEO plugin v22.4 - https:\/\/yoast.com\/wordpress\/plugins\/seo\/ -->\n<title>Forum des assos \/ 2 sept \/ Guilers - Ecole de Musique, Danse &amp; Th\u00e9\u00e2tre de Guilers<\/title>\n<meta name=\"robots\" content=\"index, follow, max-snippet:-1, max-image-preview:large, max-video-preview:-1\" \/>\n<link rel=\"canonical\" href=\"https:\/\/www.emdg-guilers.org\/index.php\/2023\/08\/28\/forum-des-assos-2-sept-guilers\/\" \/>\n<meta property=\"og:locale\" content=\"fr_FR\" \/>\n<meta property=\"og:type\" content=\"article\" \/>\n<meta property=\"og:title\" content=\"Forum des assos \/ 2 sept \/ Guilers - Ecole de Musique, Danse &amp; Th\u00e9\u00e2tre de Guilers\" \/>\n<meta property=\"og:description\" content=\"Venez rencontrer l&rsquo;\u00e9quipe de l&rsquo;Ecole de Musique, danse et th\u00e9\u00e2tre de Guilers \u00e0 l&rsquo;occasion du Forum des associations de la ville. Rdv le samedi 2 septembre, entre 9h et 13h \u00e0 l&rsquo;Espace Pagnol, salle Jean de Florette, Guilers, stand au fond \u00e0 gauche ! Si vous avez pr\u00e9vu de vous inscrire, n&rsquo;oubliez pas d&rsquo;amener un moyen de paiement (ch\u00e8que de pr\u00e9f\u00e9rence, mais nous acceptons aussi les ANCV, esp\u00e8ces, pr\u00e9l\u00e8vements sur pr\u00e9sentation d&rsquo;un RIB) et certificats m\u00e9dicaux pour la danse (si...Lire la suite Lire la suite\" \/>\n<meta property=\"og:url\" content=\"https:\/\/www.emdg-guilers.org\/index.php\/2023\/08\/28\/forum-des-assos-2-sept-guilers\/\" \/>\n<meta property=\"og:site_name\" content=\"Ecole de Musique, Danse &amp; Th\u00e9\u00e2tre de Guilers\" \/>\n<meta property=\"article:publisher\" content=\"https:\/\/www.facebook.com\/Ecole-de-Musique-et-de-Danse-de-Guilers-480017765533016\/\" \/>\n<meta property=\"article:published_time\" content=\"2023-08-28T17:01:48+00:00\" \/>\n<meta property=\"article:modified_time\" content=\"2023-08-28T17:03:25+00:00\" \/>\n<meta property=\"og:image\" content=\"https:\/\/www.emdg-guilers.org\/wp-content\/uploads\/2023\/08\/forum-des-assos-2023-1024x1024.jpg\" \/>\n<meta name=\"author\" content=\"Marie Clavier\" \/>\n<meta name=\"twitter:card\" content=\"summary_large_image\" \/>\n<meta name=\"twitter:label1\" content=\"\u00c9crit par\" \/>\n\t<meta name=\"twitter:data1\" content=\"Marie Clavier\" \/>\n\t<meta name=\"twitter:label2\" content=\"Dur\u00e9e de lecture estim\u00e9e\" \/>\n\t<meta name=\"twitter:data2\" content=\"1 minute\" \/>\n<script type=\"application\/ld+json\" class=\"yoast-schema-graph\">{\"@context\":\"https:\/\/schema.org\",\"@graph\":[{\"@type\":\"Article\",\"@id\":\"https:\/\/www.emdg-guilers.org\/index.php\/2023\/08\/28\/forum-des-assos-2-sept-guilers\/#article\",\"isPartOf\":{\"@id\":\"https:\/\/www.emdg-guilers.org\/index.php\/2023\/08\/28\/forum-des-assos-2-sept-guilers\/\"},\"author\":{\"name\":\"Marie Clavier\",\"@id\":\"https:\/\/www.emdg-guilers.org\/#\/schema\/person\/5c279d8e49be5f6bfdc87fb9e08559d4\"},\"headline\":\"Forum des assos \/ 2 sept \/ Guilers\",\"datePublished\":\"2023-08-28T17:01:48+00:00\",\"dateModified\":\"2023-08-28T17:03:25+00:00\",\"mainEntityOfPage\":{\"@id\":\"https:\/\/www.emdg-guilers.org\/index.php\/2023\/08\/28\/forum-des-assos-2-sept-guilers\/\"},\"wordCount\":100,\"publisher\":{\"@id\":\"https:\/\/www.emdg-guilers.org\/#organization\"},\"image\":{\"@id\":\"https:\/\/www.emdg-guilers.org\/index.php\/2023\/08\/28\/forum-des-assos-2-sept-guilers\/#primaryimage\"},\"thumbnailUrl\":\"https:\/\/www.emdg-guilers.org\/wp-content\/uploads\/2023\/08\/forum-des-assos-2023-1024x1024.jpg\",\"keywords\":[\"activit\u00e9\",\"associations\",\"brest\",\"forum\",\"guilers\"],\"inLanguage\":\"fr-FR\"},{\"@type\":\"WebPage\",\"@id\":\"https:\/\/www.emdg-guilers.org\/index.php\/2023\/08\/28\/forum-des-assos-2-sept-guilers\/\",\"url\":\"https:\/\/www.emdg-guilers.org\/index.php\/2023\/08\/28\/forum-des-assos-2-sept-guilers\/\",\"name\":\"Forum des assos \/ 2 sept \/ Guilers - Ecole de Musique, Danse &amp; Th\u00e9\u00e2tre de Guilers\",\"isPartOf\":{\"@id\":\"https:\/\/www.emdg-guilers.org\/#website\"},\"primaryImageOfPage\":{\"@id\":\"https:\/\/www.emdg-guilers.org\/index.php\/2023\/08\/28\/forum-des-assos-2-sept-guilers\/#primaryimage\"},\"image\":{\"@id\":\"https:\/\/www.emdg-guilers.org\/index.php\/2023\/08\/28\/forum-des-assos-2-sept-guilers\/#primaryimage\"},\"thumbnailUrl\":\"https:\/\/www.emdg-guilers.org\/wp-content\/uploads\/2023\/08\/forum-des-assos-2023-1024x1024.jpg\",\"datePublished\":\"2023-08-28T17:01:48+00:00\",\"dateModified\":\"2023-08-28T17:03:25+00:00\",\"breadcrumb\":{\"@id\":\"https:\/\/www.emdg-guilers.org\/index.php\/2023\/08\/28\/forum-des-assos-2-sept-guilers\/#breadcrumb\"},\"inLanguage\":\"fr-FR\",\"potentialAction\":[{\"@type\":\"ReadAction\",\"target\":[\"https:\/\/www.emdg-guilers.org\/index.php\/2023\/08\/28\/forum-des-assos-2-sept-guilers\/\"]}]},{\"@type\":\"ImageObject\",\"inLanguage\":\"fr-FR\",\"@id\":\"https:\/\/www.emdg-guilers.org\/index.php\/2023\/08\/28\/forum-des-assos-2-sept-guilers\/#primaryimage\",\"url\":\"https:\/\/www.emdg-guilers.org\/wp-content\/uploads\/2023\/08\/forum-des-assos-2023.jpg\",\"contentUrl\":\"https:\/\/www.emdg-guilers.org\/wp-content\/uploads\/2023\/08\/forum-des-assos-2023.jpg\",\"width\":1080,\"height\":1080},{\"@type\":\"BreadcrumbList\",\"@id\":\"https:\/\/www.emdg-guilers.org\/index.php\/2023\/08\/28\/forum-des-assos-2-sept-guilers\/#breadcrumb\",\"itemListElement\":[{\"@type\":\"ListItem\",\"position\":1,\"name\":\"Accueil\",\"item\":\"https:\/\/www.emdg-guilers.org\/\"},{\"@type\":\"ListItem\",\"position\":2,\"name\":\"Forum des assos \/ 2 sept \/ Guilers\"}]},{\"@type\":\"WebSite\",\"@id\":\"https:\/\/www.emdg-guilers.org\/#website\",\"url\":\"https:\/\/www.emdg-guilers.org\/\",\"name\":\"Ecole de Musique et Danse de Guilers\",\"description\":\"Ecole associative, cours de musique, danse, th\u00e9\u00e2tre accessibles \u00e0 tous\",\"publisher\":{\"@id\":\"https:\/\/www.emdg-guilers.org\/#organization\"},\"potentialAction\":[{\"@type\":\"SearchAction\",\"target\":{\"@type\":\"EntryPoint\",\"urlTemplate\":\"https:\/\/www.emdg-guilers.org\/?s={search_term_string}\"},\"query-input\":\"required name=search_term_string\"}],\"inLanguage\":\"fr-FR\"},{\"@type\":\"Organization\",\"@id\":\"https:\/\/www.emdg-guilers.org\/#organization\",\"name\":\"Ecole de Musique et de Danse\",\"url\":\"https:\/\/www.emdg-guilers.org\/\",\"logo\":{\"@type\":\"ImageObject\",\"inLanguage\":\"fr-FR\",\"@id\":\"https:\/\/www.emdg-guilers.org\/#\/schema\/logo\/image\/\",\"url\":\"https:\/\/www.emdg-guilers.org\/wp-content\/uploads\/2016\/06\/logo2014.jpg\",\"contentUrl\":\"https:\/\/www.emdg-guilers.org\/wp-content\/uploads\/2016\/06\/logo2014.jpg\",\"width\":214,\"height\":116,\"caption\":\"Ecole de Musique et de Danse\"},\"image\":{\"@id\":\"https:\/\/www.emdg-guilers.org\/#\/schema\/logo\/image\/\"},\"sameAs\":[\"https:\/\/www.facebook.com\/Ecole-de-Musique-et-de-Danse-de-Guilers-480017765533016\/\"]},{\"@type\":\"Person\",\"@id\":\"https:\/\/www.emdg-guilers.org\/#\/schema\/person\/5c279d8e49be5f6bfdc87fb9e08559d4\",\"name\":\"Marie Clavier\",\"image\":{\"@type\":\"ImageObject\",\"inLanguage\":\"fr-FR\",\"@id\":\"https:\/\/www.emdg-guilers.org\/#\/schema\/person\/image\/\",\"url\":\"https:\/\/secure.gravatar.com\/avatar\/82505eeeaf6d53a80197cd7ed92e8de4?s=96&d=mm&r=g\",\"contentUrl\":\"https:\/\/secure.gravatar.com\/avatar\/82505eeeaf6d53a80197cd7ed92e8de4?s=96&d=mm&r=g\",\"caption\":\"Marie Clavier\"},\"url\":\"https:\/\/www.emdg-guilers.org\/index.php\/author\/mclavier\/\"}]}<\/script>\n<!-- \/ Yoast SEO plugin. -->","yoast_head_json":{"title":"Forum des assos \/ 2 sept \/ Guilers - Ecole de Musique, Danse &amp; Th\u00e9\u00e2tre de Guilers","robots":{"index":"index","follow":"follow","max-snippet":"max-snippet:-1","max-image-preview":"max-image-preview:large","max-video-preview":"max-video-preview:-1"},"canonical":"https:\/\/www.emdg-guilers.org\/index.php\/2023\/08\/28\/forum-des-assos-2-sept-guilers\/","og_locale":"fr_FR","og_type":"article","og_title":"Forum des assos \/ 2 sept \/ Guilers - Ecole de Musique, Danse &amp; Th\u00e9\u00e2tre de Guilers","og_description":"Venez rencontrer l&rsquo;\u00e9quipe de l&rsquo;Ecole de Musique, danse et th\u00e9\u00e2tre de Guilers \u00e0 l&rsquo;occasion du Forum des associations de la ville. Rdv le samedi 2 septembre, entre 9h et 13h \u00e0 l&rsquo;Espace Pagnol, salle Jean de Florette, Guilers, stand au fond \u00e0 gauche ! Si vous avez pr\u00e9vu de vous inscrire, n&rsquo;oubliez pas d&rsquo;amener un moyen de paiement (ch\u00e8que de pr\u00e9f\u00e9rence, mais nous acceptons aussi les ANCV, esp\u00e8ces, pr\u00e9l\u00e8vements sur pr\u00e9sentation d&rsquo;un RIB) et certificats m\u00e9dicaux pour la danse (si...Lire la suite Lire la suite","og_url":"https:\/\/www.emdg-guilers.org\/index.php\/2023\/08\/28\/forum-des-assos-2-sept-guilers\/","og_site_name":"Ecole de Musique, Danse &amp; Th\u00e9\u00e2tre de Guilers","article_publisher":"https:\/\/www.facebook.com\/Ecole-de-Musique-et-de-Danse-de-Guilers-480017765533016\/","article_published_time":"2023-08-28T17:01:48+00:00","article_modified_time":"2023-08-28T17:03:25+00:00","og_image":[{"url":"https:\/\/www.emdg-guilers.org\/wp-content\/uploads\/2023\/08\/forum-des-assos-2023-1024x1024.jpg"}],"author":"Marie Clavier","twitter_card":"summary_large_image","twitter_misc":{"\u00c9crit par":"Marie Clavier","Dur\u00e9e de lecture estim\u00e9e":"1 minute"},"schema":{"@context":"https:\/\/schema.org","@graph":[{"@type":"Article","@id":"https:\/\/www.emdg-guilers.org\/index.php\/2023\/08\/28\/forum-des-assos-2-sept-guilers\/#article","isPartOf":{"@id":"https:\/\/www.emdg-guilers.org\/index.php\/2023\/08\/28\/forum-des-assos-2-sept-guilers\/"},"author":{"name":"Marie Clavier","@id":"https:\/\/www.emdg-guilers.org\/#\/schema\/person\/5c279d8e49be5f6bfdc87fb9e08559d4"},"headline":"Forum des assos \/ 2 sept \/ Guilers","datePublished":"2023-08-28T17:01:48+00:00","dateModified":"2023-08-28T17:03:25+00:00","mainEntityOfPage":{"@id":"https:\/\/www.emdg-guilers.org\/index.php\/2023\/08\/28\/forum-des-assos-2-sept-guilers\/"},"wordCount":100,"publisher":{"@id":"https:\/\/www.emdg-guilers.org\/#organization"},"image":{"@id":"https:\/\/www.emdg-guilers.org\/index.php\/2023\/08\/28\/forum-des-assos-2-sept-guilers\/#primaryimage"},"thumbnailUrl":"https:\/\/www.emdg-guilers.org\/wp-content\/uploads\/2023\/08\/forum-des-assos-2023-1024x1024.jpg","keywords":["activit\u00e9","associations","brest","forum","guilers"],"inLanguage":"fr-FR"},{"@type":"WebPage","@id":"https:\/\/www.emdg-guilers.org\/index.php\/2023\/08\/28\/forum-des-assos-2-sept-guilers\/","url":"https:\/\/www.emdg-guilers.org\/index.php\/2023\/08\/28\/forum-des-assos-2-sept-guilers\/","name":"Forum des assos \/ 2 sept \/ Guilers - Ecole de Musique, Danse &amp; Th\u00e9\u00e2tre de Guilers","isPartOf":{"@id":"https:\/\/www.emdg-guilers.org\/#website"},"primaryImageOfPage":{"@id":"https:\/\/www.emdg-guilers.org\/index.php\/2023\/08\/28\/forum-des-assos-2-sept-guilers\/#primaryimage"},"image":{"@id":"https:\/\/www.emdg-guilers.org\/index.php\/2023\/08\/28\/forum-des-assos-2-sept-guilers\/#primaryimage"},"thumbnailUrl":"https:\/\/www.emdg-guilers.org\/wp-content\/uploads\/2023\/08\/forum-des-assos-2023-1024x1024.jpg","datePublished":"2023-08-28T17:01:48+00:00","dateModified":"2023-08-28T17:03:25+00:00","breadcrumb":{"@id":"https:\/\/www.emdg-guilers.org\/index.php\/2023\/08\/28\/forum-des-assos-2-sept-guilers\/#breadcrumb"},"inLanguage":"fr-FR","potentialAction":[{"@type":"ReadAction","target":["https:\/\/www.emdg-guilers.org\/index.php\/2023\/08\/28\/forum-des-assos-2-sept-guilers\/"]}]},{"@type":"ImageObject","inLanguage":"fr-FR","@id":"https:\/\/www.emdg-guilers.org\/index.php\/2023\/08\/28\/forum-des-assos-2-sept-guilers\/#primaryimage","url":"https:\/\/www.emdg-guilers.org\/wp-content\/uploads\/2023\/08\/forum-des-assos-2023.jpg","contentUrl":"https:\/\/www.emdg-guilers.org\/wp-content\/uploads\/2023\/08\/forum-des-assos-2023.jpg","width":1080,"height":1080},{"@type":"BreadcrumbList","@id":"https:\/\/www.emdg-guilers.org\/index.php\/2023\/08\/28\/forum-des-assos-2-sept-guilers\/#breadcrumb","itemListElement":[{"@type":"ListItem","position":1,"name":"Accueil","item":"https:\/\/www.emdg-guilers.org\/"},{"@type":"ListItem","position":2,"name":"Forum des assos \/ 2 sept \/ Guilers"}]},{"@type":"WebSite","@id":"https:\/\/www.emdg-guilers.org\/#website","url":"https:\/\/www.emdg-guilers.org\/","name":"Ecole de Musique et Danse de Guilers","description":"Ecole associative, cours de musique, danse, th\u00e9\u00e2tre accessibles \u00e0 tous","publisher":{"@id":"https:\/\/www.emdg-guilers.org\/#organization"},"potentialAction":[{"@type":"SearchAction","target":{"@type":"EntryPoint","urlTemplate":"https:\/\/www.emdg-guilers.org\/?s={search_term_string}"},"query-input":"required name=search_term_string"}],"inLanguage":"fr-FR"},{"@type":"Organization","@id":"https:\/\/www.emdg-guilers.org\/#organization","name":"Ecole de Musique et de Danse","url":"https:\/\/www.emdg-guilers.org\/","logo":{"@type":"ImageObject","inLanguage":"fr-FR","@id":"https:\/\/www.emdg-guilers.org\/#\/schema\/logo\/image\/","url":"https:\/\/www.emdg-guilers.org\/wp-content\/uploads\/2016\/06\/logo2014.jpg","contentUrl":"https:\/\/www.emdg-guilers.org\/wp-content\/uploads\/2016\/06\/logo2014.jpg","width":214,"height":116,"caption":"Ecole de Musique et de Danse"},"image":{"@id":"https:\/\/www.emdg-guilers.org\/#\/schema\/logo\/image\/"},"sameAs":["https:\/\/www.facebook.com\/Ecole-de-Musique-et-de-Danse-de-Guilers-480017765533016\/"]},{"@type":"Person","@id":"https:\/\/www.emdg-guilers.org\/#\/schema\/person\/5c279d8e49be5f6bfdc87fb9e08559d4","name":"Marie Clavier","image":{"@type":"ImageObject","inLanguage":"fr-FR","@id":"https:\/\/www.emdg-guilers.org\/#\/schema\/person\/image\/","url":"https:\/\/secure.gravatar.com\/avatar\/82505eeeaf6d53a80197cd7ed92e8de4?s=96&d=mm&r=g","contentUrl":"https:\/\/secure.gravatar.com\/avatar\/82505eeeaf6d53a80197cd7ed92e8de4?s=96&d=mm&r=g","caption":"Marie Clavier"},"url":"https:\/\/www.emdg-guilers.org\/index.php\/author\/mclavier\/"}]}},"_links":{"self":[{"href":"https:\/\/www.emdg-guilers.org\/index.php\/wp-json\/wp\/v2\/posts\/3791"}],"collection":[{"href":"https:\/\/www.emdg-guilers.org\/index.php\/wp-json\/wp\/v2\/posts"}],"about":[{"href":"https:\/\/www.emdg-guilers.org\/index.php\/wp-json\/wp\/v2\/types\/post"}],"author":[{"embeddable":true,"href":"https:\/\/www.emdg-guilers.org\/index.php\/wp-json\/wp\/v2\/users\/3"}],"replies":[{"embeddable":true,"href":"https:\/\/www.emdg-guilers.org\/index.php\/wp-json\/wp\/v2\/comments?post=3791"}],"version-history":[{"count":3,"href":"https:\/\/www.emdg-guilers.org\/index.php\/wp-json\/wp\/v2\/posts\/3791\/revisions"}],"predecessor-version":[{"id":3795,"href":"https:\/\/www.emdg-guilers.org\/index.php\/wp-json\/wp\/v2\/posts\/3791\/revisions\/3795"}],"wp:attachment":[{"href":"https:\/\/www.emdg-guilers.org\/index.php\/wp-json\/wp\/v2\/media?parent=3791"}],"wp:term":[{"taxonomy":"category","embeddable":true,"href":"https:\/\/www.emdg-guilers.org\/index.php\/wp-json\/wp\/v2\/categories?post=3791"},{"taxonomy":"post_tag","embeddable":true,"href":"https:\/\/www.emdg-guilers.org\/index.php\/wp-json\/wp\/v2\/tags?post=3791"}],"curies":[{"name":"wp","href":"https:\/\/api.w.org\/{rel}","templated":true}]}}