{"id":3844,"date":"2023-09-12T16:22:14","date_gmt":"2023-09-12T14:22:14","guid":{"rendered":"https:\/\/www.emdg-guilers.org\/?p=3844"},"modified":"2023-09-12T16:22:16","modified_gmt":"2023-09-12T14:22:16","slug":"cest-la-reprise","status":"publish","type":"post","link":"https:\/\/www.emdg-guilers.org\/index.php\/2023\/09\/12\/cest-la-reprise\/","title":{"rendered":"C&rsquo;est la reprise !"},"content":{"rendered":"\n<figure class=\"wp-block-image size-large\"><img loading=\"lazy\" decoding=\"async\" width=\"1024\" height=\"768\" src=\"https:\/\/www.emdg-guilers.org\/wp-content\/uploads\/2023\/09\/F3387FDD-4D15-4BA4-ABFA-B868F6A45DBC-1024x768.jpeg\" alt=\"\" class=\"wp-image-3846\" srcset=\"https:\/\/www.emdg-guilers.org\/wp-content\/uploads\/2023\/09\/F3387FDD-4D15-4BA4-ABFA-B868F6A45DBC-1024x768.jpeg 1024w, https:\/\/www.emdg-guilers.org\/wp-content\/uploads\/2023\/09\/F3387FDD-4D15-4BA4-ABFA-B868F6A45DBC-300x225.jpeg 300w, https:\/\/www.emdg-guilers.org\/wp-content\/uploads\/2023\/09\/F3387FDD-4D15-4BA4-ABFA-B868F6A45DBC-768x576.jpeg 768w, https:\/\/www.emdg-guilers.org\/wp-content\/uploads\/2023\/09\/F3387FDD-4D15-4BA4-ABFA-B868F6A45DBC-1536x1152.jpeg 1536w, https:\/\/www.emdg-guilers.org\/wp-content\/uploads\/2023\/09\/F3387FDD-4D15-4BA4-ABFA-B868F6A45DBC-2048x1536.jpeg 2048w, https:\/\/www.emdg-guilers.org\/wp-content\/uploads\/2023\/09\/F3387FDD-4D15-4BA4-ABFA-B868F6A45DBC-360x270.jpeg 360w\" sizes=\"(max-width: 1024px) 100vw, 1024px\" \/><\/figure>\n\n\n\n<p>D\u00e9but des cours \u00e0 compter du <strong>lundi 11 septembre 2023<\/strong>. <br>Toute l&rsquo;\u00e9quipe (il en manque sur la photo) vous attend !<br>Possibilit\u00e9 de venir essayer les cours collectifs, tout le mois de septembre. Il reste encore quelques places, notamment aux ateliers suivants : <\/p>\n\n\n\n<p><strong><u>Du c\u00f4t\u00e9 des enfants\u00a0:<br><a href=\"https:\/\/www.emdg-guilers.org\/index.php\/theatre-enfants-9-11-ans\/\" target=\"_blank\" rel=\"noreferrer noopener\">&#8211; Atelier th\u00e9\u00e2tre 9-11 ans\u00a0: nouvel atelier\u00a0!<\/a><\/u><\/strong><br>Un atelier ludique aux multiples vertus\u00a0: am\u00e9liorer son langage, sa gestuelle, son rapport aux autres, vaincre sa timidit\u00e9 ou canaliser son \u00e9nergie, prendre confiance en soi, se faire des amis, le tout dans une ambiance d\u00e9contract\u00e9e et bienveillante.<\/p>\n\n\n\n<p>Mercredi\u00a0: 10h30-11h30<br><strong><u><a href=\"https:\/\/www.emdg-guilers.org\/index.php\/eveil\/musique\/\" target=\"_blank\" rel=\"noreferrer noopener\">&#8211; Eveil musical\u00a0(Ms\/Gs \u2013 4-5 ans)<\/a><\/u><\/strong><br>Plongez vos enfants dans la marmite musicale\u00a0: chansons, comptines, explorations sonores, d\u00e9couverte des instruments, impr\u00e9gnation rythmique, approche gestuelle, le tout avec une sp\u00e9cialiste des interventions musicales petite enfance.<\/p>\n\n\n\n<p>Mercredi\u00a0: 10h-10h45<br><strong><u><a href=\"https:\/\/www.emdg-guilers.org\/index.php\/musique\/parcours-decouverte-instrumentale\/\" target=\"_blank\" rel=\"noreferrer noopener\">&#8211; Parcours d\u00e9couverte instrumentale (CP \u2013 6 ans)<\/a><\/u><\/strong><br>Les enfants partent \u00e0 la d\u00e9couverte d\u2019une vingtaine d\u2019instruments au total. Manipulation, essai, familiarisation, rencontres avec des grands \u00e9l\u00e8ves, \u00e9coutes. Avant de choisir son instrument, mieux vaut se faire un vrai avis\u00a0!<br>Mardi 17h30-18h15 ou Mercredi\u00a0: 11h15-12h<br><strong><u><a href=\"https:\/\/www.emdg-guilers.org\/index.php\/danse\/modern-jazz\/\" target=\"_blank\" rel=\"noreferrer noopener\">&#8211; Initiation danse modern jazz (CP-CE1)<\/a><\/u><\/strong><br>Danser dans son salon, c\u2019est bien, danser avec d\u2019autres enfants de son \u00e2ge, structurer sa gestuelle, prendre conscience de ses mouvements, s\u2019amuser et bouger ou se produire sur sc\u00e8ne, c\u2019est encore mieux\u00a0!<br>Mardi\u00a0: 17h15-18h15<br><br><\/p>\n\n\n\n<p><strong><u>Du c\u00f4t\u00e9 des adultes\u00a0:<\/u><\/strong><br><strong><u><a href=\"https:\/\/www.emdg-guilers.org\/index.php\/theatre-adultes-impro\/\" target=\"_blank\" rel=\"noreferrer noopener\">&#8211; Improvisation th\u00e9\u00e2tre adultes\u00a0:<\/a><br><\/u><\/strong>Atelier visant \u00e0 travailler de mani\u00e8re ludique et sans pression, sa diction, son \u00e0-propos, ses prises de parole en public, sa gestuelle et le faire, avec d\u2019autres\u00a0!<br>Mardi\u00a0: 20h-22h<br><strong><u><a href=\"https:\/\/www.emdg-guilers.org\/index.php\/atelier-adultes-repertoire\/\" target=\"_blank\" rel=\"noreferrer noopener\">&#8211; Th\u00e9\u00e2tre adultes\u00a0:<\/a><\/u><\/strong><br>M\u00e9morisation, interpr\u00e9tation, approche sc\u00e9nique, travail de la diction et du jeu \u00e0 travers la cr\u00e9ation de pi\u00e8ces du r\u00e9pertoire classique ou contemporain.<br>Jeudi\u00a0: 20h-22h<br><strong><u><a href=\"https:\/\/www.emdg-guilers.org\/index.php\/orchestres\/percussions-digitales-adultes\/\" target=\"_blank\" rel=\"noreferrer noopener\">&#8211; Groupe de percussions pour adultes n\u00e9ophytes\u00a0: Djemka<\/a><\/u><\/strong><br>Djemka, c\u2019est la possibilit\u00e9 de commencer la musique et jouer en groupe directement\u00a0! Ensemble de percussions \u00e0 g\u00e9om\u00e9trie variable, il s\u2019adresse aux adultes d\u00e9j\u00e0 musiciens (sur d\u2019autres instruments que les percussions) ou totalement n\u00e9ophytes qui souhaitent travailler leur oreille, jouer collectif et produire ensemble de joyeuses polyrythmies\u00a0!<br>Mercredi\u00a0: 19h-20h<\/p>\n\n\n\n<p>Inscriptions possibles : lundi, mardi, mercredi, samedi matin. <br><a href=\"https:\/\/www.emdg-guilers.org\/index.php\/lassociation\/les-permanences\/\" target=\"_blank\" rel=\"noreferrer noopener\">Horaires permanences ici.<\/a><\/p>\n","protected":false},"excerpt":{"rendered":"<p>D\u00e9but des cours \u00e0 compter du lundi 11 septembre 2023. Toute l&rsquo;\u00e9quipe (il en manque sur la photo) vous attend !Possibilit\u00e9 de venir essayer les cours collectifs, tout le mois de septembre. Il reste encore quelques places, notamment aux ateliers suivants : Du c\u00f4t\u00e9 des enfants\u00a0:&#8211; Atelier th\u00e9\u00e2tre 9-11 ans\u00a0: nouvel atelier\u00a0!Un atelier ludique aux multiples vertus\u00a0: am\u00e9liorer son langage, sa gestuelle, son rapport aux autres, vaincre sa timidit\u00e9 ou canaliser son \u00e9nergie, prendre confiance en soi, se faire des&#8230;<\/p>\n<p class=\"read-more\"><a class=\"btn btn-default\" href=\"https:\/\/www.emdg-guilers.org\/index.php\/2023\/09\/12\/cest-la-reprise\/\">Lire la suite<span class=\"screen-reader-text\"> Lire la suite<\/span><\/a><\/p>\n","protected":false},"author":3,"featured_media":0,"comment_status":"closed","ping_status":"closed","sticky":false,"template":"","format":"standard","meta":{"footnotes":""},"categories":[1],"tags":[],"yoast_head":"<!-- This site is optimized with the Yoast SEO plugin v22.4 - https:\/\/yoast.com\/wordpress\/plugins\/seo\/ -->\n<title>C&#039;est la reprise ! - Ecole de Musique, Danse &amp; Th\u00e9\u00e2tre de Guilers<\/title>\n<meta name=\"robots\" content=\"index, follow, max-snippet:-1, max-image-preview:large, max-video-preview:-1\" \/>\n<link rel=\"canonical\" href=\"https:\/\/www.emdg-guilers.org\/index.php\/2023\/09\/12\/cest-la-reprise\/\" \/>\n<meta property=\"og:locale\" content=\"fr_FR\" \/>\n<meta property=\"og:type\" content=\"article\" \/>\n<meta property=\"og:title\" content=\"C&#039;est la reprise ! - Ecole de Musique, Danse &amp; Th\u00e9\u00e2tre de Guilers\" \/>\n<meta property=\"og:description\" content=\"D\u00e9but des cours \u00e0 compter du lundi 11 septembre 2023. Toute l&rsquo;\u00e9quipe (il en manque sur la photo) vous attend !Possibilit\u00e9 de venir essayer les cours collectifs, tout le mois de septembre. Il reste encore quelques places, notamment aux ateliers suivants : Du c\u00f4t\u00e9 des enfants\u00a0:&#8211; Atelier th\u00e9\u00e2tre 9-11 ans\u00a0: nouvel atelier\u00a0!Un atelier ludique aux multiples vertus\u00a0: am\u00e9liorer son langage, sa gestuelle, son rapport aux autres, vaincre sa timidit\u00e9 ou canaliser son \u00e9nergie, prendre confiance en soi, se faire des...Lire la suite Lire la suite\" \/>\n<meta property=\"og:url\" content=\"https:\/\/www.emdg-guilers.org\/index.php\/2023\/09\/12\/cest-la-reprise\/\" \/>\n<meta property=\"og:site_name\" content=\"Ecole de Musique, Danse &amp; Th\u00e9\u00e2tre de Guilers\" \/>\n<meta property=\"article:publisher\" content=\"https:\/\/www.facebook.com\/Ecole-de-Musique-et-de-Danse-de-Guilers-480017765533016\/\" \/>\n<meta property=\"article:published_time\" content=\"2023-09-12T14:22:14+00:00\" \/>\n<meta property=\"article:modified_time\" content=\"2023-09-12T14:22:16+00:00\" \/>\n<meta property=\"og:image\" content=\"https:\/\/www.emdg-guilers.org\/wp-content\/uploads\/2023\/09\/F3387FDD-4D15-4BA4-ABFA-B868F6A45DBC-1024x768.jpeg\" \/>\n<meta name=\"author\" content=\"Marie Clavier\" \/>\n<meta name=\"twitter:card\" content=\"summary_large_image\" \/>\n<meta name=\"twitter:label1\" content=\"\u00c9crit par\" \/>\n\t<meta name=\"twitter:data1\" content=\"Marie Clavier\" \/>\n\t<meta name=\"twitter:label2\" content=\"Dur\u00e9e de lecture estim\u00e9e\" \/>\n\t<meta name=\"twitter:data2\" content=\"2 minutes\" \/>\n<script type=\"application\/ld+json\" class=\"yoast-schema-graph\">{\"@context\":\"https:\/\/schema.org\",\"@graph\":[{\"@type\":\"Article\",\"@id\":\"https:\/\/www.emdg-guilers.org\/index.php\/2023\/09\/12\/cest-la-reprise\/#article\",\"isPartOf\":{\"@id\":\"https:\/\/www.emdg-guilers.org\/index.php\/2023\/09\/12\/cest-la-reprise\/\"},\"author\":{\"name\":\"Marie Clavier\",\"@id\":\"https:\/\/www.emdg-guilers.org\/#\/schema\/person\/5c279d8e49be5f6bfdc87fb9e08559d4\"},\"headline\":\"C&rsquo;est la reprise !\",\"datePublished\":\"2023-09-12T14:22:14+00:00\",\"dateModified\":\"2023-09-12T14:22:16+00:00\",\"mainEntityOfPage\":{\"@id\":\"https:\/\/www.emdg-guilers.org\/index.php\/2023\/09\/12\/cest-la-reprise\/\"},\"wordCount\":390,\"publisher\":{\"@id\":\"https:\/\/www.emdg-guilers.org\/#organization\"},\"image\":{\"@id\":\"https:\/\/www.emdg-guilers.org\/index.php\/2023\/09\/12\/cest-la-reprise\/#primaryimage\"},\"thumbnailUrl\":\"https:\/\/www.emdg-guilers.org\/wp-content\/uploads\/2023\/09\/F3387FDD-4D15-4BA4-ABFA-B868F6A45DBC-1024x768.jpeg\",\"inLanguage\":\"fr-FR\"},{\"@type\":\"WebPage\",\"@id\":\"https:\/\/www.emdg-guilers.org\/index.php\/2023\/09\/12\/cest-la-reprise\/\",\"url\":\"https:\/\/www.emdg-guilers.org\/index.php\/2023\/09\/12\/cest-la-reprise\/\",\"name\":\"C'est la reprise ! - Ecole de Musique, Danse &amp; Th\u00e9\u00e2tre de Guilers\",\"isPartOf\":{\"@id\":\"https:\/\/www.emdg-guilers.org\/#website\"},\"primaryImageOfPage\":{\"@id\":\"https:\/\/www.emdg-guilers.org\/index.php\/2023\/09\/12\/cest-la-reprise\/#primaryimage\"},\"image\":{\"@id\":\"https:\/\/www.emdg-guilers.org\/index.php\/2023\/09\/12\/cest-la-reprise\/#primaryimage\"},\"thumbnailUrl\":\"https:\/\/www.emdg-guilers.org\/wp-content\/uploads\/2023\/09\/F3387FDD-4D15-4BA4-ABFA-B868F6A45DBC-1024x768.jpeg\",\"datePublished\":\"2023-09-12T14:22:14+00:00\",\"dateModified\":\"2023-09-12T14:22:16+00:00\",\"breadcrumb\":{\"@id\":\"https:\/\/www.emdg-guilers.org\/index.php\/2023\/09\/12\/cest-la-reprise\/#breadcrumb\"},\"inLanguage\":\"fr-FR\",\"potentialAction\":[{\"@type\":\"ReadAction\",\"target\":[\"https:\/\/www.emdg-guilers.org\/index.php\/2023\/09\/12\/cest-la-reprise\/\"]}]},{\"@type\":\"ImageObject\",\"inLanguage\":\"fr-FR\",\"@id\":\"https:\/\/www.emdg-guilers.org\/index.php\/2023\/09\/12\/cest-la-reprise\/#primaryimage\",\"url\":\"https:\/\/www.emdg-guilers.org\/wp-content\/uploads\/2023\/09\/F3387FDD-4D15-4BA4-ABFA-B868F6A45DBC-scaled.jpeg\",\"contentUrl\":\"https:\/\/www.emdg-guilers.org\/wp-content\/uploads\/2023\/09\/F3387FDD-4D15-4BA4-ABFA-B868F6A45DBC-scaled.jpeg\",\"width\":2560,\"height\":1920},{\"@type\":\"BreadcrumbList\",\"@id\":\"https:\/\/www.emdg-guilers.org\/index.php\/2023\/09\/12\/cest-la-reprise\/#breadcrumb\",\"itemListElement\":[{\"@type\":\"ListItem\",\"position\":1,\"name\":\"Accueil\",\"item\":\"https:\/\/www.emdg-guilers.org\/\"},{\"@type\":\"ListItem\",\"position\":2,\"name\":\"C&rsquo;est la reprise !\"}]},{\"@type\":\"WebSite\",\"@id\":\"https:\/\/www.emdg-guilers.org\/#website\",\"url\":\"https:\/\/www.emdg-guilers.org\/\",\"name\":\"Ecole de Musique et Danse de Guilers\",\"description\":\"Ecole associative, cours de musique, danse, th\u00e9\u00e2tre accessibles \u00e0 tous\",\"publisher\":{\"@id\":\"https:\/\/www.emdg-guilers.org\/#organization\"},\"potentialAction\":[{\"@type\":\"SearchAction\",\"target\":{\"@type\":\"EntryPoint\",\"urlTemplate\":\"https:\/\/www.emdg-guilers.org\/?s={search_term_string}\"},\"query-input\":\"required name=search_term_string\"}],\"inLanguage\":\"fr-FR\"},{\"@type\":\"Organization\",\"@id\":\"https:\/\/www.emdg-guilers.org\/#organization\",\"name\":\"Ecole de Musique et de Danse\",\"url\":\"https:\/\/www.emdg-guilers.org\/\",\"logo\":{\"@type\":\"ImageObject\",\"inLanguage\":\"fr-FR\",\"@id\":\"https:\/\/www.emdg-guilers.org\/#\/schema\/logo\/image\/\",\"url\":\"https:\/\/www.emdg-guilers.org\/wp-content\/uploads\/2016\/06\/logo2014.jpg\",\"contentUrl\":\"https:\/\/www.emdg-guilers.org\/wp-content\/uploads\/2016\/06\/logo2014.jpg\",\"width\":214,\"height\":116,\"caption\":\"Ecole de Musique et de Danse\"},\"image\":{\"@id\":\"https:\/\/www.emdg-guilers.org\/#\/schema\/logo\/image\/\"},\"sameAs\":[\"https:\/\/www.facebook.com\/Ecole-de-Musique-et-de-Danse-de-Guilers-480017765533016\/\"]},{\"@type\":\"Person\",\"@id\":\"https:\/\/www.emdg-guilers.org\/#\/schema\/person\/5c279d8e49be5f6bfdc87fb9e08559d4\",\"name\":\"Marie Clavier\",\"image\":{\"@type\":\"ImageObject\",\"inLanguage\":\"fr-FR\",\"@id\":\"https:\/\/www.emdg-guilers.org\/#\/schema\/person\/image\/\",\"url\":\"https:\/\/secure.gravatar.com\/avatar\/82505eeeaf6d53a80197cd7ed92e8de4?s=96&d=mm&r=g\",\"contentUrl\":\"https:\/\/secure.gravatar.com\/avatar\/82505eeeaf6d53a80197cd7ed92e8de4?s=96&d=mm&r=g\",\"caption\":\"Marie Clavier\"},\"url\":\"https:\/\/www.emdg-guilers.org\/index.php\/author\/mclavier\/\"}]}<\/script>\n<!-- \/ Yoast SEO plugin. -->","yoast_head_json":{"title":"C'est la reprise ! - Ecole de Musique, Danse &amp; Th\u00e9\u00e2tre de Guilers","robots":{"index":"index","follow":"follow","max-snippet":"max-snippet:-1","max-image-preview":"max-image-preview:large","max-video-preview":"max-video-preview:-1"},"canonical":"https:\/\/www.emdg-guilers.org\/index.php\/2023\/09\/12\/cest-la-reprise\/","og_locale":"fr_FR","og_type":"article","og_title":"C'est la reprise ! - Ecole de Musique, Danse &amp; Th\u00e9\u00e2tre de Guilers","og_description":"D\u00e9but des cours \u00e0 compter du lundi 11 septembre 2023. Toute l&rsquo;\u00e9quipe (il en manque sur la photo) vous attend !Possibilit\u00e9 de venir essayer les cours collectifs, tout le mois de septembre. Il reste encore quelques places, notamment aux ateliers suivants : Du c\u00f4t\u00e9 des enfants\u00a0:&#8211; Atelier th\u00e9\u00e2tre 9-11 ans\u00a0: nouvel atelier\u00a0!Un atelier ludique aux multiples vertus\u00a0: am\u00e9liorer son langage, sa gestuelle, son rapport aux autres, vaincre sa timidit\u00e9 ou canaliser son \u00e9nergie, prendre confiance en soi, se faire des...Lire la suite Lire la suite","og_url":"https:\/\/www.emdg-guilers.org\/index.php\/2023\/09\/12\/cest-la-reprise\/","og_site_name":"Ecole de Musique, Danse &amp; Th\u00e9\u00e2tre de Guilers","article_publisher":"https:\/\/www.facebook.com\/Ecole-de-Musique-et-de-Danse-de-Guilers-480017765533016\/","article_published_time":"2023-09-12T14:22:14+00:00","article_modified_time":"2023-09-12T14:22:16+00:00","og_image":[{"url":"https:\/\/www.emdg-guilers.org\/wp-content\/uploads\/2023\/09\/F3387FDD-4D15-4BA4-ABFA-B868F6A45DBC-1024x768.jpeg"}],"author":"Marie Clavier","twitter_card":"summary_large_image","twitter_misc":{"\u00c9crit par":"Marie Clavier","Dur\u00e9e de lecture estim\u00e9e":"2 minutes"},"schema":{"@context":"https:\/\/schema.org","@graph":[{"@type":"Article","@id":"https:\/\/www.emdg-guilers.org\/index.php\/2023\/09\/12\/cest-la-reprise\/#article","isPartOf":{"@id":"https:\/\/www.emdg-guilers.org\/index.php\/2023\/09\/12\/cest-la-reprise\/"},"author":{"name":"Marie Clavier","@id":"https:\/\/www.emdg-guilers.org\/#\/schema\/person\/5c279d8e49be5f6bfdc87fb9e08559d4"},"headline":"C&rsquo;est la reprise !","datePublished":"2023-09-12T14:22:14+00:00","dateModified":"2023-09-12T14:22:16+00:00","mainEntityOfPage":{"@id":"https:\/\/www.emdg-guilers.org\/index.php\/2023\/09\/12\/cest-la-reprise\/"},"wordCount":390,"publisher":{"@id":"https:\/\/www.emdg-guilers.org\/#organization"},"image":{"@id":"https:\/\/www.emdg-guilers.org\/index.php\/2023\/09\/12\/cest-la-reprise\/#primaryimage"},"thumbnailUrl":"https:\/\/www.emdg-guilers.org\/wp-content\/uploads\/2023\/09\/F3387FDD-4D15-4BA4-ABFA-B868F6A45DBC-1024x768.jpeg","inLanguage":"fr-FR"},{"@type":"WebPage","@id":"https:\/\/www.emdg-guilers.org\/index.php\/2023\/09\/12\/cest-la-reprise\/","url":"https:\/\/www.emdg-guilers.org\/index.php\/2023\/09\/12\/cest-la-reprise\/","name":"C'est la reprise ! - Ecole de Musique, Danse &amp; Th\u00e9\u00e2tre de Guilers","isPartOf":{"@id":"https:\/\/www.emdg-guilers.org\/#website"},"primaryImageOfPage":{"@id":"https:\/\/www.emdg-guilers.org\/index.php\/2023\/09\/12\/cest-la-reprise\/#primaryimage"},"image":{"@id":"https:\/\/www.emdg-guilers.org\/index.php\/2023\/09\/12\/cest-la-reprise\/#primaryimage"},"thumbnailUrl":"https:\/\/www.emdg-guilers.org\/wp-content\/uploads\/2023\/09\/F3387FDD-4D15-4BA4-ABFA-B868F6A45DBC-1024x768.jpeg","datePublished":"2023-09-12T14:22:14+00:00","dateModified":"2023-09-12T14:22:16+00:00","breadcrumb":{"@id":"https:\/\/www.emdg-guilers.org\/index.php\/2023\/09\/12\/cest-la-reprise\/#breadcrumb"},"inLanguage":"fr-FR","potentialAction":[{"@type":"ReadAction","target":["https:\/\/www.emdg-guilers.org\/index.php\/2023\/09\/12\/cest-la-reprise\/"]}]},{"@type":"ImageObject","inLanguage":"fr-FR","@id":"https:\/\/www.emdg-guilers.org\/index.php\/2023\/09\/12\/cest-la-reprise\/#primaryimage","url":"https:\/\/www.emdg-guilers.org\/wp-content\/uploads\/2023\/09\/F3387FDD-4D15-4BA4-ABFA-B868F6A45DBC-scaled.jpeg","contentUrl":"https:\/\/www.emdg-guilers.org\/wp-content\/uploads\/2023\/09\/F3387FDD-4D15-4BA4-ABFA-B868F6A45DBC-scaled.jpeg","width":2560,"height":1920},{"@type":"BreadcrumbList","@id":"https:\/\/www.emdg-guilers.org\/index.php\/2023\/09\/12\/cest-la-reprise\/#breadcrumb","itemListElement":[{"@type":"ListItem","position":1,"name":"Accueil","item":"https:\/\/www.emdg-guilers.org\/"},{"@type":"ListItem","position":2,"name":"C&rsquo;est la reprise !"}]},{"@type":"WebSite","@id":"https:\/\/www.emdg-guilers.org\/#website","url":"https:\/\/www.emdg-guilers.org\/","name":"Ecole de Musique et Danse de Guilers","description":"Ecole associative, cours de musique, danse, th\u00e9\u00e2tre accessibles \u00e0 tous","publisher":{"@id":"https:\/\/www.emdg-guilers.org\/#organization"},"potentialAction":[{"@type":"SearchAction","target":{"@type":"EntryPoint","urlTemplate":"https:\/\/www.emdg-guilers.org\/?s={search_term_string}"},"query-input":"required name=search_term_string"}],"inLanguage":"fr-FR"},{"@type":"Organization","@id":"https:\/\/www.emdg-guilers.org\/#organization","name":"Ecole de Musique et de Danse","url":"https:\/\/www.emdg-guilers.org\/","logo":{"@type":"ImageObject","inLanguage":"fr-FR","@id":"https:\/\/www.emdg-guilers.org\/#\/schema\/logo\/image\/","url":"https:\/\/www.emdg-guilers.org\/wp-content\/uploads\/2016\/06\/logo2014.jpg","contentUrl":"https:\/\/www.emdg-guilers.org\/wp-content\/uploads\/2016\/06\/logo2014.jpg","width":214,"height":116,"caption":"Ecole de Musique et de Danse"},"image":{"@id":"https:\/\/www.emdg-guilers.org\/#\/schema\/logo\/image\/"},"sameAs":["https:\/\/www.facebook.com\/Ecole-de-Musique-et-de-Danse-de-Guilers-480017765533016\/"]},{"@type":"Person","@id":"https:\/\/www.emdg-guilers.org\/#\/schema\/person\/5c279d8e49be5f6bfdc87fb9e08559d4","name":"Marie Clavier","image":{"@type":"ImageObject","inLanguage":"fr-FR","@id":"https:\/\/www.emdg-guilers.org\/#\/schema\/person\/image\/","url":"https:\/\/secure.gravatar.com\/avatar\/82505eeeaf6d53a80197cd7ed92e8de4?s=96&d=mm&r=g","contentUrl":"https:\/\/secure.gravatar.com\/avatar\/82505eeeaf6d53a80197cd7ed92e8de4?s=96&d=mm&r=g","caption":"Marie Clavier"},"url":"https:\/\/www.emdg-guilers.org\/index.php\/author\/mclavier\/"}]}},"_links":{"self":[{"href":"https:\/\/www.emdg-guilers.org\/index.php\/wp-json\/wp\/v2\/posts\/3844"}],"collection":[{"href":"https:\/\/www.emdg-guilers.org\/index.php\/wp-json\/wp\/v2\/posts"}],"about":[{"href":"https:\/\/www.emdg-guilers.org\/index.php\/wp-json\/wp\/v2\/types\/post"}],"author":[{"embeddable":true,"href":"https:\/\/www.emdg-guilers.org\/index.php\/wp-json\/wp\/v2\/users\/3"}],"replies":[{"embeddable":true,"href":"https:\/\/www.emdg-guilers.org\/index.php\/wp-json\/wp\/v2\/comments?post=3844"}],"version-history":[{"count":1,"href":"https:\/\/www.emdg-guilers.org\/index.php\/wp-json\/wp\/v2\/posts\/3844\/revisions"}],"predecessor-version":[{"id":3848,"href":"https:\/\/www.emdg-guilers.org\/index.php\/wp-json\/wp\/v2\/posts\/3844\/revisions\/3848"}],"wp:attachment":[{"href":"https:\/\/www.emdg-guilers.org\/index.php\/wp-json\/wp\/v2\/media?parent=3844"}],"wp:term":[{"taxonomy":"category","embeddable":true,"href":"https:\/\/www.emdg-guilers.org\/index.php\/wp-json\/wp\/v2\/categories?post=3844"},{"taxonomy":"post_tag","embeddable":true,"href":"https:\/\/www.emdg-guilers.org\/index.php\/wp-json\/wp\/v2\/tags?post=3844"}],"curies":[{"name":"wp","href":"https:\/\/api.w.org\/{rel}","templated":true}]}}