{"id":3894,"date":"2023-10-12T12:43:42","date_gmt":"2023-10-12T10:43:42","guid":{"rendered":"https:\/\/www.emdg-guilers.org\/?p=3894"},"modified":"2023-10-12T12:44:09","modified_gmt":"2023-10-12T10:44:09","slug":"l-emdg-remercie-son-premier-parrain-entreprise","status":"publish","type":"post","link":"https:\/\/www.emdg-guilers.org\/index.php\/2023\/10\/12\/l-emdg-remercie-son-premier-parrain-entreprise\/","title":{"rendered":"L&rsquo; EMDG remercie son premier parrain entreprise !"},"content":{"rendered":"\n<figure class=\"wp-block-image size-large\"><a href=\"https:\/\/www.letelegramme.fr\/finistere\/guilers-29820\/a-guilers-les-entreprises-peuvent-financer-les-pratiques-culturelles-des-enfants-dans-le-besoin-6443232.php?fbclid=IwAR1h2uxeETK63f4vCu77li1ZcnfihCD-1UXaevLfiKrEbnJJVOQ65amkj9k\"><img loading=\"lazy\" decoding=\"async\" width=\"1024\" height=\"576\" src=\"https:\/\/www.emdg-guilers.org\/wp-content\/uploads\/2023\/10\/2023-10-07-CAMPAGNE-DE-PARRAINAGE-Castrec-1024x576.jpg\" alt=\"\" class=\"wp-image-3895\" srcset=\"https:\/\/www.emdg-guilers.org\/wp-content\/uploads\/2023\/10\/2023-10-07-CAMPAGNE-DE-PARRAINAGE-Castrec-1024x576.jpg 1024w, https:\/\/www.emdg-guilers.org\/wp-content\/uploads\/2023\/10\/2023-10-07-CAMPAGNE-DE-PARRAINAGE-Castrec-300x169.jpg 300w, https:\/\/www.emdg-guilers.org\/wp-content\/uploads\/2023\/10\/2023-10-07-CAMPAGNE-DE-PARRAINAGE-Castrec-768x432.jpg 768w, https:\/\/www.emdg-guilers.org\/wp-content\/uploads\/2023\/10\/2023-10-07-CAMPAGNE-DE-PARRAINAGE-Castrec-1536x864.jpg 1536w, https:\/\/www.emdg-guilers.org\/wp-content\/uploads\/2023\/10\/2023-10-07-CAMPAGNE-DE-PARRAINAGE-Castrec-480x270.jpg 480w, https:\/\/www.emdg-guilers.org\/wp-content\/uploads\/2023\/10\/2023-10-07-CAMPAGNE-DE-PARRAINAGE-Castrec.jpg 1920w\" sizes=\"(max-width: 1024px) 100vw, 1024px\" \/><\/a><\/figure>\n\n\n\n<p>Reconnue d&rsquo;int\u00e9r\u00eat g\u00e9n\u00e9ral, l&rsquo;association Ecole de Musique, Danse et Th\u00e9\u00e2tre de Guilers (EMDG) peut recevoir des <a href=\"https:\/\/www.helloasso.com\/associations\/ecole-de-musique-et-danse-de-guilers\" target=\"_blank\" rel=\"noreferrer noopener\">dons d\u00e9ductibles d&rsquo;imp\u00f4ts de la part d&rsquo;entreprises et particuliers<\/a> (voir notre plate-forme de dons sur <a href=\"https:\/\/www.helloasso.com\/associations\/ecole-de-musique-et-danse-de-guilers\" target=\"_blank\" rel=\"noreferrer noopener\">helloasso<\/a>). <br>Ces dons permettront de parrainer des enfants \u00e9loign\u00e9s des pratiques culturelles en leur finan\u00e7ant des cours dans notre \u00e9cole pour une dur\u00e9e de trois ans ! <\/p>\n\n\n\n<p><img loading=\"lazy\" decoding=\"async\" height=\"16\" width=\"16\" alt=\"&#x1f64f;\" src=\"https:\/\/static.xx.fbcdn.net\/images\/emoji.php\/v9\/t80\/1\/16\/1f64f.png\"> Merci \u00e0 Mr Castrec d&rsquo; <a href=\"https:\/\/www.espace-emeraude.com\/magasin\/milizac\" target=\"_blank\" rel=\"noreferrer noopener\">Espace Emeraude<\/a> Milizac, d&rsquo;\u00eatre le premier \u00e0 nous suivre dans cette aventure. <br><a href=\"https:\/\/www.letelegramme.fr\/finistere\/guilers-29820\/a-guilers-les-entreprises-peuvent-financer-les-pratiques-culturelles-des-enfants-dans-le-besoin-6443232.php?fbclid=IwAR1h2uxeETK63f4vCu77li1ZcnfihCD-1UXaevLfiKrEbnJJVOQ65amkj9k\" target=\"_blank\" rel=\"noreferrer noopener\">Lire l&rsquo;article danse Le T\u00e9l\u00e9gramme (07-10-23). <\/a><br><br><img loading=\"lazy\" decoding=\"async\" height=\"16\" width=\"16\" alt=\"&#x27a1;\" src=\"https:\/\/static.xx.fbcdn.net\/images\/emoji.php\/v9\/t9e\/1\/16\/27a1.png\"> N&rsquo;h\u00e9sitez pas \u00e0 <a href=\"direction@emdg-guilers.org\">nous contacter<\/a> pour plus d&rsquo;informations. Chacun peut s&rsquo;engager \u00e0 sa mesure et selon ses possibilit\u00e9s. <\/p>\n","protected":false},"excerpt":{"rendered":"<p>Reconnue d&rsquo;int\u00e9r\u00eat g\u00e9n\u00e9ral, l&rsquo;association Ecole de Musique, Danse et Th\u00e9\u00e2tre de Guilers (EMDG) peut recevoir des dons d\u00e9ductibles d&rsquo;imp\u00f4ts de la part d&rsquo;entreprises et particuliers (voir notre plate-forme de dons sur helloasso). Ces dons permettront de parrainer des enfants \u00e9loign\u00e9s des pratiques culturelles en leur finan\u00e7ant des cours dans notre \u00e9cole pour une dur\u00e9e de trois ans ! Merci \u00e0 Mr Castrec d&rsquo; Espace Emeraude Milizac, d&rsquo;\u00eatre le premier \u00e0 nous suivre dans cette aventure. Lire l&rsquo;article danse Le T\u00e9l\u00e9gramme&#8230;<\/p>\n<p class=\"read-more\"><a class=\"btn btn-default\" href=\"https:\/\/www.emdg-guilers.org\/index.php\/2023\/10\/12\/l-emdg-remercie-son-premier-parrain-entreprise\/\">Lire la suite<span class=\"screen-reader-text\"> Lire la suite<\/span><\/a><\/p>\n","protected":false},"author":3,"featured_media":0,"comment_status":"closed","ping_status":"closed","sticky":false,"template":"","format":"standard","meta":{"footnotes":""},"categories":[1],"tags":[],"yoast_head":"<!-- This site is optimized with the Yoast SEO plugin v22.4 - https:\/\/yoast.com\/wordpress\/plugins\/seo\/ -->\n<title>L&#039; EMDG remercie son premier parrain entreprise ! - Ecole de Musique, Danse &amp; Th\u00e9\u00e2tre de Guilers<\/title>\n<meta name=\"robots\" content=\"index, follow, max-snippet:-1, max-image-preview:large, max-video-preview:-1\" \/>\n<link rel=\"canonical\" href=\"https:\/\/www.emdg-guilers.org\/index.php\/2023\/10\/12\/l-emdg-remercie-son-premier-parrain-entreprise\/\" \/>\n<meta property=\"og:locale\" content=\"fr_FR\" \/>\n<meta property=\"og:type\" content=\"article\" \/>\n<meta property=\"og:title\" content=\"L&#039; EMDG remercie son premier parrain entreprise ! - Ecole de Musique, Danse &amp; Th\u00e9\u00e2tre de Guilers\" \/>\n<meta property=\"og:description\" content=\"Reconnue d&rsquo;int\u00e9r\u00eat g\u00e9n\u00e9ral, l&rsquo;association Ecole de Musique, Danse et Th\u00e9\u00e2tre de Guilers (EMDG) peut recevoir des dons d\u00e9ductibles d&rsquo;imp\u00f4ts de la part d&rsquo;entreprises et particuliers (voir notre plate-forme de dons sur helloasso). Ces dons permettront de parrainer des enfants \u00e9loign\u00e9s des pratiques culturelles en leur finan\u00e7ant des cours dans notre \u00e9cole pour une dur\u00e9e de trois ans ! Merci \u00e0 Mr Castrec d&rsquo; Espace Emeraude Milizac, d&rsquo;\u00eatre le premier \u00e0 nous suivre dans cette aventure. Lire l&rsquo;article danse Le T\u00e9l\u00e9gramme...Lire la suite Lire la suite\" \/>\n<meta property=\"og:url\" content=\"https:\/\/www.emdg-guilers.org\/index.php\/2023\/10\/12\/l-emdg-remercie-son-premier-parrain-entreprise\/\" \/>\n<meta property=\"og:site_name\" content=\"Ecole de Musique, Danse &amp; Th\u00e9\u00e2tre de Guilers\" \/>\n<meta property=\"article:publisher\" content=\"https:\/\/www.facebook.com\/Ecole-de-Musique-et-de-Danse-de-Guilers-480017765533016\/\" \/>\n<meta property=\"article:published_time\" content=\"2023-10-12T10:43:42+00:00\" \/>\n<meta property=\"article:modified_time\" content=\"2023-10-12T10:44:09+00:00\" \/>\n<meta property=\"og:image\" content=\"https:\/\/www.emdg-guilers.org\/wp-content\/uploads\/2023\/10\/2023-10-07-CAMPAGNE-DE-PARRAINAGE-Castrec-1024x576.jpg\" \/>\n<meta name=\"author\" content=\"Marie Clavier\" \/>\n<meta name=\"twitter:card\" content=\"summary_large_image\" \/>\n<meta name=\"twitter:label1\" content=\"\u00c9crit par\" \/>\n\t<meta name=\"twitter:data1\" content=\"Marie Clavier\" \/>\n\t<meta name=\"twitter:label2\" content=\"Dur\u00e9e de lecture estim\u00e9e\" \/>\n\t<meta name=\"twitter:data2\" content=\"2 minutes\" \/>\n<script type=\"application\/ld+json\" class=\"yoast-schema-graph\">{\"@context\":\"https:\/\/schema.org\",\"@graph\":[{\"@type\":\"Article\",\"@id\":\"https:\/\/www.emdg-guilers.org\/index.php\/2023\/10\/12\/l-emdg-remercie-son-premier-parrain-entreprise\/#article\",\"isPartOf\":{\"@id\":\"https:\/\/www.emdg-guilers.org\/index.php\/2023\/10\/12\/l-emdg-remercie-son-premier-parrain-entreprise\/\"},\"author\":{\"name\":\"Marie Clavier\",\"@id\":\"https:\/\/www.emdg-guilers.org\/#\/schema\/person\/5c279d8e49be5f6bfdc87fb9e08559d4\"},\"headline\":\"L&rsquo; EMDG remercie son premier parrain entreprise !\",\"datePublished\":\"2023-10-12T10:43:42+00:00\",\"dateModified\":\"2023-10-12T10:44:09+00:00\",\"mainEntityOfPage\":{\"@id\":\"https:\/\/www.emdg-guilers.org\/index.php\/2023\/10\/12\/l-emdg-remercie-son-premier-parrain-entreprise\/\"},\"wordCount\":117,\"publisher\":{\"@id\":\"https:\/\/www.emdg-guilers.org\/#organization\"},\"image\":{\"@id\":\"https:\/\/www.emdg-guilers.org\/index.php\/2023\/10\/12\/l-emdg-remercie-son-premier-parrain-entreprise\/#primaryimage\"},\"thumbnailUrl\":\"https:\/\/www.emdg-guilers.org\/wp-content\/uploads\/2023\/10\/2023-10-07-CAMPAGNE-DE-PARRAINAGE-Castrec-1024x576.jpg\",\"inLanguage\":\"fr-FR\"},{\"@type\":\"WebPage\",\"@id\":\"https:\/\/www.emdg-guilers.org\/index.php\/2023\/10\/12\/l-emdg-remercie-son-premier-parrain-entreprise\/\",\"url\":\"https:\/\/www.emdg-guilers.org\/index.php\/2023\/10\/12\/l-emdg-remercie-son-premier-parrain-entreprise\/\",\"name\":\"L' EMDG remercie son premier parrain entreprise ! - Ecole de Musique, Danse &amp; Th\u00e9\u00e2tre de Guilers\",\"isPartOf\":{\"@id\":\"https:\/\/www.emdg-guilers.org\/#website\"},\"primaryImageOfPage\":{\"@id\":\"https:\/\/www.emdg-guilers.org\/index.php\/2023\/10\/12\/l-emdg-remercie-son-premier-parrain-entreprise\/#primaryimage\"},\"image\":{\"@id\":\"https:\/\/www.emdg-guilers.org\/index.php\/2023\/10\/12\/l-emdg-remercie-son-premier-parrain-entreprise\/#primaryimage\"},\"thumbnailUrl\":\"https:\/\/www.emdg-guilers.org\/wp-content\/uploads\/2023\/10\/2023-10-07-CAMPAGNE-DE-PARRAINAGE-Castrec-1024x576.jpg\",\"datePublished\":\"2023-10-12T10:43:42+00:00\",\"dateModified\":\"2023-10-12T10:44:09+00:00\",\"breadcrumb\":{\"@id\":\"https:\/\/www.emdg-guilers.org\/index.php\/2023\/10\/12\/l-emdg-remercie-son-premier-parrain-entreprise\/#breadcrumb\"},\"inLanguage\":\"fr-FR\",\"potentialAction\":[{\"@type\":\"ReadAction\",\"target\":[\"https:\/\/www.emdg-guilers.org\/index.php\/2023\/10\/12\/l-emdg-remercie-son-premier-parrain-entreprise\/\"]}]},{\"@type\":\"ImageObject\",\"inLanguage\":\"fr-FR\",\"@id\":\"https:\/\/www.emdg-guilers.org\/index.php\/2023\/10\/12\/l-emdg-remercie-son-premier-parrain-entreprise\/#primaryimage\",\"url\":\"https:\/\/www.emdg-guilers.org\/wp-content\/uploads\/2023\/10\/2023-10-07-CAMPAGNE-DE-PARRAINAGE-Castrec.jpg\",\"contentUrl\":\"https:\/\/www.emdg-guilers.org\/wp-content\/uploads\/2023\/10\/2023-10-07-CAMPAGNE-DE-PARRAINAGE-Castrec.jpg\",\"width\":1920,\"height\":1080},{\"@type\":\"BreadcrumbList\",\"@id\":\"https:\/\/www.emdg-guilers.org\/index.php\/2023\/10\/12\/l-emdg-remercie-son-premier-parrain-entreprise\/#breadcrumb\",\"itemListElement\":[{\"@type\":\"ListItem\",\"position\":1,\"name\":\"Accueil\",\"item\":\"https:\/\/www.emdg-guilers.org\/\"},{\"@type\":\"ListItem\",\"position\":2,\"name\":\"L&rsquo; EMDG remercie son premier parrain entreprise !\"}]},{\"@type\":\"WebSite\",\"@id\":\"https:\/\/www.emdg-guilers.org\/#website\",\"url\":\"https:\/\/www.emdg-guilers.org\/\",\"name\":\"Ecole de Musique et Danse de Guilers\",\"description\":\"Ecole associative, cours de musique, danse, th\u00e9\u00e2tre accessibles \u00e0 tous\",\"publisher\":{\"@id\":\"https:\/\/www.emdg-guilers.org\/#organization\"},\"potentialAction\":[{\"@type\":\"SearchAction\",\"target\":{\"@type\":\"EntryPoint\",\"urlTemplate\":\"https:\/\/www.emdg-guilers.org\/?s={search_term_string}\"},\"query-input\":\"required name=search_term_string\"}],\"inLanguage\":\"fr-FR\"},{\"@type\":\"Organization\",\"@id\":\"https:\/\/www.emdg-guilers.org\/#organization\",\"name\":\"Ecole de Musique et de Danse\",\"url\":\"https:\/\/www.emdg-guilers.org\/\",\"logo\":{\"@type\":\"ImageObject\",\"inLanguage\":\"fr-FR\",\"@id\":\"https:\/\/www.emdg-guilers.org\/#\/schema\/logo\/image\/\",\"url\":\"https:\/\/www.emdg-guilers.org\/wp-content\/uploads\/2016\/06\/logo2014.jpg\",\"contentUrl\":\"https:\/\/www.emdg-guilers.org\/wp-content\/uploads\/2016\/06\/logo2014.jpg\",\"width\":214,\"height\":116,\"caption\":\"Ecole de Musique et de Danse\"},\"image\":{\"@id\":\"https:\/\/www.emdg-guilers.org\/#\/schema\/logo\/image\/\"},\"sameAs\":[\"https:\/\/www.facebook.com\/Ecole-de-Musique-et-de-Danse-de-Guilers-480017765533016\/\"]},{\"@type\":\"Person\",\"@id\":\"https:\/\/www.emdg-guilers.org\/#\/schema\/person\/5c279d8e49be5f6bfdc87fb9e08559d4\",\"name\":\"Marie Clavier\",\"image\":{\"@type\":\"ImageObject\",\"inLanguage\":\"fr-FR\",\"@id\":\"https:\/\/www.emdg-guilers.org\/#\/schema\/person\/image\/\",\"url\":\"https:\/\/secure.gravatar.com\/avatar\/82505eeeaf6d53a80197cd7ed92e8de4?s=96&d=mm&r=g\",\"contentUrl\":\"https:\/\/secure.gravatar.com\/avatar\/82505eeeaf6d53a80197cd7ed92e8de4?s=96&d=mm&r=g\",\"caption\":\"Marie Clavier\"},\"url\":\"https:\/\/www.emdg-guilers.org\/index.php\/author\/mclavier\/\"}]}<\/script>\n<!-- \/ Yoast SEO plugin. -->","yoast_head_json":{"title":"L' EMDG remercie son premier parrain entreprise ! - Ecole de Musique, Danse &amp; Th\u00e9\u00e2tre de Guilers","robots":{"index":"index","follow":"follow","max-snippet":"max-snippet:-1","max-image-preview":"max-image-preview:large","max-video-preview":"max-video-preview:-1"},"canonical":"https:\/\/www.emdg-guilers.org\/index.php\/2023\/10\/12\/l-emdg-remercie-son-premier-parrain-entreprise\/","og_locale":"fr_FR","og_type":"article","og_title":"L' EMDG remercie son premier parrain entreprise ! - Ecole de Musique, Danse &amp; Th\u00e9\u00e2tre de Guilers","og_description":"Reconnue d&rsquo;int\u00e9r\u00eat g\u00e9n\u00e9ral, l&rsquo;association Ecole de Musique, Danse et Th\u00e9\u00e2tre de Guilers (EMDG) peut recevoir des dons d\u00e9ductibles d&rsquo;imp\u00f4ts de la part d&rsquo;entreprises et particuliers (voir notre plate-forme de dons sur helloasso). Ces dons permettront de parrainer des enfants \u00e9loign\u00e9s des pratiques culturelles en leur finan\u00e7ant des cours dans notre \u00e9cole pour une dur\u00e9e de trois ans ! Merci \u00e0 Mr Castrec d&rsquo; Espace Emeraude Milizac, d&rsquo;\u00eatre le premier \u00e0 nous suivre dans cette aventure. Lire l&rsquo;article danse Le T\u00e9l\u00e9gramme...Lire la suite Lire la suite","og_url":"https:\/\/www.emdg-guilers.org\/index.php\/2023\/10\/12\/l-emdg-remercie-son-premier-parrain-entreprise\/","og_site_name":"Ecole de Musique, Danse &amp; Th\u00e9\u00e2tre de Guilers","article_publisher":"https:\/\/www.facebook.com\/Ecole-de-Musique-et-de-Danse-de-Guilers-480017765533016\/","article_published_time":"2023-10-12T10:43:42+00:00","article_modified_time":"2023-10-12T10:44:09+00:00","og_image":[{"url":"https:\/\/www.emdg-guilers.org\/wp-content\/uploads\/2023\/10\/2023-10-07-CAMPAGNE-DE-PARRAINAGE-Castrec-1024x576.jpg"}],"author":"Marie Clavier","twitter_card":"summary_large_image","twitter_misc":{"\u00c9crit par":"Marie Clavier","Dur\u00e9e de lecture estim\u00e9e":"2 minutes"},"schema":{"@context":"https:\/\/schema.org","@graph":[{"@type":"Article","@id":"https:\/\/www.emdg-guilers.org\/index.php\/2023\/10\/12\/l-emdg-remercie-son-premier-parrain-entreprise\/#article","isPartOf":{"@id":"https:\/\/www.emdg-guilers.org\/index.php\/2023\/10\/12\/l-emdg-remercie-son-premier-parrain-entreprise\/"},"author":{"name":"Marie Clavier","@id":"https:\/\/www.emdg-guilers.org\/#\/schema\/person\/5c279d8e49be5f6bfdc87fb9e08559d4"},"headline":"L&rsquo; EMDG remercie son premier parrain entreprise !","datePublished":"2023-10-12T10:43:42+00:00","dateModified":"2023-10-12T10:44:09+00:00","mainEntityOfPage":{"@id":"https:\/\/www.emdg-guilers.org\/index.php\/2023\/10\/12\/l-emdg-remercie-son-premier-parrain-entreprise\/"},"wordCount":117,"publisher":{"@id":"https:\/\/www.emdg-guilers.org\/#organization"},"image":{"@id":"https:\/\/www.emdg-guilers.org\/index.php\/2023\/10\/12\/l-emdg-remercie-son-premier-parrain-entreprise\/#primaryimage"},"thumbnailUrl":"https:\/\/www.emdg-guilers.org\/wp-content\/uploads\/2023\/10\/2023-10-07-CAMPAGNE-DE-PARRAINAGE-Castrec-1024x576.jpg","inLanguage":"fr-FR"},{"@type":"WebPage","@id":"https:\/\/www.emdg-guilers.org\/index.php\/2023\/10\/12\/l-emdg-remercie-son-premier-parrain-entreprise\/","url":"https:\/\/www.emdg-guilers.org\/index.php\/2023\/10\/12\/l-emdg-remercie-son-premier-parrain-entreprise\/","name":"L' EMDG remercie son premier parrain entreprise ! - Ecole de Musique, Danse &amp; Th\u00e9\u00e2tre de Guilers","isPartOf":{"@id":"https:\/\/www.emdg-guilers.org\/#website"},"primaryImageOfPage":{"@id":"https:\/\/www.emdg-guilers.org\/index.php\/2023\/10\/12\/l-emdg-remercie-son-premier-parrain-entreprise\/#primaryimage"},"image":{"@id":"https:\/\/www.emdg-guilers.org\/index.php\/2023\/10\/12\/l-emdg-remercie-son-premier-parrain-entreprise\/#primaryimage"},"thumbnailUrl":"https:\/\/www.emdg-guilers.org\/wp-content\/uploads\/2023\/10\/2023-10-07-CAMPAGNE-DE-PARRAINAGE-Castrec-1024x576.jpg","datePublished":"2023-10-12T10:43:42+00:00","dateModified":"2023-10-12T10:44:09+00:00","breadcrumb":{"@id":"https:\/\/www.emdg-guilers.org\/index.php\/2023\/10\/12\/l-emdg-remercie-son-premier-parrain-entreprise\/#breadcrumb"},"inLanguage":"fr-FR","potentialAction":[{"@type":"ReadAction","target":["https:\/\/www.emdg-guilers.org\/index.php\/2023\/10\/12\/l-emdg-remercie-son-premier-parrain-entreprise\/"]}]},{"@type":"ImageObject","inLanguage":"fr-FR","@id":"https:\/\/www.emdg-guilers.org\/index.php\/2023\/10\/12\/l-emdg-remercie-son-premier-parrain-entreprise\/#primaryimage","url":"https:\/\/www.emdg-guilers.org\/wp-content\/uploads\/2023\/10\/2023-10-07-CAMPAGNE-DE-PARRAINAGE-Castrec.jpg","contentUrl":"https:\/\/www.emdg-guilers.org\/wp-content\/uploads\/2023\/10\/2023-10-07-CAMPAGNE-DE-PARRAINAGE-Castrec.jpg","width":1920,"height":1080},{"@type":"BreadcrumbList","@id":"https:\/\/www.emdg-guilers.org\/index.php\/2023\/10\/12\/l-emdg-remercie-son-premier-parrain-entreprise\/#breadcrumb","itemListElement":[{"@type":"ListItem","position":1,"name":"Accueil","item":"https:\/\/www.emdg-guilers.org\/"},{"@type":"ListItem","position":2,"name":"L&rsquo; EMDG remercie son premier parrain entreprise !"}]},{"@type":"WebSite","@id":"https:\/\/www.emdg-guilers.org\/#website","url":"https:\/\/www.emdg-guilers.org\/","name":"Ecole de Musique et Danse de Guilers","description":"Ecole associative, cours de musique, danse, th\u00e9\u00e2tre accessibles \u00e0 tous","publisher":{"@id":"https:\/\/www.emdg-guilers.org\/#organization"},"potentialAction":[{"@type":"SearchAction","target":{"@type":"EntryPoint","urlTemplate":"https:\/\/www.emdg-guilers.org\/?s={search_term_string}"},"query-input":"required name=search_term_string"}],"inLanguage":"fr-FR"},{"@type":"Organization","@id":"https:\/\/www.emdg-guilers.org\/#organization","name":"Ecole de Musique et de Danse","url":"https:\/\/www.emdg-guilers.org\/","logo":{"@type":"ImageObject","inLanguage":"fr-FR","@id":"https:\/\/www.emdg-guilers.org\/#\/schema\/logo\/image\/","url":"https:\/\/www.emdg-guilers.org\/wp-content\/uploads\/2016\/06\/logo2014.jpg","contentUrl":"https:\/\/www.emdg-guilers.org\/wp-content\/uploads\/2016\/06\/logo2014.jpg","width":214,"height":116,"caption":"Ecole de Musique et de Danse"},"image":{"@id":"https:\/\/www.emdg-guilers.org\/#\/schema\/logo\/image\/"},"sameAs":["https:\/\/www.facebook.com\/Ecole-de-Musique-et-de-Danse-de-Guilers-480017765533016\/"]},{"@type":"Person","@id":"https:\/\/www.emdg-guilers.org\/#\/schema\/person\/5c279d8e49be5f6bfdc87fb9e08559d4","name":"Marie Clavier","image":{"@type":"ImageObject","inLanguage":"fr-FR","@id":"https:\/\/www.emdg-guilers.org\/#\/schema\/person\/image\/","url":"https:\/\/secure.gravatar.com\/avatar\/82505eeeaf6d53a80197cd7ed92e8de4?s=96&d=mm&r=g","contentUrl":"https:\/\/secure.gravatar.com\/avatar\/82505eeeaf6d53a80197cd7ed92e8de4?s=96&d=mm&r=g","caption":"Marie Clavier"},"url":"https:\/\/www.emdg-guilers.org\/index.php\/author\/mclavier\/"}]}},"_links":{"self":[{"href":"https:\/\/www.emdg-guilers.org\/index.php\/wp-json\/wp\/v2\/posts\/3894"}],"collection":[{"href":"https:\/\/www.emdg-guilers.org\/index.php\/wp-json\/wp\/v2\/posts"}],"about":[{"href":"https:\/\/www.emdg-guilers.org\/index.php\/wp-json\/wp\/v2\/types\/post"}],"author":[{"embeddable":true,"href":"https:\/\/www.emdg-guilers.org\/index.php\/wp-json\/wp\/v2\/users\/3"}],"replies":[{"embeddable":true,"href":"https:\/\/www.emdg-guilers.org\/index.php\/wp-json\/wp\/v2\/comments?post=3894"}],"version-history":[{"count":2,"href":"https:\/\/www.emdg-guilers.org\/index.php\/wp-json\/wp\/v2\/posts\/3894\/revisions"}],"predecessor-version":[{"id":3897,"href":"https:\/\/www.emdg-guilers.org\/index.php\/wp-json\/wp\/v2\/posts\/3894\/revisions\/3897"}],"wp:attachment":[{"href":"https:\/\/www.emdg-guilers.org\/index.php\/wp-json\/wp\/v2\/media?parent=3894"}],"wp:term":[{"taxonomy":"category","embeddable":true,"href":"https:\/\/www.emdg-guilers.org\/index.php\/wp-json\/wp\/v2\/categories?post=3894"},{"taxonomy":"post_tag","embeddable":true,"href":"https:\/\/www.emdg-guilers.org\/index.php\/wp-json\/wp\/v2\/tags?post=3894"}],"curies":[{"name":"wp","href":"https:\/\/api.w.org\/{rel}","templated":true}]}}