{"id":3971,"date":"2023-12-21T16:29:44","date_gmt":"2023-12-21T15:29:44","guid":{"rendered":"https:\/\/www.emdg-guilers.org\/?p=3971"},"modified":"2023-12-21T16:29:45","modified_gmt":"2023-12-21T15:29:45","slug":"bonnes-fetes","status":"publish","type":"post","link":"https:\/\/www.emdg-guilers.org\/index.php\/2023\/12\/21\/bonnes-fetes\/","title":{"rendered":"Bonnes f\u00eates !"},"content":{"rendered":"\n<figure class=\"wp-block-image size-large\"><img loading=\"lazy\" decoding=\"async\" width=\"940\" height=\"788\" src=\"https:\/\/www.emdg-guilers.org\/wp-content\/uploads\/2023\/12\/fetes-de-fin-dannee.jpg\" alt=\"\" class=\"wp-image-3972\" srcset=\"https:\/\/www.emdg-guilers.org\/wp-content\/uploads\/2023\/12\/fetes-de-fin-dannee.jpg 940w, https:\/\/www.emdg-guilers.org\/wp-content\/uploads\/2023\/12\/fetes-de-fin-dannee-300x251.jpg 300w, https:\/\/www.emdg-guilers.org\/wp-content\/uploads\/2023\/12\/fetes-de-fin-dannee-768x644.jpg 768w, https:\/\/www.emdg-guilers.org\/wp-content\/uploads\/2023\/12\/fetes-de-fin-dannee-322x270.jpg 322w\" sizes=\"(max-width: 940px) 100vw, 940px\" \/><\/figure>\n\n\n\n<p>Nous vous souhaitons un <strong>Joyeux No\u00ebl<\/strong> et de beaux moments pour cette fin d&rsquo;ann\u00e9e. On se retrouve d\u00e8s le 8 janvier 2024. L&rsquo;\u00e9cole sera ferm\u00e9e pendant les vacances scolaires, du 23-12 au 07-01 inclus.<br>-> Retrouvez les photos de nos \u00e9v\u00e9nements de No\u00ebl <a href=\"https:\/\/www.facebook.com\/EMDG29\/\" target=\"_blank\" rel=\"noreferrer noopener\">sur notre page Facebook !<\/a><\/p>\n","protected":false},"excerpt":{"rendered":"<p>Nous vous souhaitons un Joyeux No\u00ebl et de beaux moments pour cette fin d&rsquo;ann\u00e9e. On se retrouve d\u00e8s le 8 janvier 2024. L&rsquo;\u00e9cole sera ferm\u00e9e pendant les vacances scolaires, du 23-12 au 07-01 inclus.-> Retrouvez les photos de nos \u00e9v\u00e9nements de No\u00ebl sur notre page Facebook !<\/p>\n","protected":false},"author":3,"featured_media":0,"comment_status":"closed","ping_status":"closed","sticky":false,"template":"","format":"standard","meta":{"footnotes":""},"categories":[1],"tags":[],"yoast_head":"<!-- This site is optimized with the Yoast SEO plugin v22.4 - https:\/\/yoast.com\/wordpress\/plugins\/seo\/ -->\n<title>Bonnes f\u00eates ! - Ecole de Musique, Danse &amp; Th\u00e9\u00e2tre de Guilers<\/title>\n<meta name=\"robots\" content=\"index, follow, max-snippet:-1, max-image-preview:large, max-video-preview:-1\" \/>\n<link rel=\"canonical\" href=\"https:\/\/www.emdg-guilers.org\/index.php\/2023\/12\/21\/bonnes-fetes\/\" \/>\n<meta property=\"og:locale\" content=\"fr_FR\" \/>\n<meta property=\"og:type\" content=\"article\" \/>\n<meta property=\"og:title\" content=\"Bonnes f\u00eates ! - Ecole de Musique, Danse &amp; Th\u00e9\u00e2tre de Guilers\" \/>\n<meta property=\"og:description\" content=\"Nous vous souhaitons un Joyeux No\u00ebl et de beaux moments pour cette fin d&rsquo;ann\u00e9e. On se retrouve d\u00e8s le 8 janvier 2024. L&rsquo;\u00e9cole sera ferm\u00e9e pendant les vacances scolaires, du 23-12 au 07-01 inclus.-&gt; Retrouvez les photos de nos \u00e9v\u00e9nements de No\u00ebl sur notre page Facebook !\" \/>\n<meta property=\"og:url\" content=\"https:\/\/www.emdg-guilers.org\/index.php\/2023\/12\/21\/bonnes-fetes\/\" \/>\n<meta property=\"og:site_name\" content=\"Ecole de Musique, Danse &amp; Th\u00e9\u00e2tre de Guilers\" \/>\n<meta property=\"article:publisher\" content=\"https:\/\/www.facebook.com\/Ecole-de-Musique-et-de-Danse-de-Guilers-480017765533016\/\" \/>\n<meta property=\"article:published_time\" content=\"2023-12-21T15:29:44+00:00\" \/>\n<meta property=\"article:modified_time\" content=\"2023-12-21T15:29:45+00:00\" \/>\n<meta property=\"og:image\" content=\"https:\/\/www.emdg-guilers.org\/wp-content\/uploads\/2023\/12\/fetes-de-fin-dannee.jpg\" \/>\n<meta name=\"author\" content=\"Marie Clavier\" \/>\n<meta name=\"twitter:card\" content=\"summary_large_image\" \/>\n<meta name=\"twitter:label1\" content=\"\u00c9crit par\" \/>\n\t<meta name=\"twitter:data1\" content=\"Marie Clavier\" \/>\n\t<meta name=\"twitter:label2\" content=\"Dur\u00e9e de lecture estim\u00e9e\" \/>\n\t<meta name=\"twitter:data2\" content=\"1 minute\" \/>\n<script type=\"application\/ld+json\" class=\"yoast-schema-graph\">{\"@context\":\"https:\/\/schema.org\",\"@graph\":[{\"@type\":\"Article\",\"@id\":\"https:\/\/www.emdg-guilers.org\/index.php\/2023\/12\/21\/bonnes-fetes\/#article\",\"isPartOf\":{\"@id\":\"https:\/\/www.emdg-guilers.org\/index.php\/2023\/12\/21\/bonnes-fetes\/\"},\"author\":{\"name\":\"Marie Clavier\",\"@id\":\"https:\/\/www.emdg-guilers.org\/#\/schema\/person\/5c279d8e49be5f6bfdc87fb9e08559d4\"},\"headline\":\"Bonnes f\u00eates !\",\"datePublished\":\"2023-12-21T15:29:44+00:00\",\"dateModified\":\"2023-12-21T15:29:45+00:00\",\"mainEntityOfPage\":{\"@id\":\"https:\/\/www.emdg-guilers.org\/index.php\/2023\/12\/21\/bonnes-fetes\/\"},\"wordCount\":55,\"publisher\":{\"@id\":\"https:\/\/www.emdg-guilers.org\/#organization\"},\"image\":{\"@id\":\"https:\/\/www.emdg-guilers.org\/index.php\/2023\/12\/21\/bonnes-fetes\/#primaryimage\"},\"thumbnailUrl\":\"https:\/\/www.emdg-guilers.org\/wp-content\/uploads\/2023\/12\/fetes-de-fin-dannee.jpg\",\"inLanguage\":\"fr-FR\"},{\"@type\":\"WebPage\",\"@id\":\"https:\/\/www.emdg-guilers.org\/index.php\/2023\/12\/21\/bonnes-fetes\/\",\"url\":\"https:\/\/www.emdg-guilers.org\/index.php\/2023\/12\/21\/bonnes-fetes\/\",\"name\":\"Bonnes f\u00eates ! - Ecole de Musique, Danse &amp; Th\u00e9\u00e2tre de Guilers\",\"isPartOf\":{\"@id\":\"https:\/\/www.emdg-guilers.org\/#website\"},\"primaryImageOfPage\":{\"@id\":\"https:\/\/www.emdg-guilers.org\/index.php\/2023\/12\/21\/bonnes-fetes\/#primaryimage\"},\"image\":{\"@id\":\"https:\/\/www.emdg-guilers.org\/index.php\/2023\/12\/21\/bonnes-fetes\/#primaryimage\"},\"thumbnailUrl\":\"https:\/\/www.emdg-guilers.org\/wp-content\/uploads\/2023\/12\/fetes-de-fin-dannee.jpg\",\"datePublished\":\"2023-12-21T15:29:44+00:00\",\"dateModified\":\"2023-12-21T15:29:45+00:00\",\"breadcrumb\":{\"@id\":\"https:\/\/www.emdg-guilers.org\/index.php\/2023\/12\/21\/bonnes-fetes\/#breadcrumb\"},\"inLanguage\":\"fr-FR\",\"potentialAction\":[{\"@type\":\"ReadAction\",\"target\":[\"https:\/\/www.emdg-guilers.org\/index.php\/2023\/12\/21\/bonnes-fetes\/\"]}]},{\"@type\":\"ImageObject\",\"inLanguage\":\"fr-FR\",\"@id\":\"https:\/\/www.emdg-guilers.org\/index.php\/2023\/12\/21\/bonnes-fetes\/#primaryimage\",\"url\":\"https:\/\/www.emdg-guilers.org\/wp-content\/uploads\/2023\/12\/fetes-de-fin-dannee.jpg\",\"contentUrl\":\"https:\/\/www.emdg-guilers.org\/wp-content\/uploads\/2023\/12\/fetes-de-fin-dannee.jpg\",\"width\":940,\"height\":788},{\"@type\":\"BreadcrumbList\",\"@id\":\"https:\/\/www.emdg-guilers.org\/index.php\/2023\/12\/21\/bonnes-fetes\/#breadcrumb\",\"itemListElement\":[{\"@type\":\"ListItem\",\"position\":1,\"name\":\"Accueil\",\"item\":\"https:\/\/www.emdg-guilers.org\/\"},{\"@type\":\"ListItem\",\"position\":2,\"name\":\"Bonnes f\u00eates !\"}]},{\"@type\":\"WebSite\",\"@id\":\"https:\/\/www.emdg-guilers.org\/#website\",\"url\":\"https:\/\/www.emdg-guilers.org\/\",\"name\":\"Ecole de Musique et Danse de Guilers\",\"description\":\"Ecole associative, cours de musique, danse, th\u00e9\u00e2tre accessibles \u00e0 tous\",\"publisher\":{\"@id\":\"https:\/\/www.emdg-guilers.org\/#organization\"},\"potentialAction\":[{\"@type\":\"SearchAction\",\"target\":{\"@type\":\"EntryPoint\",\"urlTemplate\":\"https:\/\/www.emdg-guilers.org\/?s={search_term_string}\"},\"query-input\":\"required name=search_term_string\"}],\"inLanguage\":\"fr-FR\"},{\"@type\":\"Organization\",\"@id\":\"https:\/\/www.emdg-guilers.org\/#organization\",\"name\":\"Ecole de Musique et de Danse\",\"url\":\"https:\/\/www.emdg-guilers.org\/\",\"logo\":{\"@type\":\"ImageObject\",\"inLanguage\":\"fr-FR\",\"@id\":\"https:\/\/www.emdg-guilers.org\/#\/schema\/logo\/image\/\",\"url\":\"https:\/\/www.emdg-guilers.org\/wp-content\/uploads\/2016\/06\/logo2014.jpg\",\"contentUrl\":\"https:\/\/www.emdg-guilers.org\/wp-content\/uploads\/2016\/06\/logo2014.jpg\",\"width\":214,\"height\":116,\"caption\":\"Ecole de Musique et de Danse\"},\"image\":{\"@id\":\"https:\/\/www.emdg-guilers.org\/#\/schema\/logo\/image\/\"},\"sameAs\":[\"https:\/\/www.facebook.com\/Ecole-de-Musique-et-de-Danse-de-Guilers-480017765533016\/\"]},{\"@type\":\"Person\",\"@id\":\"https:\/\/www.emdg-guilers.org\/#\/schema\/person\/5c279d8e49be5f6bfdc87fb9e08559d4\",\"name\":\"Marie Clavier\",\"image\":{\"@type\":\"ImageObject\",\"inLanguage\":\"fr-FR\",\"@id\":\"https:\/\/www.emdg-guilers.org\/#\/schema\/person\/image\/\",\"url\":\"https:\/\/secure.gravatar.com\/avatar\/82505eeeaf6d53a80197cd7ed92e8de4?s=96&d=mm&r=g\",\"contentUrl\":\"https:\/\/secure.gravatar.com\/avatar\/82505eeeaf6d53a80197cd7ed92e8de4?s=96&d=mm&r=g\",\"caption\":\"Marie Clavier\"},\"url\":\"https:\/\/www.emdg-guilers.org\/index.php\/author\/mclavier\/\"}]}<\/script>\n<!-- \/ Yoast SEO plugin. -->","yoast_head_json":{"title":"Bonnes f\u00eates ! - Ecole de Musique, Danse &amp; Th\u00e9\u00e2tre de Guilers","robots":{"index":"index","follow":"follow","max-snippet":"max-snippet:-1","max-image-preview":"max-image-preview:large","max-video-preview":"max-video-preview:-1"},"canonical":"https:\/\/www.emdg-guilers.org\/index.php\/2023\/12\/21\/bonnes-fetes\/","og_locale":"fr_FR","og_type":"article","og_title":"Bonnes f\u00eates ! - Ecole de Musique, Danse &amp; Th\u00e9\u00e2tre de Guilers","og_description":"Nous vous souhaitons un Joyeux No\u00ebl et de beaux moments pour cette fin d&rsquo;ann\u00e9e. On se retrouve d\u00e8s le 8 janvier 2024. L&rsquo;\u00e9cole sera ferm\u00e9e pendant les vacances scolaires, du 23-12 au 07-01 inclus.-> Retrouvez les photos de nos \u00e9v\u00e9nements de No\u00ebl sur notre page Facebook !","og_url":"https:\/\/www.emdg-guilers.org\/index.php\/2023\/12\/21\/bonnes-fetes\/","og_site_name":"Ecole de Musique, Danse &amp; Th\u00e9\u00e2tre de Guilers","article_publisher":"https:\/\/www.facebook.com\/Ecole-de-Musique-et-de-Danse-de-Guilers-480017765533016\/","article_published_time":"2023-12-21T15:29:44+00:00","article_modified_time":"2023-12-21T15:29:45+00:00","og_image":[{"url":"https:\/\/www.emdg-guilers.org\/wp-content\/uploads\/2023\/12\/fetes-de-fin-dannee.jpg"}],"author":"Marie Clavier","twitter_card":"summary_large_image","twitter_misc":{"\u00c9crit par":"Marie Clavier","Dur\u00e9e de lecture estim\u00e9e":"1 minute"},"schema":{"@context":"https:\/\/schema.org","@graph":[{"@type":"Article","@id":"https:\/\/www.emdg-guilers.org\/index.php\/2023\/12\/21\/bonnes-fetes\/#article","isPartOf":{"@id":"https:\/\/www.emdg-guilers.org\/index.php\/2023\/12\/21\/bonnes-fetes\/"},"author":{"name":"Marie Clavier","@id":"https:\/\/www.emdg-guilers.org\/#\/schema\/person\/5c279d8e49be5f6bfdc87fb9e08559d4"},"headline":"Bonnes f\u00eates !","datePublished":"2023-12-21T15:29:44+00:00","dateModified":"2023-12-21T15:29:45+00:00","mainEntityOfPage":{"@id":"https:\/\/www.emdg-guilers.org\/index.php\/2023\/12\/21\/bonnes-fetes\/"},"wordCount":55,"publisher":{"@id":"https:\/\/www.emdg-guilers.org\/#organization"},"image":{"@id":"https:\/\/www.emdg-guilers.org\/index.php\/2023\/12\/21\/bonnes-fetes\/#primaryimage"},"thumbnailUrl":"https:\/\/www.emdg-guilers.org\/wp-content\/uploads\/2023\/12\/fetes-de-fin-dannee.jpg","inLanguage":"fr-FR"},{"@type":"WebPage","@id":"https:\/\/www.emdg-guilers.org\/index.php\/2023\/12\/21\/bonnes-fetes\/","url":"https:\/\/www.emdg-guilers.org\/index.php\/2023\/12\/21\/bonnes-fetes\/","name":"Bonnes f\u00eates ! - Ecole de Musique, Danse &amp; Th\u00e9\u00e2tre de Guilers","isPartOf":{"@id":"https:\/\/www.emdg-guilers.org\/#website"},"primaryImageOfPage":{"@id":"https:\/\/www.emdg-guilers.org\/index.php\/2023\/12\/21\/bonnes-fetes\/#primaryimage"},"image":{"@id":"https:\/\/www.emdg-guilers.org\/index.php\/2023\/12\/21\/bonnes-fetes\/#primaryimage"},"thumbnailUrl":"https:\/\/www.emdg-guilers.org\/wp-content\/uploads\/2023\/12\/fetes-de-fin-dannee.jpg","datePublished":"2023-12-21T15:29:44+00:00","dateModified":"2023-12-21T15:29:45+00:00","breadcrumb":{"@id":"https:\/\/www.emdg-guilers.org\/index.php\/2023\/12\/21\/bonnes-fetes\/#breadcrumb"},"inLanguage":"fr-FR","potentialAction":[{"@type":"ReadAction","target":["https:\/\/www.emdg-guilers.org\/index.php\/2023\/12\/21\/bonnes-fetes\/"]}]},{"@type":"ImageObject","inLanguage":"fr-FR","@id":"https:\/\/www.emdg-guilers.org\/index.php\/2023\/12\/21\/bonnes-fetes\/#primaryimage","url":"https:\/\/www.emdg-guilers.org\/wp-content\/uploads\/2023\/12\/fetes-de-fin-dannee.jpg","contentUrl":"https:\/\/www.emdg-guilers.org\/wp-content\/uploads\/2023\/12\/fetes-de-fin-dannee.jpg","width":940,"height":788},{"@type":"BreadcrumbList","@id":"https:\/\/www.emdg-guilers.org\/index.php\/2023\/12\/21\/bonnes-fetes\/#breadcrumb","itemListElement":[{"@type":"ListItem","position":1,"name":"Accueil","item":"https:\/\/www.emdg-guilers.org\/"},{"@type":"ListItem","position":2,"name":"Bonnes f\u00eates !"}]},{"@type":"WebSite","@id":"https:\/\/www.emdg-guilers.org\/#website","url":"https:\/\/www.emdg-guilers.org\/","name":"Ecole de Musique et Danse de Guilers","description":"Ecole associative, cours de musique, danse, th\u00e9\u00e2tre accessibles \u00e0 tous","publisher":{"@id":"https:\/\/www.emdg-guilers.org\/#organization"},"potentialAction":[{"@type":"SearchAction","target":{"@type":"EntryPoint","urlTemplate":"https:\/\/www.emdg-guilers.org\/?s={search_term_string}"},"query-input":"required name=search_term_string"}],"inLanguage":"fr-FR"},{"@type":"Organization","@id":"https:\/\/www.emdg-guilers.org\/#organization","name":"Ecole de Musique et de Danse","url":"https:\/\/www.emdg-guilers.org\/","logo":{"@type":"ImageObject","inLanguage":"fr-FR","@id":"https:\/\/www.emdg-guilers.org\/#\/schema\/logo\/image\/","url":"https:\/\/www.emdg-guilers.org\/wp-content\/uploads\/2016\/06\/logo2014.jpg","contentUrl":"https:\/\/www.emdg-guilers.org\/wp-content\/uploads\/2016\/06\/logo2014.jpg","width":214,"height":116,"caption":"Ecole de Musique et de Danse"},"image":{"@id":"https:\/\/www.emdg-guilers.org\/#\/schema\/logo\/image\/"},"sameAs":["https:\/\/www.facebook.com\/Ecole-de-Musique-et-de-Danse-de-Guilers-480017765533016\/"]},{"@type":"Person","@id":"https:\/\/www.emdg-guilers.org\/#\/schema\/person\/5c279d8e49be5f6bfdc87fb9e08559d4","name":"Marie Clavier","image":{"@type":"ImageObject","inLanguage":"fr-FR","@id":"https:\/\/www.emdg-guilers.org\/#\/schema\/person\/image\/","url":"https:\/\/secure.gravatar.com\/avatar\/82505eeeaf6d53a80197cd7ed92e8de4?s=96&d=mm&r=g","contentUrl":"https:\/\/secure.gravatar.com\/avatar\/82505eeeaf6d53a80197cd7ed92e8de4?s=96&d=mm&r=g","caption":"Marie Clavier"},"url":"https:\/\/www.emdg-guilers.org\/index.php\/author\/mclavier\/"}]}},"_links":{"self":[{"href":"https:\/\/www.emdg-guilers.org\/index.php\/wp-json\/wp\/v2\/posts\/3971"}],"collection":[{"href":"https:\/\/www.emdg-guilers.org\/index.php\/wp-json\/wp\/v2\/posts"}],"about":[{"href":"https:\/\/www.emdg-guilers.org\/index.php\/wp-json\/wp\/v2\/types\/post"}],"author":[{"embeddable":true,"href":"https:\/\/www.emdg-guilers.org\/index.php\/wp-json\/wp\/v2\/users\/3"}],"replies":[{"embeddable":true,"href":"https:\/\/www.emdg-guilers.org\/index.php\/wp-json\/wp\/v2\/comments?post=3971"}],"version-history":[{"count":1,"href":"https:\/\/www.emdg-guilers.org\/index.php\/wp-json\/wp\/v2\/posts\/3971\/revisions"}],"predecessor-version":[{"id":3973,"href":"https:\/\/www.emdg-guilers.org\/index.php\/wp-json\/wp\/v2\/posts\/3971\/revisions\/3973"}],"wp:attachment":[{"href":"https:\/\/www.emdg-guilers.org\/index.php\/wp-json\/wp\/v2\/media?parent=3971"}],"wp:term":[{"taxonomy":"category","embeddable":true,"href":"https:\/\/www.emdg-guilers.org\/index.php\/wp-json\/wp\/v2\/categories?post=3971"},{"taxonomy":"post_tag","embeddable":true,"href":"https:\/\/www.emdg-guilers.org\/index.php\/wp-json\/wp\/v2\/tags?post=3971"}],"curies":[{"name":"wp","href":"https:\/\/api.w.org\/{rel}","templated":true}]}}