{"id":4020,"date":"2024-02-05T11:21:44","date_gmt":"2024-02-05T10:21:44","guid":{"rendered":"https:\/\/www.emdg-guilers.org\/?p=4020"},"modified":"2024-02-05T11:23:30","modified_gmt":"2024-02-05T10:23:30","slug":"bal-masque-2","status":"publish","type":"post","link":"https:\/\/www.emdg-guilers.org\/index.php\/2024\/02\/05\/bal-masque-2\/","title":{"rendered":"Bal Masqu\u00e9"},"content":{"rendered":"\n<div class=\"wp-block-image\"><figure class=\"aligncenter size-large is-resized\"><a href=\"https:\/\/www.helloasso.com\/associations\/ecole-de-musique-et-danse-de-guilers\/evenements\/bal-masque-2024-soiree-dansante-de-l-emdg\"><img loading=\"lazy\" decoding=\"async\" src=\"https:\/\/www.emdg-guilers.org\/wp-content\/uploads\/2024\/02\/2024-02-17-Bal-masque-1-724x1024.jpg\" alt=\"\" class=\"wp-image-4022\" width=\"506\" height=\"715\" srcset=\"https:\/\/www.emdg-guilers.org\/wp-content\/uploads\/2024\/02\/2024-02-17-Bal-masque-1-724x1024.jpg 724w, https:\/\/www.emdg-guilers.org\/wp-content\/uploads\/2024\/02\/2024-02-17-Bal-masque-1-212x300.jpg 212w, https:\/\/www.emdg-guilers.org\/wp-content\/uploads\/2024\/02\/2024-02-17-Bal-masque-1-768x1086.jpg 768w, https:\/\/www.emdg-guilers.org\/wp-content\/uploads\/2024\/02\/2024-02-17-Bal-masque-1-1086x1536.jpg 1086w, https:\/\/www.emdg-guilers.org\/wp-content\/uploads\/2024\/02\/2024-02-17-Bal-masque-1-1448x2048.jpg 1448w, https:\/\/www.emdg-guilers.org\/wp-content\/uploads\/2024\/02\/2024-02-17-Bal-masque-1-191x270.jpg 191w, https:\/\/www.emdg-guilers.org\/wp-content\/uploads\/2024\/02\/2024-02-17-Bal-masque-1.jpg 1786w\" sizes=\"(max-width: 506px) 100vw, 506px\" \/><\/a><\/figure><\/div>\n\n\n\n<p>Bal Masqu\u00e9 de l&rsquo;EMDG, le samedi 17 f\u00e9vrier de 19h \u00e0 23h. Espace Pagnol<br>Venez danser costum\u00e9 et masqu\u00e9. D\u00e9monstrations de danse. Buvette, cr\u00eapes&#8230;<br>Les recettes serviront \u00e0 financer les diff\u00e9rentes animations de l&rsquo;\u00e9cole.<br><a href=\"https:\/\/www.helloasso.com\/associations\/ecole-de-musique-et-danse-de-guilers\/evenements\/bal-masque-2024-soiree-dansante-de-l-emdg\" target=\"_blank\" rel=\"noreferrer noopener\">Billetterie ici<\/a><\/p>\n","protected":false},"excerpt":{"rendered":"<p>Bal Masqu\u00e9 de l&rsquo;EMDG, le samedi 17 f\u00e9vrier de 19h \u00e0 23h. Espace PagnolVenez danser costum\u00e9 et masqu\u00e9. D\u00e9monstrations de danse. Buvette, cr\u00eapes&#8230;Les recettes serviront \u00e0 financer les diff\u00e9rentes animations de l&rsquo;\u00e9cole.Billetterie ici<\/p>\n","protected":false},"author":3,"featured_media":0,"comment_status":"closed","ping_status":"closed","sticky":false,"template":"","format":"standard","meta":{"footnotes":""},"categories":[1],"tags":[],"yoast_head":"<!-- This site is optimized with the Yoast SEO plugin v22.4 - https:\/\/yoast.com\/wordpress\/plugins\/seo\/ -->\n<title>Bal Masqu\u00e9 - Ecole de Musique, Danse &amp; Th\u00e9\u00e2tre de Guilers<\/title>\n<meta name=\"robots\" content=\"index, follow, max-snippet:-1, max-image-preview:large, max-video-preview:-1\" \/>\n<link rel=\"canonical\" href=\"https:\/\/www.emdg-guilers.org\/index.php\/2024\/02\/05\/bal-masque-2\/\" \/>\n<meta property=\"og:locale\" content=\"fr_FR\" \/>\n<meta property=\"og:type\" content=\"article\" \/>\n<meta property=\"og:title\" content=\"Bal Masqu\u00e9 - Ecole de Musique, Danse &amp; Th\u00e9\u00e2tre de Guilers\" \/>\n<meta property=\"og:description\" content=\"Bal Masqu\u00e9 de l&rsquo;EMDG, le samedi 17 f\u00e9vrier de 19h \u00e0 23h. Espace PagnolVenez danser costum\u00e9 et masqu\u00e9. D\u00e9monstrations de danse. Buvette, cr\u00eapes&#8230;Les recettes serviront \u00e0 financer les diff\u00e9rentes animations de l&rsquo;\u00e9cole.Billetterie ici\" \/>\n<meta property=\"og:url\" content=\"https:\/\/www.emdg-guilers.org\/index.php\/2024\/02\/05\/bal-masque-2\/\" \/>\n<meta property=\"og:site_name\" content=\"Ecole de Musique, Danse &amp; Th\u00e9\u00e2tre de Guilers\" \/>\n<meta property=\"article:publisher\" content=\"https:\/\/www.facebook.com\/Ecole-de-Musique-et-de-Danse-de-Guilers-480017765533016\/\" \/>\n<meta property=\"article:published_time\" content=\"2024-02-05T10:21:44+00:00\" \/>\n<meta property=\"article:modified_time\" content=\"2024-02-05T10:23:30+00:00\" \/>\n<meta property=\"og:image\" content=\"https:\/\/www.emdg-guilers.org\/wp-content\/uploads\/2024\/02\/2024-02-17-Bal-masque-1-724x1024.jpg\" \/>\n<meta name=\"author\" content=\"Marie Clavier\" \/>\n<meta name=\"twitter:card\" content=\"summary_large_image\" \/>\n<meta name=\"twitter:label1\" content=\"\u00c9crit par\" \/>\n\t<meta name=\"twitter:data1\" content=\"Marie Clavier\" \/>\n\t<meta name=\"twitter:label2\" content=\"Dur\u00e9e de lecture estim\u00e9e\" \/>\n\t<meta name=\"twitter:data2\" content=\"1 minute\" \/>\n<script type=\"application\/ld+json\" class=\"yoast-schema-graph\">{\"@context\":\"https:\/\/schema.org\",\"@graph\":[{\"@type\":\"Article\",\"@id\":\"https:\/\/www.emdg-guilers.org\/index.php\/2024\/02\/05\/bal-masque-2\/#article\",\"isPartOf\":{\"@id\":\"https:\/\/www.emdg-guilers.org\/index.php\/2024\/02\/05\/bal-masque-2\/\"},\"author\":{\"name\":\"Marie Clavier\",\"@id\":\"https:\/\/www.emdg-guilers.org\/#\/schema\/person\/5c279d8e49be5f6bfdc87fb9e08559d4\"},\"headline\":\"Bal Masqu\u00e9\",\"datePublished\":\"2024-02-05T10:21:44+00:00\",\"dateModified\":\"2024-02-05T10:23:30+00:00\",\"mainEntityOfPage\":{\"@id\":\"https:\/\/www.emdg-guilers.org\/index.php\/2024\/02\/05\/bal-masque-2\/\"},\"wordCount\":39,\"publisher\":{\"@id\":\"https:\/\/www.emdg-guilers.org\/#organization\"},\"image\":{\"@id\":\"https:\/\/www.emdg-guilers.org\/index.php\/2024\/02\/05\/bal-masque-2\/#primaryimage\"},\"thumbnailUrl\":\"https:\/\/www.emdg-guilers.org\/wp-content\/uploads\/2024\/02\/2024-02-17-Bal-masque-1-724x1024.jpg\",\"inLanguage\":\"fr-FR\"},{\"@type\":\"WebPage\",\"@id\":\"https:\/\/www.emdg-guilers.org\/index.php\/2024\/02\/05\/bal-masque-2\/\",\"url\":\"https:\/\/www.emdg-guilers.org\/index.php\/2024\/02\/05\/bal-masque-2\/\",\"name\":\"Bal Masqu\u00e9 - Ecole de Musique, Danse &amp; Th\u00e9\u00e2tre de Guilers\",\"isPartOf\":{\"@id\":\"https:\/\/www.emdg-guilers.org\/#website\"},\"primaryImageOfPage\":{\"@id\":\"https:\/\/www.emdg-guilers.org\/index.php\/2024\/02\/05\/bal-masque-2\/#primaryimage\"},\"image\":{\"@id\":\"https:\/\/www.emdg-guilers.org\/index.php\/2024\/02\/05\/bal-masque-2\/#primaryimage\"},\"thumbnailUrl\":\"https:\/\/www.emdg-guilers.org\/wp-content\/uploads\/2024\/02\/2024-02-17-Bal-masque-1-724x1024.jpg\",\"datePublished\":\"2024-02-05T10:21:44+00:00\",\"dateModified\":\"2024-02-05T10:23:30+00:00\",\"breadcrumb\":{\"@id\":\"https:\/\/www.emdg-guilers.org\/index.php\/2024\/02\/05\/bal-masque-2\/#breadcrumb\"},\"inLanguage\":\"fr-FR\",\"potentialAction\":[{\"@type\":\"ReadAction\",\"target\":[\"https:\/\/www.emdg-guilers.org\/index.php\/2024\/02\/05\/bal-masque-2\/\"]}]},{\"@type\":\"ImageObject\",\"inLanguage\":\"fr-FR\",\"@id\":\"https:\/\/www.emdg-guilers.org\/index.php\/2024\/02\/05\/bal-masque-2\/#primaryimage\",\"url\":\"https:\/\/www.emdg-guilers.org\/wp-content\/uploads\/2024\/02\/2024-02-17-Bal-masque-1.jpg\",\"contentUrl\":\"https:\/\/www.emdg-guilers.org\/wp-content\/uploads\/2024\/02\/2024-02-17-Bal-masque-1.jpg\",\"width\":1786,\"height\":2526},{\"@type\":\"BreadcrumbList\",\"@id\":\"https:\/\/www.emdg-guilers.org\/index.php\/2024\/02\/05\/bal-masque-2\/#breadcrumb\",\"itemListElement\":[{\"@type\":\"ListItem\",\"position\":1,\"name\":\"Accueil\",\"item\":\"https:\/\/www.emdg-guilers.org\/\"},{\"@type\":\"ListItem\",\"position\":2,\"name\":\"Bal Masqu\u00e9\"}]},{\"@type\":\"WebSite\",\"@id\":\"https:\/\/www.emdg-guilers.org\/#website\",\"url\":\"https:\/\/www.emdg-guilers.org\/\",\"name\":\"Ecole de Musique et Danse de Guilers\",\"description\":\"Ecole associative, cours de musique, danse, th\u00e9\u00e2tre accessibles \u00e0 tous\",\"publisher\":{\"@id\":\"https:\/\/www.emdg-guilers.org\/#organization\"},\"potentialAction\":[{\"@type\":\"SearchAction\",\"target\":{\"@type\":\"EntryPoint\",\"urlTemplate\":\"https:\/\/www.emdg-guilers.org\/?s={search_term_string}\"},\"query-input\":\"required name=search_term_string\"}],\"inLanguage\":\"fr-FR\"},{\"@type\":\"Organization\",\"@id\":\"https:\/\/www.emdg-guilers.org\/#organization\",\"name\":\"Ecole de Musique et de Danse\",\"url\":\"https:\/\/www.emdg-guilers.org\/\",\"logo\":{\"@type\":\"ImageObject\",\"inLanguage\":\"fr-FR\",\"@id\":\"https:\/\/www.emdg-guilers.org\/#\/schema\/logo\/image\/\",\"url\":\"https:\/\/www.emdg-guilers.org\/wp-content\/uploads\/2016\/06\/logo2014.jpg\",\"contentUrl\":\"https:\/\/www.emdg-guilers.org\/wp-content\/uploads\/2016\/06\/logo2014.jpg\",\"width\":214,\"height\":116,\"caption\":\"Ecole de Musique et de Danse\"},\"image\":{\"@id\":\"https:\/\/www.emdg-guilers.org\/#\/schema\/logo\/image\/\"},\"sameAs\":[\"https:\/\/www.facebook.com\/Ecole-de-Musique-et-de-Danse-de-Guilers-480017765533016\/\"]},{\"@type\":\"Person\",\"@id\":\"https:\/\/www.emdg-guilers.org\/#\/schema\/person\/5c279d8e49be5f6bfdc87fb9e08559d4\",\"name\":\"Marie Clavier\",\"image\":{\"@type\":\"ImageObject\",\"inLanguage\":\"fr-FR\",\"@id\":\"https:\/\/www.emdg-guilers.org\/#\/schema\/person\/image\/\",\"url\":\"https:\/\/secure.gravatar.com\/avatar\/82505eeeaf6d53a80197cd7ed92e8de4?s=96&d=mm&r=g\",\"contentUrl\":\"https:\/\/secure.gravatar.com\/avatar\/82505eeeaf6d53a80197cd7ed92e8de4?s=96&d=mm&r=g\",\"caption\":\"Marie Clavier\"},\"url\":\"https:\/\/www.emdg-guilers.org\/index.php\/author\/mclavier\/\"}]}<\/script>\n<!-- \/ Yoast SEO plugin. -->","yoast_head_json":{"title":"Bal Masqu\u00e9 - Ecole de Musique, Danse &amp; Th\u00e9\u00e2tre de Guilers","robots":{"index":"index","follow":"follow","max-snippet":"max-snippet:-1","max-image-preview":"max-image-preview:large","max-video-preview":"max-video-preview:-1"},"canonical":"https:\/\/www.emdg-guilers.org\/index.php\/2024\/02\/05\/bal-masque-2\/","og_locale":"fr_FR","og_type":"article","og_title":"Bal Masqu\u00e9 - Ecole de Musique, Danse &amp; Th\u00e9\u00e2tre de Guilers","og_description":"Bal Masqu\u00e9 de l&rsquo;EMDG, le samedi 17 f\u00e9vrier de 19h \u00e0 23h. Espace PagnolVenez danser costum\u00e9 et masqu\u00e9. D\u00e9monstrations de danse. Buvette, cr\u00eapes&#8230;Les recettes serviront \u00e0 financer les diff\u00e9rentes animations de l&rsquo;\u00e9cole.Billetterie ici","og_url":"https:\/\/www.emdg-guilers.org\/index.php\/2024\/02\/05\/bal-masque-2\/","og_site_name":"Ecole de Musique, Danse &amp; Th\u00e9\u00e2tre de Guilers","article_publisher":"https:\/\/www.facebook.com\/Ecole-de-Musique-et-de-Danse-de-Guilers-480017765533016\/","article_published_time":"2024-02-05T10:21:44+00:00","article_modified_time":"2024-02-05T10:23:30+00:00","og_image":[{"url":"https:\/\/www.emdg-guilers.org\/wp-content\/uploads\/2024\/02\/2024-02-17-Bal-masque-1-724x1024.jpg"}],"author":"Marie Clavier","twitter_card":"summary_large_image","twitter_misc":{"\u00c9crit par":"Marie Clavier","Dur\u00e9e de lecture estim\u00e9e":"1 minute"},"schema":{"@context":"https:\/\/schema.org","@graph":[{"@type":"Article","@id":"https:\/\/www.emdg-guilers.org\/index.php\/2024\/02\/05\/bal-masque-2\/#article","isPartOf":{"@id":"https:\/\/www.emdg-guilers.org\/index.php\/2024\/02\/05\/bal-masque-2\/"},"author":{"name":"Marie Clavier","@id":"https:\/\/www.emdg-guilers.org\/#\/schema\/person\/5c279d8e49be5f6bfdc87fb9e08559d4"},"headline":"Bal Masqu\u00e9","datePublished":"2024-02-05T10:21:44+00:00","dateModified":"2024-02-05T10:23:30+00:00","mainEntityOfPage":{"@id":"https:\/\/www.emdg-guilers.org\/index.php\/2024\/02\/05\/bal-masque-2\/"},"wordCount":39,"publisher":{"@id":"https:\/\/www.emdg-guilers.org\/#organization"},"image":{"@id":"https:\/\/www.emdg-guilers.org\/index.php\/2024\/02\/05\/bal-masque-2\/#primaryimage"},"thumbnailUrl":"https:\/\/www.emdg-guilers.org\/wp-content\/uploads\/2024\/02\/2024-02-17-Bal-masque-1-724x1024.jpg","inLanguage":"fr-FR"},{"@type":"WebPage","@id":"https:\/\/www.emdg-guilers.org\/index.php\/2024\/02\/05\/bal-masque-2\/","url":"https:\/\/www.emdg-guilers.org\/index.php\/2024\/02\/05\/bal-masque-2\/","name":"Bal Masqu\u00e9 - Ecole de Musique, Danse &amp; Th\u00e9\u00e2tre de Guilers","isPartOf":{"@id":"https:\/\/www.emdg-guilers.org\/#website"},"primaryImageOfPage":{"@id":"https:\/\/www.emdg-guilers.org\/index.php\/2024\/02\/05\/bal-masque-2\/#primaryimage"},"image":{"@id":"https:\/\/www.emdg-guilers.org\/index.php\/2024\/02\/05\/bal-masque-2\/#primaryimage"},"thumbnailUrl":"https:\/\/www.emdg-guilers.org\/wp-content\/uploads\/2024\/02\/2024-02-17-Bal-masque-1-724x1024.jpg","datePublished":"2024-02-05T10:21:44+00:00","dateModified":"2024-02-05T10:23:30+00:00","breadcrumb":{"@id":"https:\/\/www.emdg-guilers.org\/index.php\/2024\/02\/05\/bal-masque-2\/#breadcrumb"},"inLanguage":"fr-FR","potentialAction":[{"@type":"ReadAction","target":["https:\/\/www.emdg-guilers.org\/index.php\/2024\/02\/05\/bal-masque-2\/"]}]},{"@type":"ImageObject","inLanguage":"fr-FR","@id":"https:\/\/www.emdg-guilers.org\/index.php\/2024\/02\/05\/bal-masque-2\/#primaryimage","url":"https:\/\/www.emdg-guilers.org\/wp-content\/uploads\/2024\/02\/2024-02-17-Bal-masque-1.jpg","contentUrl":"https:\/\/www.emdg-guilers.org\/wp-content\/uploads\/2024\/02\/2024-02-17-Bal-masque-1.jpg","width":1786,"height":2526},{"@type":"BreadcrumbList","@id":"https:\/\/www.emdg-guilers.org\/index.php\/2024\/02\/05\/bal-masque-2\/#breadcrumb","itemListElement":[{"@type":"ListItem","position":1,"name":"Accueil","item":"https:\/\/www.emdg-guilers.org\/"},{"@type":"ListItem","position":2,"name":"Bal Masqu\u00e9"}]},{"@type":"WebSite","@id":"https:\/\/www.emdg-guilers.org\/#website","url":"https:\/\/www.emdg-guilers.org\/","name":"Ecole de Musique et Danse de Guilers","description":"Ecole associative, cours de musique, danse, th\u00e9\u00e2tre accessibles \u00e0 tous","publisher":{"@id":"https:\/\/www.emdg-guilers.org\/#organization"},"potentialAction":[{"@type":"SearchAction","target":{"@type":"EntryPoint","urlTemplate":"https:\/\/www.emdg-guilers.org\/?s={search_term_string}"},"query-input":"required name=search_term_string"}],"inLanguage":"fr-FR"},{"@type":"Organization","@id":"https:\/\/www.emdg-guilers.org\/#organization","name":"Ecole de Musique et de Danse","url":"https:\/\/www.emdg-guilers.org\/","logo":{"@type":"ImageObject","inLanguage":"fr-FR","@id":"https:\/\/www.emdg-guilers.org\/#\/schema\/logo\/image\/","url":"https:\/\/www.emdg-guilers.org\/wp-content\/uploads\/2016\/06\/logo2014.jpg","contentUrl":"https:\/\/www.emdg-guilers.org\/wp-content\/uploads\/2016\/06\/logo2014.jpg","width":214,"height":116,"caption":"Ecole de Musique et de Danse"},"image":{"@id":"https:\/\/www.emdg-guilers.org\/#\/schema\/logo\/image\/"},"sameAs":["https:\/\/www.facebook.com\/Ecole-de-Musique-et-de-Danse-de-Guilers-480017765533016\/"]},{"@type":"Person","@id":"https:\/\/www.emdg-guilers.org\/#\/schema\/person\/5c279d8e49be5f6bfdc87fb9e08559d4","name":"Marie Clavier","image":{"@type":"ImageObject","inLanguage":"fr-FR","@id":"https:\/\/www.emdg-guilers.org\/#\/schema\/person\/image\/","url":"https:\/\/secure.gravatar.com\/avatar\/82505eeeaf6d53a80197cd7ed92e8de4?s=96&d=mm&r=g","contentUrl":"https:\/\/secure.gravatar.com\/avatar\/82505eeeaf6d53a80197cd7ed92e8de4?s=96&d=mm&r=g","caption":"Marie Clavier"},"url":"https:\/\/www.emdg-guilers.org\/index.php\/author\/mclavier\/"}]}},"_links":{"self":[{"href":"https:\/\/www.emdg-guilers.org\/index.php\/wp-json\/wp\/v2\/posts\/4020"}],"collection":[{"href":"https:\/\/www.emdg-guilers.org\/index.php\/wp-json\/wp\/v2\/posts"}],"about":[{"href":"https:\/\/www.emdg-guilers.org\/index.php\/wp-json\/wp\/v2\/types\/post"}],"author":[{"embeddable":true,"href":"https:\/\/www.emdg-guilers.org\/index.php\/wp-json\/wp\/v2\/users\/3"}],"replies":[{"embeddable":true,"href":"https:\/\/www.emdg-guilers.org\/index.php\/wp-json\/wp\/v2\/comments?post=4020"}],"version-history":[{"count":4,"href":"https:\/\/www.emdg-guilers.org\/index.php\/wp-json\/wp\/v2\/posts\/4020\/revisions"}],"predecessor-version":[{"id":4026,"href":"https:\/\/www.emdg-guilers.org\/index.php\/wp-json\/wp\/v2\/posts\/4020\/revisions\/4026"}],"wp:attachment":[{"href":"https:\/\/www.emdg-guilers.org\/index.php\/wp-json\/wp\/v2\/media?parent=4020"}],"wp:term":[{"taxonomy":"category","embeddable":true,"href":"https:\/\/www.emdg-guilers.org\/index.php\/wp-json\/wp\/v2\/categories?post=4020"},{"taxonomy":"post_tag","embeddable":true,"href":"https:\/\/www.emdg-guilers.org\/index.php\/wp-json\/wp\/v2\/tags?post=4020"}],"curies":[{"name":"wp","href":"https:\/\/api.w.org\/{rel}","templated":true}]}}