{"id":4068,"date":"2024-03-19T11:58:37","date_gmt":"2024-03-19T10:58:37","guid":{"rendered":"https:\/\/www.emdg-guilers.org\/?p=4068"},"modified":"2024-03-19T12:01:33","modified_gmt":"2024-03-19T11:01:33","slug":"au-programme-cette-semaine","status":"publish","type":"post","link":"https:\/\/www.emdg-guilers.org\/index.php\/2024\/03\/19\/au-programme-cette-semaine\/","title":{"rendered":"Au programme cette semaine"},"content":{"rendered":"\n<p class=\"has-text-align-left\">Semaine active \u00e0 l&rsquo; <a href=\"https:\/\/www.facebook.com\/EMDG29\/\" target=\"_blank\" rel=\"noreferrer noopener\">Ecole de Musique, Danse et Th\u00e9\u00e2tre de Guilers.<\/a><br><br><strong>** samedi 23 mars **<\/strong><br><strong>&#8211; 14h : D\u00e9fi danse \u00e0 la Guilth\u00e8que<\/strong>, avec Jehanne Peron, danseuse de l&rsquo;EMDG. Venez participer \u00e0 un \u00e9chauffement.<br><strong>&#8211; 14h45 : D\u00e9fi th\u00e9\u00e2tre d&rsquo;impro \u00e0 la Guilth\u00e8que<\/strong>, avec la troupe d&rsquo;impro des adultes de l&rsquo;EMDG. Venez participer !<br>&#8211; <strong>16h : <a href=\"https:\/\/www.helloasso.com\/associations\/ecole-de-musique-et-danse-de-guilers\/evenements\/cartes-blanches-petits-2024\" target=\"_blank\" rel=\"noreferrer noopener\">Cartes Blanches<\/a><\/strong> aux \u00e9l\u00e8ves danse (groupe des petites) toutes esth\u00e9tiques.<br><strong>&#8211; 19h : <a href=\"https:\/\/www.helloasso.com\/associations\/ecole-de-musique-et-danse-de-guilers\/evenements\/cartes-blanches-danse-grands-2024\" target=\"_blank\" rel=\"noreferrer noopener\">Cartes Blanches<\/a> <\/strong>aux \u00e9l\u00e8ves danse (groupe des grands) toutes esth\u00e9tiques.<br><br><strong>** dimanche 24 mars **<\/strong><br><strong>&#8211; 10h-12h30 \/ 14h-18h : <a href=\"https:\/\/www.facebook.com\/larenanaisemusicale\" target=\"_blank\" rel=\"noreferrer noopener\">La R\u00e9nanaise<\/a><\/strong>, salon de la musique. Retrouvez l&rsquo;Ecole de Musique, Danse et Th\u00e9\u00e2tre de Guilers sur son stand, ainsi que notre \u00e9quipe, b\u00e9n\u00e9voles, enseignants (en concert ou ateliers). <\/p>\n\n\n\n<div class=\"wp-block-columns is-layout-flex wp-container-core-columns-is-layout-1 wp-block-columns-is-layout-flex\">\n<div class=\"wp-block-column is-layout-flow wp-block-column-is-layout-flow\" style=\"flex-basis:100%\">\n<figure class=\"wp-block-gallery columns-0 is-cropped wp-block-gallery-1 is-layout-flex wp-block-gallery-is-layout-flex\"><ul class=\"blocks-gallery-grid\"><\/ul><\/figure>\n<\/div>\n<\/div>\n\n\n\n<div class=\"wp-block-columns is-layout-flex wp-container-core-columns-is-layout-3 wp-block-columns-is-layout-flex\">\n<div class=\"wp-block-column is-layout-flow wp-block-column-is-layout-flow\" style=\"flex-basis:100%\">\n<div class=\"wp-block-columns is-layout-flex wp-container-core-columns-is-layout-2 wp-block-columns-is-layout-flex\">\n<div class=\"wp-block-column is-layout-flow wp-block-column-is-layout-flow\" style=\"flex-basis:100%\">\n<figure class=\"wp-block-gallery columns-2 is-cropped wp-block-gallery-2 is-layout-flex wp-block-gallery-is-layout-flex\"><ul class=\"blocks-gallery-grid\"><li class=\"blocks-gallery-item\"><figure><img loading=\"lazy\" decoding=\"async\" width=\"558\" height=\"790\" src=\"https:\/\/www.emdg-guilers.org\/wp-content\/uploads\/2024\/03\/affiches-tas-du-reseau.jpg\" alt=\"\" data-id=\"4070\" class=\"wp-image-4070\" srcset=\"https:\/\/www.emdg-guilers.org\/wp-content\/uploads\/2024\/03\/affiches-tas-du-reseau.jpg 558w, https:\/\/www.emdg-guilers.org\/wp-content\/uploads\/2024\/03\/affiches-tas-du-reseau-212x300.jpg 212w, https:\/\/www.emdg-guilers.org\/wp-content\/uploads\/2024\/03\/affiches-tas-du-reseau-191x270.jpg 191w\" sizes=\"(max-width: 558px) 100vw, 558px\" \/><\/figure><\/li><li class=\"blocks-gallery-item\"><figure><img loading=\"lazy\" decoding=\"async\" width=\"724\" height=\"1024\" src=\"https:\/\/www.emdg-guilers.org\/wp-content\/uploads\/2024\/03\/Cartes-blanches-2-724x1024.jpg\" alt=\"\" data-id=\"4074\" data-full-url=\"https:\/\/www.emdg-guilers.org\/wp-content\/uploads\/2024\/03\/Cartes-blanches-2.jpg\" data-link=\"https:\/\/www.emdg-guilers.org\/index.php\/2024\/03\/19\/au-programme-cette-semaine\/cartes-blanches-2-2\/\" class=\"wp-image-4074\" srcset=\"https:\/\/www.emdg-guilers.org\/wp-content\/uploads\/2024\/03\/Cartes-blanches-2-724x1024.jpg 724w, https:\/\/www.emdg-guilers.org\/wp-content\/uploads\/2024\/03\/Cartes-blanches-2-212x300.jpg 212w, https:\/\/www.emdg-guilers.org\/wp-content\/uploads\/2024\/03\/Cartes-blanches-2-768x1086.jpg 768w, https:\/\/www.emdg-guilers.org\/wp-content\/uploads\/2024\/03\/Cartes-blanches-2-1086x1536.jpg 1086w, https:\/\/www.emdg-guilers.org\/wp-content\/uploads\/2024\/03\/Cartes-blanches-2-1448x2048.jpg 1448w, https:\/\/www.emdg-guilers.org\/wp-content\/uploads\/2024\/03\/Cartes-blanches-2-191x270.jpg 191w, https:\/\/www.emdg-guilers.org\/wp-content\/uploads\/2024\/03\/Cartes-blanches-2.jpg 1587w\" sizes=\"(max-width: 724px) 100vw, 724px\" \/><\/figure><\/li><\/ul><\/figure>\n<\/div>\n<\/div>\n<\/div>\n<\/div>\n\n\n\n<p class=\"has-text-align-left\"> <br><br> <\/p>\n\n\n\n<p><\/p>\n","protected":false},"excerpt":{"rendered":"<p>Semaine active \u00e0 l&rsquo; Ecole de Musique, Danse et Th\u00e9\u00e2tre de Guilers. ** samedi 23 mars **&#8211; 14h : D\u00e9fi danse \u00e0 la Guilth\u00e8que, avec Jehanne Peron, danseuse de l&rsquo;EMDG. Venez participer \u00e0 un \u00e9chauffement.&#8211; 14h45 : D\u00e9fi th\u00e9\u00e2tre d&rsquo;impro \u00e0 la Guilth\u00e8que, avec la troupe d&rsquo;impro des adultes de l&rsquo;EMDG. Venez participer !&#8211; 16h : Cartes Blanches aux \u00e9l\u00e8ves danse (groupe des petites) toutes esth\u00e9tiques.&#8211; 19h : Cartes Blanches aux \u00e9l\u00e8ves danse (groupe des grands) toutes esth\u00e9tiques. ** dimanche&#8230;<\/p>\n<p class=\"read-more\"><a class=\"btn btn-default\" href=\"https:\/\/www.emdg-guilers.org\/index.php\/2024\/03\/19\/au-programme-cette-semaine\/\">Lire la suite<span class=\"screen-reader-text\"> Lire la suite<\/span><\/a><\/p>\n","protected":false},"author":3,"featured_media":0,"comment_status":"closed","ping_status":"closed","sticky":false,"template":"","format":"standard","meta":{"footnotes":""},"categories":[1],"tags":[],"yoast_head":"<!-- This site is optimized with the Yoast SEO plugin v22.4 - https:\/\/yoast.com\/wordpress\/plugins\/seo\/ -->\n<title>Au programme cette semaine - Ecole de Musique, Danse &amp; Th\u00e9\u00e2tre de Guilers<\/title>\n<meta name=\"robots\" content=\"index, follow, max-snippet:-1, max-image-preview:large, max-video-preview:-1\" \/>\n<link rel=\"canonical\" href=\"https:\/\/www.emdg-guilers.org\/index.php\/2024\/03\/19\/au-programme-cette-semaine\/\" \/>\n<meta property=\"og:locale\" content=\"fr_FR\" \/>\n<meta property=\"og:type\" content=\"article\" \/>\n<meta property=\"og:title\" content=\"Au programme cette semaine - Ecole de Musique, Danse &amp; Th\u00e9\u00e2tre de Guilers\" \/>\n<meta property=\"og:description\" content=\"Semaine active \u00e0 l&rsquo; Ecole de Musique, Danse et Th\u00e9\u00e2tre de Guilers. ** samedi 23 mars **&#8211; 14h : D\u00e9fi danse \u00e0 la Guilth\u00e8que, avec Jehanne Peron, danseuse de l&rsquo;EMDG. Venez participer \u00e0 un \u00e9chauffement.&#8211; 14h45 : D\u00e9fi th\u00e9\u00e2tre d&rsquo;impro \u00e0 la Guilth\u00e8que, avec la troupe d&rsquo;impro des adultes de l&rsquo;EMDG. Venez participer !&#8211; 16h : Cartes Blanches aux \u00e9l\u00e8ves danse (groupe des petites) toutes esth\u00e9tiques.&#8211; 19h : Cartes Blanches aux \u00e9l\u00e8ves danse (groupe des grands) toutes esth\u00e9tiques. ** dimanche...Lire la suite Lire la suite\" \/>\n<meta property=\"og:url\" content=\"https:\/\/www.emdg-guilers.org\/index.php\/2024\/03\/19\/au-programme-cette-semaine\/\" \/>\n<meta property=\"og:site_name\" content=\"Ecole de Musique, Danse &amp; Th\u00e9\u00e2tre de Guilers\" \/>\n<meta property=\"article:publisher\" content=\"https:\/\/www.facebook.com\/Ecole-de-Musique-et-de-Danse-de-Guilers-480017765533016\/\" \/>\n<meta property=\"article:published_time\" content=\"2024-03-19T10:58:37+00:00\" \/>\n<meta property=\"article:modified_time\" content=\"2024-03-19T11:01:33+00:00\" \/>\n<meta property=\"og:image\" content=\"https:\/\/www.emdg-guilers.org\/wp-content\/uploads\/2024\/03\/affiches-tas-du-reseau.jpg\" \/>\n<meta name=\"author\" content=\"Marie Clavier\" \/>\n<meta name=\"twitter:card\" content=\"summary_large_image\" \/>\n<meta name=\"twitter:label1\" content=\"\u00c9crit par\" \/>\n\t<meta name=\"twitter:data1\" content=\"Marie Clavier\" \/>\n\t<meta name=\"twitter:label2\" content=\"Dur\u00e9e de lecture estim\u00e9e\" \/>\n\t<meta name=\"twitter:data2\" content=\"1 minute\" \/>\n<script type=\"application\/ld+json\" class=\"yoast-schema-graph\">{\"@context\":\"https:\/\/schema.org\",\"@graph\":[{\"@type\":\"Article\",\"@id\":\"https:\/\/www.emdg-guilers.org\/index.php\/2024\/03\/19\/au-programme-cette-semaine\/#article\",\"isPartOf\":{\"@id\":\"https:\/\/www.emdg-guilers.org\/index.php\/2024\/03\/19\/au-programme-cette-semaine\/\"},\"author\":{\"name\":\"Marie Clavier\",\"@id\":\"https:\/\/www.emdg-guilers.org\/#\/schema\/person\/5c279d8e49be5f6bfdc87fb9e08559d4\"},\"headline\":\"Au programme cette semaine\",\"datePublished\":\"2024-03-19T10:58:37+00:00\",\"dateModified\":\"2024-03-19T11:01:33+00:00\",\"mainEntityOfPage\":{\"@id\":\"https:\/\/www.emdg-guilers.org\/index.php\/2024\/03\/19\/au-programme-cette-semaine\/\"},\"wordCount\":123,\"publisher\":{\"@id\":\"https:\/\/www.emdg-guilers.org\/#organization\"},\"image\":{\"@id\":\"https:\/\/www.emdg-guilers.org\/index.php\/2024\/03\/19\/au-programme-cette-semaine\/#primaryimage\"},\"thumbnailUrl\":\"https:\/\/www.emdg-guilers.org\/wp-content\/uploads\/2024\/03\/affiches-tas-du-reseau.jpg\",\"inLanguage\":\"fr-FR\"},{\"@type\":\"WebPage\",\"@id\":\"https:\/\/www.emdg-guilers.org\/index.php\/2024\/03\/19\/au-programme-cette-semaine\/\",\"url\":\"https:\/\/www.emdg-guilers.org\/index.php\/2024\/03\/19\/au-programme-cette-semaine\/\",\"name\":\"Au programme cette semaine - Ecole de Musique, Danse &amp; Th\u00e9\u00e2tre de Guilers\",\"isPartOf\":{\"@id\":\"https:\/\/www.emdg-guilers.org\/#website\"},\"primaryImageOfPage\":{\"@id\":\"https:\/\/www.emdg-guilers.org\/index.php\/2024\/03\/19\/au-programme-cette-semaine\/#primaryimage\"},\"image\":{\"@id\":\"https:\/\/www.emdg-guilers.org\/index.php\/2024\/03\/19\/au-programme-cette-semaine\/#primaryimage\"},\"thumbnailUrl\":\"https:\/\/www.emdg-guilers.org\/wp-content\/uploads\/2024\/03\/affiches-tas-du-reseau.jpg\",\"datePublished\":\"2024-03-19T10:58:37+00:00\",\"dateModified\":\"2024-03-19T11:01:33+00:00\",\"breadcrumb\":{\"@id\":\"https:\/\/www.emdg-guilers.org\/index.php\/2024\/03\/19\/au-programme-cette-semaine\/#breadcrumb\"},\"inLanguage\":\"fr-FR\",\"potentialAction\":[{\"@type\":\"ReadAction\",\"target\":[\"https:\/\/www.emdg-guilers.org\/index.php\/2024\/03\/19\/au-programme-cette-semaine\/\"]}]},{\"@type\":\"ImageObject\",\"inLanguage\":\"fr-FR\",\"@id\":\"https:\/\/www.emdg-guilers.org\/index.php\/2024\/03\/19\/au-programme-cette-semaine\/#primaryimage\",\"url\":\"https:\/\/www.emdg-guilers.org\/wp-content\/uploads\/2024\/03\/affiches-tas-du-reseau.jpg\",\"contentUrl\":\"https:\/\/www.emdg-guilers.org\/wp-content\/uploads\/2024\/03\/affiches-tas-du-reseau.jpg\",\"width\":558,\"height\":790},{\"@type\":\"BreadcrumbList\",\"@id\":\"https:\/\/www.emdg-guilers.org\/index.php\/2024\/03\/19\/au-programme-cette-semaine\/#breadcrumb\",\"itemListElement\":[{\"@type\":\"ListItem\",\"position\":1,\"name\":\"Accueil\",\"item\":\"https:\/\/www.emdg-guilers.org\/\"},{\"@type\":\"ListItem\",\"position\":2,\"name\":\"Au programme cette semaine\"}]},{\"@type\":\"WebSite\",\"@id\":\"https:\/\/www.emdg-guilers.org\/#website\",\"url\":\"https:\/\/www.emdg-guilers.org\/\",\"name\":\"Ecole de Musique et Danse de Guilers\",\"description\":\"Ecole associative, cours de musique, danse, th\u00e9\u00e2tre accessibles \u00e0 tous\",\"publisher\":{\"@id\":\"https:\/\/www.emdg-guilers.org\/#organization\"},\"potentialAction\":[{\"@type\":\"SearchAction\",\"target\":{\"@type\":\"EntryPoint\",\"urlTemplate\":\"https:\/\/www.emdg-guilers.org\/?s={search_term_string}\"},\"query-input\":\"required name=search_term_string\"}],\"inLanguage\":\"fr-FR\"},{\"@type\":\"Organization\",\"@id\":\"https:\/\/www.emdg-guilers.org\/#organization\",\"name\":\"Ecole de Musique et de Danse\",\"url\":\"https:\/\/www.emdg-guilers.org\/\",\"logo\":{\"@type\":\"ImageObject\",\"inLanguage\":\"fr-FR\",\"@id\":\"https:\/\/www.emdg-guilers.org\/#\/schema\/logo\/image\/\",\"url\":\"https:\/\/www.emdg-guilers.org\/wp-content\/uploads\/2016\/06\/logo2014.jpg\",\"contentUrl\":\"https:\/\/www.emdg-guilers.org\/wp-content\/uploads\/2016\/06\/logo2014.jpg\",\"width\":214,\"height\":116,\"caption\":\"Ecole de Musique et de Danse\"},\"image\":{\"@id\":\"https:\/\/www.emdg-guilers.org\/#\/schema\/logo\/image\/\"},\"sameAs\":[\"https:\/\/www.facebook.com\/Ecole-de-Musique-et-de-Danse-de-Guilers-480017765533016\/\"]},{\"@type\":\"Person\",\"@id\":\"https:\/\/www.emdg-guilers.org\/#\/schema\/person\/5c279d8e49be5f6bfdc87fb9e08559d4\",\"name\":\"Marie Clavier\",\"image\":{\"@type\":\"ImageObject\",\"inLanguage\":\"fr-FR\",\"@id\":\"https:\/\/www.emdg-guilers.org\/#\/schema\/person\/image\/\",\"url\":\"https:\/\/secure.gravatar.com\/avatar\/82505eeeaf6d53a80197cd7ed92e8de4?s=96&d=mm&r=g\",\"contentUrl\":\"https:\/\/secure.gravatar.com\/avatar\/82505eeeaf6d53a80197cd7ed92e8de4?s=96&d=mm&r=g\",\"caption\":\"Marie Clavier\"},\"url\":\"https:\/\/www.emdg-guilers.org\/index.php\/author\/mclavier\/\"}]}<\/script>\n<!-- \/ Yoast SEO plugin. -->","yoast_head_json":{"title":"Au programme cette semaine - Ecole de Musique, Danse &amp; Th\u00e9\u00e2tre de Guilers","robots":{"index":"index","follow":"follow","max-snippet":"max-snippet:-1","max-image-preview":"max-image-preview:large","max-video-preview":"max-video-preview:-1"},"canonical":"https:\/\/www.emdg-guilers.org\/index.php\/2024\/03\/19\/au-programme-cette-semaine\/","og_locale":"fr_FR","og_type":"article","og_title":"Au programme cette semaine - Ecole de Musique, Danse &amp; Th\u00e9\u00e2tre de Guilers","og_description":"Semaine active \u00e0 l&rsquo; Ecole de Musique, Danse et Th\u00e9\u00e2tre de Guilers. ** samedi 23 mars **&#8211; 14h : D\u00e9fi danse \u00e0 la Guilth\u00e8que, avec Jehanne Peron, danseuse de l&rsquo;EMDG. Venez participer \u00e0 un \u00e9chauffement.&#8211; 14h45 : D\u00e9fi th\u00e9\u00e2tre d&rsquo;impro \u00e0 la Guilth\u00e8que, avec la troupe d&rsquo;impro des adultes de l&rsquo;EMDG. Venez participer !&#8211; 16h : Cartes Blanches aux \u00e9l\u00e8ves danse (groupe des petites) toutes esth\u00e9tiques.&#8211; 19h : Cartes Blanches aux \u00e9l\u00e8ves danse (groupe des grands) toutes esth\u00e9tiques. ** dimanche...Lire la suite Lire la suite","og_url":"https:\/\/www.emdg-guilers.org\/index.php\/2024\/03\/19\/au-programme-cette-semaine\/","og_site_name":"Ecole de Musique, Danse &amp; Th\u00e9\u00e2tre de Guilers","article_publisher":"https:\/\/www.facebook.com\/Ecole-de-Musique-et-de-Danse-de-Guilers-480017765533016\/","article_published_time":"2024-03-19T10:58:37+00:00","article_modified_time":"2024-03-19T11:01:33+00:00","og_image":[{"url":"https:\/\/www.emdg-guilers.org\/wp-content\/uploads\/2024\/03\/affiches-tas-du-reseau.jpg"}],"author":"Marie Clavier","twitter_card":"summary_large_image","twitter_misc":{"\u00c9crit par":"Marie Clavier","Dur\u00e9e de lecture estim\u00e9e":"1 minute"},"schema":{"@context":"https:\/\/schema.org","@graph":[{"@type":"Article","@id":"https:\/\/www.emdg-guilers.org\/index.php\/2024\/03\/19\/au-programme-cette-semaine\/#article","isPartOf":{"@id":"https:\/\/www.emdg-guilers.org\/index.php\/2024\/03\/19\/au-programme-cette-semaine\/"},"author":{"name":"Marie Clavier","@id":"https:\/\/www.emdg-guilers.org\/#\/schema\/person\/5c279d8e49be5f6bfdc87fb9e08559d4"},"headline":"Au programme cette semaine","datePublished":"2024-03-19T10:58:37+00:00","dateModified":"2024-03-19T11:01:33+00:00","mainEntityOfPage":{"@id":"https:\/\/www.emdg-guilers.org\/index.php\/2024\/03\/19\/au-programme-cette-semaine\/"},"wordCount":123,"publisher":{"@id":"https:\/\/www.emdg-guilers.org\/#organization"},"image":{"@id":"https:\/\/www.emdg-guilers.org\/index.php\/2024\/03\/19\/au-programme-cette-semaine\/#primaryimage"},"thumbnailUrl":"https:\/\/www.emdg-guilers.org\/wp-content\/uploads\/2024\/03\/affiches-tas-du-reseau.jpg","inLanguage":"fr-FR"},{"@type":"WebPage","@id":"https:\/\/www.emdg-guilers.org\/index.php\/2024\/03\/19\/au-programme-cette-semaine\/","url":"https:\/\/www.emdg-guilers.org\/index.php\/2024\/03\/19\/au-programme-cette-semaine\/","name":"Au programme cette semaine - Ecole de Musique, Danse &amp; Th\u00e9\u00e2tre de Guilers","isPartOf":{"@id":"https:\/\/www.emdg-guilers.org\/#website"},"primaryImageOfPage":{"@id":"https:\/\/www.emdg-guilers.org\/index.php\/2024\/03\/19\/au-programme-cette-semaine\/#primaryimage"},"image":{"@id":"https:\/\/www.emdg-guilers.org\/index.php\/2024\/03\/19\/au-programme-cette-semaine\/#primaryimage"},"thumbnailUrl":"https:\/\/www.emdg-guilers.org\/wp-content\/uploads\/2024\/03\/affiches-tas-du-reseau.jpg","datePublished":"2024-03-19T10:58:37+00:00","dateModified":"2024-03-19T11:01:33+00:00","breadcrumb":{"@id":"https:\/\/www.emdg-guilers.org\/index.php\/2024\/03\/19\/au-programme-cette-semaine\/#breadcrumb"},"inLanguage":"fr-FR","potentialAction":[{"@type":"ReadAction","target":["https:\/\/www.emdg-guilers.org\/index.php\/2024\/03\/19\/au-programme-cette-semaine\/"]}]},{"@type":"ImageObject","inLanguage":"fr-FR","@id":"https:\/\/www.emdg-guilers.org\/index.php\/2024\/03\/19\/au-programme-cette-semaine\/#primaryimage","url":"https:\/\/www.emdg-guilers.org\/wp-content\/uploads\/2024\/03\/affiches-tas-du-reseau.jpg","contentUrl":"https:\/\/www.emdg-guilers.org\/wp-content\/uploads\/2024\/03\/affiches-tas-du-reseau.jpg","width":558,"height":790},{"@type":"BreadcrumbList","@id":"https:\/\/www.emdg-guilers.org\/index.php\/2024\/03\/19\/au-programme-cette-semaine\/#breadcrumb","itemListElement":[{"@type":"ListItem","position":1,"name":"Accueil","item":"https:\/\/www.emdg-guilers.org\/"},{"@type":"ListItem","position":2,"name":"Au programme cette semaine"}]},{"@type":"WebSite","@id":"https:\/\/www.emdg-guilers.org\/#website","url":"https:\/\/www.emdg-guilers.org\/","name":"Ecole de Musique et Danse de Guilers","description":"Ecole associative, cours de musique, danse, th\u00e9\u00e2tre accessibles \u00e0 tous","publisher":{"@id":"https:\/\/www.emdg-guilers.org\/#organization"},"potentialAction":[{"@type":"SearchAction","target":{"@type":"EntryPoint","urlTemplate":"https:\/\/www.emdg-guilers.org\/?s={search_term_string}"},"query-input":"required name=search_term_string"}],"inLanguage":"fr-FR"},{"@type":"Organization","@id":"https:\/\/www.emdg-guilers.org\/#organization","name":"Ecole de Musique et de Danse","url":"https:\/\/www.emdg-guilers.org\/","logo":{"@type":"ImageObject","inLanguage":"fr-FR","@id":"https:\/\/www.emdg-guilers.org\/#\/schema\/logo\/image\/","url":"https:\/\/www.emdg-guilers.org\/wp-content\/uploads\/2016\/06\/logo2014.jpg","contentUrl":"https:\/\/www.emdg-guilers.org\/wp-content\/uploads\/2016\/06\/logo2014.jpg","width":214,"height":116,"caption":"Ecole de Musique et de Danse"},"image":{"@id":"https:\/\/www.emdg-guilers.org\/#\/schema\/logo\/image\/"},"sameAs":["https:\/\/www.facebook.com\/Ecole-de-Musique-et-de-Danse-de-Guilers-480017765533016\/"]},{"@type":"Person","@id":"https:\/\/www.emdg-guilers.org\/#\/schema\/person\/5c279d8e49be5f6bfdc87fb9e08559d4","name":"Marie Clavier","image":{"@type":"ImageObject","inLanguage":"fr-FR","@id":"https:\/\/www.emdg-guilers.org\/#\/schema\/person\/image\/","url":"https:\/\/secure.gravatar.com\/avatar\/82505eeeaf6d53a80197cd7ed92e8de4?s=96&d=mm&r=g","contentUrl":"https:\/\/secure.gravatar.com\/avatar\/82505eeeaf6d53a80197cd7ed92e8de4?s=96&d=mm&r=g","caption":"Marie Clavier"},"url":"https:\/\/www.emdg-guilers.org\/index.php\/author\/mclavier\/"}]}},"_links":{"self":[{"href":"https:\/\/www.emdg-guilers.org\/index.php\/wp-json\/wp\/v2\/posts\/4068"}],"collection":[{"href":"https:\/\/www.emdg-guilers.org\/index.php\/wp-json\/wp\/v2\/posts"}],"about":[{"href":"https:\/\/www.emdg-guilers.org\/index.php\/wp-json\/wp\/v2\/types\/post"}],"author":[{"embeddable":true,"href":"https:\/\/www.emdg-guilers.org\/index.php\/wp-json\/wp\/v2\/users\/3"}],"replies":[{"embeddable":true,"href":"https:\/\/www.emdg-guilers.org\/index.php\/wp-json\/wp\/v2\/comments?post=4068"}],"version-history":[{"count":5,"href":"https:\/\/www.emdg-guilers.org\/index.php\/wp-json\/wp\/v2\/posts\/4068\/revisions"}],"predecessor-version":[{"id":4077,"href":"https:\/\/www.emdg-guilers.org\/index.php\/wp-json\/wp\/v2\/posts\/4068\/revisions\/4077"}],"wp:attachment":[{"href":"https:\/\/www.emdg-guilers.org\/index.php\/wp-json\/wp\/v2\/media?parent=4068"}],"wp:term":[{"taxonomy":"category","embeddable":true,"href":"https:\/\/www.emdg-guilers.org\/index.php\/wp-json\/wp\/v2\/categories?post=4068"},{"taxonomy":"post_tag","embeddable":true,"href":"https:\/\/www.emdg-guilers.org\/index.php\/wp-json\/wp\/v2\/tags?post=4068"}],"curies":[{"name":"wp","href":"https:\/\/api.w.org\/{rel}","templated":true}]}}