{"id":4080,"date":"2024-03-26T10:09:53","date_gmt":"2024-03-26T09:09:53","guid":{"rendered":"https:\/\/www.emdg-guilers.org\/?p=4080"},"modified":"2024-03-26T10:12:17","modified_gmt":"2024-03-26T09:12:17","slug":"cafe-des-arts-3","status":"publish","type":"post","link":"https:\/\/www.emdg-guilers.org\/index.php\/2024\/03\/26\/cafe-des-arts-3\/","title":{"rendered":"Caf\u00e9 des Arts #3"},"content":{"rendered":"\n<div class=\"wp-block-image\"><figure class=\"aligncenter size-large is-resized\"><img loading=\"lazy\" decoding=\"async\" src=\"https:\/\/www.emdg-guilers.org\/wp-content\/uploads\/2024\/03\/2024-04-03-cafe-des-arts-724x1024.jpg\" alt=\"\" class=\"wp-image-4081\" width=\"318\" height=\"450\" srcset=\"https:\/\/www.emdg-guilers.org\/wp-content\/uploads\/2024\/03\/2024-04-03-cafe-des-arts-724x1024.jpg 724w, https:\/\/www.emdg-guilers.org\/wp-content\/uploads\/2024\/03\/2024-04-03-cafe-des-arts-212x300.jpg 212w, https:\/\/www.emdg-guilers.org\/wp-content\/uploads\/2024\/03\/2024-04-03-cafe-des-arts-768x1086.jpg 768w, https:\/\/www.emdg-guilers.org\/wp-content\/uploads\/2024\/03\/2024-04-03-cafe-des-arts-1086x1536.jpg 1086w, https:\/\/www.emdg-guilers.org\/wp-content\/uploads\/2024\/03\/2024-04-03-cafe-des-arts-1448x2048.jpg 1448w, https:\/\/www.emdg-guilers.org\/wp-content\/uploads\/2024\/03\/2024-04-03-cafe-des-arts-191x270.jpg 191w, https:\/\/www.emdg-guilers.org\/wp-content\/uploads\/2024\/03\/2024-04-03-cafe-des-arts.jpg 1587w\" sizes=\"(max-width: 318px) 100vw, 318px\" \/><figcaption>Caf\u00e9 des arts # 3 &#8211; mercredi 3 avril<\/figcaption><\/figure><\/div>\n\n\n\n<p><strong>Mercredi 3 avril \u00e0 14h30 \u00e0 la Guilth\u00e8que<\/strong>, l&rsquo;EMDG vous offre le caf\u00e9, le temps de d\u00e9couvrir une proposition artistique de nos \u00e9l\u00e8ves. Pour la 3e \u00e9dition, soutenue par notre parrain Groupama, nous vous proposons un petit concert autour des percussions et du violon. Venez \u00e9couter les \u00e9l\u00e8ves d&rsquo;Herri Loquet, des enfants de 9 \u00e0 15 ans qui jouent en collectif dans nos <a href=\"https:\/\/www.emdg-guilers.org\/index.php\/ensemble-de-percussions-digitales-enfants-ados\/\" target=\"_blank\" rel=\"noreferrer noopener\">ensembles de percussions digitales<\/a>, ainsi que les \u00e9l\u00e8ves de violon de la <a href=\"https:\/\/www.emdg-guilers.org\/index.php\/musique\/instruments\/violon\/\" target=\"_blank\" rel=\"noreferrer noopener\">classe de Mich\u00e8le Morvan<\/a>. <\/p>\n","protected":false},"excerpt":{"rendered":"<p>Mercredi 3 avril \u00e0 14h30 \u00e0 la Guilth\u00e8que, l&rsquo;EMDG vous offre le caf\u00e9, le temps de d\u00e9couvrir une proposition artistique de nos \u00e9l\u00e8ves. Pour la 3e \u00e9dition, soutenue par notre parrain Groupama, nous vous proposons un petit concert autour des percussions et du violon. Venez \u00e9couter les \u00e9l\u00e8ves d&rsquo;Herri Loquet, des enfants de 9 \u00e0 15 ans qui jouent en collectif dans nos ensembles de percussions digitales, ainsi que les \u00e9l\u00e8ves de violon de la classe de Mich\u00e8le Morvan.<\/p>\n","protected":false},"author":3,"featured_media":0,"comment_status":"closed","ping_status":"closed","sticky":false,"template":"","format":"standard","meta":{"footnotes":""},"categories":[1],"tags":[],"yoast_head":"<!-- This site is optimized with the Yoast SEO plugin v22.4 - https:\/\/yoast.com\/wordpress\/plugins\/seo\/ -->\n<title>Caf\u00e9 des Arts #3 - Ecole de Musique, Danse &amp; Th\u00e9\u00e2tre de Guilers<\/title>\n<meta name=\"robots\" content=\"index, follow, max-snippet:-1, max-image-preview:large, max-video-preview:-1\" \/>\n<link rel=\"canonical\" href=\"https:\/\/www.emdg-guilers.org\/index.php\/2024\/03\/26\/cafe-des-arts-3\/\" \/>\n<meta property=\"og:locale\" content=\"fr_FR\" \/>\n<meta property=\"og:type\" content=\"article\" \/>\n<meta property=\"og:title\" content=\"Caf\u00e9 des Arts #3 - Ecole de Musique, Danse &amp; Th\u00e9\u00e2tre de Guilers\" \/>\n<meta property=\"og:description\" content=\"Mercredi 3 avril \u00e0 14h30 \u00e0 la Guilth\u00e8que, l&rsquo;EMDG vous offre le caf\u00e9, le temps de d\u00e9couvrir une proposition artistique de nos \u00e9l\u00e8ves. Pour la 3e \u00e9dition, soutenue par notre parrain Groupama, nous vous proposons un petit concert autour des percussions et du violon. Venez \u00e9couter les \u00e9l\u00e8ves d&rsquo;Herri Loquet, des enfants de 9 \u00e0 15 ans qui jouent en collectif dans nos ensembles de percussions digitales, ainsi que les \u00e9l\u00e8ves de violon de la classe de Mich\u00e8le Morvan.\" \/>\n<meta property=\"og:url\" content=\"https:\/\/www.emdg-guilers.org\/index.php\/2024\/03\/26\/cafe-des-arts-3\/\" \/>\n<meta property=\"og:site_name\" content=\"Ecole de Musique, Danse &amp; Th\u00e9\u00e2tre de Guilers\" \/>\n<meta property=\"article:publisher\" content=\"https:\/\/www.facebook.com\/Ecole-de-Musique-et-de-Danse-de-Guilers-480017765533016\/\" \/>\n<meta property=\"article:published_time\" content=\"2024-03-26T09:09:53+00:00\" \/>\n<meta property=\"article:modified_time\" content=\"2024-03-26T09:12:17+00:00\" \/>\n<meta property=\"og:image\" content=\"https:\/\/www.emdg-guilers.org\/wp-content\/uploads\/2024\/03\/2024-04-03-cafe-des-arts-724x1024.jpg\" \/>\n<meta name=\"author\" content=\"Marie Clavier\" \/>\n<meta name=\"twitter:card\" content=\"summary_large_image\" \/>\n<meta name=\"twitter:label1\" content=\"\u00c9crit par\" \/>\n\t<meta name=\"twitter:data1\" content=\"Marie Clavier\" \/>\n\t<meta name=\"twitter:label2\" content=\"Dur\u00e9e de lecture estim\u00e9e\" \/>\n\t<meta name=\"twitter:data2\" content=\"1 minute\" \/>\n<script type=\"application\/ld+json\" class=\"yoast-schema-graph\">{\"@context\":\"https:\/\/schema.org\",\"@graph\":[{\"@type\":\"Article\",\"@id\":\"https:\/\/www.emdg-guilers.org\/index.php\/2024\/03\/26\/cafe-des-arts-3\/#article\",\"isPartOf\":{\"@id\":\"https:\/\/www.emdg-guilers.org\/index.php\/2024\/03\/26\/cafe-des-arts-3\/\"},\"author\":{\"name\":\"Marie Clavier\",\"@id\":\"https:\/\/www.emdg-guilers.org\/#\/schema\/person\/5c279d8e49be5f6bfdc87fb9e08559d4\"},\"headline\":\"Caf\u00e9 des Arts #3\",\"datePublished\":\"2024-03-26T09:09:53+00:00\",\"dateModified\":\"2024-03-26T09:12:17+00:00\",\"mainEntityOfPage\":{\"@id\":\"https:\/\/www.emdg-guilers.org\/index.php\/2024\/03\/26\/cafe-des-arts-3\/\"},\"wordCount\":88,\"publisher\":{\"@id\":\"https:\/\/www.emdg-guilers.org\/#organization\"},\"image\":{\"@id\":\"https:\/\/www.emdg-guilers.org\/index.php\/2024\/03\/26\/cafe-des-arts-3\/#primaryimage\"},\"thumbnailUrl\":\"https:\/\/www.emdg-guilers.org\/wp-content\/uploads\/2024\/03\/2024-04-03-cafe-des-arts-724x1024.jpg\",\"inLanguage\":\"fr-FR\"},{\"@type\":\"WebPage\",\"@id\":\"https:\/\/www.emdg-guilers.org\/index.php\/2024\/03\/26\/cafe-des-arts-3\/\",\"url\":\"https:\/\/www.emdg-guilers.org\/index.php\/2024\/03\/26\/cafe-des-arts-3\/\",\"name\":\"Caf\u00e9 des Arts #3 - Ecole de Musique, Danse &amp; Th\u00e9\u00e2tre de Guilers\",\"isPartOf\":{\"@id\":\"https:\/\/www.emdg-guilers.org\/#website\"},\"primaryImageOfPage\":{\"@id\":\"https:\/\/www.emdg-guilers.org\/index.php\/2024\/03\/26\/cafe-des-arts-3\/#primaryimage\"},\"image\":{\"@id\":\"https:\/\/www.emdg-guilers.org\/index.php\/2024\/03\/26\/cafe-des-arts-3\/#primaryimage\"},\"thumbnailUrl\":\"https:\/\/www.emdg-guilers.org\/wp-content\/uploads\/2024\/03\/2024-04-03-cafe-des-arts-724x1024.jpg\",\"datePublished\":\"2024-03-26T09:09:53+00:00\",\"dateModified\":\"2024-03-26T09:12:17+00:00\",\"breadcrumb\":{\"@id\":\"https:\/\/www.emdg-guilers.org\/index.php\/2024\/03\/26\/cafe-des-arts-3\/#breadcrumb\"},\"inLanguage\":\"fr-FR\",\"potentialAction\":[{\"@type\":\"ReadAction\",\"target\":[\"https:\/\/www.emdg-guilers.org\/index.php\/2024\/03\/26\/cafe-des-arts-3\/\"]}]},{\"@type\":\"ImageObject\",\"inLanguage\":\"fr-FR\",\"@id\":\"https:\/\/www.emdg-guilers.org\/index.php\/2024\/03\/26\/cafe-des-arts-3\/#primaryimage\",\"url\":\"https:\/\/www.emdg-guilers.org\/wp-content\/uploads\/2024\/03\/2024-04-03-cafe-des-arts.jpg\",\"contentUrl\":\"https:\/\/www.emdg-guilers.org\/wp-content\/uploads\/2024\/03\/2024-04-03-cafe-des-arts.jpg\",\"width\":1587,\"height\":2245},{\"@type\":\"BreadcrumbList\",\"@id\":\"https:\/\/www.emdg-guilers.org\/index.php\/2024\/03\/26\/cafe-des-arts-3\/#breadcrumb\",\"itemListElement\":[{\"@type\":\"ListItem\",\"position\":1,\"name\":\"Accueil\",\"item\":\"https:\/\/www.emdg-guilers.org\/\"},{\"@type\":\"ListItem\",\"position\":2,\"name\":\"Caf\u00e9 des Arts #3\"}]},{\"@type\":\"WebSite\",\"@id\":\"https:\/\/www.emdg-guilers.org\/#website\",\"url\":\"https:\/\/www.emdg-guilers.org\/\",\"name\":\"Ecole de Musique et Danse de Guilers\",\"description\":\"Ecole associative, cours de musique, danse, th\u00e9\u00e2tre accessibles \u00e0 tous\",\"publisher\":{\"@id\":\"https:\/\/www.emdg-guilers.org\/#organization\"},\"potentialAction\":[{\"@type\":\"SearchAction\",\"target\":{\"@type\":\"EntryPoint\",\"urlTemplate\":\"https:\/\/www.emdg-guilers.org\/?s={search_term_string}\"},\"query-input\":\"required name=search_term_string\"}],\"inLanguage\":\"fr-FR\"},{\"@type\":\"Organization\",\"@id\":\"https:\/\/www.emdg-guilers.org\/#organization\",\"name\":\"Ecole de Musique et de Danse\",\"url\":\"https:\/\/www.emdg-guilers.org\/\",\"logo\":{\"@type\":\"ImageObject\",\"inLanguage\":\"fr-FR\",\"@id\":\"https:\/\/www.emdg-guilers.org\/#\/schema\/logo\/image\/\",\"url\":\"https:\/\/www.emdg-guilers.org\/wp-content\/uploads\/2016\/06\/logo2014.jpg\",\"contentUrl\":\"https:\/\/www.emdg-guilers.org\/wp-content\/uploads\/2016\/06\/logo2014.jpg\",\"width\":214,\"height\":116,\"caption\":\"Ecole de Musique et de Danse\"},\"image\":{\"@id\":\"https:\/\/www.emdg-guilers.org\/#\/schema\/logo\/image\/\"},\"sameAs\":[\"https:\/\/www.facebook.com\/Ecole-de-Musique-et-de-Danse-de-Guilers-480017765533016\/\"]},{\"@type\":\"Person\",\"@id\":\"https:\/\/www.emdg-guilers.org\/#\/schema\/person\/5c279d8e49be5f6bfdc87fb9e08559d4\",\"name\":\"Marie Clavier\",\"image\":{\"@type\":\"ImageObject\",\"inLanguage\":\"fr-FR\",\"@id\":\"https:\/\/www.emdg-guilers.org\/#\/schema\/person\/image\/\",\"url\":\"https:\/\/secure.gravatar.com\/avatar\/82505eeeaf6d53a80197cd7ed92e8de4?s=96&d=mm&r=g\",\"contentUrl\":\"https:\/\/secure.gravatar.com\/avatar\/82505eeeaf6d53a80197cd7ed92e8de4?s=96&d=mm&r=g\",\"caption\":\"Marie Clavier\"},\"url\":\"https:\/\/www.emdg-guilers.org\/index.php\/author\/mclavier\/\"}]}<\/script>\n<!-- \/ Yoast SEO plugin. -->","yoast_head_json":{"title":"Caf\u00e9 des Arts #3 - Ecole de Musique, Danse &amp; Th\u00e9\u00e2tre de Guilers","robots":{"index":"index","follow":"follow","max-snippet":"max-snippet:-1","max-image-preview":"max-image-preview:large","max-video-preview":"max-video-preview:-1"},"canonical":"https:\/\/www.emdg-guilers.org\/index.php\/2024\/03\/26\/cafe-des-arts-3\/","og_locale":"fr_FR","og_type":"article","og_title":"Caf\u00e9 des Arts #3 - Ecole de Musique, Danse &amp; Th\u00e9\u00e2tre de Guilers","og_description":"Mercredi 3 avril \u00e0 14h30 \u00e0 la Guilth\u00e8que, l&rsquo;EMDG vous offre le caf\u00e9, le temps de d\u00e9couvrir une proposition artistique de nos \u00e9l\u00e8ves. Pour la 3e \u00e9dition, soutenue par notre parrain Groupama, nous vous proposons un petit concert autour des percussions et du violon. Venez \u00e9couter les \u00e9l\u00e8ves d&rsquo;Herri Loquet, des enfants de 9 \u00e0 15 ans qui jouent en collectif dans nos ensembles de percussions digitales, ainsi que les \u00e9l\u00e8ves de violon de la classe de Mich\u00e8le Morvan.","og_url":"https:\/\/www.emdg-guilers.org\/index.php\/2024\/03\/26\/cafe-des-arts-3\/","og_site_name":"Ecole de Musique, Danse &amp; Th\u00e9\u00e2tre de Guilers","article_publisher":"https:\/\/www.facebook.com\/Ecole-de-Musique-et-de-Danse-de-Guilers-480017765533016\/","article_published_time":"2024-03-26T09:09:53+00:00","article_modified_time":"2024-03-26T09:12:17+00:00","og_image":[{"url":"https:\/\/www.emdg-guilers.org\/wp-content\/uploads\/2024\/03\/2024-04-03-cafe-des-arts-724x1024.jpg"}],"author":"Marie Clavier","twitter_card":"summary_large_image","twitter_misc":{"\u00c9crit par":"Marie Clavier","Dur\u00e9e de lecture estim\u00e9e":"1 minute"},"schema":{"@context":"https:\/\/schema.org","@graph":[{"@type":"Article","@id":"https:\/\/www.emdg-guilers.org\/index.php\/2024\/03\/26\/cafe-des-arts-3\/#article","isPartOf":{"@id":"https:\/\/www.emdg-guilers.org\/index.php\/2024\/03\/26\/cafe-des-arts-3\/"},"author":{"name":"Marie Clavier","@id":"https:\/\/www.emdg-guilers.org\/#\/schema\/person\/5c279d8e49be5f6bfdc87fb9e08559d4"},"headline":"Caf\u00e9 des Arts #3","datePublished":"2024-03-26T09:09:53+00:00","dateModified":"2024-03-26T09:12:17+00:00","mainEntityOfPage":{"@id":"https:\/\/www.emdg-guilers.org\/index.php\/2024\/03\/26\/cafe-des-arts-3\/"},"wordCount":88,"publisher":{"@id":"https:\/\/www.emdg-guilers.org\/#organization"},"image":{"@id":"https:\/\/www.emdg-guilers.org\/index.php\/2024\/03\/26\/cafe-des-arts-3\/#primaryimage"},"thumbnailUrl":"https:\/\/www.emdg-guilers.org\/wp-content\/uploads\/2024\/03\/2024-04-03-cafe-des-arts-724x1024.jpg","inLanguage":"fr-FR"},{"@type":"WebPage","@id":"https:\/\/www.emdg-guilers.org\/index.php\/2024\/03\/26\/cafe-des-arts-3\/","url":"https:\/\/www.emdg-guilers.org\/index.php\/2024\/03\/26\/cafe-des-arts-3\/","name":"Caf\u00e9 des Arts #3 - Ecole de Musique, Danse &amp; Th\u00e9\u00e2tre de Guilers","isPartOf":{"@id":"https:\/\/www.emdg-guilers.org\/#website"},"primaryImageOfPage":{"@id":"https:\/\/www.emdg-guilers.org\/index.php\/2024\/03\/26\/cafe-des-arts-3\/#primaryimage"},"image":{"@id":"https:\/\/www.emdg-guilers.org\/index.php\/2024\/03\/26\/cafe-des-arts-3\/#primaryimage"},"thumbnailUrl":"https:\/\/www.emdg-guilers.org\/wp-content\/uploads\/2024\/03\/2024-04-03-cafe-des-arts-724x1024.jpg","datePublished":"2024-03-26T09:09:53+00:00","dateModified":"2024-03-26T09:12:17+00:00","breadcrumb":{"@id":"https:\/\/www.emdg-guilers.org\/index.php\/2024\/03\/26\/cafe-des-arts-3\/#breadcrumb"},"inLanguage":"fr-FR","potentialAction":[{"@type":"ReadAction","target":["https:\/\/www.emdg-guilers.org\/index.php\/2024\/03\/26\/cafe-des-arts-3\/"]}]},{"@type":"ImageObject","inLanguage":"fr-FR","@id":"https:\/\/www.emdg-guilers.org\/index.php\/2024\/03\/26\/cafe-des-arts-3\/#primaryimage","url":"https:\/\/www.emdg-guilers.org\/wp-content\/uploads\/2024\/03\/2024-04-03-cafe-des-arts.jpg","contentUrl":"https:\/\/www.emdg-guilers.org\/wp-content\/uploads\/2024\/03\/2024-04-03-cafe-des-arts.jpg","width":1587,"height":2245},{"@type":"BreadcrumbList","@id":"https:\/\/www.emdg-guilers.org\/index.php\/2024\/03\/26\/cafe-des-arts-3\/#breadcrumb","itemListElement":[{"@type":"ListItem","position":1,"name":"Accueil","item":"https:\/\/www.emdg-guilers.org\/"},{"@type":"ListItem","position":2,"name":"Caf\u00e9 des Arts #3"}]},{"@type":"WebSite","@id":"https:\/\/www.emdg-guilers.org\/#website","url":"https:\/\/www.emdg-guilers.org\/","name":"Ecole de Musique et Danse de Guilers","description":"Ecole associative, cours de musique, danse, th\u00e9\u00e2tre accessibles \u00e0 tous","publisher":{"@id":"https:\/\/www.emdg-guilers.org\/#organization"},"potentialAction":[{"@type":"SearchAction","target":{"@type":"EntryPoint","urlTemplate":"https:\/\/www.emdg-guilers.org\/?s={search_term_string}"},"query-input":"required name=search_term_string"}],"inLanguage":"fr-FR"},{"@type":"Organization","@id":"https:\/\/www.emdg-guilers.org\/#organization","name":"Ecole de Musique et de Danse","url":"https:\/\/www.emdg-guilers.org\/","logo":{"@type":"ImageObject","inLanguage":"fr-FR","@id":"https:\/\/www.emdg-guilers.org\/#\/schema\/logo\/image\/","url":"https:\/\/www.emdg-guilers.org\/wp-content\/uploads\/2016\/06\/logo2014.jpg","contentUrl":"https:\/\/www.emdg-guilers.org\/wp-content\/uploads\/2016\/06\/logo2014.jpg","width":214,"height":116,"caption":"Ecole de Musique et de Danse"},"image":{"@id":"https:\/\/www.emdg-guilers.org\/#\/schema\/logo\/image\/"},"sameAs":["https:\/\/www.facebook.com\/Ecole-de-Musique-et-de-Danse-de-Guilers-480017765533016\/"]},{"@type":"Person","@id":"https:\/\/www.emdg-guilers.org\/#\/schema\/person\/5c279d8e49be5f6bfdc87fb9e08559d4","name":"Marie Clavier","image":{"@type":"ImageObject","inLanguage":"fr-FR","@id":"https:\/\/www.emdg-guilers.org\/#\/schema\/person\/image\/","url":"https:\/\/secure.gravatar.com\/avatar\/82505eeeaf6d53a80197cd7ed92e8de4?s=96&d=mm&r=g","contentUrl":"https:\/\/secure.gravatar.com\/avatar\/82505eeeaf6d53a80197cd7ed92e8de4?s=96&d=mm&r=g","caption":"Marie Clavier"},"url":"https:\/\/www.emdg-guilers.org\/index.php\/author\/mclavier\/"}]}},"_links":{"self":[{"href":"https:\/\/www.emdg-guilers.org\/index.php\/wp-json\/wp\/v2\/posts\/4080"}],"collection":[{"href":"https:\/\/www.emdg-guilers.org\/index.php\/wp-json\/wp\/v2\/posts"}],"about":[{"href":"https:\/\/www.emdg-guilers.org\/index.php\/wp-json\/wp\/v2\/types\/post"}],"author":[{"embeddable":true,"href":"https:\/\/www.emdg-guilers.org\/index.php\/wp-json\/wp\/v2\/users\/3"}],"replies":[{"embeddable":true,"href":"https:\/\/www.emdg-guilers.org\/index.php\/wp-json\/wp\/v2\/comments?post=4080"}],"version-history":[{"count":2,"href":"https:\/\/www.emdg-guilers.org\/index.php\/wp-json\/wp\/v2\/posts\/4080\/revisions"}],"predecessor-version":[{"id":4083,"href":"https:\/\/www.emdg-guilers.org\/index.php\/wp-json\/wp\/v2\/posts\/4080\/revisions\/4083"}],"wp:attachment":[{"href":"https:\/\/www.emdg-guilers.org\/index.php\/wp-json\/wp\/v2\/media?parent=4080"}],"wp:term":[{"taxonomy":"category","embeddable":true,"href":"https:\/\/www.emdg-guilers.org\/index.php\/wp-json\/wp\/v2\/categories?post=4080"},{"taxonomy":"post_tag","embeddable":true,"href":"https:\/\/www.emdg-guilers.org\/index.php\/wp-json\/wp\/v2\/tags?post=4080"}],"curies":[{"name":"wp","href":"https:\/\/api.w.org\/{rel}","templated":true}]}}