{"id":4223,"date":"2024-05-06T14:23:10","date_gmt":"2024-05-06T12:23:10","guid":{"rendered":"https:\/\/www.emdg-guilers.org\/?p=4223"},"modified":"2024-05-13T12:12:04","modified_gmt":"2024-05-13T10:12:04","slug":"re-inscriptions-emdg-pour-2024-25","status":"publish","type":"post","link":"https:\/\/www.emdg-guilers.org\/index.php\/2024\/05\/06\/re-inscriptions-emdg-pour-2024-25\/","title":{"rendered":"R\u00e9-inscriptions EMDG pour 2024-25"},"content":{"rendered":"\n<h2 class=\"wp-block-heading\">R\u00e9-inscriptions, avec priorit\u00e9 aux \u00e9l\u00e8ves de 2023-24,&nbsp;<strong>entre le 13 mai et le 02 juin 2024.<\/strong><\/h2>\n\n\n\n<p><strong><em>Pass\u00e9 le 2 juin, les anciens \u00e9l\u00e8ves perdront leur priorit\u00e9 d\u2019inscription.<\/em><\/strong><\/p>\n\n\n<div class=\"wp-block-image\">\n<figure class=\"aligncenter size-medium is-resized\"><img loading=\"lazy\" decoding=\"async\" width=\"300\" height=\"251\" src=\"https:\/\/www.emdg-guilers.org\/wp-content\/uploads\/2024\/05\/reinscriptions24-25-emdg-1-300x251.jpg\" alt=\"\" class=\"wp-image-4227\" style=\"width:452px;height:auto\" srcset=\"https:\/\/www.emdg-guilers.org\/wp-content\/uploads\/2024\/05\/reinscriptions24-25-emdg-1-300x251.jpg 300w, https:\/\/www.emdg-guilers.org\/wp-content\/uploads\/2024\/05\/reinscriptions24-25-emdg-1-768x644.jpg 768w, https:\/\/www.emdg-guilers.org\/wp-content\/uploads\/2024\/05\/reinscriptions24-25-emdg-1-322x270.jpg 322w, https:\/\/www.emdg-guilers.org\/wp-content\/uploads\/2024\/05\/reinscriptions24-25-emdg-1.jpg 940w\" sizes=\"(max-width: 300px) 100vw, 300px\" \/><\/figure><\/div>\n\n\n<p>Proc\u00e9dure \u00e0 suivre pour se r\u00e9inscrire :<br><a href=\"https:\/\/www.emdg-guilers.org\/index.php\/procedure-de-re-inscription\/\">Proc\u00e9dure compl\u00e8te \u00e0 consulter ici<\/a><\/p>\n\n\n\n<p>-&gt; Remplir une fiche d\u2019inscription ou valider la proposition d\u2019inscription envoy\u00e9e par email par l\u2019\u00e9cole au responsable l\u00e9gal<br><a href=\"https:\/\/www.emdg-guilers.org\/wp-content\/uploads\/2024\/05\/EMDG-fiche-inscription-2024-MUSIQUE-THEATRE.pdf\">Fiche musique \/ th\u00e9\u00e2tre <\/a>\u00e0 t\u00e9l\u00e9charger ici <br><a href=\"https:\/\/www.emdg-guilers.org\/wp-content\/uploads\/2024\/05\/EMDG-fiche-inscription-2024-DANSE.pdf\">Fiche danse<\/a> \u00e0 t\u00e9l\u00e9charger ici<br>-&gt; Joindre le paiement complet (possible en plusieurs fois, ch\u00e8ques non encaiss\u00e9s, paiement CB uniquement lors des permanences au bureau)<\/p>\n\n\n\n<p>A d\u00e9poser \u00e0 l\u2019\u00e9cole (au bureau), dans la bo\u00eete \u00e0 lettres \u00e0 l\u2019entr\u00e9e du parking de l\u2019espace Pagnol, 11 rue de Milizac 29820 Guilers, ou par courrier<br>!!! Aucune inscription prise en compte sans paiement (caution en ch\u00e8que possible)<\/p>\n\n\n\n<p>En attendant, d\u00e9couvrez tous les nouveaux cours, les horaires, les tarifs, etc sur ce m\u00eame site !<\/p>\n\n\n\n<p><strong>Permanences au bureau de l\u2019EMDG, 2e \u00e9tage :<\/strong><br>lundi, mardi 9h-12h30<br>mercredi 10h15-12h15<br>jeudi 10h-12h \/ 14h-16h<br>samedi 18 mai et 01 juin 10h-12h<\/p>\n\n\n\n<p><\/p>\n","protected":false},"excerpt":{"rendered":"<p>R\u00e9-inscriptions, avec priorit\u00e9 aux \u00e9l\u00e8ves de 2023-24,&nbsp;entre le 13 mai et le 02 juin 2024. Pass\u00e9 le 2 juin, les anciens \u00e9l\u00e8ves perdront leur priorit\u00e9 d\u2019inscription. Proc\u00e9dure \u00e0 suivre pour se r\u00e9inscrire :Proc\u00e9dure compl\u00e8te \u00e0 consulter ici -&gt; Remplir une fiche d\u2019inscription ou valider la proposition d\u2019inscription envoy\u00e9e par email par l\u2019\u00e9cole au responsable l\u00e9galFiche musique \/ th\u00e9\u00e2tre \u00e0 t\u00e9l\u00e9charger ici Fiche danse \u00e0 t\u00e9l\u00e9charger ici-&gt; Joindre le paiement complet (possible en plusieurs fois, ch\u00e8ques non encaiss\u00e9s, paiement CB uniquement&#8230;<\/p>\n<p class=\"read-more\"><a class=\"btn btn-default\" href=\"https:\/\/www.emdg-guilers.org\/index.php\/2024\/05\/06\/re-inscriptions-emdg-pour-2024-25\/\">Lire la suite<span class=\"screen-reader-text\"> Lire la suite<\/span><\/a><\/p>\n","protected":false},"author":3,"featured_media":0,"comment_status":"closed","ping_status":"closed","sticky":false,"template":"","format":"standard","meta":{"footnotes":""},"categories":[1],"tags":[103,76,129],"yoast_head":"<!-- This site is optimized with the Yoast SEO plugin v22.4 - https:\/\/yoast.com\/wordpress\/plugins\/seo\/ -->\n<title>R\u00e9-inscriptions EMDG pour 2024-25 - Ecole de Musique, Danse &amp; Th\u00e9\u00e2tre de Guilers<\/title>\n<meta name=\"robots\" content=\"index, follow, max-snippet:-1, max-image-preview:large, max-video-preview:-1\" \/>\n<link rel=\"canonical\" href=\"https:\/\/www.emdg-guilers.org\/index.php\/2024\/05\/06\/re-inscriptions-emdg-pour-2024-25\/\" \/>\n<meta property=\"og:locale\" content=\"fr_FR\" \/>\n<meta property=\"og:type\" content=\"article\" \/>\n<meta property=\"og:title\" content=\"R\u00e9-inscriptions EMDG pour 2024-25 - Ecole de Musique, Danse &amp; Th\u00e9\u00e2tre de Guilers\" \/>\n<meta property=\"og:description\" content=\"R\u00e9-inscriptions, avec priorit\u00e9 aux \u00e9l\u00e8ves de 2023-24,&nbsp;entre le 13 mai et le 02 juin 2024. Pass\u00e9 le 2 juin, les anciens \u00e9l\u00e8ves perdront leur priorit\u00e9 d\u2019inscription. Proc\u00e9dure \u00e0 suivre pour se r\u00e9inscrire :Proc\u00e9dure compl\u00e8te \u00e0 consulter ici -&gt; Remplir une fiche d\u2019inscription ou valider la proposition d\u2019inscription envoy\u00e9e par email par l\u2019\u00e9cole au responsable l\u00e9galFiche musique \/ th\u00e9\u00e2tre \u00e0 t\u00e9l\u00e9charger ici Fiche danse \u00e0 t\u00e9l\u00e9charger ici-&gt; Joindre le paiement complet (possible en plusieurs fois, ch\u00e8ques non encaiss\u00e9s, paiement CB uniquement...Lire la suite Lire la suite\" \/>\n<meta property=\"og:url\" content=\"https:\/\/www.emdg-guilers.org\/index.php\/2024\/05\/06\/re-inscriptions-emdg-pour-2024-25\/\" \/>\n<meta property=\"og:site_name\" content=\"Ecole de Musique, Danse &amp; Th\u00e9\u00e2tre de Guilers\" \/>\n<meta property=\"article:publisher\" content=\"https:\/\/www.facebook.com\/Ecole-de-Musique-et-de-Danse-de-Guilers-480017765533016\/\" \/>\n<meta property=\"article:published_time\" content=\"2024-05-06T12:23:10+00:00\" \/>\n<meta property=\"article:modified_time\" content=\"2024-05-13T10:12:04+00:00\" \/>\n<meta property=\"og:image\" content=\"https:\/\/www.emdg-guilers.org\/wp-content\/uploads\/2024\/05\/reinscriptions24-25-emdg-1-300x251.jpg\" \/>\n<meta name=\"author\" content=\"Marie Clavier\" \/>\n<meta name=\"twitter:card\" content=\"summary_large_image\" \/>\n<meta name=\"twitter:label1\" content=\"\u00c9crit par\" \/>\n\t<meta name=\"twitter:data1\" content=\"Marie Clavier\" \/>\n\t<meta name=\"twitter:label2\" content=\"Dur\u00e9e de lecture estim\u00e9e\" \/>\n\t<meta name=\"twitter:data2\" content=\"2 minutes\" \/>\n<script type=\"application\/ld+json\" class=\"yoast-schema-graph\">{\"@context\":\"https:\/\/schema.org\",\"@graph\":[{\"@type\":\"Article\",\"@id\":\"https:\/\/www.emdg-guilers.org\/index.php\/2024\/05\/06\/re-inscriptions-emdg-pour-2024-25\/#article\",\"isPartOf\":{\"@id\":\"https:\/\/www.emdg-guilers.org\/index.php\/2024\/05\/06\/re-inscriptions-emdg-pour-2024-25\/\"},\"author\":{\"name\":\"Marie Clavier\",\"@id\":\"https:\/\/www.emdg-guilers.org\/#\/schema\/person\/5c279d8e49be5f6bfdc87fb9e08559d4\"},\"headline\":\"R\u00e9-inscriptions EMDG pour 2024-25\",\"datePublished\":\"2024-05-06T12:23:10+00:00\",\"dateModified\":\"2024-05-13T10:12:04+00:00\",\"mainEntityOfPage\":{\"@id\":\"https:\/\/www.emdg-guilers.org\/index.php\/2024\/05\/06\/re-inscriptions-emdg-pour-2024-25\/\"},\"wordCount\":190,\"publisher\":{\"@id\":\"https:\/\/www.emdg-guilers.org\/#organization\"},\"image\":{\"@id\":\"https:\/\/www.emdg-guilers.org\/index.php\/2024\/05\/06\/re-inscriptions-emdg-pour-2024-25\/#primaryimage\"},\"thumbnailUrl\":\"https:\/\/www.emdg-guilers.org\/wp-content\/uploads\/2024\/05\/reinscriptions24-25-emdg-1-300x251.jpg\",\"keywords\":[\"emdg\",\"inscription\",\"inscriptions\"],\"inLanguage\":\"fr-FR\"},{\"@type\":\"WebPage\",\"@id\":\"https:\/\/www.emdg-guilers.org\/index.php\/2024\/05\/06\/re-inscriptions-emdg-pour-2024-25\/\",\"url\":\"https:\/\/www.emdg-guilers.org\/index.php\/2024\/05\/06\/re-inscriptions-emdg-pour-2024-25\/\",\"name\":\"R\u00e9-inscriptions EMDG pour 2024-25 - Ecole de Musique, Danse &amp; Th\u00e9\u00e2tre de Guilers\",\"isPartOf\":{\"@id\":\"https:\/\/www.emdg-guilers.org\/#website\"},\"primaryImageOfPage\":{\"@id\":\"https:\/\/www.emdg-guilers.org\/index.php\/2024\/05\/06\/re-inscriptions-emdg-pour-2024-25\/#primaryimage\"},\"image\":{\"@id\":\"https:\/\/www.emdg-guilers.org\/index.php\/2024\/05\/06\/re-inscriptions-emdg-pour-2024-25\/#primaryimage\"},\"thumbnailUrl\":\"https:\/\/www.emdg-guilers.org\/wp-content\/uploads\/2024\/05\/reinscriptions24-25-emdg-1-300x251.jpg\",\"datePublished\":\"2024-05-06T12:23:10+00:00\",\"dateModified\":\"2024-05-13T10:12:04+00:00\",\"breadcrumb\":{\"@id\":\"https:\/\/www.emdg-guilers.org\/index.php\/2024\/05\/06\/re-inscriptions-emdg-pour-2024-25\/#breadcrumb\"},\"inLanguage\":\"fr-FR\",\"potentialAction\":[{\"@type\":\"ReadAction\",\"target\":[\"https:\/\/www.emdg-guilers.org\/index.php\/2024\/05\/06\/re-inscriptions-emdg-pour-2024-25\/\"]}]},{\"@type\":\"ImageObject\",\"inLanguage\":\"fr-FR\",\"@id\":\"https:\/\/www.emdg-guilers.org\/index.php\/2024\/05\/06\/re-inscriptions-emdg-pour-2024-25\/#primaryimage\",\"url\":\"https:\/\/www.emdg-guilers.org\/wp-content\/uploads\/2024\/05\/reinscriptions24-25-emdg-1.jpg\",\"contentUrl\":\"https:\/\/www.emdg-guilers.org\/wp-content\/uploads\/2024\/05\/reinscriptions24-25-emdg-1.jpg\",\"width\":940,\"height\":788},{\"@type\":\"BreadcrumbList\",\"@id\":\"https:\/\/www.emdg-guilers.org\/index.php\/2024\/05\/06\/re-inscriptions-emdg-pour-2024-25\/#breadcrumb\",\"itemListElement\":[{\"@type\":\"ListItem\",\"position\":1,\"name\":\"Accueil\",\"item\":\"https:\/\/www.emdg-guilers.org\/\"},{\"@type\":\"ListItem\",\"position\":2,\"name\":\"R\u00e9-inscriptions EMDG pour 2024-25\"}]},{\"@type\":\"WebSite\",\"@id\":\"https:\/\/www.emdg-guilers.org\/#website\",\"url\":\"https:\/\/www.emdg-guilers.org\/\",\"name\":\"Ecole de Musique et Danse de Guilers\",\"description\":\"Ecole associative, cours de musique, danse, th\u00e9\u00e2tre accessibles \u00e0 tous\",\"publisher\":{\"@id\":\"https:\/\/www.emdg-guilers.org\/#organization\"},\"potentialAction\":[{\"@type\":\"SearchAction\",\"target\":{\"@type\":\"EntryPoint\",\"urlTemplate\":\"https:\/\/www.emdg-guilers.org\/?s={search_term_string}\"},\"query-input\":\"required name=search_term_string\"}],\"inLanguage\":\"fr-FR\"},{\"@type\":\"Organization\",\"@id\":\"https:\/\/www.emdg-guilers.org\/#organization\",\"name\":\"Ecole de Musique et de Danse\",\"url\":\"https:\/\/www.emdg-guilers.org\/\",\"logo\":{\"@type\":\"ImageObject\",\"inLanguage\":\"fr-FR\",\"@id\":\"https:\/\/www.emdg-guilers.org\/#\/schema\/logo\/image\/\",\"url\":\"https:\/\/www.emdg-guilers.org\/wp-content\/uploads\/2016\/06\/logo2014.jpg\",\"contentUrl\":\"https:\/\/www.emdg-guilers.org\/wp-content\/uploads\/2016\/06\/logo2014.jpg\",\"width\":214,\"height\":116,\"caption\":\"Ecole de Musique et de Danse\"},\"image\":{\"@id\":\"https:\/\/www.emdg-guilers.org\/#\/schema\/logo\/image\/\"},\"sameAs\":[\"https:\/\/www.facebook.com\/Ecole-de-Musique-et-de-Danse-de-Guilers-480017765533016\/\"]},{\"@type\":\"Person\",\"@id\":\"https:\/\/www.emdg-guilers.org\/#\/schema\/person\/5c279d8e49be5f6bfdc87fb9e08559d4\",\"name\":\"Marie Clavier\",\"image\":{\"@type\":\"ImageObject\",\"inLanguage\":\"fr-FR\",\"@id\":\"https:\/\/www.emdg-guilers.org\/#\/schema\/person\/image\/\",\"url\":\"https:\/\/secure.gravatar.com\/avatar\/82505eeeaf6d53a80197cd7ed92e8de4?s=96&d=mm&r=g\",\"contentUrl\":\"https:\/\/secure.gravatar.com\/avatar\/82505eeeaf6d53a80197cd7ed92e8de4?s=96&d=mm&r=g\",\"caption\":\"Marie Clavier\"},\"url\":\"https:\/\/www.emdg-guilers.org\/index.php\/author\/mclavier\/\"}]}<\/script>\n<!-- \/ Yoast SEO plugin. -->","yoast_head_json":{"title":"R\u00e9-inscriptions EMDG pour 2024-25 - Ecole de Musique, Danse &amp; Th\u00e9\u00e2tre de Guilers","robots":{"index":"index","follow":"follow","max-snippet":"max-snippet:-1","max-image-preview":"max-image-preview:large","max-video-preview":"max-video-preview:-1"},"canonical":"https:\/\/www.emdg-guilers.org\/index.php\/2024\/05\/06\/re-inscriptions-emdg-pour-2024-25\/","og_locale":"fr_FR","og_type":"article","og_title":"R\u00e9-inscriptions EMDG pour 2024-25 - Ecole de Musique, Danse &amp; Th\u00e9\u00e2tre de Guilers","og_description":"R\u00e9-inscriptions, avec priorit\u00e9 aux \u00e9l\u00e8ves de 2023-24,&nbsp;entre le 13 mai et le 02 juin 2024. Pass\u00e9 le 2 juin, les anciens \u00e9l\u00e8ves perdront leur priorit\u00e9 d\u2019inscription. Proc\u00e9dure \u00e0 suivre pour se r\u00e9inscrire :Proc\u00e9dure compl\u00e8te \u00e0 consulter ici -&gt; Remplir une fiche d\u2019inscription ou valider la proposition d\u2019inscription envoy\u00e9e par email par l\u2019\u00e9cole au responsable l\u00e9galFiche musique \/ th\u00e9\u00e2tre \u00e0 t\u00e9l\u00e9charger ici Fiche danse \u00e0 t\u00e9l\u00e9charger ici-&gt; Joindre le paiement complet (possible en plusieurs fois, ch\u00e8ques non encaiss\u00e9s, paiement CB uniquement...Lire la suite Lire la suite","og_url":"https:\/\/www.emdg-guilers.org\/index.php\/2024\/05\/06\/re-inscriptions-emdg-pour-2024-25\/","og_site_name":"Ecole de Musique, Danse &amp; Th\u00e9\u00e2tre de Guilers","article_publisher":"https:\/\/www.facebook.com\/Ecole-de-Musique-et-de-Danse-de-Guilers-480017765533016\/","article_published_time":"2024-05-06T12:23:10+00:00","article_modified_time":"2024-05-13T10:12:04+00:00","og_image":[{"url":"https:\/\/www.emdg-guilers.org\/wp-content\/uploads\/2024\/05\/reinscriptions24-25-emdg-1-300x251.jpg"}],"author":"Marie Clavier","twitter_card":"summary_large_image","twitter_misc":{"\u00c9crit par":"Marie Clavier","Dur\u00e9e de lecture estim\u00e9e":"2 minutes"},"schema":{"@context":"https:\/\/schema.org","@graph":[{"@type":"Article","@id":"https:\/\/www.emdg-guilers.org\/index.php\/2024\/05\/06\/re-inscriptions-emdg-pour-2024-25\/#article","isPartOf":{"@id":"https:\/\/www.emdg-guilers.org\/index.php\/2024\/05\/06\/re-inscriptions-emdg-pour-2024-25\/"},"author":{"name":"Marie Clavier","@id":"https:\/\/www.emdg-guilers.org\/#\/schema\/person\/5c279d8e49be5f6bfdc87fb9e08559d4"},"headline":"R\u00e9-inscriptions EMDG pour 2024-25","datePublished":"2024-05-06T12:23:10+00:00","dateModified":"2024-05-13T10:12:04+00:00","mainEntityOfPage":{"@id":"https:\/\/www.emdg-guilers.org\/index.php\/2024\/05\/06\/re-inscriptions-emdg-pour-2024-25\/"},"wordCount":190,"publisher":{"@id":"https:\/\/www.emdg-guilers.org\/#organization"},"image":{"@id":"https:\/\/www.emdg-guilers.org\/index.php\/2024\/05\/06\/re-inscriptions-emdg-pour-2024-25\/#primaryimage"},"thumbnailUrl":"https:\/\/www.emdg-guilers.org\/wp-content\/uploads\/2024\/05\/reinscriptions24-25-emdg-1-300x251.jpg","keywords":["emdg","inscription","inscriptions"],"inLanguage":"fr-FR"},{"@type":"WebPage","@id":"https:\/\/www.emdg-guilers.org\/index.php\/2024\/05\/06\/re-inscriptions-emdg-pour-2024-25\/","url":"https:\/\/www.emdg-guilers.org\/index.php\/2024\/05\/06\/re-inscriptions-emdg-pour-2024-25\/","name":"R\u00e9-inscriptions EMDG pour 2024-25 - Ecole de Musique, Danse &amp; Th\u00e9\u00e2tre de Guilers","isPartOf":{"@id":"https:\/\/www.emdg-guilers.org\/#website"},"primaryImageOfPage":{"@id":"https:\/\/www.emdg-guilers.org\/index.php\/2024\/05\/06\/re-inscriptions-emdg-pour-2024-25\/#primaryimage"},"image":{"@id":"https:\/\/www.emdg-guilers.org\/index.php\/2024\/05\/06\/re-inscriptions-emdg-pour-2024-25\/#primaryimage"},"thumbnailUrl":"https:\/\/www.emdg-guilers.org\/wp-content\/uploads\/2024\/05\/reinscriptions24-25-emdg-1-300x251.jpg","datePublished":"2024-05-06T12:23:10+00:00","dateModified":"2024-05-13T10:12:04+00:00","breadcrumb":{"@id":"https:\/\/www.emdg-guilers.org\/index.php\/2024\/05\/06\/re-inscriptions-emdg-pour-2024-25\/#breadcrumb"},"inLanguage":"fr-FR","potentialAction":[{"@type":"ReadAction","target":["https:\/\/www.emdg-guilers.org\/index.php\/2024\/05\/06\/re-inscriptions-emdg-pour-2024-25\/"]}]},{"@type":"ImageObject","inLanguage":"fr-FR","@id":"https:\/\/www.emdg-guilers.org\/index.php\/2024\/05\/06\/re-inscriptions-emdg-pour-2024-25\/#primaryimage","url":"https:\/\/www.emdg-guilers.org\/wp-content\/uploads\/2024\/05\/reinscriptions24-25-emdg-1.jpg","contentUrl":"https:\/\/www.emdg-guilers.org\/wp-content\/uploads\/2024\/05\/reinscriptions24-25-emdg-1.jpg","width":940,"height":788},{"@type":"BreadcrumbList","@id":"https:\/\/www.emdg-guilers.org\/index.php\/2024\/05\/06\/re-inscriptions-emdg-pour-2024-25\/#breadcrumb","itemListElement":[{"@type":"ListItem","position":1,"name":"Accueil","item":"https:\/\/www.emdg-guilers.org\/"},{"@type":"ListItem","position":2,"name":"R\u00e9-inscriptions EMDG pour 2024-25"}]},{"@type":"WebSite","@id":"https:\/\/www.emdg-guilers.org\/#website","url":"https:\/\/www.emdg-guilers.org\/","name":"Ecole de Musique et Danse de Guilers","description":"Ecole associative, cours de musique, danse, th\u00e9\u00e2tre accessibles \u00e0 tous","publisher":{"@id":"https:\/\/www.emdg-guilers.org\/#organization"},"potentialAction":[{"@type":"SearchAction","target":{"@type":"EntryPoint","urlTemplate":"https:\/\/www.emdg-guilers.org\/?s={search_term_string}"},"query-input":"required name=search_term_string"}],"inLanguage":"fr-FR"},{"@type":"Organization","@id":"https:\/\/www.emdg-guilers.org\/#organization","name":"Ecole de Musique et de Danse","url":"https:\/\/www.emdg-guilers.org\/","logo":{"@type":"ImageObject","inLanguage":"fr-FR","@id":"https:\/\/www.emdg-guilers.org\/#\/schema\/logo\/image\/","url":"https:\/\/www.emdg-guilers.org\/wp-content\/uploads\/2016\/06\/logo2014.jpg","contentUrl":"https:\/\/www.emdg-guilers.org\/wp-content\/uploads\/2016\/06\/logo2014.jpg","width":214,"height":116,"caption":"Ecole de Musique et de Danse"},"image":{"@id":"https:\/\/www.emdg-guilers.org\/#\/schema\/logo\/image\/"},"sameAs":["https:\/\/www.facebook.com\/Ecole-de-Musique-et-de-Danse-de-Guilers-480017765533016\/"]},{"@type":"Person","@id":"https:\/\/www.emdg-guilers.org\/#\/schema\/person\/5c279d8e49be5f6bfdc87fb9e08559d4","name":"Marie Clavier","image":{"@type":"ImageObject","inLanguage":"fr-FR","@id":"https:\/\/www.emdg-guilers.org\/#\/schema\/person\/image\/","url":"https:\/\/secure.gravatar.com\/avatar\/82505eeeaf6d53a80197cd7ed92e8de4?s=96&d=mm&r=g","contentUrl":"https:\/\/secure.gravatar.com\/avatar\/82505eeeaf6d53a80197cd7ed92e8de4?s=96&d=mm&r=g","caption":"Marie Clavier"},"url":"https:\/\/www.emdg-guilers.org\/index.php\/author\/mclavier\/"}]}},"_links":{"self":[{"href":"https:\/\/www.emdg-guilers.org\/index.php\/wp-json\/wp\/v2\/posts\/4223"}],"collection":[{"href":"https:\/\/www.emdg-guilers.org\/index.php\/wp-json\/wp\/v2\/posts"}],"about":[{"href":"https:\/\/www.emdg-guilers.org\/index.php\/wp-json\/wp\/v2\/types\/post"}],"author":[{"embeddable":true,"href":"https:\/\/www.emdg-guilers.org\/index.php\/wp-json\/wp\/v2\/users\/3"}],"replies":[{"embeddable":true,"href":"https:\/\/www.emdg-guilers.org\/index.php\/wp-json\/wp\/v2\/comments?post=4223"}],"version-history":[{"count":10,"href":"https:\/\/www.emdg-guilers.org\/index.php\/wp-json\/wp\/v2\/posts\/4223\/revisions"}],"predecessor-version":[{"id":4304,"href":"https:\/\/www.emdg-guilers.org\/index.php\/wp-json\/wp\/v2\/posts\/4223\/revisions\/4304"}],"wp:attachment":[{"href":"https:\/\/www.emdg-guilers.org\/index.php\/wp-json\/wp\/v2\/media?parent=4223"}],"wp:term":[{"taxonomy":"category","embeddable":true,"href":"https:\/\/www.emdg-guilers.org\/index.php\/wp-json\/wp\/v2\/categories?post=4223"},{"taxonomy":"post_tag","embeddable":true,"href":"https:\/\/www.emdg-guilers.org\/index.php\/wp-json\/wp\/v2\/tags?post=4223"}],"curies":[{"name":"wp","href":"https:\/\/api.w.org\/{rel}","templated":true}]}}