{"id":4471,"date":"2024-06-27T16:58:58","date_gmt":"2024-06-27T14:58:58","guid":{"rendered":"https:\/\/www.emdg-guilers.org\/?p=4471"},"modified":"2024-07-01T23:00:18","modified_gmt":"2024-07-01T21:00:18","slug":"pendant-lete-2","status":"publish","type":"post","link":"https:\/\/www.emdg-guilers.org\/index.php\/2024\/06\/27\/pendant-lete-2\/","title":{"rendered":"Pendant l&rsquo;\u00e9t\u00e9&#8230;"},"content":{"rendered":"\n<p>Ecole ferm\u00e9e au public du 1er juillet au 25 ao\u00fbt. D\u00e9p\u00f4t de dossiers d&rsquo;inscription n\u00e9anmoins possibles. Boite relev\u00e9e r\u00e9guli\u00e8rement.<br><a href=\"https:\/\/www.emdg-guilers.org\/index.php\/fiches-dinscription-2023-24\/\">-> Retrouvez la FICHE D&rsquo;INSCRIPTION et la BROCHURE 2024-25 ici<\/a><br>Derni\u00e8re permanence : samedi 29 juin de 10h \u00e0 12h, secr\u00e9tariat, 2e \u00e9tage.<br>Forum des associations : samedi 7 septembre de 9h \u00e0 13h.<br><\/p>\n\n\n<div class=\"wp-block-image\">\n<figure class=\"aligncenter size-large is-resized\"><img loading=\"lazy\" decoding=\"async\" width=\"724\" height=\"1024\" src=\"https:\/\/www.emdg-guilers.org\/wp-content\/uploads\/2024\/06\/ete-2024-a-lEMDG-724x1024.jpg\" alt=\"\" class=\"wp-image-4472\" style=\"width:438px;height:auto\" srcset=\"https:\/\/www.emdg-guilers.org\/wp-content\/uploads\/2024\/06\/ete-2024-a-lEMDG-724x1024.jpg 724w, https:\/\/www.emdg-guilers.org\/wp-content\/uploads\/2024\/06\/ete-2024-a-lEMDG-212x300.jpg 212w, https:\/\/www.emdg-guilers.org\/wp-content\/uploads\/2024\/06\/ete-2024-a-lEMDG-768x1086.jpg 768w, https:\/\/www.emdg-guilers.org\/wp-content\/uploads\/2024\/06\/ete-2024-a-lEMDG-1086x1536.jpg 1086w, https:\/\/www.emdg-guilers.org\/wp-content\/uploads\/2024\/06\/ete-2024-a-lEMDG-191x270.jpg 191w, https:\/\/www.emdg-guilers.org\/wp-content\/uploads\/2024\/06\/ete-2024-a-lEMDG.jpg 1414w\" sizes=\"(max-width: 724px) 100vw, 724px\" \/><\/figure><\/div>","protected":false},"excerpt":{"rendered":"<p>Ecole ferm\u00e9e au public du 1er juillet au 25 ao\u00fbt. D\u00e9p\u00f4t de dossiers d&rsquo;inscription n\u00e9anmoins possibles. Boite relev\u00e9e r\u00e9guli\u00e8rement.-> Retrouvez la FICHE D&rsquo;INSCRIPTION et la BROCHURE 2024-25 iciDerni\u00e8re permanence : samedi 29 juin de 10h \u00e0 12h, secr\u00e9tariat, 2e \u00e9tage.Forum des associations : samedi 7 septembre de 9h \u00e0 13h.<\/p>\n","protected":false},"author":3,"featured_media":0,"comment_status":"closed","ping_status":"closed","sticky":false,"template":"","format":"standard","meta":{"footnotes":""},"categories":[1],"tags":[],"yoast_head":"<!-- This site is optimized with the Yoast SEO plugin v22.4 - https:\/\/yoast.com\/wordpress\/plugins\/seo\/ -->\n<title>Pendant l&#039;\u00e9t\u00e9... - Ecole de Musique, Danse &amp; Th\u00e9\u00e2tre de Guilers<\/title>\n<meta name=\"robots\" content=\"index, follow, max-snippet:-1, max-image-preview:large, max-video-preview:-1\" \/>\n<link rel=\"canonical\" href=\"https:\/\/www.emdg-guilers.org\/index.php\/2024\/06\/27\/pendant-lete-2\/\" \/>\n<meta property=\"og:locale\" content=\"fr_FR\" \/>\n<meta property=\"og:type\" content=\"article\" \/>\n<meta property=\"og:title\" content=\"Pendant l&#039;\u00e9t\u00e9... - Ecole de Musique, Danse &amp; Th\u00e9\u00e2tre de Guilers\" \/>\n<meta property=\"og:description\" content=\"Ecole ferm\u00e9e au public du 1er juillet au 25 ao\u00fbt. D\u00e9p\u00f4t de dossiers d&rsquo;inscription n\u00e9anmoins possibles. Boite relev\u00e9e r\u00e9guli\u00e8rement.-&gt; Retrouvez la FICHE D&rsquo;INSCRIPTION et la BROCHURE 2024-25 iciDerni\u00e8re permanence : samedi 29 juin de 10h \u00e0 12h, secr\u00e9tariat, 2e \u00e9tage.Forum des associations : samedi 7 septembre de 9h \u00e0 13h.\" \/>\n<meta property=\"og:url\" content=\"https:\/\/www.emdg-guilers.org\/index.php\/2024\/06\/27\/pendant-lete-2\/\" \/>\n<meta property=\"og:site_name\" content=\"Ecole de Musique, Danse &amp; Th\u00e9\u00e2tre de Guilers\" \/>\n<meta property=\"article:publisher\" content=\"https:\/\/www.facebook.com\/Ecole-de-Musique-et-de-Danse-de-Guilers-480017765533016\/\" \/>\n<meta property=\"article:published_time\" content=\"2024-06-27T14:58:58+00:00\" \/>\n<meta property=\"article:modified_time\" content=\"2024-07-01T21:00:18+00:00\" \/>\n<meta property=\"og:image\" content=\"https:\/\/www.emdg-guilers.org\/wp-content\/uploads\/2024\/06\/ete-2024-a-lEMDG-724x1024.jpg\" \/>\n<meta name=\"author\" content=\"Marie Clavier\" \/>\n<meta name=\"twitter:card\" content=\"summary_large_image\" \/>\n<meta name=\"twitter:label1\" content=\"\u00c9crit par\" \/>\n\t<meta name=\"twitter:data1\" content=\"Marie Clavier\" \/>\n\t<meta name=\"twitter:label2\" content=\"Dur\u00e9e de lecture estim\u00e9e\" \/>\n\t<meta name=\"twitter:data2\" content=\"1 minute\" \/>\n<script type=\"application\/ld+json\" class=\"yoast-schema-graph\">{\"@context\":\"https:\/\/schema.org\",\"@graph\":[{\"@type\":\"Article\",\"@id\":\"https:\/\/www.emdg-guilers.org\/index.php\/2024\/06\/27\/pendant-lete-2\/#article\",\"isPartOf\":{\"@id\":\"https:\/\/www.emdg-guilers.org\/index.php\/2024\/06\/27\/pendant-lete-2\/\"},\"author\":{\"name\":\"Marie Clavier\",\"@id\":\"https:\/\/www.emdg-guilers.org\/#\/schema\/person\/5c279d8e49be5f6bfdc87fb9e08559d4\"},\"headline\":\"Pendant l&rsquo;\u00e9t\u00e9&#8230;\",\"datePublished\":\"2024-06-27T14:58:58+00:00\",\"dateModified\":\"2024-07-01T21:00:18+00:00\",\"mainEntityOfPage\":{\"@id\":\"https:\/\/www.emdg-guilers.org\/index.php\/2024\/06\/27\/pendant-lete-2\/\"},\"wordCount\":59,\"publisher\":{\"@id\":\"https:\/\/www.emdg-guilers.org\/#organization\"},\"image\":{\"@id\":\"https:\/\/www.emdg-guilers.org\/index.php\/2024\/06\/27\/pendant-lete-2\/#primaryimage\"},\"thumbnailUrl\":\"https:\/\/www.emdg-guilers.org\/wp-content\/uploads\/2024\/06\/ete-2024-a-lEMDG-724x1024.jpg\",\"inLanguage\":\"fr-FR\"},{\"@type\":\"WebPage\",\"@id\":\"https:\/\/www.emdg-guilers.org\/index.php\/2024\/06\/27\/pendant-lete-2\/\",\"url\":\"https:\/\/www.emdg-guilers.org\/index.php\/2024\/06\/27\/pendant-lete-2\/\",\"name\":\"Pendant l'\u00e9t\u00e9... - Ecole de Musique, Danse &amp; Th\u00e9\u00e2tre de Guilers\",\"isPartOf\":{\"@id\":\"https:\/\/www.emdg-guilers.org\/#website\"},\"primaryImageOfPage\":{\"@id\":\"https:\/\/www.emdg-guilers.org\/index.php\/2024\/06\/27\/pendant-lete-2\/#primaryimage\"},\"image\":{\"@id\":\"https:\/\/www.emdg-guilers.org\/index.php\/2024\/06\/27\/pendant-lete-2\/#primaryimage\"},\"thumbnailUrl\":\"https:\/\/www.emdg-guilers.org\/wp-content\/uploads\/2024\/06\/ete-2024-a-lEMDG-724x1024.jpg\",\"datePublished\":\"2024-06-27T14:58:58+00:00\",\"dateModified\":\"2024-07-01T21:00:18+00:00\",\"breadcrumb\":{\"@id\":\"https:\/\/www.emdg-guilers.org\/index.php\/2024\/06\/27\/pendant-lete-2\/#breadcrumb\"},\"inLanguage\":\"fr-FR\",\"potentialAction\":[{\"@type\":\"ReadAction\",\"target\":[\"https:\/\/www.emdg-guilers.org\/index.php\/2024\/06\/27\/pendant-lete-2\/\"]}]},{\"@type\":\"ImageObject\",\"inLanguage\":\"fr-FR\",\"@id\":\"https:\/\/www.emdg-guilers.org\/index.php\/2024\/06\/27\/pendant-lete-2\/#primaryimage\",\"url\":\"https:\/\/www.emdg-guilers.org\/wp-content\/uploads\/2024\/06\/ete-2024-a-lEMDG.jpg\",\"contentUrl\":\"https:\/\/www.emdg-guilers.org\/wp-content\/uploads\/2024\/06\/ete-2024-a-lEMDG.jpg\",\"width\":1414,\"height\":2000},{\"@type\":\"BreadcrumbList\",\"@id\":\"https:\/\/www.emdg-guilers.org\/index.php\/2024\/06\/27\/pendant-lete-2\/#breadcrumb\",\"itemListElement\":[{\"@type\":\"ListItem\",\"position\":1,\"name\":\"Accueil\",\"item\":\"https:\/\/www.emdg-guilers.org\/\"},{\"@type\":\"ListItem\",\"position\":2,\"name\":\"Pendant l&rsquo;\u00e9t\u00e9&#8230;\"}]},{\"@type\":\"WebSite\",\"@id\":\"https:\/\/www.emdg-guilers.org\/#website\",\"url\":\"https:\/\/www.emdg-guilers.org\/\",\"name\":\"Ecole de Musique et Danse de Guilers\",\"description\":\"Ecole associative, cours de musique, danse, th\u00e9\u00e2tre accessibles \u00e0 tous\",\"publisher\":{\"@id\":\"https:\/\/www.emdg-guilers.org\/#organization\"},\"potentialAction\":[{\"@type\":\"SearchAction\",\"target\":{\"@type\":\"EntryPoint\",\"urlTemplate\":\"https:\/\/www.emdg-guilers.org\/?s={search_term_string}\"},\"query-input\":\"required name=search_term_string\"}],\"inLanguage\":\"fr-FR\"},{\"@type\":\"Organization\",\"@id\":\"https:\/\/www.emdg-guilers.org\/#organization\",\"name\":\"Ecole de Musique et de Danse\",\"url\":\"https:\/\/www.emdg-guilers.org\/\",\"logo\":{\"@type\":\"ImageObject\",\"inLanguage\":\"fr-FR\",\"@id\":\"https:\/\/www.emdg-guilers.org\/#\/schema\/logo\/image\/\",\"url\":\"https:\/\/www.emdg-guilers.org\/wp-content\/uploads\/2016\/06\/logo2014.jpg\",\"contentUrl\":\"https:\/\/www.emdg-guilers.org\/wp-content\/uploads\/2016\/06\/logo2014.jpg\",\"width\":214,\"height\":116,\"caption\":\"Ecole de Musique et de Danse\"},\"image\":{\"@id\":\"https:\/\/www.emdg-guilers.org\/#\/schema\/logo\/image\/\"},\"sameAs\":[\"https:\/\/www.facebook.com\/Ecole-de-Musique-et-de-Danse-de-Guilers-480017765533016\/\"]},{\"@type\":\"Person\",\"@id\":\"https:\/\/www.emdg-guilers.org\/#\/schema\/person\/5c279d8e49be5f6bfdc87fb9e08559d4\",\"name\":\"Marie Clavier\",\"image\":{\"@type\":\"ImageObject\",\"inLanguage\":\"fr-FR\",\"@id\":\"https:\/\/www.emdg-guilers.org\/#\/schema\/person\/image\/\",\"url\":\"https:\/\/secure.gravatar.com\/avatar\/82505eeeaf6d53a80197cd7ed92e8de4?s=96&d=mm&r=g\",\"contentUrl\":\"https:\/\/secure.gravatar.com\/avatar\/82505eeeaf6d53a80197cd7ed92e8de4?s=96&d=mm&r=g\",\"caption\":\"Marie Clavier\"},\"url\":\"https:\/\/www.emdg-guilers.org\/index.php\/author\/mclavier\/\"}]}<\/script>\n<!-- \/ Yoast SEO plugin. -->","yoast_head_json":{"title":"Pendant l'\u00e9t\u00e9... - Ecole de Musique, Danse &amp; Th\u00e9\u00e2tre de Guilers","robots":{"index":"index","follow":"follow","max-snippet":"max-snippet:-1","max-image-preview":"max-image-preview:large","max-video-preview":"max-video-preview:-1"},"canonical":"https:\/\/www.emdg-guilers.org\/index.php\/2024\/06\/27\/pendant-lete-2\/","og_locale":"fr_FR","og_type":"article","og_title":"Pendant l'\u00e9t\u00e9... - Ecole de Musique, Danse &amp; Th\u00e9\u00e2tre de Guilers","og_description":"Ecole ferm\u00e9e au public du 1er juillet au 25 ao\u00fbt. D\u00e9p\u00f4t de dossiers d&rsquo;inscription n\u00e9anmoins possibles. Boite relev\u00e9e r\u00e9guli\u00e8rement.-> Retrouvez la FICHE D&rsquo;INSCRIPTION et la BROCHURE 2024-25 iciDerni\u00e8re permanence : samedi 29 juin de 10h \u00e0 12h, secr\u00e9tariat, 2e \u00e9tage.Forum des associations : samedi 7 septembre de 9h \u00e0 13h.","og_url":"https:\/\/www.emdg-guilers.org\/index.php\/2024\/06\/27\/pendant-lete-2\/","og_site_name":"Ecole de Musique, Danse &amp; Th\u00e9\u00e2tre de Guilers","article_publisher":"https:\/\/www.facebook.com\/Ecole-de-Musique-et-de-Danse-de-Guilers-480017765533016\/","article_published_time":"2024-06-27T14:58:58+00:00","article_modified_time":"2024-07-01T21:00:18+00:00","og_image":[{"url":"https:\/\/www.emdg-guilers.org\/wp-content\/uploads\/2024\/06\/ete-2024-a-lEMDG-724x1024.jpg"}],"author":"Marie Clavier","twitter_card":"summary_large_image","twitter_misc":{"\u00c9crit par":"Marie Clavier","Dur\u00e9e de lecture estim\u00e9e":"1 minute"},"schema":{"@context":"https:\/\/schema.org","@graph":[{"@type":"Article","@id":"https:\/\/www.emdg-guilers.org\/index.php\/2024\/06\/27\/pendant-lete-2\/#article","isPartOf":{"@id":"https:\/\/www.emdg-guilers.org\/index.php\/2024\/06\/27\/pendant-lete-2\/"},"author":{"name":"Marie Clavier","@id":"https:\/\/www.emdg-guilers.org\/#\/schema\/person\/5c279d8e49be5f6bfdc87fb9e08559d4"},"headline":"Pendant l&rsquo;\u00e9t\u00e9&#8230;","datePublished":"2024-06-27T14:58:58+00:00","dateModified":"2024-07-01T21:00:18+00:00","mainEntityOfPage":{"@id":"https:\/\/www.emdg-guilers.org\/index.php\/2024\/06\/27\/pendant-lete-2\/"},"wordCount":59,"publisher":{"@id":"https:\/\/www.emdg-guilers.org\/#organization"},"image":{"@id":"https:\/\/www.emdg-guilers.org\/index.php\/2024\/06\/27\/pendant-lete-2\/#primaryimage"},"thumbnailUrl":"https:\/\/www.emdg-guilers.org\/wp-content\/uploads\/2024\/06\/ete-2024-a-lEMDG-724x1024.jpg","inLanguage":"fr-FR"},{"@type":"WebPage","@id":"https:\/\/www.emdg-guilers.org\/index.php\/2024\/06\/27\/pendant-lete-2\/","url":"https:\/\/www.emdg-guilers.org\/index.php\/2024\/06\/27\/pendant-lete-2\/","name":"Pendant l'\u00e9t\u00e9... - Ecole de Musique, Danse &amp; Th\u00e9\u00e2tre de Guilers","isPartOf":{"@id":"https:\/\/www.emdg-guilers.org\/#website"},"primaryImageOfPage":{"@id":"https:\/\/www.emdg-guilers.org\/index.php\/2024\/06\/27\/pendant-lete-2\/#primaryimage"},"image":{"@id":"https:\/\/www.emdg-guilers.org\/index.php\/2024\/06\/27\/pendant-lete-2\/#primaryimage"},"thumbnailUrl":"https:\/\/www.emdg-guilers.org\/wp-content\/uploads\/2024\/06\/ete-2024-a-lEMDG-724x1024.jpg","datePublished":"2024-06-27T14:58:58+00:00","dateModified":"2024-07-01T21:00:18+00:00","breadcrumb":{"@id":"https:\/\/www.emdg-guilers.org\/index.php\/2024\/06\/27\/pendant-lete-2\/#breadcrumb"},"inLanguage":"fr-FR","potentialAction":[{"@type":"ReadAction","target":["https:\/\/www.emdg-guilers.org\/index.php\/2024\/06\/27\/pendant-lete-2\/"]}]},{"@type":"ImageObject","inLanguage":"fr-FR","@id":"https:\/\/www.emdg-guilers.org\/index.php\/2024\/06\/27\/pendant-lete-2\/#primaryimage","url":"https:\/\/www.emdg-guilers.org\/wp-content\/uploads\/2024\/06\/ete-2024-a-lEMDG.jpg","contentUrl":"https:\/\/www.emdg-guilers.org\/wp-content\/uploads\/2024\/06\/ete-2024-a-lEMDG.jpg","width":1414,"height":2000},{"@type":"BreadcrumbList","@id":"https:\/\/www.emdg-guilers.org\/index.php\/2024\/06\/27\/pendant-lete-2\/#breadcrumb","itemListElement":[{"@type":"ListItem","position":1,"name":"Accueil","item":"https:\/\/www.emdg-guilers.org\/"},{"@type":"ListItem","position":2,"name":"Pendant l&rsquo;\u00e9t\u00e9&#8230;"}]},{"@type":"WebSite","@id":"https:\/\/www.emdg-guilers.org\/#website","url":"https:\/\/www.emdg-guilers.org\/","name":"Ecole de Musique et Danse de Guilers","description":"Ecole associative, cours de musique, danse, th\u00e9\u00e2tre accessibles \u00e0 tous","publisher":{"@id":"https:\/\/www.emdg-guilers.org\/#organization"},"potentialAction":[{"@type":"SearchAction","target":{"@type":"EntryPoint","urlTemplate":"https:\/\/www.emdg-guilers.org\/?s={search_term_string}"},"query-input":"required name=search_term_string"}],"inLanguage":"fr-FR"},{"@type":"Organization","@id":"https:\/\/www.emdg-guilers.org\/#organization","name":"Ecole de Musique et de Danse","url":"https:\/\/www.emdg-guilers.org\/","logo":{"@type":"ImageObject","inLanguage":"fr-FR","@id":"https:\/\/www.emdg-guilers.org\/#\/schema\/logo\/image\/","url":"https:\/\/www.emdg-guilers.org\/wp-content\/uploads\/2016\/06\/logo2014.jpg","contentUrl":"https:\/\/www.emdg-guilers.org\/wp-content\/uploads\/2016\/06\/logo2014.jpg","width":214,"height":116,"caption":"Ecole de Musique et de Danse"},"image":{"@id":"https:\/\/www.emdg-guilers.org\/#\/schema\/logo\/image\/"},"sameAs":["https:\/\/www.facebook.com\/Ecole-de-Musique-et-de-Danse-de-Guilers-480017765533016\/"]},{"@type":"Person","@id":"https:\/\/www.emdg-guilers.org\/#\/schema\/person\/5c279d8e49be5f6bfdc87fb9e08559d4","name":"Marie Clavier","image":{"@type":"ImageObject","inLanguage":"fr-FR","@id":"https:\/\/www.emdg-guilers.org\/#\/schema\/person\/image\/","url":"https:\/\/secure.gravatar.com\/avatar\/82505eeeaf6d53a80197cd7ed92e8de4?s=96&d=mm&r=g","contentUrl":"https:\/\/secure.gravatar.com\/avatar\/82505eeeaf6d53a80197cd7ed92e8de4?s=96&d=mm&r=g","caption":"Marie Clavier"},"url":"https:\/\/www.emdg-guilers.org\/index.php\/author\/mclavier\/"}]}},"_links":{"self":[{"href":"https:\/\/www.emdg-guilers.org\/index.php\/wp-json\/wp\/v2\/posts\/4471"}],"collection":[{"href":"https:\/\/www.emdg-guilers.org\/index.php\/wp-json\/wp\/v2\/posts"}],"about":[{"href":"https:\/\/www.emdg-guilers.org\/index.php\/wp-json\/wp\/v2\/types\/post"}],"author":[{"embeddable":true,"href":"https:\/\/www.emdg-guilers.org\/index.php\/wp-json\/wp\/v2\/users\/3"}],"replies":[{"embeddable":true,"href":"https:\/\/www.emdg-guilers.org\/index.php\/wp-json\/wp\/v2\/comments?post=4471"}],"version-history":[{"count":3,"href":"https:\/\/www.emdg-guilers.org\/index.php\/wp-json\/wp\/v2\/posts\/4471\/revisions"}],"predecessor-version":[{"id":4481,"href":"https:\/\/www.emdg-guilers.org\/index.php\/wp-json\/wp\/v2\/posts\/4471\/revisions\/4481"}],"wp:attachment":[{"href":"https:\/\/www.emdg-guilers.org\/index.php\/wp-json\/wp\/v2\/media?parent=4471"}],"wp:term":[{"taxonomy":"category","embeddable":true,"href":"https:\/\/www.emdg-guilers.org\/index.php\/wp-json\/wp\/v2\/categories?post=4471"},{"taxonomy":"post_tag","embeddable":true,"href":"https:\/\/www.emdg-guilers.org\/index.php\/wp-json\/wp\/v2\/tags?post=4471"}],"curies":[{"name":"wp","href":"https:\/\/api.w.org\/{rel}","templated":true}]}}