{"id":4545,"date":"2024-10-09T15:16:56","date_gmt":"2024-10-09T13:16:56","guid":{"rendered":"https:\/\/www.emdg-guilers.org\/?p=4545"},"modified":"2024-10-22T12:18:56","modified_gmt":"2024-10-22T10:18:56","slug":"fete-de-lassociation-vendredi-8-novembre","status":"publish","type":"post","link":"https:\/\/www.emdg-guilers.org\/index.php\/2024\/10\/09\/fete-de-lassociation-vendredi-8-novembre\/","title":{"rendered":"F\u00eate de l&rsquo;Association &#8211; vendredi 8 novembre"},"content":{"rendered":"\n<p>Vous \u00eates \u00e9l\u00e8ve ou parent d&rsquo;\u00e9l\u00e8ve \u00e0 l&rsquo;Ecole de Musique, Danse et Th\u00e9\u00e2tre de Guilers -&gt; ce message est fait pour vous ! <\/p>\n\n\n\n<p>Le bureau de l\u2019association souhaite r\u00e9inventer son Assembl\u00e9e G\u00e9n\u00e9rale et en faire un temps fort dans le calendrier de l\u2019\u00e9cole, permettant de proposer un <strong>moment de convivialit\u00e9<\/strong> \u00e0 l\u2019ensemble des adh\u00e9rents, tout en en faisant un lieu d\u2019\u00e9change et d\u2019information entre \u00e9l\u00e8ves, b\u00e9n\u00e9voles et \u00e9quipe. L\u2019occasion de partager id\u00e9es, envies, remarques en tout genre pour le d\u00e9veloppement notre \u00e9cole&nbsp;!<\/p>\n\n\n\n<p><strong>Au programme : <\/strong>ap\u00e9ro d\u2019accueil offert par l&rsquo;asso, bilan de l\u2019ann\u00e9e pr\u00e9c\u00e9dente et projets pour l\u2019ann\u00e9e 2024-25, Assembl\u00e9e G\u00e9n\u00e9rale de 19h \u00e0 20h<a href=\"https:\/\/forms.gle\/3zaRKKw4UZktehou7\"> (r\u00e9ponse obligatoire \u00e0 donner ici) <\/a>pour l&rsquo;AG<br>, repas ponctu\u00e9 d\u2019animations musicales, chor\u00e9graphiques et th\u00e9\u00e2trales.<br>Repas buffet : 10\u20ac adultes, 6\u20ac jusqu&rsquo;\u00e0 12 ans. <br>Salle J. De Florette, espace Pagnol, Guilers.<\/p>\n\n\n\n<p>!!! <strong><em><a href=\"https:\/\/www.helloasso.com\/associations\/ecole-de-musique-et-danse-de-guilers\/evenements\/fete-de-l-association-ecole-de-musique-danse-et-theatre\">R\u00e9servation imp\u00e9rative en ligne sur helloasso avant le 27 octobre 2024 !<\/a><\/em><\/strong> !!!<\/p>\n\n\n\n<figure class=\"wp-block-image size-large is-resized\"><a href=\"https:\/\/www.helloasso.com\/associations\/ecole-de-musique-et-danse-de-guilers\/evenements\/fete-de-l-association-ecole-de-musique-danse-et-theatre\"><img loading=\"lazy\" decoding=\"async\" width=\"724\" height=\"1024\" src=\"https:\/\/www.emdg-guilers.org\/wp-content\/uploads\/2024\/10\/Fete-de-lasso-8-nov-24-1-724x1024.jpg\" alt=\"\" class=\"wp-image-4546\" style=\"width:661px;height:auto\" srcset=\"https:\/\/www.emdg-guilers.org\/wp-content\/uploads\/2024\/10\/Fete-de-lasso-8-nov-24-1-724x1024.jpg 724w, https:\/\/www.emdg-guilers.org\/wp-content\/uploads\/2024\/10\/Fete-de-lasso-8-nov-24-1-212x300.jpg 212w, https:\/\/www.emdg-guilers.org\/wp-content\/uploads\/2024\/10\/Fete-de-lasso-8-nov-24-1-768x1086.jpg 768w, https:\/\/www.emdg-guilers.org\/wp-content\/uploads\/2024\/10\/Fete-de-lasso-8-nov-24-1-1086x1536.jpg 1086w, https:\/\/www.emdg-guilers.org\/wp-content\/uploads\/2024\/10\/Fete-de-lasso-8-nov-24-1-191x270.jpg 191w, https:\/\/www.emdg-guilers.org\/wp-content\/uploads\/2024\/10\/Fete-de-lasso-8-nov-24-1.jpg 1414w\" sizes=\"(max-width: 724px) 100vw, 724px\" \/><\/a><\/figure>\n","protected":false},"excerpt":{"rendered":"<p>Vous \u00eates \u00e9l\u00e8ve ou parent d&rsquo;\u00e9l\u00e8ve \u00e0 l&rsquo;Ecole de Musique, Danse et Th\u00e9\u00e2tre de Guilers -&gt; ce message est fait pour vous ! Le bureau de l\u2019association souhaite r\u00e9inventer son Assembl\u00e9e G\u00e9n\u00e9rale et en faire un temps fort dans le calendrier de l\u2019\u00e9cole, permettant de proposer un moment de convivialit\u00e9 \u00e0 l\u2019ensemble des adh\u00e9rents, tout en en faisant un lieu d\u2019\u00e9change et d\u2019information entre \u00e9l\u00e8ves, b\u00e9n\u00e9voles et \u00e9quipe. L\u2019occasion de partager id\u00e9es, envies, remarques en tout genre pour le d\u00e9veloppement&#8230;<\/p>\n<p class=\"read-more\"><a class=\"btn btn-default\" href=\"https:\/\/www.emdg-guilers.org\/index.php\/2024\/10\/09\/fete-de-lassociation-vendredi-8-novembre\/\">Lire la suite<span class=\"screen-reader-text\"> Lire la suite<\/span><\/a><\/p>\n","protected":false},"author":3,"featured_media":0,"comment_status":"closed","ping_status":"closed","sticky":false,"template":"","format":"standard","meta":{"footnotes":""},"categories":[1],"tags":[],"yoast_head":"<!-- This site is optimized with the Yoast SEO plugin v22.4 - https:\/\/yoast.com\/wordpress\/plugins\/seo\/ -->\n<title>F\u00eate de l&#039;Association - vendredi 8 novembre - Ecole de Musique, Danse &amp; Th\u00e9\u00e2tre de Guilers<\/title>\n<meta name=\"robots\" content=\"index, follow, max-snippet:-1, max-image-preview:large, max-video-preview:-1\" \/>\n<link rel=\"canonical\" href=\"https:\/\/www.emdg-guilers.org\/index.php\/2024\/10\/09\/fete-de-lassociation-vendredi-8-novembre\/\" \/>\n<meta property=\"og:locale\" content=\"fr_FR\" \/>\n<meta property=\"og:type\" content=\"article\" \/>\n<meta property=\"og:title\" content=\"F\u00eate de l&#039;Association - vendredi 8 novembre - Ecole de Musique, Danse &amp; Th\u00e9\u00e2tre de Guilers\" \/>\n<meta property=\"og:description\" content=\"Vous \u00eates \u00e9l\u00e8ve ou parent d&rsquo;\u00e9l\u00e8ve \u00e0 l&rsquo;Ecole de Musique, Danse et Th\u00e9\u00e2tre de Guilers -&gt; ce message est fait pour vous ! Le bureau de l\u2019association souhaite r\u00e9inventer son Assembl\u00e9e G\u00e9n\u00e9rale et en faire un temps fort dans le calendrier de l\u2019\u00e9cole, permettant de proposer un moment de convivialit\u00e9 \u00e0 l\u2019ensemble des adh\u00e9rents, tout en en faisant un lieu d\u2019\u00e9change et d\u2019information entre \u00e9l\u00e8ves, b\u00e9n\u00e9voles et \u00e9quipe. L\u2019occasion de partager id\u00e9es, envies, remarques en tout genre pour le d\u00e9veloppement...Lire la suite Lire la suite\" \/>\n<meta property=\"og:url\" content=\"https:\/\/www.emdg-guilers.org\/index.php\/2024\/10\/09\/fete-de-lassociation-vendredi-8-novembre\/\" \/>\n<meta property=\"og:site_name\" content=\"Ecole de Musique, Danse &amp; Th\u00e9\u00e2tre de Guilers\" \/>\n<meta property=\"article:publisher\" content=\"https:\/\/www.facebook.com\/Ecole-de-Musique-et-de-Danse-de-Guilers-480017765533016\/\" \/>\n<meta property=\"article:published_time\" content=\"2024-10-09T13:16:56+00:00\" \/>\n<meta property=\"article:modified_time\" content=\"2024-10-22T10:18:56+00:00\" \/>\n<meta property=\"og:image\" content=\"https:\/\/www.emdg-guilers.org\/wp-content\/uploads\/2024\/10\/Fete-de-lasso-8-nov-24-1-724x1024.jpg\" \/>\n<meta name=\"author\" content=\"Marie Clavier\" \/>\n<meta name=\"twitter:card\" content=\"summary_large_image\" \/>\n<meta name=\"twitter:label1\" content=\"\u00c9crit par\" \/>\n\t<meta name=\"twitter:data1\" content=\"Marie Clavier\" \/>\n\t<meta name=\"twitter:label2\" content=\"Dur\u00e9e de lecture estim\u00e9e\" \/>\n\t<meta name=\"twitter:data2\" content=\"1 minute\" \/>\n<script type=\"application\/ld+json\" class=\"yoast-schema-graph\">{\"@context\":\"https:\/\/schema.org\",\"@graph\":[{\"@type\":\"Article\",\"@id\":\"https:\/\/www.emdg-guilers.org\/index.php\/2024\/10\/09\/fete-de-lassociation-vendredi-8-novembre\/#article\",\"isPartOf\":{\"@id\":\"https:\/\/www.emdg-guilers.org\/index.php\/2024\/10\/09\/fete-de-lassociation-vendredi-8-novembre\/\"},\"author\":{\"name\":\"Marie Clavier\",\"@id\":\"https:\/\/www.emdg-guilers.org\/#\/schema\/person\/5c279d8e49be5f6bfdc87fb9e08559d4\"},\"headline\":\"F\u00eate de l&rsquo;Association &#8211; vendredi 8 novembre\",\"datePublished\":\"2024-10-09T13:16:56+00:00\",\"dateModified\":\"2024-10-22T10:18:56+00:00\",\"mainEntityOfPage\":{\"@id\":\"https:\/\/www.emdg-guilers.org\/index.php\/2024\/10\/09\/fete-de-lassociation-vendredi-8-novembre\/\"},\"wordCount\":180,\"publisher\":{\"@id\":\"https:\/\/www.emdg-guilers.org\/#organization\"},\"image\":{\"@id\":\"https:\/\/www.emdg-guilers.org\/index.php\/2024\/10\/09\/fete-de-lassociation-vendredi-8-novembre\/#primaryimage\"},\"thumbnailUrl\":\"https:\/\/www.emdg-guilers.org\/wp-content\/uploads\/2024\/10\/Fete-de-lasso-8-nov-24-1-724x1024.jpg\",\"inLanguage\":\"fr-FR\"},{\"@type\":\"WebPage\",\"@id\":\"https:\/\/www.emdg-guilers.org\/index.php\/2024\/10\/09\/fete-de-lassociation-vendredi-8-novembre\/\",\"url\":\"https:\/\/www.emdg-guilers.org\/index.php\/2024\/10\/09\/fete-de-lassociation-vendredi-8-novembre\/\",\"name\":\"F\u00eate de l'Association - vendredi 8 novembre - Ecole de Musique, Danse &amp; Th\u00e9\u00e2tre de Guilers\",\"isPartOf\":{\"@id\":\"https:\/\/www.emdg-guilers.org\/#website\"},\"primaryImageOfPage\":{\"@id\":\"https:\/\/www.emdg-guilers.org\/index.php\/2024\/10\/09\/fete-de-lassociation-vendredi-8-novembre\/#primaryimage\"},\"image\":{\"@id\":\"https:\/\/www.emdg-guilers.org\/index.php\/2024\/10\/09\/fete-de-lassociation-vendredi-8-novembre\/#primaryimage\"},\"thumbnailUrl\":\"https:\/\/www.emdg-guilers.org\/wp-content\/uploads\/2024\/10\/Fete-de-lasso-8-nov-24-1-724x1024.jpg\",\"datePublished\":\"2024-10-09T13:16:56+00:00\",\"dateModified\":\"2024-10-22T10:18:56+00:00\",\"breadcrumb\":{\"@id\":\"https:\/\/www.emdg-guilers.org\/index.php\/2024\/10\/09\/fete-de-lassociation-vendredi-8-novembre\/#breadcrumb\"},\"inLanguage\":\"fr-FR\",\"potentialAction\":[{\"@type\":\"ReadAction\",\"target\":[\"https:\/\/www.emdg-guilers.org\/index.php\/2024\/10\/09\/fete-de-lassociation-vendredi-8-novembre\/\"]}]},{\"@type\":\"ImageObject\",\"inLanguage\":\"fr-FR\",\"@id\":\"https:\/\/www.emdg-guilers.org\/index.php\/2024\/10\/09\/fete-de-lassociation-vendredi-8-novembre\/#primaryimage\",\"url\":\"https:\/\/www.emdg-guilers.org\/wp-content\/uploads\/2024\/10\/Fete-de-lasso-8-nov-24-1.jpg\",\"contentUrl\":\"https:\/\/www.emdg-guilers.org\/wp-content\/uploads\/2024\/10\/Fete-de-lasso-8-nov-24-1.jpg\",\"width\":1414,\"height\":2000},{\"@type\":\"BreadcrumbList\",\"@id\":\"https:\/\/www.emdg-guilers.org\/index.php\/2024\/10\/09\/fete-de-lassociation-vendredi-8-novembre\/#breadcrumb\",\"itemListElement\":[{\"@type\":\"ListItem\",\"position\":1,\"name\":\"Accueil\",\"item\":\"https:\/\/www.emdg-guilers.org\/\"},{\"@type\":\"ListItem\",\"position\":2,\"name\":\"F\u00eate de l&rsquo;Association &#8211; vendredi 8 novembre\"}]},{\"@type\":\"WebSite\",\"@id\":\"https:\/\/www.emdg-guilers.org\/#website\",\"url\":\"https:\/\/www.emdg-guilers.org\/\",\"name\":\"Ecole de Musique et Danse de Guilers\",\"description\":\"Ecole associative, cours de musique, danse, th\u00e9\u00e2tre accessibles \u00e0 tous\",\"publisher\":{\"@id\":\"https:\/\/www.emdg-guilers.org\/#organization\"},\"potentialAction\":[{\"@type\":\"SearchAction\",\"target\":{\"@type\":\"EntryPoint\",\"urlTemplate\":\"https:\/\/www.emdg-guilers.org\/?s={search_term_string}\"},\"query-input\":\"required name=search_term_string\"}],\"inLanguage\":\"fr-FR\"},{\"@type\":\"Organization\",\"@id\":\"https:\/\/www.emdg-guilers.org\/#organization\",\"name\":\"Ecole de Musique et de Danse\",\"url\":\"https:\/\/www.emdg-guilers.org\/\",\"logo\":{\"@type\":\"ImageObject\",\"inLanguage\":\"fr-FR\",\"@id\":\"https:\/\/www.emdg-guilers.org\/#\/schema\/logo\/image\/\",\"url\":\"https:\/\/www.emdg-guilers.org\/wp-content\/uploads\/2016\/06\/logo2014.jpg\",\"contentUrl\":\"https:\/\/www.emdg-guilers.org\/wp-content\/uploads\/2016\/06\/logo2014.jpg\",\"width\":214,\"height\":116,\"caption\":\"Ecole de Musique et de Danse\"},\"image\":{\"@id\":\"https:\/\/www.emdg-guilers.org\/#\/schema\/logo\/image\/\"},\"sameAs\":[\"https:\/\/www.facebook.com\/Ecole-de-Musique-et-de-Danse-de-Guilers-480017765533016\/\"]},{\"@type\":\"Person\",\"@id\":\"https:\/\/www.emdg-guilers.org\/#\/schema\/person\/5c279d8e49be5f6bfdc87fb9e08559d4\",\"name\":\"Marie Clavier\",\"image\":{\"@type\":\"ImageObject\",\"inLanguage\":\"fr-FR\",\"@id\":\"https:\/\/www.emdg-guilers.org\/#\/schema\/person\/image\/\",\"url\":\"https:\/\/secure.gravatar.com\/avatar\/82505eeeaf6d53a80197cd7ed92e8de4?s=96&d=mm&r=g\",\"contentUrl\":\"https:\/\/secure.gravatar.com\/avatar\/82505eeeaf6d53a80197cd7ed92e8de4?s=96&d=mm&r=g\",\"caption\":\"Marie Clavier\"},\"url\":\"https:\/\/www.emdg-guilers.org\/index.php\/author\/mclavier\/\"}]}<\/script>\n<!-- \/ Yoast SEO plugin. -->","yoast_head_json":{"title":"F\u00eate de l'Association - vendredi 8 novembre - Ecole de Musique, Danse &amp; Th\u00e9\u00e2tre de Guilers","robots":{"index":"index","follow":"follow","max-snippet":"max-snippet:-1","max-image-preview":"max-image-preview:large","max-video-preview":"max-video-preview:-1"},"canonical":"https:\/\/www.emdg-guilers.org\/index.php\/2024\/10\/09\/fete-de-lassociation-vendredi-8-novembre\/","og_locale":"fr_FR","og_type":"article","og_title":"F\u00eate de l'Association - vendredi 8 novembre - Ecole de Musique, Danse &amp; Th\u00e9\u00e2tre de Guilers","og_description":"Vous \u00eates \u00e9l\u00e8ve ou parent d&rsquo;\u00e9l\u00e8ve \u00e0 l&rsquo;Ecole de Musique, Danse et Th\u00e9\u00e2tre de Guilers -&gt; ce message est fait pour vous ! Le bureau de l\u2019association souhaite r\u00e9inventer son Assembl\u00e9e G\u00e9n\u00e9rale et en faire un temps fort dans le calendrier de l\u2019\u00e9cole, permettant de proposer un moment de convivialit\u00e9 \u00e0 l\u2019ensemble des adh\u00e9rents, tout en en faisant un lieu d\u2019\u00e9change et d\u2019information entre \u00e9l\u00e8ves, b\u00e9n\u00e9voles et \u00e9quipe. L\u2019occasion de partager id\u00e9es, envies, remarques en tout genre pour le d\u00e9veloppement...Lire la suite Lire la suite","og_url":"https:\/\/www.emdg-guilers.org\/index.php\/2024\/10\/09\/fete-de-lassociation-vendredi-8-novembre\/","og_site_name":"Ecole de Musique, Danse &amp; Th\u00e9\u00e2tre de Guilers","article_publisher":"https:\/\/www.facebook.com\/Ecole-de-Musique-et-de-Danse-de-Guilers-480017765533016\/","article_published_time":"2024-10-09T13:16:56+00:00","article_modified_time":"2024-10-22T10:18:56+00:00","og_image":[{"url":"https:\/\/www.emdg-guilers.org\/wp-content\/uploads\/2024\/10\/Fete-de-lasso-8-nov-24-1-724x1024.jpg"}],"author":"Marie Clavier","twitter_card":"summary_large_image","twitter_misc":{"\u00c9crit par":"Marie Clavier","Dur\u00e9e de lecture estim\u00e9e":"1 minute"},"schema":{"@context":"https:\/\/schema.org","@graph":[{"@type":"Article","@id":"https:\/\/www.emdg-guilers.org\/index.php\/2024\/10\/09\/fete-de-lassociation-vendredi-8-novembre\/#article","isPartOf":{"@id":"https:\/\/www.emdg-guilers.org\/index.php\/2024\/10\/09\/fete-de-lassociation-vendredi-8-novembre\/"},"author":{"name":"Marie Clavier","@id":"https:\/\/www.emdg-guilers.org\/#\/schema\/person\/5c279d8e49be5f6bfdc87fb9e08559d4"},"headline":"F\u00eate de l&rsquo;Association &#8211; vendredi 8 novembre","datePublished":"2024-10-09T13:16:56+00:00","dateModified":"2024-10-22T10:18:56+00:00","mainEntityOfPage":{"@id":"https:\/\/www.emdg-guilers.org\/index.php\/2024\/10\/09\/fete-de-lassociation-vendredi-8-novembre\/"},"wordCount":180,"publisher":{"@id":"https:\/\/www.emdg-guilers.org\/#organization"},"image":{"@id":"https:\/\/www.emdg-guilers.org\/index.php\/2024\/10\/09\/fete-de-lassociation-vendredi-8-novembre\/#primaryimage"},"thumbnailUrl":"https:\/\/www.emdg-guilers.org\/wp-content\/uploads\/2024\/10\/Fete-de-lasso-8-nov-24-1-724x1024.jpg","inLanguage":"fr-FR"},{"@type":"WebPage","@id":"https:\/\/www.emdg-guilers.org\/index.php\/2024\/10\/09\/fete-de-lassociation-vendredi-8-novembre\/","url":"https:\/\/www.emdg-guilers.org\/index.php\/2024\/10\/09\/fete-de-lassociation-vendredi-8-novembre\/","name":"F\u00eate de l'Association - vendredi 8 novembre - Ecole de Musique, Danse &amp; Th\u00e9\u00e2tre de Guilers","isPartOf":{"@id":"https:\/\/www.emdg-guilers.org\/#website"},"primaryImageOfPage":{"@id":"https:\/\/www.emdg-guilers.org\/index.php\/2024\/10\/09\/fete-de-lassociation-vendredi-8-novembre\/#primaryimage"},"image":{"@id":"https:\/\/www.emdg-guilers.org\/index.php\/2024\/10\/09\/fete-de-lassociation-vendredi-8-novembre\/#primaryimage"},"thumbnailUrl":"https:\/\/www.emdg-guilers.org\/wp-content\/uploads\/2024\/10\/Fete-de-lasso-8-nov-24-1-724x1024.jpg","datePublished":"2024-10-09T13:16:56+00:00","dateModified":"2024-10-22T10:18:56+00:00","breadcrumb":{"@id":"https:\/\/www.emdg-guilers.org\/index.php\/2024\/10\/09\/fete-de-lassociation-vendredi-8-novembre\/#breadcrumb"},"inLanguage":"fr-FR","potentialAction":[{"@type":"ReadAction","target":["https:\/\/www.emdg-guilers.org\/index.php\/2024\/10\/09\/fete-de-lassociation-vendredi-8-novembre\/"]}]},{"@type":"ImageObject","inLanguage":"fr-FR","@id":"https:\/\/www.emdg-guilers.org\/index.php\/2024\/10\/09\/fete-de-lassociation-vendredi-8-novembre\/#primaryimage","url":"https:\/\/www.emdg-guilers.org\/wp-content\/uploads\/2024\/10\/Fete-de-lasso-8-nov-24-1.jpg","contentUrl":"https:\/\/www.emdg-guilers.org\/wp-content\/uploads\/2024\/10\/Fete-de-lasso-8-nov-24-1.jpg","width":1414,"height":2000},{"@type":"BreadcrumbList","@id":"https:\/\/www.emdg-guilers.org\/index.php\/2024\/10\/09\/fete-de-lassociation-vendredi-8-novembre\/#breadcrumb","itemListElement":[{"@type":"ListItem","position":1,"name":"Accueil","item":"https:\/\/www.emdg-guilers.org\/"},{"@type":"ListItem","position":2,"name":"F\u00eate de l&rsquo;Association &#8211; vendredi 8 novembre"}]},{"@type":"WebSite","@id":"https:\/\/www.emdg-guilers.org\/#website","url":"https:\/\/www.emdg-guilers.org\/","name":"Ecole de Musique et Danse de Guilers","description":"Ecole associative, cours de musique, danse, th\u00e9\u00e2tre accessibles \u00e0 tous","publisher":{"@id":"https:\/\/www.emdg-guilers.org\/#organization"},"potentialAction":[{"@type":"SearchAction","target":{"@type":"EntryPoint","urlTemplate":"https:\/\/www.emdg-guilers.org\/?s={search_term_string}"},"query-input":"required name=search_term_string"}],"inLanguage":"fr-FR"},{"@type":"Organization","@id":"https:\/\/www.emdg-guilers.org\/#organization","name":"Ecole de Musique et de Danse","url":"https:\/\/www.emdg-guilers.org\/","logo":{"@type":"ImageObject","inLanguage":"fr-FR","@id":"https:\/\/www.emdg-guilers.org\/#\/schema\/logo\/image\/","url":"https:\/\/www.emdg-guilers.org\/wp-content\/uploads\/2016\/06\/logo2014.jpg","contentUrl":"https:\/\/www.emdg-guilers.org\/wp-content\/uploads\/2016\/06\/logo2014.jpg","width":214,"height":116,"caption":"Ecole de Musique et de Danse"},"image":{"@id":"https:\/\/www.emdg-guilers.org\/#\/schema\/logo\/image\/"},"sameAs":["https:\/\/www.facebook.com\/Ecole-de-Musique-et-de-Danse-de-Guilers-480017765533016\/"]},{"@type":"Person","@id":"https:\/\/www.emdg-guilers.org\/#\/schema\/person\/5c279d8e49be5f6bfdc87fb9e08559d4","name":"Marie Clavier","image":{"@type":"ImageObject","inLanguage":"fr-FR","@id":"https:\/\/www.emdg-guilers.org\/#\/schema\/person\/image\/","url":"https:\/\/secure.gravatar.com\/avatar\/82505eeeaf6d53a80197cd7ed92e8de4?s=96&d=mm&r=g","contentUrl":"https:\/\/secure.gravatar.com\/avatar\/82505eeeaf6d53a80197cd7ed92e8de4?s=96&d=mm&r=g","caption":"Marie Clavier"},"url":"https:\/\/www.emdg-guilers.org\/index.php\/author\/mclavier\/"}]}},"_links":{"self":[{"href":"https:\/\/www.emdg-guilers.org\/index.php\/wp-json\/wp\/v2\/posts\/4545"}],"collection":[{"href":"https:\/\/www.emdg-guilers.org\/index.php\/wp-json\/wp\/v2\/posts"}],"about":[{"href":"https:\/\/www.emdg-guilers.org\/index.php\/wp-json\/wp\/v2\/types\/post"}],"author":[{"embeddable":true,"href":"https:\/\/www.emdg-guilers.org\/index.php\/wp-json\/wp\/v2\/users\/3"}],"replies":[{"embeddable":true,"href":"https:\/\/www.emdg-guilers.org\/index.php\/wp-json\/wp\/v2\/comments?post=4545"}],"version-history":[{"count":4,"href":"https:\/\/www.emdg-guilers.org\/index.php\/wp-json\/wp\/v2\/posts\/4545\/revisions"}],"predecessor-version":[{"id":4564,"href":"https:\/\/www.emdg-guilers.org\/index.php\/wp-json\/wp\/v2\/posts\/4545\/revisions\/4564"}],"wp:attachment":[{"href":"https:\/\/www.emdg-guilers.org\/index.php\/wp-json\/wp\/v2\/media?parent=4545"}],"wp:term":[{"taxonomy":"category","embeddable":true,"href":"https:\/\/www.emdg-guilers.org\/index.php\/wp-json\/wp\/v2\/categories?post=4545"},{"taxonomy":"post_tag","embeddable":true,"href":"https:\/\/www.emdg-guilers.org\/index.php\/wp-json\/wp\/v2\/tags?post=4545"}],"curies":[{"name":"wp","href":"https:\/\/api.w.org\/{rel}","templated":true}]}}