{"id":4601,"date":"2025-01-15T19:25:04","date_gmt":"2025-01-15T18:25:04","guid":{"rendered":"https:\/\/www.emdg-guilers.org\/?p=4601"},"modified":"2025-01-15T19:26:58","modified_gmt":"2025-01-15T18:26:58","slug":"en-janvier-a-lemdg","status":"publish","type":"post","link":"https:\/\/www.emdg-guilers.org\/index.php\/2025\/01\/15\/en-janvier-a-lemdg\/","title":{"rendered":"En janvier \u00e0 l&rsquo;EMDG"},"content":{"rendered":"\n<p><strong>Bloavezh mat 2025 ! Bonne ann\u00e9e \u00e0 tous !<\/strong><br><br>Prochains \u00e9v\u00e9nements :<\/p>\n\n\n\n<p>Tout au long de l\u2019ann\u00e9e, l\u2019Ecole de musique, danse et th\u00e9\u00e2tre de Guilers propose de courts spectacles autour de l\u2019une des esth\u00e9tiques enseign\u00e9es, \u00e0 la Guilth\u00e8que (m\u00e9diath\u00e8que de Guilers) <\/p>\n\n\n\n<p><strong>Rdv le samedi 25 janvier \u00e0 14h30.<\/strong><\/p>\n\n\n\n<figure class=\"wp-block-image size-large is-resized\"><a href=\"https:\/\/bibliotheque.brest-metropole.fr\/iguana\/www.main.cls?p=6afe97d6-0861-11e5-8512-50568d242300&amp;v=09c31cd4-4609-11e7-816f-50568d242300#contentitem=66388e68-8536-11ee-9a65-0050568d2423^1\"><img loading=\"lazy\" decoding=\"async\" width=\"724\" height=\"1024\" src=\"https:\/\/www.emdg-guilers.org\/wp-content\/uploads\/2025\/01\/Cafe-des-arts-danse-1-724x1024.jpg\" alt=\"\" class=\"wp-image-4602\" style=\"width:305px;height:auto\" srcset=\"https:\/\/www.emdg-guilers.org\/wp-content\/uploads\/2025\/01\/Cafe-des-arts-danse-1-724x1024.jpg 724w, https:\/\/www.emdg-guilers.org\/wp-content\/uploads\/2025\/01\/Cafe-des-arts-danse-1-212x300.jpg 212w, https:\/\/www.emdg-guilers.org\/wp-content\/uploads\/2025\/01\/Cafe-des-arts-danse-1-768x1086.jpg 768w, https:\/\/www.emdg-guilers.org\/wp-content\/uploads\/2025\/01\/Cafe-des-arts-danse-1-1086x1536.jpg 1086w, https:\/\/www.emdg-guilers.org\/wp-content\/uploads\/2025\/01\/Cafe-des-arts-danse-1-1448x2048.jpg 1448w, https:\/\/www.emdg-guilers.org\/wp-content\/uploads\/2025\/01\/Cafe-des-arts-danse-1-191x270.jpg 191w, https:\/\/www.emdg-guilers.org\/wp-content\/uploads\/2025\/01\/Cafe-des-arts-danse-1.jpg 1587w\" sizes=\"(max-width: 724px) 100vw, 724px\" \/><\/a><\/figure>\n\n\n\n<p>Un caf\u00e9 des arts sous le signe de la <strong>danse modern jazz<\/strong> ! D\u00e9couvrez les fondements de cette esth\u00e9tique chor\u00e9graphique r\u00e9solument moderne, \u00e0 la crois\u00e9e des cultures jazz et afro-am\u00e9ricaines, avec les grandes \u00e9l\u00e8ves de l\u2019\u00e9cole, dirig\u00e9es par M\u00e9lanie Pitel. Le caf\u00e9 est offert&nbsp;!<\/p>\n","protected":false},"excerpt":{"rendered":"<p>Bloavezh mat 2025 ! Bonne ann\u00e9e \u00e0 tous ! Prochains \u00e9v\u00e9nements : Tout au long de l\u2019ann\u00e9e, l\u2019Ecole de musique, danse et th\u00e9\u00e2tre de Guilers propose de courts spectacles autour de l\u2019une des esth\u00e9tiques enseign\u00e9es, \u00e0 la Guilth\u00e8que (m\u00e9diath\u00e8que de Guilers) Rdv le samedi 25 janvier \u00e0 14h30. Un caf\u00e9 des arts sous le signe de la danse modern jazz ! D\u00e9couvrez les fondements de cette esth\u00e9tique chor\u00e9graphique r\u00e9solument moderne, \u00e0 la crois\u00e9e des cultures jazz et afro-am\u00e9ricaines, avec les&#8230;<\/p>\n<p class=\"read-more\"><a class=\"btn btn-default\" href=\"https:\/\/www.emdg-guilers.org\/index.php\/2025\/01\/15\/en-janvier-a-lemdg\/\">Lire la suite<span class=\"screen-reader-text\"> Lire la suite<\/span><\/a><\/p>\n","protected":false},"author":3,"featured_media":0,"comment_status":"closed","ping_status":"closed","sticky":false,"template":"","format":"standard","meta":{"footnotes":""},"categories":[1],"tags":[],"yoast_head":"<!-- This site is optimized with the Yoast SEO plugin v22.4 - https:\/\/yoast.com\/wordpress\/plugins\/seo\/ -->\n<title>En janvier \u00e0 l&#039;EMDG - Ecole de Musique, Danse &amp; Th\u00e9\u00e2tre de Guilers<\/title>\n<meta name=\"robots\" content=\"index, follow, max-snippet:-1, max-image-preview:large, max-video-preview:-1\" \/>\n<link rel=\"canonical\" href=\"https:\/\/www.emdg-guilers.org\/index.php\/2025\/01\/15\/en-janvier-a-lemdg\/\" \/>\n<meta property=\"og:locale\" content=\"fr_FR\" \/>\n<meta property=\"og:type\" content=\"article\" \/>\n<meta property=\"og:title\" content=\"En janvier \u00e0 l&#039;EMDG - Ecole de Musique, Danse &amp; Th\u00e9\u00e2tre de Guilers\" \/>\n<meta property=\"og:description\" content=\"Bloavezh mat 2025 ! Bonne ann\u00e9e \u00e0 tous ! Prochains \u00e9v\u00e9nements : Tout au long de l\u2019ann\u00e9e, l\u2019Ecole de musique, danse et th\u00e9\u00e2tre de Guilers propose de courts spectacles autour de l\u2019une des esth\u00e9tiques enseign\u00e9es, \u00e0 la Guilth\u00e8que (m\u00e9diath\u00e8que de Guilers) Rdv le samedi 25 janvier \u00e0 14h30. Un caf\u00e9 des arts sous le signe de la danse modern jazz ! D\u00e9couvrez les fondements de cette esth\u00e9tique chor\u00e9graphique r\u00e9solument moderne, \u00e0 la crois\u00e9e des cultures jazz et afro-am\u00e9ricaines, avec les...Lire la suite Lire la suite\" \/>\n<meta property=\"og:url\" content=\"https:\/\/www.emdg-guilers.org\/index.php\/2025\/01\/15\/en-janvier-a-lemdg\/\" \/>\n<meta property=\"og:site_name\" content=\"Ecole de Musique, Danse &amp; Th\u00e9\u00e2tre de Guilers\" \/>\n<meta property=\"article:publisher\" content=\"https:\/\/www.facebook.com\/Ecole-de-Musique-et-de-Danse-de-Guilers-480017765533016\/\" \/>\n<meta property=\"article:published_time\" content=\"2025-01-15T18:25:04+00:00\" \/>\n<meta property=\"article:modified_time\" content=\"2025-01-15T18:26:58+00:00\" \/>\n<meta property=\"og:image\" content=\"https:\/\/www.emdg-guilers.org\/wp-content\/uploads\/2025\/01\/Cafe-des-arts-danse-1-724x1024.jpg\" \/>\n<meta name=\"author\" content=\"Marie Clavier\" \/>\n<meta name=\"twitter:card\" content=\"summary_large_image\" \/>\n<meta name=\"twitter:label1\" content=\"\u00c9crit par\" \/>\n\t<meta name=\"twitter:data1\" content=\"Marie Clavier\" \/>\n\t<meta name=\"twitter:label2\" content=\"Dur\u00e9e de lecture estim\u00e9e\" \/>\n\t<meta name=\"twitter:data2\" content=\"1 minute\" \/>\n<script type=\"application\/ld+json\" class=\"yoast-schema-graph\">{\"@context\":\"https:\/\/schema.org\",\"@graph\":[{\"@type\":\"Article\",\"@id\":\"https:\/\/www.emdg-guilers.org\/index.php\/2025\/01\/15\/en-janvier-a-lemdg\/#article\",\"isPartOf\":{\"@id\":\"https:\/\/www.emdg-guilers.org\/index.php\/2025\/01\/15\/en-janvier-a-lemdg\/\"},\"author\":{\"name\":\"Marie Clavier\",\"@id\":\"https:\/\/www.emdg-guilers.org\/#\/schema\/person\/5c279d8e49be5f6bfdc87fb9e08559d4\"},\"headline\":\"En janvier \u00e0 l&rsquo;EMDG\",\"datePublished\":\"2025-01-15T18:25:04+00:00\",\"dateModified\":\"2025-01-15T18:26:58+00:00\",\"mainEntityOfPage\":{\"@id\":\"https:\/\/www.emdg-guilers.org\/index.php\/2025\/01\/15\/en-janvier-a-lemdg\/\"},\"wordCount\":108,\"publisher\":{\"@id\":\"https:\/\/www.emdg-guilers.org\/#organization\"},\"image\":{\"@id\":\"https:\/\/www.emdg-guilers.org\/index.php\/2025\/01\/15\/en-janvier-a-lemdg\/#primaryimage\"},\"thumbnailUrl\":\"https:\/\/www.emdg-guilers.org\/wp-content\/uploads\/2025\/01\/Cafe-des-arts-danse-1-724x1024.jpg\",\"inLanguage\":\"fr-FR\"},{\"@type\":\"WebPage\",\"@id\":\"https:\/\/www.emdg-guilers.org\/index.php\/2025\/01\/15\/en-janvier-a-lemdg\/\",\"url\":\"https:\/\/www.emdg-guilers.org\/index.php\/2025\/01\/15\/en-janvier-a-lemdg\/\",\"name\":\"En janvier \u00e0 l'EMDG - Ecole de Musique, Danse &amp; Th\u00e9\u00e2tre de Guilers\",\"isPartOf\":{\"@id\":\"https:\/\/www.emdg-guilers.org\/#website\"},\"primaryImageOfPage\":{\"@id\":\"https:\/\/www.emdg-guilers.org\/index.php\/2025\/01\/15\/en-janvier-a-lemdg\/#primaryimage\"},\"image\":{\"@id\":\"https:\/\/www.emdg-guilers.org\/index.php\/2025\/01\/15\/en-janvier-a-lemdg\/#primaryimage\"},\"thumbnailUrl\":\"https:\/\/www.emdg-guilers.org\/wp-content\/uploads\/2025\/01\/Cafe-des-arts-danse-1-724x1024.jpg\",\"datePublished\":\"2025-01-15T18:25:04+00:00\",\"dateModified\":\"2025-01-15T18:26:58+00:00\",\"breadcrumb\":{\"@id\":\"https:\/\/www.emdg-guilers.org\/index.php\/2025\/01\/15\/en-janvier-a-lemdg\/#breadcrumb\"},\"inLanguage\":\"fr-FR\",\"potentialAction\":[{\"@type\":\"ReadAction\",\"target\":[\"https:\/\/www.emdg-guilers.org\/index.php\/2025\/01\/15\/en-janvier-a-lemdg\/\"]}]},{\"@type\":\"ImageObject\",\"inLanguage\":\"fr-FR\",\"@id\":\"https:\/\/www.emdg-guilers.org\/index.php\/2025\/01\/15\/en-janvier-a-lemdg\/#primaryimage\",\"url\":\"https:\/\/www.emdg-guilers.org\/wp-content\/uploads\/2025\/01\/Cafe-des-arts-danse-1.jpg\",\"contentUrl\":\"https:\/\/www.emdg-guilers.org\/wp-content\/uploads\/2025\/01\/Cafe-des-arts-danse-1.jpg\",\"width\":1587,\"height\":2245},{\"@type\":\"BreadcrumbList\",\"@id\":\"https:\/\/www.emdg-guilers.org\/index.php\/2025\/01\/15\/en-janvier-a-lemdg\/#breadcrumb\",\"itemListElement\":[{\"@type\":\"ListItem\",\"position\":1,\"name\":\"Accueil\",\"item\":\"https:\/\/www.emdg-guilers.org\/\"},{\"@type\":\"ListItem\",\"position\":2,\"name\":\"En janvier \u00e0 l&rsquo;EMDG\"}]},{\"@type\":\"WebSite\",\"@id\":\"https:\/\/www.emdg-guilers.org\/#website\",\"url\":\"https:\/\/www.emdg-guilers.org\/\",\"name\":\"Ecole de Musique et Danse de Guilers\",\"description\":\"Ecole associative, cours de musique, danse, th\u00e9\u00e2tre accessibles \u00e0 tous\",\"publisher\":{\"@id\":\"https:\/\/www.emdg-guilers.org\/#organization\"},\"potentialAction\":[{\"@type\":\"SearchAction\",\"target\":{\"@type\":\"EntryPoint\",\"urlTemplate\":\"https:\/\/www.emdg-guilers.org\/?s={search_term_string}\"},\"query-input\":\"required name=search_term_string\"}],\"inLanguage\":\"fr-FR\"},{\"@type\":\"Organization\",\"@id\":\"https:\/\/www.emdg-guilers.org\/#organization\",\"name\":\"Ecole de Musique et de Danse\",\"url\":\"https:\/\/www.emdg-guilers.org\/\",\"logo\":{\"@type\":\"ImageObject\",\"inLanguage\":\"fr-FR\",\"@id\":\"https:\/\/www.emdg-guilers.org\/#\/schema\/logo\/image\/\",\"url\":\"https:\/\/www.emdg-guilers.org\/wp-content\/uploads\/2016\/06\/logo2014.jpg\",\"contentUrl\":\"https:\/\/www.emdg-guilers.org\/wp-content\/uploads\/2016\/06\/logo2014.jpg\",\"width\":214,\"height\":116,\"caption\":\"Ecole de Musique et de Danse\"},\"image\":{\"@id\":\"https:\/\/www.emdg-guilers.org\/#\/schema\/logo\/image\/\"},\"sameAs\":[\"https:\/\/www.facebook.com\/Ecole-de-Musique-et-de-Danse-de-Guilers-480017765533016\/\"]},{\"@type\":\"Person\",\"@id\":\"https:\/\/www.emdg-guilers.org\/#\/schema\/person\/5c279d8e49be5f6bfdc87fb9e08559d4\",\"name\":\"Marie Clavier\",\"image\":{\"@type\":\"ImageObject\",\"inLanguage\":\"fr-FR\",\"@id\":\"https:\/\/www.emdg-guilers.org\/#\/schema\/person\/image\/\",\"url\":\"https:\/\/secure.gravatar.com\/avatar\/82505eeeaf6d53a80197cd7ed92e8de4?s=96&d=mm&r=g\",\"contentUrl\":\"https:\/\/secure.gravatar.com\/avatar\/82505eeeaf6d53a80197cd7ed92e8de4?s=96&d=mm&r=g\",\"caption\":\"Marie Clavier\"},\"url\":\"https:\/\/www.emdg-guilers.org\/index.php\/author\/mclavier\/\"}]}<\/script>\n<!-- \/ Yoast SEO plugin. -->","yoast_head_json":{"title":"En janvier \u00e0 l'EMDG - Ecole de Musique, Danse &amp; Th\u00e9\u00e2tre de Guilers","robots":{"index":"index","follow":"follow","max-snippet":"max-snippet:-1","max-image-preview":"max-image-preview:large","max-video-preview":"max-video-preview:-1"},"canonical":"https:\/\/www.emdg-guilers.org\/index.php\/2025\/01\/15\/en-janvier-a-lemdg\/","og_locale":"fr_FR","og_type":"article","og_title":"En janvier \u00e0 l'EMDG - Ecole de Musique, Danse &amp; Th\u00e9\u00e2tre de Guilers","og_description":"Bloavezh mat 2025 ! Bonne ann\u00e9e \u00e0 tous ! Prochains \u00e9v\u00e9nements : Tout au long de l\u2019ann\u00e9e, l\u2019Ecole de musique, danse et th\u00e9\u00e2tre de Guilers propose de courts spectacles autour de l\u2019une des esth\u00e9tiques enseign\u00e9es, \u00e0 la Guilth\u00e8que (m\u00e9diath\u00e8que de Guilers) Rdv le samedi 25 janvier \u00e0 14h30. Un caf\u00e9 des arts sous le signe de la danse modern jazz ! D\u00e9couvrez les fondements de cette esth\u00e9tique chor\u00e9graphique r\u00e9solument moderne, \u00e0 la crois\u00e9e des cultures jazz et afro-am\u00e9ricaines, avec les...Lire la suite Lire la suite","og_url":"https:\/\/www.emdg-guilers.org\/index.php\/2025\/01\/15\/en-janvier-a-lemdg\/","og_site_name":"Ecole de Musique, Danse &amp; Th\u00e9\u00e2tre de Guilers","article_publisher":"https:\/\/www.facebook.com\/Ecole-de-Musique-et-de-Danse-de-Guilers-480017765533016\/","article_published_time":"2025-01-15T18:25:04+00:00","article_modified_time":"2025-01-15T18:26:58+00:00","og_image":[{"url":"https:\/\/www.emdg-guilers.org\/wp-content\/uploads\/2025\/01\/Cafe-des-arts-danse-1-724x1024.jpg"}],"author":"Marie Clavier","twitter_card":"summary_large_image","twitter_misc":{"\u00c9crit par":"Marie Clavier","Dur\u00e9e de lecture estim\u00e9e":"1 minute"},"schema":{"@context":"https:\/\/schema.org","@graph":[{"@type":"Article","@id":"https:\/\/www.emdg-guilers.org\/index.php\/2025\/01\/15\/en-janvier-a-lemdg\/#article","isPartOf":{"@id":"https:\/\/www.emdg-guilers.org\/index.php\/2025\/01\/15\/en-janvier-a-lemdg\/"},"author":{"name":"Marie Clavier","@id":"https:\/\/www.emdg-guilers.org\/#\/schema\/person\/5c279d8e49be5f6bfdc87fb9e08559d4"},"headline":"En janvier \u00e0 l&rsquo;EMDG","datePublished":"2025-01-15T18:25:04+00:00","dateModified":"2025-01-15T18:26:58+00:00","mainEntityOfPage":{"@id":"https:\/\/www.emdg-guilers.org\/index.php\/2025\/01\/15\/en-janvier-a-lemdg\/"},"wordCount":108,"publisher":{"@id":"https:\/\/www.emdg-guilers.org\/#organization"},"image":{"@id":"https:\/\/www.emdg-guilers.org\/index.php\/2025\/01\/15\/en-janvier-a-lemdg\/#primaryimage"},"thumbnailUrl":"https:\/\/www.emdg-guilers.org\/wp-content\/uploads\/2025\/01\/Cafe-des-arts-danse-1-724x1024.jpg","inLanguage":"fr-FR"},{"@type":"WebPage","@id":"https:\/\/www.emdg-guilers.org\/index.php\/2025\/01\/15\/en-janvier-a-lemdg\/","url":"https:\/\/www.emdg-guilers.org\/index.php\/2025\/01\/15\/en-janvier-a-lemdg\/","name":"En janvier \u00e0 l'EMDG - Ecole de Musique, Danse &amp; Th\u00e9\u00e2tre de Guilers","isPartOf":{"@id":"https:\/\/www.emdg-guilers.org\/#website"},"primaryImageOfPage":{"@id":"https:\/\/www.emdg-guilers.org\/index.php\/2025\/01\/15\/en-janvier-a-lemdg\/#primaryimage"},"image":{"@id":"https:\/\/www.emdg-guilers.org\/index.php\/2025\/01\/15\/en-janvier-a-lemdg\/#primaryimage"},"thumbnailUrl":"https:\/\/www.emdg-guilers.org\/wp-content\/uploads\/2025\/01\/Cafe-des-arts-danse-1-724x1024.jpg","datePublished":"2025-01-15T18:25:04+00:00","dateModified":"2025-01-15T18:26:58+00:00","breadcrumb":{"@id":"https:\/\/www.emdg-guilers.org\/index.php\/2025\/01\/15\/en-janvier-a-lemdg\/#breadcrumb"},"inLanguage":"fr-FR","potentialAction":[{"@type":"ReadAction","target":["https:\/\/www.emdg-guilers.org\/index.php\/2025\/01\/15\/en-janvier-a-lemdg\/"]}]},{"@type":"ImageObject","inLanguage":"fr-FR","@id":"https:\/\/www.emdg-guilers.org\/index.php\/2025\/01\/15\/en-janvier-a-lemdg\/#primaryimage","url":"https:\/\/www.emdg-guilers.org\/wp-content\/uploads\/2025\/01\/Cafe-des-arts-danse-1.jpg","contentUrl":"https:\/\/www.emdg-guilers.org\/wp-content\/uploads\/2025\/01\/Cafe-des-arts-danse-1.jpg","width":1587,"height":2245},{"@type":"BreadcrumbList","@id":"https:\/\/www.emdg-guilers.org\/index.php\/2025\/01\/15\/en-janvier-a-lemdg\/#breadcrumb","itemListElement":[{"@type":"ListItem","position":1,"name":"Accueil","item":"https:\/\/www.emdg-guilers.org\/"},{"@type":"ListItem","position":2,"name":"En janvier \u00e0 l&rsquo;EMDG"}]},{"@type":"WebSite","@id":"https:\/\/www.emdg-guilers.org\/#website","url":"https:\/\/www.emdg-guilers.org\/","name":"Ecole de Musique et Danse de Guilers","description":"Ecole associative, cours de musique, danse, th\u00e9\u00e2tre accessibles \u00e0 tous","publisher":{"@id":"https:\/\/www.emdg-guilers.org\/#organization"},"potentialAction":[{"@type":"SearchAction","target":{"@type":"EntryPoint","urlTemplate":"https:\/\/www.emdg-guilers.org\/?s={search_term_string}"},"query-input":"required name=search_term_string"}],"inLanguage":"fr-FR"},{"@type":"Organization","@id":"https:\/\/www.emdg-guilers.org\/#organization","name":"Ecole de Musique et de Danse","url":"https:\/\/www.emdg-guilers.org\/","logo":{"@type":"ImageObject","inLanguage":"fr-FR","@id":"https:\/\/www.emdg-guilers.org\/#\/schema\/logo\/image\/","url":"https:\/\/www.emdg-guilers.org\/wp-content\/uploads\/2016\/06\/logo2014.jpg","contentUrl":"https:\/\/www.emdg-guilers.org\/wp-content\/uploads\/2016\/06\/logo2014.jpg","width":214,"height":116,"caption":"Ecole de Musique et de Danse"},"image":{"@id":"https:\/\/www.emdg-guilers.org\/#\/schema\/logo\/image\/"},"sameAs":["https:\/\/www.facebook.com\/Ecole-de-Musique-et-de-Danse-de-Guilers-480017765533016\/"]},{"@type":"Person","@id":"https:\/\/www.emdg-guilers.org\/#\/schema\/person\/5c279d8e49be5f6bfdc87fb9e08559d4","name":"Marie Clavier","image":{"@type":"ImageObject","inLanguage":"fr-FR","@id":"https:\/\/www.emdg-guilers.org\/#\/schema\/person\/image\/","url":"https:\/\/secure.gravatar.com\/avatar\/82505eeeaf6d53a80197cd7ed92e8de4?s=96&d=mm&r=g","contentUrl":"https:\/\/secure.gravatar.com\/avatar\/82505eeeaf6d53a80197cd7ed92e8de4?s=96&d=mm&r=g","caption":"Marie Clavier"},"url":"https:\/\/www.emdg-guilers.org\/index.php\/author\/mclavier\/"}]}},"_links":{"self":[{"href":"https:\/\/www.emdg-guilers.org\/index.php\/wp-json\/wp\/v2\/posts\/4601"}],"collection":[{"href":"https:\/\/www.emdg-guilers.org\/index.php\/wp-json\/wp\/v2\/posts"}],"about":[{"href":"https:\/\/www.emdg-guilers.org\/index.php\/wp-json\/wp\/v2\/types\/post"}],"author":[{"embeddable":true,"href":"https:\/\/www.emdg-guilers.org\/index.php\/wp-json\/wp\/v2\/users\/3"}],"replies":[{"embeddable":true,"href":"https:\/\/www.emdg-guilers.org\/index.php\/wp-json\/wp\/v2\/comments?post=4601"}],"version-history":[{"count":4,"href":"https:\/\/www.emdg-guilers.org\/index.php\/wp-json\/wp\/v2\/posts\/4601\/revisions"}],"predecessor-version":[{"id":4609,"href":"https:\/\/www.emdg-guilers.org\/index.php\/wp-json\/wp\/v2\/posts\/4601\/revisions\/4609"}],"wp:attachment":[{"href":"https:\/\/www.emdg-guilers.org\/index.php\/wp-json\/wp\/v2\/media?parent=4601"}],"wp:term":[{"taxonomy":"category","embeddable":true,"href":"https:\/\/www.emdg-guilers.org\/index.php\/wp-json\/wp\/v2\/categories?post=4601"},{"taxonomy":"post_tag","embeddable":true,"href":"https:\/\/www.emdg-guilers.org\/index.php\/wp-json\/wp\/v2\/tags?post=4601"}],"curies":[{"name":"wp","href":"https:\/\/api.w.org\/{rel}","templated":true}]}}