{"id":4619,"date":"2025-03-06T20:58:25","date_gmt":"2025-03-06T19:58:25","guid":{"rendered":"https:\/\/www.emdg-guilers.org\/?p=4619"},"modified":"2025-03-06T21:07:03","modified_gmt":"2025-03-06T20:07:03","slug":"en-mars-a-lemdtg","status":"publish","type":"post","link":"https:\/\/www.emdg-guilers.org\/index.php\/2025\/03\/06\/en-mars-a-lemdtg\/","title":{"rendered":"En mars \u00e0 l&rsquo;EMDTG"},"content":{"rendered":"\n<p>de la musique, de la danse, il y en aura pour to<strong>us<\/strong><\/p>\n\n\n\n<p><strong>\u00e7a commence ce samedi 8 mars par le bal masqu\u00e9.<br>\u00e0 partir de 19h \u00e0 l&rsquo;espace Pagnol<\/strong><\/p>\n\n\n\n<figure class=\"wp-block-image size-large is-resized\"><img loading=\"lazy\" decoding=\"async\" width=\"600\" height=\"1024\" src=\"https:\/\/www.emdg-guilers.org\/wp-content\/uploads\/2025\/03\/WhatsApp-Image-2025-03-05-at-13.30.40-600x1024.jpeg\" alt=\"\" class=\"wp-image-4620\" style=\"width:375px;height:auto\" srcset=\"https:\/\/www.emdg-guilers.org\/wp-content\/uploads\/2025\/03\/WhatsApp-Image-2025-03-05-at-13.30.40-600x1024.jpeg 600w, https:\/\/www.emdg-guilers.org\/wp-content\/uploads\/2025\/03\/WhatsApp-Image-2025-03-05-at-13.30.40-176x300.jpeg 176w, https:\/\/www.emdg-guilers.org\/wp-content\/uploads\/2025\/03\/WhatsApp-Image-2025-03-05-at-13.30.40-768x1311.jpeg 768w, https:\/\/www.emdg-guilers.org\/wp-content\/uploads\/2025\/03\/WhatsApp-Image-2025-03-05-at-13.30.40-900x1536.jpeg 900w, https:\/\/www.emdg-guilers.org\/wp-content\/uploads\/2025\/03\/WhatsApp-Image-2025-03-05-at-13.30.40-158x270.jpeg 158w, https:\/\/www.emdg-guilers.org\/wp-content\/uploads\/2025\/03\/WhatsApp-Image-2025-03-05-at-13.30.40.jpeg 937w\" sizes=\"(max-width: 600px) 100vw, 600px\" \/><\/figure>\n\n\n\n<p>Boissons, food-truck cr\u00eapes, Dj et d\u00e9monstration des classes de danse.<br>tout pour passer une bonne soir\u00e9e, n&rsquo;oubliez pas vo d\u00e9guisements.<\/p>\n\n\n\n<p><strong>On continu le 14 mars \u00e0 20h pour le concert Gong et Guilpop<\/strong><\/p>\n\n\n\n<figure class=\"wp-block-image size-large is-resized\"><img loading=\"lazy\" decoding=\"async\" width=\"576\" height=\"1024\" src=\"https:\/\/www.emdg-guilers.org\/wp-content\/uploads\/2025\/03\/WhatsApp-Image-2025-03-05-at-13.30.40-1-576x1024.jpeg\" alt=\"\" class=\"wp-image-4621\" style=\"width:371px;height:auto\" srcset=\"https:\/\/www.emdg-guilers.org\/wp-content\/uploads\/2025\/03\/WhatsApp-Image-2025-03-05-at-13.30.40-1-576x1024.jpeg 576w, https:\/\/www.emdg-guilers.org\/wp-content\/uploads\/2025\/03\/WhatsApp-Image-2025-03-05-at-13.30.40-1-169x300.jpeg 169w, https:\/\/www.emdg-guilers.org\/wp-content\/uploads\/2025\/03\/WhatsApp-Image-2025-03-05-at-13.30.40-1-768x1365.jpeg 768w, https:\/\/www.emdg-guilers.org\/wp-content\/uploads\/2025\/03\/WhatsApp-Image-2025-03-05-at-13.30.40-1-864x1536.jpeg 864w, https:\/\/www.emdg-guilers.org\/wp-content\/uploads\/2025\/03\/WhatsApp-Image-2025-03-05-at-13.30.40-1-152x270.jpeg 152w, https:\/\/www.emdg-guilers.org\/wp-content\/uploads\/2025\/03\/WhatsApp-Image-2025-03-05-at-13.30.40-1.jpeg 900w\" sizes=\"(max-width: 576px) 100vw, 576px\" \/><\/figure>\n\n\n\n<p>Vendredi 14 mars, soir\u00e9e <a href=\"https:\/\/www.facebook.com\/hashtag\/concert?__eep__=6&amp;__cft__[0]=AZV1JqPGa_VyktVVMPF2VXBYDrIYpQ5r6hsezRtcEl3L8Vf9HwN7Y73EPBM4wcUQdgRrFyIZzF-Mfc5UtviOIN5qYcvnzdEIJBMxPqEZuMmIFPYlJ83yNye61oHeRmoFDA4&amp;__tn__=*NK-R\" target=\"_blank\" rel=\"noreferrer noopener\">#concert<\/a> pour 2 groupes de l&rsquo; Ecole de musique, danse et th\u00e9\u00e2tre de Guilers, \u00e0 savoir : le <a href=\"https:\/\/www.facebook.com\/hashtag\/gong?__eep__=6&amp;__cft__[0]=AZV1JqPGa_VyktVVMPF2VXBYDrIYpQ5r6hsezRtcEl3L8Vf9HwN7Y73EPBM4wcUQdgRrFyIZzF-Mfc5UtviOIN5qYcvnzdEIJBMxPqEZuMmIFPYlJ83yNye61oHeRmoFDA4&amp;__tn__=*NK-R\" target=\"_blank\" rel=\"noreferrer noopener\">#GONG<\/a>, Guilers Orchestra New Groove, big band <br>et <a href=\"https:\/\/www.facebook.com\/hashtag\/guilpop?__eep__=6&amp;__cft__[0]=AZV1JqPGa_VyktVVMPF2VXBYDrIYpQ5r6hsezRtcEl3L8Vf9HwN7Y73EPBM4wcUQdgRrFyIZzF-Mfc5UtviOIN5qYcvnzdEIJBMxPqEZuMmIFPYlJ83yNye61oHeRmoFDA4&amp;__tn__=*NK-R\" target=\"_blank\" rel=\"noreferrer noopener\">#Guilpop<\/a>, ensemble de guitares et chant dirig\u00e9 par Philippe Gouret !<br>Une soir\u00e9e aux couleurs pop rock, jazz et blues ! <br>Entr\u00e9e libre au chapeau, jauge limit\u00e9e, \u00e0 l&rsquo;espace Mobian, Guilers.<br><a href=\"https:\/\/www.helloasso.com\/associations\/ecole-de-musique-et-danse-de-guilers\/evenements\/concert-gong-guilpop\" target=\"_blank\" rel=\"noreferrer noopener\">R\u00e9servation en ligne conseill\u00e9e. <\/a><br>Buvette sur place.<\/p>\n\n\n\n<p><strong>Place \u00e0 la danse <\/strong><br><strong>le samedi 29 mars avec les cartes blanches<\/strong><\/p>\n\n\n\n<p>&#8211; <strong>16h :<a href=\"https:\/\/www.helloasso.com\/associations\/ecole-de-musique-et-danse-de-guilers\/evenements\/cartes-blanches-petit\" target=\"_blank\" rel=\"noreferrer noopener\"> Cartes Blanches<\/a><\/strong> aux \u00e9l\u00e8ves danse (groupe des petites) toutes esth\u00e9tiques.<br><strong>&#8211; 19h : <a href=\"https:\/\/www.helloasso.com\/associations\/ecole-de-musique-et-danse-de-guilers\/evenements\/cartes-blanches-grands\" target=\"_blank\" rel=\"noreferrer noopener\">Cartes Blanches<\/a> <\/strong>aux \u00e9l\u00e8ves danse (groupe des grands) toutes esth\u00e9tiques.<\/p>\n\n\n\n<p>r\u00e9servez vos places sur helloasso<\/p>\n\n\n\n<figure class=\"wp-block-gallery has-nested-images columns-default is-cropped wp-block-gallery-1 is-layout-flex wp-block-gallery-is-layout-flex\">\n<figure class=\"wp-block-image size-large\"><img loading=\"lazy\" decoding=\"async\" width=\"576\" height=\"1024\" data-id=\"4622\" src=\"https:\/\/www.emdg-guilers.org\/wp-content\/uploads\/2025\/03\/WhatsApp-Image-2025-03-05-at-13.30.40-2-576x1024.jpeg\" alt=\"\" class=\"wp-image-4622\" srcset=\"https:\/\/www.emdg-guilers.org\/wp-content\/uploads\/2025\/03\/WhatsApp-Image-2025-03-05-at-13.30.40-2-576x1024.jpeg 576w, https:\/\/www.emdg-guilers.org\/wp-content\/uploads\/2025\/03\/WhatsApp-Image-2025-03-05-at-13.30.40-2-169x300.jpeg 169w, https:\/\/www.emdg-guilers.org\/wp-content\/uploads\/2025\/03\/WhatsApp-Image-2025-03-05-at-13.30.40-2-768x1365.jpeg 768w, https:\/\/www.emdg-guilers.org\/wp-content\/uploads\/2025\/03\/WhatsApp-Image-2025-03-05-at-13.30.40-2-864x1536.jpeg 864w, https:\/\/www.emdg-guilers.org\/wp-content\/uploads\/2025\/03\/WhatsApp-Image-2025-03-05-at-13.30.40-2-152x270.jpeg 152w, https:\/\/www.emdg-guilers.org\/wp-content\/uploads\/2025\/03\/WhatsApp-Image-2025-03-05-at-13.30.40-2.jpeg 900w\" sizes=\"(max-width: 576px) 100vw, 576px\" \/><\/figure>\n\n\n\n<figure class=\"wp-block-image size-large\"><img loading=\"lazy\" decoding=\"async\" width=\"575\" height=\"1024\" data-id=\"4623\" src=\"https:\/\/www.emdg-guilers.org\/wp-content\/uploads\/2025\/03\/WhatsApp-Image-2025-03-05-at-13.30.40-3-575x1024.jpeg\" alt=\"\" class=\"wp-image-4623\" srcset=\"https:\/\/www.emdg-guilers.org\/wp-content\/uploads\/2025\/03\/WhatsApp-Image-2025-03-05-at-13.30.40-3-575x1024.jpeg 575w, https:\/\/www.emdg-guilers.org\/wp-content\/uploads\/2025\/03\/WhatsApp-Image-2025-03-05-at-13.30.40-3-169x300.jpeg 169w, https:\/\/www.emdg-guilers.org\/wp-content\/uploads\/2025\/03\/WhatsApp-Image-2025-03-05-at-13.30.40-3-768x1367.jpeg 768w, https:\/\/www.emdg-guilers.org\/wp-content\/uploads\/2025\/03\/WhatsApp-Image-2025-03-05-at-13.30.40-3-863x1536.jpeg 863w, https:\/\/www.emdg-guilers.org\/wp-content\/uploads\/2025\/03\/WhatsApp-Image-2025-03-05-at-13.30.40-3-152x270.jpeg 152w, https:\/\/www.emdg-guilers.org\/wp-content\/uploads\/2025\/03\/WhatsApp-Image-2025-03-05-at-13.30.40-3.jpeg 899w\" sizes=\"(max-width: 575px) 100vw, 575px\" \/><\/figure>\n<\/figure>\n","protected":false},"excerpt":{"rendered":"<p>de la musique, de la danse, il y en aura pour tous \u00e7a commence ce samedi 8 mars par le bal masqu\u00e9.\u00e0 partir de 19h \u00e0 l&rsquo;espace Pagnol Boissons, food-truck cr\u00eapes, Dj et d\u00e9monstration des classes de danse.tout pour passer une bonne soir\u00e9e, n&rsquo;oubliez pas vo d\u00e9guisements. On continu le 14 mars \u00e0 20h pour le concert Gong et Guilpop Vendredi 14 mars, soir\u00e9e #concert pour 2 groupes de l&rsquo; Ecole de musique, danse et th\u00e9\u00e2tre de Guilers, \u00e0 savoir&#8230;<\/p>\n<p class=\"read-more\"><a class=\"btn btn-default\" href=\"https:\/\/www.emdg-guilers.org\/index.php\/2025\/03\/06\/en-mars-a-lemdtg\/\">Lire la suite<span class=\"screen-reader-text\"> Lire la suite<\/span><\/a><\/p>\n","protected":false},"author":3,"featured_media":0,"comment_status":"closed","ping_status":"closed","sticky":false,"template":"","format":"standard","meta":{"footnotes":""},"categories":[130],"tags":[18,43,17,22,14],"yoast_head":"<!-- This site is optimized with the Yoast SEO plugin v22.4 - https:\/\/yoast.com\/wordpress\/plugins\/seo\/ -->\n<title>En mars \u00e0 l&#039;EMDTG - Ecole de Musique, Danse &amp; Th\u00e9\u00e2tre de Guilers<\/title>\n<meta name=\"robots\" content=\"index, follow, max-snippet:-1, max-image-preview:large, max-video-preview:-1\" \/>\n<link rel=\"canonical\" href=\"https:\/\/www.emdg-guilers.org\/index.php\/2025\/03\/06\/en-mars-a-lemdtg\/\" \/>\n<meta property=\"og:locale\" content=\"fr_FR\" \/>\n<meta property=\"og:type\" content=\"article\" \/>\n<meta property=\"og:title\" content=\"En mars \u00e0 l&#039;EMDTG - Ecole de Musique, Danse &amp; Th\u00e9\u00e2tre de Guilers\" \/>\n<meta property=\"og:description\" content=\"de la musique, de la danse, il y en aura pour tous \u00e7a commence ce samedi 8 mars par le bal masqu\u00e9.\u00e0 partir de 19h \u00e0 l&rsquo;espace Pagnol Boissons, food-truck cr\u00eapes, Dj et d\u00e9monstration des classes de danse.tout pour passer une bonne soir\u00e9e, n&rsquo;oubliez pas vo d\u00e9guisements. On continu le 14 mars \u00e0 20h pour le concert Gong et Guilpop Vendredi 14 mars, soir\u00e9e #concert pour 2 groupes de l&rsquo; Ecole de musique, danse et th\u00e9\u00e2tre de Guilers, \u00e0 savoir...Lire la suite Lire la suite\" \/>\n<meta property=\"og:url\" content=\"https:\/\/www.emdg-guilers.org\/index.php\/2025\/03\/06\/en-mars-a-lemdtg\/\" \/>\n<meta property=\"og:site_name\" content=\"Ecole de Musique, Danse &amp; Th\u00e9\u00e2tre de Guilers\" \/>\n<meta property=\"article:publisher\" content=\"https:\/\/www.facebook.com\/Ecole-de-Musique-et-de-Danse-de-Guilers-480017765533016\/\" \/>\n<meta property=\"article:published_time\" content=\"2025-03-06T19:58:25+00:00\" \/>\n<meta property=\"article:modified_time\" content=\"2025-03-06T20:07:03+00:00\" \/>\n<meta property=\"og:image\" content=\"https:\/\/www.emdg-guilers.org\/wp-content\/uploads\/2025\/03\/WhatsApp-Image-2025-03-05-at-13.30.40-600x1024.jpeg\" \/>\n<meta name=\"author\" content=\"Marie Clavier\" \/>\n<meta name=\"twitter:card\" content=\"summary_large_image\" \/>\n<meta name=\"twitter:label1\" content=\"\u00c9crit par\" \/>\n\t<meta name=\"twitter:data1\" content=\"Marie Clavier\" \/>\n\t<meta name=\"twitter:label2\" content=\"Dur\u00e9e de lecture estim\u00e9e\" \/>\n\t<meta name=\"twitter:data2\" content=\"2 minutes\" \/>\n<script type=\"application\/ld+json\" class=\"yoast-schema-graph\">{\"@context\":\"https:\/\/schema.org\",\"@graph\":[{\"@type\":\"Article\",\"@id\":\"https:\/\/www.emdg-guilers.org\/index.php\/2025\/03\/06\/en-mars-a-lemdtg\/#article\",\"isPartOf\":{\"@id\":\"https:\/\/www.emdg-guilers.org\/index.php\/2025\/03\/06\/en-mars-a-lemdtg\/\"},\"author\":{\"name\":\"Marie Clavier\",\"@id\":\"https:\/\/www.emdg-guilers.org\/#\/schema\/person\/5c279d8e49be5f6bfdc87fb9e08559d4\"},\"headline\":\"En mars \u00e0 l&rsquo;EMDTG\",\"datePublished\":\"2025-03-06T19:58:25+00:00\",\"dateModified\":\"2025-03-06T20:07:03+00:00\",\"mainEntityOfPage\":{\"@id\":\"https:\/\/www.emdg-guilers.org\/index.php\/2025\/03\/06\/en-mars-a-lemdtg\/\"},\"wordCount\":176,\"publisher\":{\"@id\":\"https:\/\/www.emdg-guilers.org\/#organization\"},\"image\":{\"@id\":\"https:\/\/www.emdg-guilers.org\/index.php\/2025\/03\/06\/en-mars-a-lemdtg\/#primaryimage\"},\"thumbnailUrl\":\"https:\/\/www.emdg-guilers.org\/wp-content\/uploads\/2025\/03\/WhatsApp-Image-2025-03-05-at-13.30.40-600x1024.jpeg\",\"keywords\":[\"brest\",\"danse\",\"guilers\",\"jazz\",\"musique\"],\"articleSection\":[\"Evenement\"],\"inLanguage\":\"fr-FR\"},{\"@type\":\"WebPage\",\"@id\":\"https:\/\/www.emdg-guilers.org\/index.php\/2025\/03\/06\/en-mars-a-lemdtg\/\",\"url\":\"https:\/\/www.emdg-guilers.org\/index.php\/2025\/03\/06\/en-mars-a-lemdtg\/\",\"name\":\"En mars \u00e0 l'EMDTG - Ecole de Musique, Danse &amp; Th\u00e9\u00e2tre de Guilers\",\"isPartOf\":{\"@id\":\"https:\/\/www.emdg-guilers.org\/#website\"},\"primaryImageOfPage\":{\"@id\":\"https:\/\/www.emdg-guilers.org\/index.php\/2025\/03\/06\/en-mars-a-lemdtg\/#primaryimage\"},\"image\":{\"@id\":\"https:\/\/www.emdg-guilers.org\/index.php\/2025\/03\/06\/en-mars-a-lemdtg\/#primaryimage\"},\"thumbnailUrl\":\"https:\/\/www.emdg-guilers.org\/wp-content\/uploads\/2025\/03\/WhatsApp-Image-2025-03-05-at-13.30.40-600x1024.jpeg\",\"datePublished\":\"2025-03-06T19:58:25+00:00\",\"dateModified\":\"2025-03-06T20:07:03+00:00\",\"breadcrumb\":{\"@id\":\"https:\/\/www.emdg-guilers.org\/index.php\/2025\/03\/06\/en-mars-a-lemdtg\/#breadcrumb\"},\"inLanguage\":\"fr-FR\",\"potentialAction\":[{\"@type\":\"ReadAction\",\"target\":[\"https:\/\/www.emdg-guilers.org\/index.php\/2025\/03\/06\/en-mars-a-lemdtg\/\"]}]},{\"@type\":\"ImageObject\",\"inLanguage\":\"fr-FR\",\"@id\":\"https:\/\/www.emdg-guilers.org\/index.php\/2025\/03\/06\/en-mars-a-lemdtg\/#primaryimage\",\"url\":\"https:\/\/www.emdg-guilers.org\/wp-content\/uploads\/2025\/03\/WhatsApp-Image-2025-03-05-at-13.30.40.jpeg\",\"contentUrl\":\"https:\/\/www.emdg-guilers.org\/wp-content\/uploads\/2025\/03\/WhatsApp-Image-2025-03-05-at-13.30.40.jpeg\",\"width\":937,\"height\":1600},{\"@type\":\"BreadcrumbList\",\"@id\":\"https:\/\/www.emdg-guilers.org\/index.php\/2025\/03\/06\/en-mars-a-lemdtg\/#breadcrumb\",\"itemListElement\":[{\"@type\":\"ListItem\",\"position\":1,\"name\":\"Accueil\",\"item\":\"https:\/\/www.emdg-guilers.org\/\"},{\"@type\":\"ListItem\",\"position\":2,\"name\":\"En mars \u00e0 l&rsquo;EMDTG\"}]},{\"@type\":\"WebSite\",\"@id\":\"https:\/\/www.emdg-guilers.org\/#website\",\"url\":\"https:\/\/www.emdg-guilers.org\/\",\"name\":\"Ecole de Musique et Danse de Guilers\",\"description\":\"Ecole associative, cours de musique, danse, th\u00e9\u00e2tre accessibles \u00e0 tous\",\"publisher\":{\"@id\":\"https:\/\/www.emdg-guilers.org\/#organization\"},\"potentialAction\":[{\"@type\":\"SearchAction\",\"target\":{\"@type\":\"EntryPoint\",\"urlTemplate\":\"https:\/\/www.emdg-guilers.org\/?s={search_term_string}\"},\"query-input\":\"required name=search_term_string\"}],\"inLanguage\":\"fr-FR\"},{\"@type\":\"Organization\",\"@id\":\"https:\/\/www.emdg-guilers.org\/#organization\",\"name\":\"Ecole de Musique et de Danse\",\"url\":\"https:\/\/www.emdg-guilers.org\/\",\"logo\":{\"@type\":\"ImageObject\",\"inLanguage\":\"fr-FR\",\"@id\":\"https:\/\/www.emdg-guilers.org\/#\/schema\/logo\/image\/\",\"url\":\"https:\/\/www.emdg-guilers.org\/wp-content\/uploads\/2016\/06\/logo2014.jpg\",\"contentUrl\":\"https:\/\/www.emdg-guilers.org\/wp-content\/uploads\/2016\/06\/logo2014.jpg\",\"width\":214,\"height\":116,\"caption\":\"Ecole de Musique et de Danse\"},\"image\":{\"@id\":\"https:\/\/www.emdg-guilers.org\/#\/schema\/logo\/image\/\"},\"sameAs\":[\"https:\/\/www.facebook.com\/Ecole-de-Musique-et-de-Danse-de-Guilers-480017765533016\/\"]},{\"@type\":\"Person\",\"@id\":\"https:\/\/www.emdg-guilers.org\/#\/schema\/person\/5c279d8e49be5f6bfdc87fb9e08559d4\",\"name\":\"Marie Clavier\",\"image\":{\"@type\":\"ImageObject\",\"inLanguage\":\"fr-FR\",\"@id\":\"https:\/\/www.emdg-guilers.org\/#\/schema\/person\/image\/\",\"url\":\"https:\/\/secure.gravatar.com\/avatar\/82505eeeaf6d53a80197cd7ed92e8de4?s=96&d=mm&r=g\",\"contentUrl\":\"https:\/\/secure.gravatar.com\/avatar\/82505eeeaf6d53a80197cd7ed92e8de4?s=96&d=mm&r=g\",\"caption\":\"Marie Clavier\"},\"url\":\"https:\/\/www.emdg-guilers.org\/index.php\/author\/mclavier\/\"}]}<\/script>\n<!-- \/ Yoast SEO plugin. -->","yoast_head_json":{"title":"En mars \u00e0 l'EMDTG - Ecole de Musique, Danse &amp; Th\u00e9\u00e2tre de Guilers","robots":{"index":"index","follow":"follow","max-snippet":"max-snippet:-1","max-image-preview":"max-image-preview:large","max-video-preview":"max-video-preview:-1"},"canonical":"https:\/\/www.emdg-guilers.org\/index.php\/2025\/03\/06\/en-mars-a-lemdtg\/","og_locale":"fr_FR","og_type":"article","og_title":"En mars \u00e0 l'EMDTG - Ecole de Musique, Danse &amp; Th\u00e9\u00e2tre de Guilers","og_description":"de la musique, de la danse, il y en aura pour tous \u00e7a commence ce samedi 8 mars par le bal masqu\u00e9.\u00e0 partir de 19h \u00e0 l&rsquo;espace Pagnol Boissons, food-truck cr\u00eapes, Dj et d\u00e9monstration des classes de danse.tout pour passer une bonne soir\u00e9e, n&rsquo;oubliez pas vo d\u00e9guisements. On continu le 14 mars \u00e0 20h pour le concert Gong et Guilpop Vendredi 14 mars, soir\u00e9e #concert pour 2 groupes de l&rsquo; Ecole de musique, danse et th\u00e9\u00e2tre de Guilers, \u00e0 savoir...Lire la suite Lire la suite","og_url":"https:\/\/www.emdg-guilers.org\/index.php\/2025\/03\/06\/en-mars-a-lemdtg\/","og_site_name":"Ecole de Musique, Danse &amp; Th\u00e9\u00e2tre de Guilers","article_publisher":"https:\/\/www.facebook.com\/Ecole-de-Musique-et-de-Danse-de-Guilers-480017765533016\/","article_published_time":"2025-03-06T19:58:25+00:00","article_modified_time":"2025-03-06T20:07:03+00:00","og_image":[{"url":"https:\/\/www.emdg-guilers.org\/wp-content\/uploads\/2025\/03\/WhatsApp-Image-2025-03-05-at-13.30.40-600x1024.jpeg"}],"author":"Marie Clavier","twitter_card":"summary_large_image","twitter_misc":{"\u00c9crit par":"Marie Clavier","Dur\u00e9e de lecture estim\u00e9e":"2 minutes"},"schema":{"@context":"https:\/\/schema.org","@graph":[{"@type":"Article","@id":"https:\/\/www.emdg-guilers.org\/index.php\/2025\/03\/06\/en-mars-a-lemdtg\/#article","isPartOf":{"@id":"https:\/\/www.emdg-guilers.org\/index.php\/2025\/03\/06\/en-mars-a-lemdtg\/"},"author":{"name":"Marie Clavier","@id":"https:\/\/www.emdg-guilers.org\/#\/schema\/person\/5c279d8e49be5f6bfdc87fb9e08559d4"},"headline":"En mars \u00e0 l&rsquo;EMDTG","datePublished":"2025-03-06T19:58:25+00:00","dateModified":"2025-03-06T20:07:03+00:00","mainEntityOfPage":{"@id":"https:\/\/www.emdg-guilers.org\/index.php\/2025\/03\/06\/en-mars-a-lemdtg\/"},"wordCount":176,"publisher":{"@id":"https:\/\/www.emdg-guilers.org\/#organization"},"image":{"@id":"https:\/\/www.emdg-guilers.org\/index.php\/2025\/03\/06\/en-mars-a-lemdtg\/#primaryimage"},"thumbnailUrl":"https:\/\/www.emdg-guilers.org\/wp-content\/uploads\/2025\/03\/WhatsApp-Image-2025-03-05-at-13.30.40-600x1024.jpeg","keywords":["brest","danse","guilers","jazz","musique"],"articleSection":["Evenement"],"inLanguage":"fr-FR"},{"@type":"WebPage","@id":"https:\/\/www.emdg-guilers.org\/index.php\/2025\/03\/06\/en-mars-a-lemdtg\/","url":"https:\/\/www.emdg-guilers.org\/index.php\/2025\/03\/06\/en-mars-a-lemdtg\/","name":"En mars \u00e0 l'EMDTG - Ecole de Musique, Danse &amp; Th\u00e9\u00e2tre de Guilers","isPartOf":{"@id":"https:\/\/www.emdg-guilers.org\/#website"},"primaryImageOfPage":{"@id":"https:\/\/www.emdg-guilers.org\/index.php\/2025\/03\/06\/en-mars-a-lemdtg\/#primaryimage"},"image":{"@id":"https:\/\/www.emdg-guilers.org\/index.php\/2025\/03\/06\/en-mars-a-lemdtg\/#primaryimage"},"thumbnailUrl":"https:\/\/www.emdg-guilers.org\/wp-content\/uploads\/2025\/03\/WhatsApp-Image-2025-03-05-at-13.30.40-600x1024.jpeg","datePublished":"2025-03-06T19:58:25+00:00","dateModified":"2025-03-06T20:07:03+00:00","breadcrumb":{"@id":"https:\/\/www.emdg-guilers.org\/index.php\/2025\/03\/06\/en-mars-a-lemdtg\/#breadcrumb"},"inLanguage":"fr-FR","potentialAction":[{"@type":"ReadAction","target":["https:\/\/www.emdg-guilers.org\/index.php\/2025\/03\/06\/en-mars-a-lemdtg\/"]}]},{"@type":"ImageObject","inLanguage":"fr-FR","@id":"https:\/\/www.emdg-guilers.org\/index.php\/2025\/03\/06\/en-mars-a-lemdtg\/#primaryimage","url":"https:\/\/www.emdg-guilers.org\/wp-content\/uploads\/2025\/03\/WhatsApp-Image-2025-03-05-at-13.30.40.jpeg","contentUrl":"https:\/\/www.emdg-guilers.org\/wp-content\/uploads\/2025\/03\/WhatsApp-Image-2025-03-05-at-13.30.40.jpeg","width":937,"height":1600},{"@type":"BreadcrumbList","@id":"https:\/\/www.emdg-guilers.org\/index.php\/2025\/03\/06\/en-mars-a-lemdtg\/#breadcrumb","itemListElement":[{"@type":"ListItem","position":1,"name":"Accueil","item":"https:\/\/www.emdg-guilers.org\/"},{"@type":"ListItem","position":2,"name":"En mars \u00e0 l&rsquo;EMDTG"}]},{"@type":"WebSite","@id":"https:\/\/www.emdg-guilers.org\/#website","url":"https:\/\/www.emdg-guilers.org\/","name":"Ecole de Musique et Danse de Guilers","description":"Ecole associative, cours de musique, danse, th\u00e9\u00e2tre accessibles \u00e0 tous","publisher":{"@id":"https:\/\/www.emdg-guilers.org\/#organization"},"potentialAction":[{"@type":"SearchAction","target":{"@type":"EntryPoint","urlTemplate":"https:\/\/www.emdg-guilers.org\/?s={search_term_string}"},"query-input":"required name=search_term_string"}],"inLanguage":"fr-FR"},{"@type":"Organization","@id":"https:\/\/www.emdg-guilers.org\/#organization","name":"Ecole de Musique et de Danse","url":"https:\/\/www.emdg-guilers.org\/","logo":{"@type":"ImageObject","inLanguage":"fr-FR","@id":"https:\/\/www.emdg-guilers.org\/#\/schema\/logo\/image\/","url":"https:\/\/www.emdg-guilers.org\/wp-content\/uploads\/2016\/06\/logo2014.jpg","contentUrl":"https:\/\/www.emdg-guilers.org\/wp-content\/uploads\/2016\/06\/logo2014.jpg","width":214,"height":116,"caption":"Ecole de Musique et de Danse"},"image":{"@id":"https:\/\/www.emdg-guilers.org\/#\/schema\/logo\/image\/"},"sameAs":["https:\/\/www.facebook.com\/Ecole-de-Musique-et-de-Danse-de-Guilers-480017765533016\/"]},{"@type":"Person","@id":"https:\/\/www.emdg-guilers.org\/#\/schema\/person\/5c279d8e49be5f6bfdc87fb9e08559d4","name":"Marie Clavier","image":{"@type":"ImageObject","inLanguage":"fr-FR","@id":"https:\/\/www.emdg-guilers.org\/#\/schema\/person\/image\/","url":"https:\/\/secure.gravatar.com\/avatar\/82505eeeaf6d53a80197cd7ed92e8de4?s=96&d=mm&r=g","contentUrl":"https:\/\/secure.gravatar.com\/avatar\/82505eeeaf6d53a80197cd7ed92e8de4?s=96&d=mm&r=g","caption":"Marie Clavier"},"url":"https:\/\/www.emdg-guilers.org\/index.php\/author\/mclavier\/"}]}},"_links":{"self":[{"href":"https:\/\/www.emdg-guilers.org\/index.php\/wp-json\/wp\/v2\/posts\/4619"}],"collection":[{"href":"https:\/\/www.emdg-guilers.org\/index.php\/wp-json\/wp\/v2\/posts"}],"about":[{"href":"https:\/\/www.emdg-guilers.org\/index.php\/wp-json\/wp\/v2\/types\/post"}],"author":[{"embeddable":true,"href":"https:\/\/www.emdg-guilers.org\/index.php\/wp-json\/wp\/v2\/users\/3"}],"replies":[{"embeddable":true,"href":"https:\/\/www.emdg-guilers.org\/index.php\/wp-json\/wp\/v2\/comments?post=4619"}],"version-history":[{"count":2,"href":"https:\/\/www.emdg-guilers.org\/index.php\/wp-json\/wp\/v2\/posts\/4619\/revisions"}],"predecessor-version":[{"id":4629,"href":"https:\/\/www.emdg-guilers.org\/index.php\/wp-json\/wp\/v2\/posts\/4619\/revisions\/4629"}],"wp:attachment":[{"href":"https:\/\/www.emdg-guilers.org\/index.php\/wp-json\/wp\/v2\/media?parent=4619"}],"wp:term":[{"taxonomy":"category","embeddable":true,"href":"https:\/\/www.emdg-guilers.org\/index.php\/wp-json\/wp\/v2\/categories?post=4619"},{"taxonomy":"post_tag","embeddable":true,"href":"https:\/\/www.emdg-guilers.org\/index.php\/wp-json\/wp\/v2\/tags?post=4619"}],"curies":[{"name":"wp","href":"https:\/\/api.w.org\/{rel}","templated":true}]}}