{"id":4648,"date":"2025-06-11T23:20:13","date_gmt":"2025-06-11T21:20:13","guid":{"rendered":"https:\/\/www.emdg-guilers.org\/?p=4648"},"modified":"2025-06-11T23:21:55","modified_gmt":"2025-06-11T21:21:55","slug":"inscriptions-2025-26","status":"publish","type":"post","link":"https:\/\/www.emdg-guilers.org\/index.php\/2025\/06\/11\/inscriptions-2025-26\/","title":{"rendered":"Inscriptions 2025-26"},"content":{"rendered":"\n<p>C&rsquo;est parti pour une nouvelle saison , les inscriptions pour l&rsquo;ann\u00e9e 2025-26 d\u00e9marrent \u00e0 compter du lundi 16 juin. <br>Comment proc\u00e9der?<br>&#8211; Consultez notre proposition de cours, horaires, jours, tarifs, enseignants sur ce site.<br>&#8211; Remplissez une fiche d&rsquo;inscription <a href=\"https:\/\/www.emdg-guilers.org\/index.php\/fiches-dinscription-2023-24\/\">Fiches d\u2019inscription et brochure 2025-26<br><\/a>&#8211; D\u00e9posez-la \u00e0 l&rsquo;\u00e9cole accompagn\u00e9e du r\u00e8glement, <a href=\"https:\/\/www.emdg-guilers.org\/index.php\/lassociation\/les-permanences\/\">\u00e0 l&rsquo;occasion d&rsquo;une permanence<\/a> ou dans une des bo\u00eetes \u00e0 lettres (palier 2e \u00e9tage ou entr\u00e9e du parking)<\/p>\n\n\n\n<figure class=\"wp-block-image size-full\"><img loading=\"lazy\" decoding=\"async\" width=\"677\" height=\"960\" src=\"https:\/\/www.emdg-guilers.org\/wp-content\/uploads\/2025\/06\/IMG_0883.jpg\" alt=\"\" class=\"wp-image-4652\" srcset=\"https:\/\/www.emdg-guilers.org\/wp-content\/uploads\/2025\/06\/IMG_0883.jpg 677w, https:\/\/www.emdg-guilers.org\/wp-content\/uploads\/2025\/06\/IMG_0883-212x300.jpg 212w, https:\/\/www.emdg-guilers.org\/wp-content\/uploads\/2025\/06\/IMG_0883-190x270.jpg 190w\" sizes=\"(max-width: 677px) 100vw, 677px\" \/><\/figure>\n\n\n\n<figure class=\"wp-block-image size-large\"><img loading=\"lazy\" decoding=\"async\" width=\"409\" height=\"1024\" src=\"https:\/\/www.emdg-guilers.org\/wp-content\/uploads\/2025\/06\/IMG_0884-409x1024.jpg\" alt=\"\" class=\"wp-image-4653\" srcset=\"https:\/\/www.emdg-guilers.org\/wp-content\/uploads\/2025\/06\/IMG_0884-409x1024.jpg 409w, https:\/\/www.emdg-guilers.org\/wp-content\/uploads\/2025\/06\/IMG_0884-120x300.jpg 120w, https:\/\/www.emdg-guilers.org\/wp-content\/uploads\/2025\/06\/IMG_0884-768x1925.jpg 768w, https:\/\/www.emdg-guilers.org\/wp-content\/uploads\/2025\/06\/IMG_0884-613x1536.jpg 613w, https:\/\/www.emdg-guilers.org\/wp-content\/uploads\/2025\/06\/IMG_0884-108x270.jpg 108w, https:\/\/www.emdg-guilers.org\/wp-content\/uploads\/2025\/06\/IMG_0884.jpg 817w\" sizes=\"(max-width: 409px) 100vw, 409px\" \/><\/figure>\n","protected":false},"excerpt":{"rendered":"<p>C&rsquo;est parti pour une nouvelle saison , les inscriptions pour l&rsquo;ann\u00e9e 2025-26 d\u00e9marrent \u00e0 compter du lundi 16 juin. Comment proc\u00e9der?&#8211; Consultez notre proposition de cours, horaires, jours, tarifs, enseignants sur ce site.&#8211; Remplissez une fiche d&rsquo;inscription Fiches d\u2019inscription et brochure 2025-26&#8211; D\u00e9posez-la \u00e0 l&rsquo;\u00e9cole accompagn\u00e9e du r\u00e8glement, \u00e0 l&rsquo;occasion d&rsquo;une permanence ou dans une des bo\u00eetes \u00e0 lettres (palier 2e \u00e9tage ou entr\u00e9e du parking)<\/p>\n","protected":false},"author":24,"featured_media":0,"comment_status":"closed","ping_status":"closed","sticky":false,"template":"","format":"standard","meta":{"footnotes":""},"categories":[1],"tags":[],"yoast_head":"<!-- This site is optimized with the Yoast SEO plugin v22.4 - https:\/\/yoast.com\/wordpress\/plugins\/seo\/ -->\n<title>Inscriptions 2025-26 - Ecole de Musique, Danse &amp; Th\u00e9\u00e2tre de Guilers<\/title>\n<meta name=\"robots\" content=\"index, follow, max-snippet:-1, max-image-preview:large, max-video-preview:-1\" \/>\n<link rel=\"canonical\" href=\"https:\/\/www.emdg-guilers.org\/index.php\/2025\/06\/11\/inscriptions-2025-26\/\" \/>\n<meta property=\"og:locale\" content=\"fr_FR\" \/>\n<meta property=\"og:type\" content=\"article\" \/>\n<meta property=\"og:title\" content=\"Inscriptions 2025-26 - Ecole de Musique, Danse &amp; Th\u00e9\u00e2tre de Guilers\" \/>\n<meta property=\"og:description\" content=\"C&rsquo;est parti pour une nouvelle saison , les inscriptions pour l&rsquo;ann\u00e9e 2025-26 d\u00e9marrent \u00e0 compter du lundi 16 juin. Comment proc\u00e9der?&#8211; Consultez notre proposition de cours, horaires, jours, tarifs, enseignants sur ce site.&#8211; Remplissez une fiche d&rsquo;inscription Fiches d\u2019inscription et brochure 2025-26&#8211; D\u00e9posez-la \u00e0 l&rsquo;\u00e9cole accompagn\u00e9e du r\u00e8glement, \u00e0 l&rsquo;occasion d&rsquo;une permanence ou dans une des bo\u00eetes \u00e0 lettres (palier 2e \u00e9tage ou entr\u00e9e du parking)\" \/>\n<meta property=\"og:url\" content=\"https:\/\/www.emdg-guilers.org\/index.php\/2025\/06\/11\/inscriptions-2025-26\/\" \/>\n<meta property=\"og:site_name\" content=\"Ecole de Musique, Danse &amp; Th\u00e9\u00e2tre de Guilers\" \/>\n<meta property=\"article:publisher\" content=\"https:\/\/www.facebook.com\/Ecole-de-Musique-et-de-Danse-de-Guilers-480017765533016\/\" \/>\n<meta property=\"article:published_time\" content=\"2025-06-11T21:20:13+00:00\" \/>\n<meta property=\"article:modified_time\" content=\"2025-06-11T21:21:55+00:00\" \/>\n<meta property=\"og:image\" content=\"https:\/\/www.emdg-guilers.org\/wp-content\/uploads\/2025\/06\/IMG_0883.jpg\" \/>\n<meta name=\"author\" content=\"Jean Ducournau\" \/>\n<meta name=\"twitter:card\" content=\"summary_large_image\" \/>\n<meta name=\"twitter:label1\" content=\"\u00c9crit par\" \/>\n\t<meta name=\"twitter:data1\" content=\"Jean Ducournau\" \/>\n\t<meta name=\"twitter:label2\" content=\"Dur\u00e9e de lecture estim\u00e9e\" \/>\n\t<meta name=\"twitter:data2\" content=\"1 minute\" \/>\n<script type=\"application\/ld+json\" class=\"yoast-schema-graph\">{\"@context\":\"https:\/\/schema.org\",\"@graph\":[{\"@type\":\"Article\",\"@id\":\"https:\/\/www.emdg-guilers.org\/index.php\/2025\/06\/11\/inscriptions-2025-26\/#article\",\"isPartOf\":{\"@id\":\"https:\/\/www.emdg-guilers.org\/index.php\/2025\/06\/11\/inscriptions-2025-26\/\"},\"author\":{\"name\":\"Jean Ducournau\",\"@id\":\"https:\/\/www.emdg-guilers.org\/#\/schema\/person\/2491d56f2d725396557ab9962dffc712\"},\"headline\":\"Inscriptions 2025-26\",\"datePublished\":\"2025-06-11T21:20:13+00:00\",\"dateModified\":\"2025-06-11T21:21:55+00:00\",\"mainEntityOfPage\":{\"@id\":\"https:\/\/www.emdg-guilers.org\/index.php\/2025\/06\/11\/inscriptions-2025-26\/\"},\"wordCount\":75,\"publisher\":{\"@id\":\"https:\/\/www.emdg-guilers.org\/#organization\"},\"image\":{\"@id\":\"https:\/\/www.emdg-guilers.org\/index.php\/2025\/06\/11\/inscriptions-2025-26\/#primaryimage\"},\"thumbnailUrl\":\"https:\/\/www.emdg-guilers.org\/wp-content\/uploads\/2025\/06\/IMG_0883.jpg\",\"inLanguage\":\"fr-FR\"},{\"@type\":\"WebPage\",\"@id\":\"https:\/\/www.emdg-guilers.org\/index.php\/2025\/06\/11\/inscriptions-2025-26\/\",\"url\":\"https:\/\/www.emdg-guilers.org\/index.php\/2025\/06\/11\/inscriptions-2025-26\/\",\"name\":\"Inscriptions 2025-26 - Ecole de Musique, Danse &amp; Th\u00e9\u00e2tre de Guilers\",\"isPartOf\":{\"@id\":\"https:\/\/www.emdg-guilers.org\/#website\"},\"primaryImageOfPage\":{\"@id\":\"https:\/\/www.emdg-guilers.org\/index.php\/2025\/06\/11\/inscriptions-2025-26\/#primaryimage\"},\"image\":{\"@id\":\"https:\/\/www.emdg-guilers.org\/index.php\/2025\/06\/11\/inscriptions-2025-26\/#primaryimage\"},\"thumbnailUrl\":\"https:\/\/www.emdg-guilers.org\/wp-content\/uploads\/2025\/06\/IMG_0883.jpg\",\"datePublished\":\"2025-06-11T21:20:13+00:00\",\"dateModified\":\"2025-06-11T21:21:55+00:00\",\"breadcrumb\":{\"@id\":\"https:\/\/www.emdg-guilers.org\/index.php\/2025\/06\/11\/inscriptions-2025-26\/#breadcrumb\"},\"inLanguage\":\"fr-FR\",\"potentialAction\":[{\"@type\":\"ReadAction\",\"target\":[\"https:\/\/www.emdg-guilers.org\/index.php\/2025\/06\/11\/inscriptions-2025-26\/\"]}]},{\"@type\":\"ImageObject\",\"inLanguage\":\"fr-FR\",\"@id\":\"https:\/\/www.emdg-guilers.org\/index.php\/2025\/06\/11\/inscriptions-2025-26\/#primaryimage\",\"url\":\"https:\/\/www.emdg-guilers.org\/wp-content\/uploads\/2025\/06\/IMG_0883.jpg\",\"contentUrl\":\"https:\/\/www.emdg-guilers.org\/wp-content\/uploads\/2025\/06\/IMG_0883.jpg\",\"width\":677,\"height\":960},{\"@type\":\"BreadcrumbList\",\"@id\":\"https:\/\/www.emdg-guilers.org\/index.php\/2025\/06\/11\/inscriptions-2025-26\/#breadcrumb\",\"itemListElement\":[{\"@type\":\"ListItem\",\"position\":1,\"name\":\"Accueil\",\"item\":\"https:\/\/www.emdg-guilers.org\/\"},{\"@type\":\"ListItem\",\"position\":2,\"name\":\"Inscriptions 2025-26\"}]},{\"@type\":\"WebSite\",\"@id\":\"https:\/\/www.emdg-guilers.org\/#website\",\"url\":\"https:\/\/www.emdg-guilers.org\/\",\"name\":\"Ecole de Musique et Danse de Guilers\",\"description\":\"Ecole associative, cours de musique, danse, th\u00e9\u00e2tre accessibles \u00e0 tous\",\"publisher\":{\"@id\":\"https:\/\/www.emdg-guilers.org\/#organization\"},\"potentialAction\":[{\"@type\":\"SearchAction\",\"target\":{\"@type\":\"EntryPoint\",\"urlTemplate\":\"https:\/\/www.emdg-guilers.org\/?s={search_term_string}\"},\"query-input\":\"required name=search_term_string\"}],\"inLanguage\":\"fr-FR\"},{\"@type\":\"Organization\",\"@id\":\"https:\/\/www.emdg-guilers.org\/#organization\",\"name\":\"Ecole de Musique et de Danse\",\"url\":\"https:\/\/www.emdg-guilers.org\/\",\"logo\":{\"@type\":\"ImageObject\",\"inLanguage\":\"fr-FR\",\"@id\":\"https:\/\/www.emdg-guilers.org\/#\/schema\/logo\/image\/\",\"url\":\"https:\/\/www.emdg-guilers.org\/wp-content\/uploads\/2016\/06\/logo2014.jpg\",\"contentUrl\":\"https:\/\/www.emdg-guilers.org\/wp-content\/uploads\/2016\/06\/logo2014.jpg\",\"width\":214,\"height\":116,\"caption\":\"Ecole de Musique et de Danse\"},\"image\":{\"@id\":\"https:\/\/www.emdg-guilers.org\/#\/schema\/logo\/image\/\"},\"sameAs\":[\"https:\/\/www.facebook.com\/Ecole-de-Musique-et-de-Danse-de-Guilers-480017765533016\/\"]},{\"@type\":\"Person\",\"@id\":\"https:\/\/www.emdg-guilers.org\/#\/schema\/person\/2491d56f2d725396557ab9962dffc712\",\"name\":\"Jean Ducournau\",\"image\":{\"@type\":\"ImageObject\",\"inLanguage\":\"fr-FR\",\"@id\":\"https:\/\/www.emdg-guilers.org\/#\/schema\/person\/image\/\",\"url\":\"https:\/\/secure.gravatar.com\/avatar\/0e65f22535c9d4150f62be728177ea55?s=96&d=mm&r=g\",\"contentUrl\":\"https:\/\/secure.gravatar.com\/avatar\/0e65f22535c9d4150f62be728177ea55?s=96&d=mm&r=g\",\"caption\":\"Jean Ducournau\"},\"url\":\"https:\/\/www.emdg-guilers.org\/index.php\/author\/jducournau\/\"}]}<\/script>\n<!-- \/ Yoast SEO plugin. -->","yoast_head_json":{"title":"Inscriptions 2025-26 - Ecole de Musique, Danse &amp; Th\u00e9\u00e2tre de Guilers","robots":{"index":"index","follow":"follow","max-snippet":"max-snippet:-1","max-image-preview":"max-image-preview:large","max-video-preview":"max-video-preview:-1"},"canonical":"https:\/\/www.emdg-guilers.org\/index.php\/2025\/06\/11\/inscriptions-2025-26\/","og_locale":"fr_FR","og_type":"article","og_title":"Inscriptions 2025-26 - Ecole de Musique, Danse &amp; Th\u00e9\u00e2tre de Guilers","og_description":"C&rsquo;est parti pour une nouvelle saison , les inscriptions pour l&rsquo;ann\u00e9e 2025-26 d\u00e9marrent \u00e0 compter du lundi 16 juin. Comment proc\u00e9der?&#8211; Consultez notre proposition de cours, horaires, jours, tarifs, enseignants sur ce site.&#8211; Remplissez une fiche d&rsquo;inscription Fiches d\u2019inscription et brochure 2025-26&#8211; D\u00e9posez-la \u00e0 l&rsquo;\u00e9cole accompagn\u00e9e du r\u00e8glement, \u00e0 l&rsquo;occasion d&rsquo;une permanence ou dans une des bo\u00eetes \u00e0 lettres (palier 2e \u00e9tage ou entr\u00e9e du parking)","og_url":"https:\/\/www.emdg-guilers.org\/index.php\/2025\/06\/11\/inscriptions-2025-26\/","og_site_name":"Ecole de Musique, Danse &amp; Th\u00e9\u00e2tre de Guilers","article_publisher":"https:\/\/www.facebook.com\/Ecole-de-Musique-et-de-Danse-de-Guilers-480017765533016\/","article_published_time":"2025-06-11T21:20:13+00:00","article_modified_time":"2025-06-11T21:21:55+00:00","og_image":[{"url":"https:\/\/www.emdg-guilers.org\/wp-content\/uploads\/2025\/06\/IMG_0883.jpg"}],"author":"Jean Ducournau","twitter_card":"summary_large_image","twitter_misc":{"\u00c9crit par":"Jean Ducournau","Dur\u00e9e de lecture estim\u00e9e":"1 minute"},"schema":{"@context":"https:\/\/schema.org","@graph":[{"@type":"Article","@id":"https:\/\/www.emdg-guilers.org\/index.php\/2025\/06\/11\/inscriptions-2025-26\/#article","isPartOf":{"@id":"https:\/\/www.emdg-guilers.org\/index.php\/2025\/06\/11\/inscriptions-2025-26\/"},"author":{"name":"Jean Ducournau","@id":"https:\/\/www.emdg-guilers.org\/#\/schema\/person\/2491d56f2d725396557ab9962dffc712"},"headline":"Inscriptions 2025-26","datePublished":"2025-06-11T21:20:13+00:00","dateModified":"2025-06-11T21:21:55+00:00","mainEntityOfPage":{"@id":"https:\/\/www.emdg-guilers.org\/index.php\/2025\/06\/11\/inscriptions-2025-26\/"},"wordCount":75,"publisher":{"@id":"https:\/\/www.emdg-guilers.org\/#organization"},"image":{"@id":"https:\/\/www.emdg-guilers.org\/index.php\/2025\/06\/11\/inscriptions-2025-26\/#primaryimage"},"thumbnailUrl":"https:\/\/www.emdg-guilers.org\/wp-content\/uploads\/2025\/06\/IMG_0883.jpg","inLanguage":"fr-FR"},{"@type":"WebPage","@id":"https:\/\/www.emdg-guilers.org\/index.php\/2025\/06\/11\/inscriptions-2025-26\/","url":"https:\/\/www.emdg-guilers.org\/index.php\/2025\/06\/11\/inscriptions-2025-26\/","name":"Inscriptions 2025-26 - Ecole de Musique, Danse &amp; Th\u00e9\u00e2tre de Guilers","isPartOf":{"@id":"https:\/\/www.emdg-guilers.org\/#website"},"primaryImageOfPage":{"@id":"https:\/\/www.emdg-guilers.org\/index.php\/2025\/06\/11\/inscriptions-2025-26\/#primaryimage"},"image":{"@id":"https:\/\/www.emdg-guilers.org\/index.php\/2025\/06\/11\/inscriptions-2025-26\/#primaryimage"},"thumbnailUrl":"https:\/\/www.emdg-guilers.org\/wp-content\/uploads\/2025\/06\/IMG_0883.jpg","datePublished":"2025-06-11T21:20:13+00:00","dateModified":"2025-06-11T21:21:55+00:00","breadcrumb":{"@id":"https:\/\/www.emdg-guilers.org\/index.php\/2025\/06\/11\/inscriptions-2025-26\/#breadcrumb"},"inLanguage":"fr-FR","potentialAction":[{"@type":"ReadAction","target":["https:\/\/www.emdg-guilers.org\/index.php\/2025\/06\/11\/inscriptions-2025-26\/"]}]},{"@type":"ImageObject","inLanguage":"fr-FR","@id":"https:\/\/www.emdg-guilers.org\/index.php\/2025\/06\/11\/inscriptions-2025-26\/#primaryimage","url":"https:\/\/www.emdg-guilers.org\/wp-content\/uploads\/2025\/06\/IMG_0883.jpg","contentUrl":"https:\/\/www.emdg-guilers.org\/wp-content\/uploads\/2025\/06\/IMG_0883.jpg","width":677,"height":960},{"@type":"BreadcrumbList","@id":"https:\/\/www.emdg-guilers.org\/index.php\/2025\/06\/11\/inscriptions-2025-26\/#breadcrumb","itemListElement":[{"@type":"ListItem","position":1,"name":"Accueil","item":"https:\/\/www.emdg-guilers.org\/"},{"@type":"ListItem","position":2,"name":"Inscriptions 2025-26"}]},{"@type":"WebSite","@id":"https:\/\/www.emdg-guilers.org\/#website","url":"https:\/\/www.emdg-guilers.org\/","name":"Ecole de Musique et Danse de Guilers","description":"Ecole associative, cours de musique, danse, th\u00e9\u00e2tre accessibles \u00e0 tous","publisher":{"@id":"https:\/\/www.emdg-guilers.org\/#organization"},"potentialAction":[{"@type":"SearchAction","target":{"@type":"EntryPoint","urlTemplate":"https:\/\/www.emdg-guilers.org\/?s={search_term_string}"},"query-input":"required name=search_term_string"}],"inLanguage":"fr-FR"},{"@type":"Organization","@id":"https:\/\/www.emdg-guilers.org\/#organization","name":"Ecole de Musique et de Danse","url":"https:\/\/www.emdg-guilers.org\/","logo":{"@type":"ImageObject","inLanguage":"fr-FR","@id":"https:\/\/www.emdg-guilers.org\/#\/schema\/logo\/image\/","url":"https:\/\/www.emdg-guilers.org\/wp-content\/uploads\/2016\/06\/logo2014.jpg","contentUrl":"https:\/\/www.emdg-guilers.org\/wp-content\/uploads\/2016\/06\/logo2014.jpg","width":214,"height":116,"caption":"Ecole de Musique et de Danse"},"image":{"@id":"https:\/\/www.emdg-guilers.org\/#\/schema\/logo\/image\/"},"sameAs":["https:\/\/www.facebook.com\/Ecole-de-Musique-et-de-Danse-de-Guilers-480017765533016\/"]},{"@type":"Person","@id":"https:\/\/www.emdg-guilers.org\/#\/schema\/person\/2491d56f2d725396557ab9962dffc712","name":"Jean Ducournau","image":{"@type":"ImageObject","inLanguage":"fr-FR","@id":"https:\/\/www.emdg-guilers.org\/#\/schema\/person\/image\/","url":"https:\/\/secure.gravatar.com\/avatar\/0e65f22535c9d4150f62be728177ea55?s=96&d=mm&r=g","contentUrl":"https:\/\/secure.gravatar.com\/avatar\/0e65f22535c9d4150f62be728177ea55?s=96&d=mm&r=g","caption":"Jean Ducournau"},"url":"https:\/\/www.emdg-guilers.org\/index.php\/author\/jducournau\/"}]}},"_links":{"self":[{"href":"https:\/\/www.emdg-guilers.org\/index.php\/wp-json\/wp\/v2\/posts\/4648"}],"collection":[{"href":"https:\/\/www.emdg-guilers.org\/index.php\/wp-json\/wp\/v2\/posts"}],"about":[{"href":"https:\/\/www.emdg-guilers.org\/index.php\/wp-json\/wp\/v2\/types\/post"}],"author":[{"embeddable":true,"href":"https:\/\/www.emdg-guilers.org\/index.php\/wp-json\/wp\/v2\/users\/24"}],"replies":[{"embeddable":true,"href":"https:\/\/www.emdg-guilers.org\/index.php\/wp-json\/wp\/v2\/comments?post=4648"}],"version-history":[{"count":3,"href":"https:\/\/www.emdg-guilers.org\/index.php\/wp-json\/wp\/v2\/posts\/4648\/revisions"}],"predecessor-version":[{"id":4654,"href":"https:\/\/www.emdg-guilers.org\/index.php\/wp-json\/wp\/v2\/posts\/4648\/revisions\/4654"}],"wp:attachment":[{"href":"https:\/\/www.emdg-guilers.org\/index.php\/wp-json\/wp\/v2\/media?parent=4648"}],"wp:term":[{"taxonomy":"category","embeddable":true,"href":"https:\/\/www.emdg-guilers.org\/index.php\/wp-json\/wp\/v2\/categories?post=4648"},{"taxonomy":"post_tag","embeddable":true,"href":"https:\/\/www.emdg-guilers.org\/index.php\/wp-json\/wp\/v2\/tags?post=4648"}],"curies":[{"name":"wp","href":"https:\/\/api.w.org\/{rel}","templated":true}]}}