{"id":4661,"date":"2025-06-11T23:32:33","date_gmt":"2025-06-11T21:32:33","guid":{"rendered":"https:\/\/www.emdg-guilers.org\/?p=4661"},"modified":"2025-06-11T23:32:36","modified_gmt":"2025-06-11T21:32:36","slug":"fete-de-la-musique","status":"publish","type":"post","link":"https:\/\/www.emdg-guilers.org\/index.php\/2025\/06\/11\/fete-de-la-musique\/","title":{"rendered":"F\u00eate de la musique"},"content":{"rendered":"\n<p>le 21 juin passez donc \u00e0 la halle Baucina, vous y \u00e9couterez des groupes, des solistes de la musique sous toutes ses formes. en partenariat avec la ville de guilers l&rsquo;EMDTG organise la f\u00eate de la musique.<\/p>\n\n\n\n<p>A partir de 13h30, musique, buvette et barbapapa.<\/p>\n\n\n\n<figure class=\"wp-block-image size-large\"><img loading=\"lazy\" decoding=\"async\" width=\"640\" height=\"1024\" src=\"https:\/\/www.emdg-guilers.org\/wp-content\/uploads\/2025\/06\/IMG_0886-640x1024.jpg\" alt=\"\" class=\"wp-image-4662\" srcset=\"https:\/\/www.emdg-guilers.org\/wp-content\/uploads\/2025\/06\/IMG_0886-640x1024.jpg 640w, https:\/\/www.emdg-guilers.org\/wp-content\/uploads\/2025\/06\/IMG_0886-188x300.jpg 188w, https:\/\/www.emdg-guilers.org\/wp-content\/uploads\/2025\/06\/IMG_0886-768x1229.jpg 768w, https:\/\/www.emdg-guilers.org\/wp-content\/uploads\/2025\/06\/IMG_0886-960x1536.jpg 960w, https:\/\/www.emdg-guilers.org\/wp-content\/uploads\/2025\/06\/IMG_0886-169x270.jpg 169w, https:\/\/www.emdg-guilers.org\/wp-content\/uploads\/2025\/06\/IMG_0886.jpg 1080w\" sizes=\"(max-width: 640px) 100vw, 640px\" \/><\/figure>\n","protected":false},"excerpt":{"rendered":"<p>le 21 juin passez donc \u00e0 la halle Baucina, vous y \u00e9couterez des groupes, des solistes de la musique sous toutes ses formes. en partenariat avec la ville de guilers l&rsquo;EMDTG organise la f\u00eate de la musique. A partir de 13h30, musique, buvette et barbapapa.<\/p>\n","protected":false},"author":24,"featured_media":0,"comment_status":"closed","ping_status":"closed","sticky":false,"template":"","format":"standard","meta":{"footnotes":""},"categories":[1],"tags":[],"yoast_head":"<!-- This site is optimized with the Yoast SEO plugin v22.4 - https:\/\/yoast.com\/wordpress\/plugins\/seo\/ -->\n<title>F\u00eate de la musique - Ecole de Musique, Danse &amp; Th\u00e9\u00e2tre de Guilers<\/title>\n<meta name=\"robots\" content=\"index, follow, max-snippet:-1, max-image-preview:large, max-video-preview:-1\" \/>\n<link rel=\"canonical\" href=\"https:\/\/www.emdg-guilers.org\/index.php\/2025\/06\/11\/fete-de-la-musique\/\" \/>\n<meta property=\"og:locale\" content=\"fr_FR\" \/>\n<meta property=\"og:type\" content=\"article\" \/>\n<meta property=\"og:title\" content=\"F\u00eate de la musique - Ecole de Musique, Danse &amp; Th\u00e9\u00e2tre de Guilers\" \/>\n<meta property=\"og:description\" content=\"le 21 juin passez donc \u00e0 la halle Baucina, vous y \u00e9couterez des groupes, des solistes de la musique sous toutes ses formes. en partenariat avec la ville de guilers l&rsquo;EMDTG organise la f\u00eate de la musique. A partir de 13h30, musique, buvette et barbapapa.\" \/>\n<meta property=\"og:url\" content=\"https:\/\/www.emdg-guilers.org\/index.php\/2025\/06\/11\/fete-de-la-musique\/\" \/>\n<meta property=\"og:site_name\" content=\"Ecole de Musique, Danse &amp; Th\u00e9\u00e2tre de Guilers\" \/>\n<meta property=\"article:publisher\" content=\"https:\/\/www.facebook.com\/Ecole-de-Musique-et-de-Danse-de-Guilers-480017765533016\/\" \/>\n<meta property=\"article:published_time\" content=\"2025-06-11T21:32:33+00:00\" \/>\n<meta property=\"article:modified_time\" content=\"2025-06-11T21:32:36+00:00\" \/>\n<meta property=\"og:image\" content=\"https:\/\/www.emdg-guilers.org\/wp-content\/uploads\/2025\/06\/IMG_0886-640x1024.jpg\" \/>\n<meta name=\"author\" content=\"Jean Ducournau\" \/>\n<meta name=\"twitter:card\" content=\"summary_large_image\" \/>\n<meta name=\"twitter:label1\" content=\"\u00c9crit par\" \/>\n\t<meta name=\"twitter:data1\" content=\"Jean Ducournau\" \/>\n\t<meta name=\"twitter:label2\" content=\"Dur\u00e9e de lecture estim\u00e9e\" \/>\n\t<meta name=\"twitter:data2\" content=\"1 minute\" \/>\n<script type=\"application\/ld+json\" class=\"yoast-schema-graph\">{\"@context\":\"https:\/\/schema.org\",\"@graph\":[{\"@type\":\"Article\",\"@id\":\"https:\/\/www.emdg-guilers.org\/index.php\/2025\/06\/11\/fete-de-la-musique\/#article\",\"isPartOf\":{\"@id\":\"https:\/\/www.emdg-guilers.org\/index.php\/2025\/06\/11\/fete-de-la-musique\/\"},\"author\":{\"name\":\"Jean Ducournau\",\"@id\":\"https:\/\/www.emdg-guilers.org\/#\/schema\/person\/2491d56f2d725396557ab9962dffc712\"},\"headline\":\"F\u00eate de la musique\",\"datePublished\":\"2025-06-11T21:32:33+00:00\",\"dateModified\":\"2025-06-11T21:32:36+00:00\",\"mainEntityOfPage\":{\"@id\":\"https:\/\/www.emdg-guilers.org\/index.php\/2025\/06\/11\/fete-de-la-musique\/\"},\"wordCount\":49,\"publisher\":{\"@id\":\"https:\/\/www.emdg-guilers.org\/#organization\"},\"image\":{\"@id\":\"https:\/\/www.emdg-guilers.org\/index.php\/2025\/06\/11\/fete-de-la-musique\/#primaryimage\"},\"thumbnailUrl\":\"https:\/\/www.emdg-guilers.org\/wp-content\/uploads\/2025\/06\/IMG_0886-640x1024.jpg\",\"inLanguage\":\"fr-FR\"},{\"@type\":\"WebPage\",\"@id\":\"https:\/\/www.emdg-guilers.org\/index.php\/2025\/06\/11\/fete-de-la-musique\/\",\"url\":\"https:\/\/www.emdg-guilers.org\/index.php\/2025\/06\/11\/fete-de-la-musique\/\",\"name\":\"F\u00eate de la musique - Ecole de Musique, Danse &amp; Th\u00e9\u00e2tre de Guilers\",\"isPartOf\":{\"@id\":\"https:\/\/www.emdg-guilers.org\/#website\"},\"primaryImageOfPage\":{\"@id\":\"https:\/\/www.emdg-guilers.org\/index.php\/2025\/06\/11\/fete-de-la-musique\/#primaryimage\"},\"image\":{\"@id\":\"https:\/\/www.emdg-guilers.org\/index.php\/2025\/06\/11\/fete-de-la-musique\/#primaryimage\"},\"thumbnailUrl\":\"https:\/\/www.emdg-guilers.org\/wp-content\/uploads\/2025\/06\/IMG_0886-640x1024.jpg\",\"datePublished\":\"2025-06-11T21:32:33+00:00\",\"dateModified\":\"2025-06-11T21:32:36+00:00\",\"breadcrumb\":{\"@id\":\"https:\/\/www.emdg-guilers.org\/index.php\/2025\/06\/11\/fete-de-la-musique\/#breadcrumb\"},\"inLanguage\":\"fr-FR\",\"potentialAction\":[{\"@type\":\"ReadAction\",\"target\":[\"https:\/\/www.emdg-guilers.org\/index.php\/2025\/06\/11\/fete-de-la-musique\/\"]}]},{\"@type\":\"ImageObject\",\"inLanguage\":\"fr-FR\",\"@id\":\"https:\/\/www.emdg-guilers.org\/index.php\/2025\/06\/11\/fete-de-la-musique\/#primaryimage\",\"url\":\"https:\/\/www.emdg-guilers.org\/wp-content\/uploads\/2025\/06\/IMG_0886.jpg\",\"contentUrl\":\"https:\/\/www.emdg-guilers.org\/wp-content\/uploads\/2025\/06\/IMG_0886.jpg\",\"width\":1080,\"height\":1728},{\"@type\":\"BreadcrumbList\",\"@id\":\"https:\/\/www.emdg-guilers.org\/index.php\/2025\/06\/11\/fete-de-la-musique\/#breadcrumb\",\"itemListElement\":[{\"@type\":\"ListItem\",\"position\":1,\"name\":\"Accueil\",\"item\":\"https:\/\/www.emdg-guilers.org\/\"},{\"@type\":\"ListItem\",\"position\":2,\"name\":\"F\u00eate de la musique\"}]},{\"@type\":\"WebSite\",\"@id\":\"https:\/\/www.emdg-guilers.org\/#website\",\"url\":\"https:\/\/www.emdg-guilers.org\/\",\"name\":\"Ecole de Musique et Danse de Guilers\",\"description\":\"Ecole associative, cours de musique, danse, th\u00e9\u00e2tre accessibles \u00e0 tous\",\"publisher\":{\"@id\":\"https:\/\/www.emdg-guilers.org\/#organization\"},\"potentialAction\":[{\"@type\":\"SearchAction\",\"target\":{\"@type\":\"EntryPoint\",\"urlTemplate\":\"https:\/\/www.emdg-guilers.org\/?s={search_term_string}\"},\"query-input\":\"required name=search_term_string\"}],\"inLanguage\":\"fr-FR\"},{\"@type\":\"Organization\",\"@id\":\"https:\/\/www.emdg-guilers.org\/#organization\",\"name\":\"Ecole de Musique et de Danse\",\"url\":\"https:\/\/www.emdg-guilers.org\/\",\"logo\":{\"@type\":\"ImageObject\",\"inLanguage\":\"fr-FR\",\"@id\":\"https:\/\/www.emdg-guilers.org\/#\/schema\/logo\/image\/\",\"url\":\"https:\/\/www.emdg-guilers.org\/wp-content\/uploads\/2016\/06\/logo2014.jpg\",\"contentUrl\":\"https:\/\/www.emdg-guilers.org\/wp-content\/uploads\/2016\/06\/logo2014.jpg\",\"width\":214,\"height\":116,\"caption\":\"Ecole de Musique et de Danse\"},\"image\":{\"@id\":\"https:\/\/www.emdg-guilers.org\/#\/schema\/logo\/image\/\"},\"sameAs\":[\"https:\/\/www.facebook.com\/Ecole-de-Musique-et-de-Danse-de-Guilers-480017765533016\/\"]},{\"@type\":\"Person\",\"@id\":\"https:\/\/www.emdg-guilers.org\/#\/schema\/person\/2491d56f2d725396557ab9962dffc712\",\"name\":\"Jean Ducournau\",\"image\":{\"@type\":\"ImageObject\",\"inLanguage\":\"fr-FR\",\"@id\":\"https:\/\/www.emdg-guilers.org\/#\/schema\/person\/image\/\",\"url\":\"https:\/\/secure.gravatar.com\/avatar\/0e65f22535c9d4150f62be728177ea55?s=96&d=mm&r=g\",\"contentUrl\":\"https:\/\/secure.gravatar.com\/avatar\/0e65f22535c9d4150f62be728177ea55?s=96&d=mm&r=g\",\"caption\":\"Jean Ducournau\"},\"url\":\"https:\/\/www.emdg-guilers.org\/index.php\/author\/jducournau\/\"}]}<\/script>\n<!-- \/ Yoast SEO plugin. -->","yoast_head_json":{"title":"F\u00eate de la musique - Ecole de Musique, Danse &amp; Th\u00e9\u00e2tre de Guilers","robots":{"index":"index","follow":"follow","max-snippet":"max-snippet:-1","max-image-preview":"max-image-preview:large","max-video-preview":"max-video-preview:-1"},"canonical":"https:\/\/www.emdg-guilers.org\/index.php\/2025\/06\/11\/fete-de-la-musique\/","og_locale":"fr_FR","og_type":"article","og_title":"F\u00eate de la musique - Ecole de Musique, Danse &amp; Th\u00e9\u00e2tre de Guilers","og_description":"le 21 juin passez donc \u00e0 la halle Baucina, vous y \u00e9couterez des groupes, des solistes de la musique sous toutes ses formes. en partenariat avec la ville de guilers l&rsquo;EMDTG organise la f\u00eate de la musique. A partir de 13h30, musique, buvette et barbapapa.","og_url":"https:\/\/www.emdg-guilers.org\/index.php\/2025\/06\/11\/fete-de-la-musique\/","og_site_name":"Ecole de Musique, Danse &amp; Th\u00e9\u00e2tre de Guilers","article_publisher":"https:\/\/www.facebook.com\/Ecole-de-Musique-et-de-Danse-de-Guilers-480017765533016\/","article_published_time":"2025-06-11T21:32:33+00:00","article_modified_time":"2025-06-11T21:32:36+00:00","og_image":[{"url":"https:\/\/www.emdg-guilers.org\/wp-content\/uploads\/2025\/06\/IMG_0886-640x1024.jpg"}],"author":"Jean Ducournau","twitter_card":"summary_large_image","twitter_misc":{"\u00c9crit par":"Jean Ducournau","Dur\u00e9e de lecture estim\u00e9e":"1 minute"},"schema":{"@context":"https:\/\/schema.org","@graph":[{"@type":"Article","@id":"https:\/\/www.emdg-guilers.org\/index.php\/2025\/06\/11\/fete-de-la-musique\/#article","isPartOf":{"@id":"https:\/\/www.emdg-guilers.org\/index.php\/2025\/06\/11\/fete-de-la-musique\/"},"author":{"name":"Jean Ducournau","@id":"https:\/\/www.emdg-guilers.org\/#\/schema\/person\/2491d56f2d725396557ab9962dffc712"},"headline":"F\u00eate de la musique","datePublished":"2025-06-11T21:32:33+00:00","dateModified":"2025-06-11T21:32:36+00:00","mainEntityOfPage":{"@id":"https:\/\/www.emdg-guilers.org\/index.php\/2025\/06\/11\/fete-de-la-musique\/"},"wordCount":49,"publisher":{"@id":"https:\/\/www.emdg-guilers.org\/#organization"},"image":{"@id":"https:\/\/www.emdg-guilers.org\/index.php\/2025\/06\/11\/fete-de-la-musique\/#primaryimage"},"thumbnailUrl":"https:\/\/www.emdg-guilers.org\/wp-content\/uploads\/2025\/06\/IMG_0886-640x1024.jpg","inLanguage":"fr-FR"},{"@type":"WebPage","@id":"https:\/\/www.emdg-guilers.org\/index.php\/2025\/06\/11\/fete-de-la-musique\/","url":"https:\/\/www.emdg-guilers.org\/index.php\/2025\/06\/11\/fete-de-la-musique\/","name":"F\u00eate de la musique - Ecole de Musique, Danse &amp; Th\u00e9\u00e2tre de Guilers","isPartOf":{"@id":"https:\/\/www.emdg-guilers.org\/#website"},"primaryImageOfPage":{"@id":"https:\/\/www.emdg-guilers.org\/index.php\/2025\/06\/11\/fete-de-la-musique\/#primaryimage"},"image":{"@id":"https:\/\/www.emdg-guilers.org\/index.php\/2025\/06\/11\/fete-de-la-musique\/#primaryimage"},"thumbnailUrl":"https:\/\/www.emdg-guilers.org\/wp-content\/uploads\/2025\/06\/IMG_0886-640x1024.jpg","datePublished":"2025-06-11T21:32:33+00:00","dateModified":"2025-06-11T21:32:36+00:00","breadcrumb":{"@id":"https:\/\/www.emdg-guilers.org\/index.php\/2025\/06\/11\/fete-de-la-musique\/#breadcrumb"},"inLanguage":"fr-FR","potentialAction":[{"@type":"ReadAction","target":["https:\/\/www.emdg-guilers.org\/index.php\/2025\/06\/11\/fete-de-la-musique\/"]}]},{"@type":"ImageObject","inLanguage":"fr-FR","@id":"https:\/\/www.emdg-guilers.org\/index.php\/2025\/06\/11\/fete-de-la-musique\/#primaryimage","url":"https:\/\/www.emdg-guilers.org\/wp-content\/uploads\/2025\/06\/IMG_0886.jpg","contentUrl":"https:\/\/www.emdg-guilers.org\/wp-content\/uploads\/2025\/06\/IMG_0886.jpg","width":1080,"height":1728},{"@type":"BreadcrumbList","@id":"https:\/\/www.emdg-guilers.org\/index.php\/2025\/06\/11\/fete-de-la-musique\/#breadcrumb","itemListElement":[{"@type":"ListItem","position":1,"name":"Accueil","item":"https:\/\/www.emdg-guilers.org\/"},{"@type":"ListItem","position":2,"name":"F\u00eate de la musique"}]},{"@type":"WebSite","@id":"https:\/\/www.emdg-guilers.org\/#website","url":"https:\/\/www.emdg-guilers.org\/","name":"Ecole de Musique et Danse de Guilers","description":"Ecole associative, cours de musique, danse, th\u00e9\u00e2tre accessibles \u00e0 tous","publisher":{"@id":"https:\/\/www.emdg-guilers.org\/#organization"},"potentialAction":[{"@type":"SearchAction","target":{"@type":"EntryPoint","urlTemplate":"https:\/\/www.emdg-guilers.org\/?s={search_term_string}"},"query-input":"required name=search_term_string"}],"inLanguage":"fr-FR"},{"@type":"Organization","@id":"https:\/\/www.emdg-guilers.org\/#organization","name":"Ecole de Musique et de Danse","url":"https:\/\/www.emdg-guilers.org\/","logo":{"@type":"ImageObject","inLanguage":"fr-FR","@id":"https:\/\/www.emdg-guilers.org\/#\/schema\/logo\/image\/","url":"https:\/\/www.emdg-guilers.org\/wp-content\/uploads\/2016\/06\/logo2014.jpg","contentUrl":"https:\/\/www.emdg-guilers.org\/wp-content\/uploads\/2016\/06\/logo2014.jpg","width":214,"height":116,"caption":"Ecole de Musique et de Danse"},"image":{"@id":"https:\/\/www.emdg-guilers.org\/#\/schema\/logo\/image\/"},"sameAs":["https:\/\/www.facebook.com\/Ecole-de-Musique-et-de-Danse-de-Guilers-480017765533016\/"]},{"@type":"Person","@id":"https:\/\/www.emdg-guilers.org\/#\/schema\/person\/2491d56f2d725396557ab9962dffc712","name":"Jean Ducournau","image":{"@type":"ImageObject","inLanguage":"fr-FR","@id":"https:\/\/www.emdg-guilers.org\/#\/schema\/person\/image\/","url":"https:\/\/secure.gravatar.com\/avatar\/0e65f22535c9d4150f62be728177ea55?s=96&d=mm&r=g","contentUrl":"https:\/\/secure.gravatar.com\/avatar\/0e65f22535c9d4150f62be728177ea55?s=96&d=mm&r=g","caption":"Jean Ducournau"},"url":"https:\/\/www.emdg-guilers.org\/index.php\/author\/jducournau\/"}]}},"_links":{"self":[{"href":"https:\/\/www.emdg-guilers.org\/index.php\/wp-json\/wp\/v2\/posts\/4661"}],"collection":[{"href":"https:\/\/www.emdg-guilers.org\/index.php\/wp-json\/wp\/v2\/posts"}],"about":[{"href":"https:\/\/www.emdg-guilers.org\/index.php\/wp-json\/wp\/v2\/types\/post"}],"author":[{"embeddable":true,"href":"https:\/\/www.emdg-guilers.org\/index.php\/wp-json\/wp\/v2\/users\/24"}],"replies":[{"embeddable":true,"href":"https:\/\/www.emdg-guilers.org\/index.php\/wp-json\/wp\/v2\/comments?post=4661"}],"version-history":[{"count":1,"href":"https:\/\/www.emdg-guilers.org\/index.php\/wp-json\/wp\/v2\/posts\/4661\/revisions"}],"predecessor-version":[{"id":4663,"href":"https:\/\/www.emdg-guilers.org\/index.php\/wp-json\/wp\/v2\/posts\/4661\/revisions\/4663"}],"wp:attachment":[{"href":"https:\/\/www.emdg-guilers.org\/index.php\/wp-json\/wp\/v2\/media?parent=4661"}],"wp:term":[{"taxonomy":"category","embeddable":true,"href":"https:\/\/www.emdg-guilers.org\/index.php\/wp-json\/wp\/v2\/categories?post=4661"},{"taxonomy":"post_tag","embeddable":true,"href":"https:\/\/www.emdg-guilers.org\/index.php\/wp-json\/wp\/v2\/tags?post=4661"}],"curies":[{"name":"wp","href":"https:\/\/api.w.org\/{rel}","templated":true}]}}