{"id":4695,"date":"2025-07-08T09:36:15","date_gmt":"2025-07-08T07:36:15","guid":{"rendered":"https:\/\/www.emdg-guilers.org\/?p=4695"},"modified":"2025-07-08T11:08:57","modified_gmt":"2025-07-08T09:08:57","slug":"il-reste-de-la-place-inscrivez-vous","status":"publish","type":"post","link":"https:\/\/www.emdg-guilers.org\/index.php\/2025\/07\/08\/il-reste-de-la-place-inscrivez-vous\/","title":{"rendered":"Il reste de la place, Inscrivez vous !"},"content":{"rendered":"\n<p>Il reste encore de la place dans \u00e0 peu pr\u00e8s toutes les sections alors, pendant les vacances, venez vous inscrire \u00e0 l&rsquo;Ecole de Musique Danse et Th\u00e9\u00e2tre de Guilers<\/p>\n\n\n\n<p>T\u00e9l\u00e9chargez le formulaire ici <a href=\"https:\/\/www.emdg-guilers.org\/index.php\/fiches-dinscription-2023-24\/\" target=\"_blank\" rel=\"noreferrer noopener\">inscription 2025-26<\/a>, comp\u00e9tez le et venez le d\u00e9poser dans notre bo\u00eete aux lettres au 11 rue de Milizac \u00e0 Guilers.<\/p>\n\n\n\n<p>Nous vous retrouverons au forum des associations le 6 septembre \u00e0 la salle Pagnol de Guilers.<\/p>\n\n\n<div class=\"wp-block-image\">\n<figure class=\"alignleft is-resized\"><img loading=\"lazy\" decoding=\"async\" width=\"188\" height=\"300\" src=\"https:\/\/www.emdg-guilers.org\/wp-content\/uploads\/2025\/07\/danse-188x300.jpg\" alt=\"\" class=\"wp-image-4693\" style=\"width:190px;height:auto\" srcset=\"https:\/\/www.emdg-guilers.org\/wp-content\/uploads\/2025\/07\/danse-188x300.jpg 188w, https:\/\/www.emdg-guilers.org\/wp-content\/uploads\/2025\/07\/danse-640x1024.jpg 640w, https:\/\/www.emdg-guilers.org\/wp-content\/uploads\/2025\/07\/danse-768x1229.jpg 768w, https:\/\/www.emdg-guilers.org\/wp-content\/uploads\/2025\/07\/danse-960x1536.jpg 960w, https:\/\/www.emdg-guilers.org\/wp-content\/uploads\/2025\/07\/danse-169x270.jpg 169w, https:\/\/www.emdg-guilers.org\/wp-content\/uploads\/2025\/07\/danse.jpg 1080w\" sizes=\"(max-width: 188px) 100vw, 188px\" \/><\/figure><\/div>\n\n<div class=\"wp-block-image\">\n<figure class=\"alignright\"><img loading=\"lazy\" decoding=\"async\" width=\"188\" height=\"300\" src=\"https:\/\/www.emdg-guilers.org\/wp-content\/uploads\/2025\/07\/cordes-188x300.jpg\" alt=\"\" class=\"wp-image-4692\" srcset=\"https:\/\/www.emdg-guilers.org\/wp-content\/uploads\/2025\/07\/cordes-188x300.jpg 188w, https:\/\/www.emdg-guilers.org\/wp-content\/uploads\/2025\/07\/cordes-640x1024.jpg 640w, https:\/\/www.emdg-guilers.org\/wp-content\/uploads\/2025\/07\/cordes-768x1229.jpg 768w, https:\/\/www.emdg-guilers.org\/wp-content\/uploads\/2025\/07\/cordes-960x1536.jpg 960w, https:\/\/www.emdg-guilers.org\/wp-content\/uploads\/2025\/07\/cordes-169x270.jpg 169w, https:\/\/www.emdg-guilers.org\/wp-content\/uploads\/2025\/07\/cordes.jpg 1080w\" sizes=\"(max-width: 188px) 100vw, 188px\" \/><\/figure><\/div>\n\n<div class=\"wp-block-image\">\n<figure class=\"aligncenter\"><img loading=\"lazy\" decoding=\"async\" width=\"188\" height=\"300\" src=\"https:\/\/www.emdg-guilers.org\/wp-content\/uploads\/2025\/07\/vents-188x300.jpg\" alt=\"\" class=\"wp-image-4691\" srcset=\"https:\/\/www.emdg-guilers.org\/wp-content\/uploads\/2025\/07\/vents-188x300.jpg 188w, https:\/\/www.emdg-guilers.org\/wp-content\/uploads\/2025\/07\/vents-640x1024.jpg 640w, https:\/\/www.emdg-guilers.org\/wp-content\/uploads\/2025\/07\/vents-768x1229.jpg 768w, https:\/\/www.emdg-guilers.org\/wp-content\/uploads\/2025\/07\/vents-960x1536.jpg 960w, https:\/\/www.emdg-guilers.org\/wp-content\/uploads\/2025\/07\/vents-169x270.jpg 169w, https:\/\/www.emdg-guilers.org\/wp-content\/uploads\/2025\/07\/vents.jpg 1080w\" sizes=\"(max-width: 188px) 100vw, 188px\" \/><\/figure><\/div>\n\n<div class=\"wp-block-image\">\n<figure class=\"aligncenter\"><img loading=\"lazy\" decoding=\"async\" width=\"188\" height=\"300\" src=\"https:\/\/www.emdg-guilers.org\/wp-content\/uploads\/2025\/07\/impro-188x300.jpg\" alt=\"\" class=\"wp-image-4690\" srcset=\"https:\/\/www.emdg-guilers.org\/wp-content\/uploads\/2025\/07\/impro-188x300.jpg 188w, https:\/\/www.emdg-guilers.org\/wp-content\/uploads\/2025\/07\/impro-640x1024.jpg 640w, https:\/\/www.emdg-guilers.org\/wp-content\/uploads\/2025\/07\/impro-768x1229.jpg 768w, https:\/\/www.emdg-guilers.org\/wp-content\/uploads\/2025\/07\/impro-960x1536.jpg 960w, https:\/\/www.emdg-guilers.org\/wp-content\/uploads\/2025\/07\/impro-169x270.jpg 169w, https:\/\/www.emdg-guilers.org\/wp-content\/uploads\/2025\/07\/impro.jpg 1080w\" sizes=\"(max-width: 188px) 100vw, 188px\" \/><\/figure><\/div>","protected":false},"excerpt":{"rendered":"<p>Il reste encore de la place dans \u00e0 peu pr\u00e8s toutes les sections alors, pendant les vacances, venez vous inscrire \u00e0 l&rsquo;Ecole de Musique Danse et Th\u00e9\u00e2tre de Guilers T\u00e9l\u00e9chargez le formulaire ici inscription 2025-26, comp\u00e9tez le et venez le d\u00e9poser dans notre bo\u00eete aux lettres au 11 rue de Milizac \u00e0 Guilers. Nous vous retrouverons au forum des associations le 6 septembre \u00e0 la salle Pagnol de Guilers.<\/p>\n","protected":false},"author":24,"featured_media":0,"comment_status":"closed","ping_status":"closed","sticky":false,"template":"","format":"standard","meta":{"footnotes":""},"categories":[1],"tags":[],"yoast_head":"<!-- This site is optimized with the Yoast SEO plugin v22.4 - https:\/\/yoast.com\/wordpress\/plugins\/seo\/ -->\n<title>Il reste de la place, Inscrivez vous ! - Ecole de Musique, Danse &amp; Th\u00e9\u00e2tre de Guilers<\/title>\n<meta name=\"robots\" content=\"index, follow, max-snippet:-1, max-image-preview:large, max-video-preview:-1\" \/>\n<link rel=\"canonical\" href=\"https:\/\/www.emdg-guilers.org\/index.php\/2025\/07\/08\/il-reste-de-la-place-inscrivez-vous\/\" \/>\n<meta property=\"og:locale\" content=\"fr_FR\" \/>\n<meta property=\"og:type\" content=\"article\" \/>\n<meta property=\"og:title\" content=\"Il reste de la place, Inscrivez vous ! - Ecole de Musique, Danse &amp; Th\u00e9\u00e2tre de Guilers\" \/>\n<meta property=\"og:description\" content=\"Il reste encore de la place dans \u00e0 peu pr\u00e8s toutes les sections alors, pendant les vacances, venez vous inscrire \u00e0 l&rsquo;Ecole de Musique Danse et Th\u00e9\u00e2tre de Guilers T\u00e9l\u00e9chargez le formulaire ici inscription 2025-26, comp\u00e9tez le et venez le d\u00e9poser dans notre bo\u00eete aux lettres au 11 rue de Milizac \u00e0 Guilers. Nous vous retrouverons au forum des associations le 6 septembre \u00e0 la salle Pagnol de Guilers.\" \/>\n<meta property=\"og:url\" content=\"https:\/\/www.emdg-guilers.org\/index.php\/2025\/07\/08\/il-reste-de-la-place-inscrivez-vous\/\" \/>\n<meta property=\"og:site_name\" content=\"Ecole de Musique, Danse &amp; Th\u00e9\u00e2tre de Guilers\" \/>\n<meta property=\"article:publisher\" content=\"https:\/\/www.facebook.com\/Ecole-de-Musique-et-de-Danse-de-Guilers-480017765533016\/\" \/>\n<meta property=\"article:published_time\" content=\"2025-07-08T07:36:15+00:00\" \/>\n<meta property=\"article:modified_time\" content=\"2025-07-08T09:08:57+00:00\" \/>\n<meta property=\"og:image\" content=\"https:\/\/www.emdg-guilers.org\/wp-content\/uploads\/2025\/07\/danse-188x300.jpg\" \/>\n<meta name=\"author\" content=\"Jean Ducournau\" \/>\n<meta name=\"twitter:card\" content=\"summary_large_image\" \/>\n<meta name=\"twitter:label1\" content=\"\u00c9crit par\" \/>\n\t<meta name=\"twitter:data1\" content=\"Jean Ducournau\" \/>\n\t<meta name=\"twitter:label2\" content=\"Dur\u00e9e de lecture estim\u00e9e\" \/>\n\t<meta name=\"twitter:data2\" content=\"2 minutes\" \/>\n<script type=\"application\/ld+json\" class=\"yoast-schema-graph\">{\"@context\":\"https:\/\/schema.org\",\"@graph\":[{\"@type\":\"Article\",\"@id\":\"https:\/\/www.emdg-guilers.org\/index.php\/2025\/07\/08\/il-reste-de-la-place-inscrivez-vous\/#article\",\"isPartOf\":{\"@id\":\"https:\/\/www.emdg-guilers.org\/index.php\/2025\/07\/08\/il-reste-de-la-place-inscrivez-vous\/\"},\"author\":{\"name\":\"Jean Ducournau\",\"@id\":\"https:\/\/www.emdg-guilers.org\/#\/schema\/person\/2491d56f2d725396557ab9962dffc712\"},\"headline\":\"Il reste de la place, Inscrivez vous !\",\"datePublished\":\"2025-07-08T07:36:15+00:00\",\"dateModified\":\"2025-07-08T09:08:57+00:00\",\"mainEntityOfPage\":{\"@id\":\"https:\/\/www.emdg-guilers.org\/index.php\/2025\/07\/08\/il-reste-de-la-place-inscrivez-vous\/\"},\"wordCount\":77,\"publisher\":{\"@id\":\"https:\/\/www.emdg-guilers.org\/#organization\"},\"image\":{\"@id\":\"https:\/\/www.emdg-guilers.org\/index.php\/2025\/07\/08\/il-reste-de-la-place-inscrivez-vous\/#primaryimage\"},\"thumbnailUrl\":\"https:\/\/www.emdg-guilers.org\/wp-content\/uploads\/2025\/07\/danse-188x300.jpg\",\"inLanguage\":\"fr-FR\"},{\"@type\":\"WebPage\",\"@id\":\"https:\/\/www.emdg-guilers.org\/index.php\/2025\/07\/08\/il-reste-de-la-place-inscrivez-vous\/\",\"url\":\"https:\/\/www.emdg-guilers.org\/index.php\/2025\/07\/08\/il-reste-de-la-place-inscrivez-vous\/\",\"name\":\"Il reste de la place, Inscrivez vous ! - Ecole de Musique, Danse &amp; Th\u00e9\u00e2tre de Guilers\",\"isPartOf\":{\"@id\":\"https:\/\/www.emdg-guilers.org\/#website\"},\"primaryImageOfPage\":{\"@id\":\"https:\/\/www.emdg-guilers.org\/index.php\/2025\/07\/08\/il-reste-de-la-place-inscrivez-vous\/#primaryimage\"},\"image\":{\"@id\":\"https:\/\/www.emdg-guilers.org\/index.php\/2025\/07\/08\/il-reste-de-la-place-inscrivez-vous\/#primaryimage\"},\"thumbnailUrl\":\"https:\/\/www.emdg-guilers.org\/wp-content\/uploads\/2025\/07\/danse-188x300.jpg\",\"datePublished\":\"2025-07-08T07:36:15+00:00\",\"dateModified\":\"2025-07-08T09:08:57+00:00\",\"breadcrumb\":{\"@id\":\"https:\/\/www.emdg-guilers.org\/index.php\/2025\/07\/08\/il-reste-de-la-place-inscrivez-vous\/#breadcrumb\"},\"inLanguage\":\"fr-FR\",\"potentialAction\":[{\"@type\":\"ReadAction\",\"target\":[\"https:\/\/www.emdg-guilers.org\/index.php\/2025\/07\/08\/il-reste-de-la-place-inscrivez-vous\/\"]}]},{\"@type\":\"ImageObject\",\"inLanguage\":\"fr-FR\",\"@id\":\"https:\/\/www.emdg-guilers.org\/index.php\/2025\/07\/08\/il-reste-de-la-place-inscrivez-vous\/#primaryimage\",\"url\":\"https:\/\/www.emdg-guilers.org\/wp-content\/uploads\/2025\/07\/danse.jpg\",\"contentUrl\":\"https:\/\/www.emdg-guilers.org\/wp-content\/uploads\/2025\/07\/danse.jpg\",\"width\":1080,\"height\":1728},{\"@type\":\"BreadcrumbList\",\"@id\":\"https:\/\/www.emdg-guilers.org\/index.php\/2025\/07\/08\/il-reste-de-la-place-inscrivez-vous\/#breadcrumb\",\"itemListElement\":[{\"@type\":\"ListItem\",\"position\":1,\"name\":\"Accueil\",\"item\":\"https:\/\/www.emdg-guilers.org\/\"},{\"@type\":\"ListItem\",\"position\":2,\"name\":\"Il reste de la place, Inscrivez vous !\"}]},{\"@type\":\"WebSite\",\"@id\":\"https:\/\/www.emdg-guilers.org\/#website\",\"url\":\"https:\/\/www.emdg-guilers.org\/\",\"name\":\"Ecole de Musique et Danse de Guilers\",\"description\":\"Ecole associative, cours de musique, danse, th\u00e9\u00e2tre accessibles \u00e0 tous\",\"publisher\":{\"@id\":\"https:\/\/www.emdg-guilers.org\/#organization\"},\"potentialAction\":[{\"@type\":\"SearchAction\",\"target\":{\"@type\":\"EntryPoint\",\"urlTemplate\":\"https:\/\/www.emdg-guilers.org\/?s={search_term_string}\"},\"query-input\":\"required name=search_term_string\"}],\"inLanguage\":\"fr-FR\"},{\"@type\":\"Organization\",\"@id\":\"https:\/\/www.emdg-guilers.org\/#organization\",\"name\":\"Ecole de Musique et de Danse\",\"url\":\"https:\/\/www.emdg-guilers.org\/\",\"logo\":{\"@type\":\"ImageObject\",\"inLanguage\":\"fr-FR\",\"@id\":\"https:\/\/www.emdg-guilers.org\/#\/schema\/logo\/image\/\",\"url\":\"https:\/\/www.emdg-guilers.org\/wp-content\/uploads\/2016\/06\/logo2014.jpg\",\"contentUrl\":\"https:\/\/www.emdg-guilers.org\/wp-content\/uploads\/2016\/06\/logo2014.jpg\",\"width\":214,\"height\":116,\"caption\":\"Ecole de Musique et de Danse\"},\"image\":{\"@id\":\"https:\/\/www.emdg-guilers.org\/#\/schema\/logo\/image\/\"},\"sameAs\":[\"https:\/\/www.facebook.com\/Ecole-de-Musique-et-de-Danse-de-Guilers-480017765533016\/\"]},{\"@type\":\"Person\",\"@id\":\"https:\/\/www.emdg-guilers.org\/#\/schema\/person\/2491d56f2d725396557ab9962dffc712\",\"name\":\"Jean Ducournau\",\"image\":{\"@type\":\"ImageObject\",\"inLanguage\":\"fr-FR\",\"@id\":\"https:\/\/www.emdg-guilers.org\/#\/schema\/person\/image\/\",\"url\":\"https:\/\/secure.gravatar.com\/avatar\/0e65f22535c9d4150f62be728177ea55?s=96&d=mm&r=g\",\"contentUrl\":\"https:\/\/secure.gravatar.com\/avatar\/0e65f22535c9d4150f62be728177ea55?s=96&d=mm&r=g\",\"caption\":\"Jean Ducournau\"},\"url\":\"https:\/\/www.emdg-guilers.org\/index.php\/author\/jducournau\/\"}]}<\/script>\n<!-- \/ Yoast SEO plugin. -->","yoast_head_json":{"title":"Il reste de la place, Inscrivez vous ! - Ecole de Musique, Danse &amp; Th\u00e9\u00e2tre de Guilers","robots":{"index":"index","follow":"follow","max-snippet":"max-snippet:-1","max-image-preview":"max-image-preview:large","max-video-preview":"max-video-preview:-1"},"canonical":"https:\/\/www.emdg-guilers.org\/index.php\/2025\/07\/08\/il-reste-de-la-place-inscrivez-vous\/","og_locale":"fr_FR","og_type":"article","og_title":"Il reste de la place, Inscrivez vous ! - Ecole de Musique, Danse &amp; Th\u00e9\u00e2tre de Guilers","og_description":"Il reste encore de la place dans \u00e0 peu pr\u00e8s toutes les sections alors, pendant les vacances, venez vous inscrire \u00e0 l&rsquo;Ecole de Musique Danse et Th\u00e9\u00e2tre de Guilers T\u00e9l\u00e9chargez le formulaire ici inscription 2025-26, comp\u00e9tez le et venez le d\u00e9poser dans notre bo\u00eete aux lettres au 11 rue de Milizac \u00e0 Guilers. Nous vous retrouverons au forum des associations le 6 septembre \u00e0 la salle Pagnol de Guilers.","og_url":"https:\/\/www.emdg-guilers.org\/index.php\/2025\/07\/08\/il-reste-de-la-place-inscrivez-vous\/","og_site_name":"Ecole de Musique, Danse &amp; Th\u00e9\u00e2tre de Guilers","article_publisher":"https:\/\/www.facebook.com\/Ecole-de-Musique-et-de-Danse-de-Guilers-480017765533016\/","article_published_time":"2025-07-08T07:36:15+00:00","article_modified_time":"2025-07-08T09:08:57+00:00","og_image":[{"url":"https:\/\/www.emdg-guilers.org\/wp-content\/uploads\/2025\/07\/danse-188x300.jpg"}],"author":"Jean Ducournau","twitter_card":"summary_large_image","twitter_misc":{"\u00c9crit par":"Jean Ducournau","Dur\u00e9e de lecture estim\u00e9e":"2 minutes"},"schema":{"@context":"https:\/\/schema.org","@graph":[{"@type":"Article","@id":"https:\/\/www.emdg-guilers.org\/index.php\/2025\/07\/08\/il-reste-de-la-place-inscrivez-vous\/#article","isPartOf":{"@id":"https:\/\/www.emdg-guilers.org\/index.php\/2025\/07\/08\/il-reste-de-la-place-inscrivez-vous\/"},"author":{"name":"Jean Ducournau","@id":"https:\/\/www.emdg-guilers.org\/#\/schema\/person\/2491d56f2d725396557ab9962dffc712"},"headline":"Il reste de la place, Inscrivez vous !","datePublished":"2025-07-08T07:36:15+00:00","dateModified":"2025-07-08T09:08:57+00:00","mainEntityOfPage":{"@id":"https:\/\/www.emdg-guilers.org\/index.php\/2025\/07\/08\/il-reste-de-la-place-inscrivez-vous\/"},"wordCount":77,"publisher":{"@id":"https:\/\/www.emdg-guilers.org\/#organization"},"image":{"@id":"https:\/\/www.emdg-guilers.org\/index.php\/2025\/07\/08\/il-reste-de-la-place-inscrivez-vous\/#primaryimage"},"thumbnailUrl":"https:\/\/www.emdg-guilers.org\/wp-content\/uploads\/2025\/07\/danse-188x300.jpg","inLanguage":"fr-FR"},{"@type":"WebPage","@id":"https:\/\/www.emdg-guilers.org\/index.php\/2025\/07\/08\/il-reste-de-la-place-inscrivez-vous\/","url":"https:\/\/www.emdg-guilers.org\/index.php\/2025\/07\/08\/il-reste-de-la-place-inscrivez-vous\/","name":"Il reste de la place, Inscrivez vous ! - Ecole de Musique, Danse &amp; Th\u00e9\u00e2tre de Guilers","isPartOf":{"@id":"https:\/\/www.emdg-guilers.org\/#website"},"primaryImageOfPage":{"@id":"https:\/\/www.emdg-guilers.org\/index.php\/2025\/07\/08\/il-reste-de-la-place-inscrivez-vous\/#primaryimage"},"image":{"@id":"https:\/\/www.emdg-guilers.org\/index.php\/2025\/07\/08\/il-reste-de-la-place-inscrivez-vous\/#primaryimage"},"thumbnailUrl":"https:\/\/www.emdg-guilers.org\/wp-content\/uploads\/2025\/07\/danse-188x300.jpg","datePublished":"2025-07-08T07:36:15+00:00","dateModified":"2025-07-08T09:08:57+00:00","breadcrumb":{"@id":"https:\/\/www.emdg-guilers.org\/index.php\/2025\/07\/08\/il-reste-de-la-place-inscrivez-vous\/#breadcrumb"},"inLanguage":"fr-FR","potentialAction":[{"@type":"ReadAction","target":["https:\/\/www.emdg-guilers.org\/index.php\/2025\/07\/08\/il-reste-de-la-place-inscrivez-vous\/"]}]},{"@type":"ImageObject","inLanguage":"fr-FR","@id":"https:\/\/www.emdg-guilers.org\/index.php\/2025\/07\/08\/il-reste-de-la-place-inscrivez-vous\/#primaryimage","url":"https:\/\/www.emdg-guilers.org\/wp-content\/uploads\/2025\/07\/danse.jpg","contentUrl":"https:\/\/www.emdg-guilers.org\/wp-content\/uploads\/2025\/07\/danse.jpg","width":1080,"height":1728},{"@type":"BreadcrumbList","@id":"https:\/\/www.emdg-guilers.org\/index.php\/2025\/07\/08\/il-reste-de-la-place-inscrivez-vous\/#breadcrumb","itemListElement":[{"@type":"ListItem","position":1,"name":"Accueil","item":"https:\/\/www.emdg-guilers.org\/"},{"@type":"ListItem","position":2,"name":"Il reste de la place, Inscrivez vous !"}]},{"@type":"WebSite","@id":"https:\/\/www.emdg-guilers.org\/#website","url":"https:\/\/www.emdg-guilers.org\/","name":"Ecole de Musique et Danse de Guilers","description":"Ecole associative, cours de musique, danse, th\u00e9\u00e2tre accessibles \u00e0 tous","publisher":{"@id":"https:\/\/www.emdg-guilers.org\/#organization"},"potentialAction":[{"@type":"SearchAction","target":{"@type":"EntryPoint","urlTemplate":"https:\/\/www.emdg-guilers.org\/?s={search_term_string}"},"query-input":"required name=search_term_string"}],"inLanguage":"fr-FR"},{"@type":"Organization","@id":"https:\/\/www.emdg-guilers.org\/#organization","name":"Ecole de Musique et de Danse","url":"https:\/\/www.emdg-guilers.org\/","logo":{"@type":"ImageObject","inLanguage":"fr-FR","@id":"https:\/\/www.emdg-guilers.org\/#\/schema\/logo\/image\/","url":"https:\/\/www.emdg-guilers.org\/wp-content\/uploads\/2016\/06\/logo2014.jpg","contentUrl":"https:\/\/www.emdg-guilers.org\/wp-content\/uploads\/2016\/06\/logo2014.jpg","width":214,"height":116,"caption":"Ecole de Musique et de Danse"},"image":{"@id":"https:\/\/www.emdg-guilers.org\/#\/schema\/logo\/image\/"},"sameAs":["https:\/\/www.facebook.com\/Ecole-de-Musique-et-de-Danse-de-Guilers-480017765533016\/"]},{"@type":"Person","@id":"https:\/\/www.emdg-guilers.org\/#\/schema\/person\/2491d56f2d725396557ab9962dffc712","name":"Jean Ducournau","image":{"@type":"ImageObject","inLanguage":"fr-FR","@id":"https:\/\/www.emdg-guilers.org\/#\/schema\/person\/image\/","url":"https:\/\/secure.gravatar.com\/avatar\/0e65f22535c9d4150f62be728177ea55?s=96&d=mm&r=g","contentUrl":"https:\/\/secure.gravatar.com\/avatar\/0e65f22535c9d4150f62be728177ea55?s=96&d=mm&r=g","caption":"Jean Ducournau"},"url":"https:\/\/www.emdg-guilers.org\/index.php\/author\/jducournau\/"}]}},"_links":{"self":[{"href":"https:\/\/www.emdg-guilers.org\/index.php\/wp-json\/wp\/v2\/posts\/4695"}],"collection":[{"href":"https:\/\/www.emdg-guilers.org\/index.php\/wp-json\/wp\/v2\/posts"}],"about":[{"href":"https:\/\/www.emdg-guilers.org\/index.php\/wp-json\/wp\/v2\/types\/post"}],"author":[{"embeddable":true,"href":"https:\/\/www.emdg-guilers.org\/index.php\/wp-json\/wp\/v2\/users\/24"}],"replies":[{"embeddable":true,"href":"https:\/\/www.emdg-guilers.org\/index.php\/wp-json\/wp\/v2\/comments?post=4695"}],"version-history":[{"count":3,"href":"https:\/\/www.emdg-guilers.org\/index.php\/wp-json\/wp\/v2\/posts\/4695\/revisions"}],"predecessor-version":[{"id":4751,"href":"https:\/\/www.emdg-guilers.org\/index.php\/wp-json\/wp\/v2\/posts\/4695\/revisions\/4751"}],"wp:attachment":[{"href":"https:\/\/www.emdg-guilers.org\/index.php\/wp-json\/wp\/v2\/media?parent=4695"}],"wp:term":[{"taxonomy":"category","embeddable":true,"href":"https:\/\/www.emdg-guilers.org\/index.php\/wp-json\/wp\/v2\/categories?post=4695"},{"taxonomy":"post_tag","embeddable":true,"href":"https:\/\/www.emdg-guilers.org\/index.php\/wp-json\/wp\/v2\/tags?post=4695"}],"curies":[{"name":"wp","href":"https:\/\/api.w.org\/{rel}","templated":true}]}}