{"id":4826,"date":"2026-04-28T12:27:45","date_gmt":"2026-04-28T10:27:45","guid":{"rendered":"https:\/\/www.emdg-guilers.org\/?p=4826"},"modified":"2026-04-28T15:38:37","modified_gmt":"2026-04-28T13:38:37","slug":"dates-de-fin-dannee-scolaire-2025-2026","status":"publish","type":"post","link":"https:\/\/www.emdg-guilers.org\/index.php\/2026\/04\/28\/dates-de-fin-dannee-scolaire-2025-2026\/","title":{"rendered":"Dates de fin d&rsquo;ann\u00e9e scolaire 2025-2026"},"content":{"rendered":"\n<p><strong>Voici un rappel des dates importantes de la fin d&rsquo;ann\u00e9e \u00e0 l&rsquo;\u00c9cole de Musique, Danse et Th\u00e9\u00e2tre de Guilers :<\/strong><br>&#8211; Rentr\u00e9e des vacances de printemps le lundi 27 avril 2026<br>&#8211;\u00a0<strong>Jours f\u00e9ri\u00e9s : vendredi 1er mai, vendredi 8 mai, jeudi 14 mai et lundi 25 mai<\/strong> 2026<br>&#8211;\u00a0<strong>Les cours seront assur\u00e9s les samedis 2 mai, samedi 9 mai, vendredi 15 mai et samedi 16 mai<\/strong> 2026<br>&#8211; Comm\u00e9moration en musique (trompette) du 8 mai 2026<br>&#8211; Concert de Budding Rock \u00e0 la Guilth\u00e8que : samedi 23 mai \u00e0 15h30 2026<br>&#8211; Olympiades (Hip Hop) \/ \u00e0 confirmer : samedi 30 mai 2026<br>&#8211; Galas de danse : samedi 6 juin 2026<br>&#8211; Auditions de fin d&rsquo;ann\u00e9e possibles le samedi 11 juin 2026<br>&#8211; Repr\u00e9sentations de th\u00e9\u00e2tre : vendredi 12 juin (enfants) et vendredi 26 juin (adultes) 2026<br>&#8211; F\u00eate de la musique : samedi 20 juin 2026 apr\u00e8s-midi, Salle Jean Mobian.<\/p>\n\n\n\n<p><strong>&#8211; Fin des cours : samedi 27 juin 2026 apr\u00e8s les cours<\/strong><\/p>\n","protected":false},"excerpt":{"rendered":"<p>Voici un rappel des dates importantes de la fin d&rsquo;ann\u00e9e \u00e0 l&rsquo;\u00c9cole de Musique, Danse et Th\u00e9\u00e2tre de Guilers :&#8211; Rentr\u00e9e des vacances de printemps le lundi 27 avril 2026&#8211;\u00a0Jours f\u00e9ri\u00e9s : vendredi 1er mai, vendredi 8 mai, jeudi 14 mai et lundi 25 mai 2026&#8211;\u00a0Les cours seront assur\u00e9s les samedis 2 mai, samedi 9 mai, vendredi 15 mai et samedi 16 mai 2026&#8211; Comm\u00e9moration en musique (trompette) du 8 mai 2026&#8211; Concert de Budding Rock \u00e0 la Guilth\u00e8que :&#8230;<\/p>\n<p class=\"read-more\"><a class=\"btn btn-default\" href=\"https:\/\/www.emdg-guilers.org\/index.php\/2026\/04\/28\/dates-de-fin-dannee-scolaire-2025-2026\/\">Lire la suite<span class=\"screen-reader-text\"> Lire la suite<\/span><\/a><\/p>\n","protected":false},"author":3,"featured_media":0,"comment_status":"closed","ping_status":"closed","sticky":false,"template":"","format":"standard","meta":{"footnotes":""},"categories":[1],"tags":[],"yoast_head":"<!-- This site is optimized with the Yoast SEO plugin v22.4 - https:\/\/yoast.com\/wordpress\/plugins\/seo\/ -->\n<title>Dates de fin d&#039;ann\u00e9e scolaire 2025-2026 - Ecole de Musique, Danse &amp; Th\u00e9\u00e2tre de Guilers<\/title>\n<meta name=\"robots\" content=\"index, follow, max-snippet:-1, max-image-preview:large, max-video-preview:-1\" \/>\n<link rel=\"canonical\" href=\"https:\/\/www.emdg-guilers.org\/index.php\/2026\/04\/28\/dates-de-fin-dannee-scolaire-2025-2026\/\" \/>\n<meta property=\"og:locale\" content=\"fr_FR\" \/>\n<meta property=\"og:type\" content=\"article\" \/>\n<meta property=\"og:title\" content=\"Dates de fin d&#039;ann\u00e9e scolaire 2025-2026 - Ecole de Musique, Danse &amp; Th\u00e9\u00e2tre de Guilers\" \/>\n<meta property=\"og:description\" content=\"Voici un rappel des dates importantes de la fin d&rsquo;ann\u00e9e \u00e0 l&rsquo;\u00c9cole de Musique, Danse et Th\u00e9\u00e2tre de Guilers :&#8211; Rentr\u00e9e des vacances de printemps le lundi 27 avril 2026&#8211;\u00a0Jours f\u00e9ri\u00e9s : vendredi 1er mai, vendredi 8 mai, jeudi 14 mai et lundi 25 mai 2026&#8211;\u00a0Les cours seront assur\u00e9s les samedis 2 mai, samedi 9 mai, vendredi 15 mai et samedi 16 mai 2026&#8211; Comm\u00e9moration en musique (trompette) du 8 mai 2026&#8211; Concert de Budding Rock \u00e0 la Guilth\u00e8que :...Lire la suite Lire la suite\" \/>\n<meta property=\"og:url\" content=\"https:\/\/www.emdg-guilers.org\/index.php\/2026\/04\/28\/dates-de-fin-dannee-scolaire-2025-2026\/\" \/>\n<meta property=\"og:site_name\" content=\"Ecole de Musique, Danse &amp; Th\u00e9\u00e2tre de Guilers\" \/>\n<meta property=\"article:publisher\" content=\"https:\/\/www.facebook.com\/Ecole-de-Musique-et-de-Danse-de-Guilers-480017765533016\/\" \/>\n<meta property=\"article:published_time\" content=\"2026-04-28T10:27:45+00:00\" \/>\n<meta property=\"article:modified_time\" content=\"2026-04-28T13:38:37+00:00\" \/>\n<meta name=\"author\" content=\"Marie Clavier\" \/>\n<meta name=\"twitter:card\" content=\"summary_large_image\" \/>\n<meta name=\"twitter:label1\" content=\"\u00c9crit par\" \/>\n\t<meta name=\"twitter:data1\" content=\"Marie Clavier\" \/>\n\t<meta name=\"twitter:label2\" content=\"Dur\u00e9e de lecture estim\u00e9e\" \/>\n\t<meta name=\"twitter:data2\" content=\"1 minute\" \/>\n<script type=\"application\/ld+json\" class=\"yoast-schema-graph\">{\"@context\":\"https:\/\/schema.org\",\"@graph\":[{\"@type\":\"Article\",\"@id\":\"https:\/\/www.emdg-guilers.org\/index.php\/2026\/04\/28\/dates-de-fin-dannee-scolaire-2025-2026\/#article\",\"isPartOf\":{\"@id\":\"https:\/\/www.emdg-guilers.org\/index.php\/2026\/04\/28\/dates-de-fin-dannee-scolaire-2025-2026\/\"},\"author\":{\"name\":\"Marie Clavier\",\"@id\":\"https:\/\/www.emdg-guilers.org\/#\/schema\/person\/5c279d8e49be5f6bfdc87fb9e08559d4\"},\"headline\":\"Dates de fin d&rsquo;ann\u00e9e scolaire 2025-2026\",\"datePublished\":\"2026-04-28T10:27:45+00:00\",\"dateModified\":\"2026-04-28T13:38:37+00:00\",\"mainEntityOfPage\":{\"@id\":\"https:\/\/www.emdg-guilers.org\/index.php\/2026\/04\/28\/dates-de-fin-dannee-scolaire-2025-2026\/\"},\"wordCount\":147,\"publisher\":{\"@id\":\"https:\/\/www.emdg-guilers.org\/#organization\"},\"inLanguage\":\"fr-FR\"},{\"@type\":\"WebPage\",\"@id\":\"https:\/\/www.emdg-guilers.org\/index.php\/2026\/04\/28\/dates-de-fin-dannee-scolaire-2025-2026\/\",\"url\":\"https:\/\/www.emdg-guilers.org\/index.php\/2026\/04\/28\/dates-de-fin-dannee-scolaire-2025-2026\/\",\"name\":\"Dates de fin d'ann\u00e9e scolaire 2025-2026 - Ecole de Musique, Danse &amp; Th\u00e9\u00e2tre de Guilers\",\"isPartOf\":{\"@id\":\"https:\/\/www.emdg-guilers.org\/#website\"},\"datePublished\":\"2026-04-28T10:27:45+00:00\",\"dateModified\":\"2026-04-28T13:38:37+00:00\",\"breadcrumb\":{\"@id\":\"https:\/\/www.emdg-guilers.org\/index.php\/2026\/04\/28\/dates-de-fin-dannee-scolaire-2025-2026\/#breadcrumb\"},\"inLanguage\":\"fr-FR\",\"potentialAction\":[{\"@type\":\"ReadAction\",\"target\":[\"https:\/\/www.emdg-guilers.org\/index.php\/2026\/04\/28\/dates-de-fin-dannee-scolaire-2025-2026\/\"]}]},{\"@type\":\"BreadcrumbList\",\"@id\":\"https:\/\/www.emdg-guilers.org\/index.php\/2026\/04\/28\/dates-de-fin-dannee-scolaire-2025-2026\/#breadcrumb\",\"itemListElement\":[{\"@type\":\"ListItem\",\"position\":1,\"name\":\"Accueil\",\"item\":\"https:\/\/www.emdg-guilers.org\/\"},{\"@type\":\"ListItem\",\"position\":2,\"name\":\"Dates de fin d&rsquo;ann\u00e9e scolaire 2025-2026\"}]},{\"@type\":\"WebSite\",\"@id\":\"https:\/\/www.emdg-guilers.org\/#website\",\"url\":\"https:\/\/www.emdg-guilers.org\/\",\"name\":\"Ecole de Musique et Danse de Guilers\",\"description\":\"Ecole associative, cours de musique, danse, th\u00e9\u00e2tre accessibles \u00e0 tous\",\"publisher\":{\"@id\":\"https:\/\/www.emdg-guilers.org\/#organization\"},\"potentialAction\":[{\"@type\":\"SearchAction\",\"target\":{\"@type\":\"EntryPoint\",\"urlTemplate\":\"https:\/\/www.emdg-guilers.org\/?s={search_term_string}\"},\"query-input\":\"required name=search_term_string\"}],\"inLanguage\":\"fr-FR\"},{\"@type\":\"Organization\",\"@id\":\"https:\/\/www.emdg-guilers.org\/#organization\",\"name\":\"Ecole de Musique et de Danse\",\"url\":\"https:\/\/www.emdg-guilers.org\/\",\"logo\":{\"@type\":\"ImageObject\",\"inLanguage\":\"fr-FR\",\"@id\":\"https:\/\/www.emdg-guilers.org\/#\/schema\/logo\/image\/\",\"url\":\"https:\/\/www.emdg-guilers.org\/wp-content\/uploads\/2016\/06\/logo2014.jpg\",\"contentUrl\":\"https:\/\/www.emdg-guilers.org\/wp-content\/uploads\/2016\/06\/logo2014.jpg\",\"width\":214,\"height\":116,\"caption\":\"Ecole de Musique et de Danse\"},\"image\":{\"@id\":\"https:\/\/www.emdg-guilers.org\/#\/schema\/logo\/image\/\"},\"sameAs\":[\"https:\/\/www.facebook.com\/Ecole-de-Musique-et-de-Danse-de-Guilers-480017765533016\/\"]},{\"@type\":\"Person\",\"@id\":\"https:\/\/www.emdg-guilers.org\/#\/schema\/person\/5c279d8e49be5f6bfdc87fb9e08559d4\",\"name\":\"Marie Clavier\",\"image\":{\"@type\":\"ImageObject\",\"inLanguage\":\"fr-FR\",\"@id\":\"https:\/\/www.emdg-guilers.org\/#\/schema\/person\/image\/\",\"url\":\"https:\/\/secure.gravatar.com\/avatar\/82505eeeaf6d53a80197cd7ed92e8de4?s=96&d=mm&r=g\",\"contentUrl\":\"https:\/\/secure.gravatar.com\/avatar\/82505eeeaf6d53a80197cd7ed92e8de4?s=96&d=mm&r=g\",\"caption\":\"Marie Clavier\"},\"url\":\"https:\/\/www.emdg-guilers.org\/index.php\/author\/mclavier\/\"}]}<\/script>\n<!-- \/ Yoast SEO plugin. -->","yoast_head_json":{"title":"Dates de fin d'ann\u00e9e scolaire 2025-2026 - Ecole de Musique, Danse &amp; Th\u00e9\u00e2tre de Guilers","robots":{"index":"index","follow":"follow","max-snippet":"max-snippet:-1","max-image-preview":"max-image-preview:large","max-video-preview":"max-video-preview:-1"},"canonical":"https:\/\/www.emdg-guilers.org\/index.php\/2026\/04\/28\/dates-de-fin-dannee-scolaire-2025-2026\/","og_locale":"fr_FR","og_type":"article","og_title":"Dates de fin d'ann\u00e9e scolaire 2025-2026 - Ecole de Musique, Danse &amp; Th\u00e9\u00e2tre de Guilers","og_description":"Voici un rappel des dates importantes de la fin d&rsquo;ann\u00e9e \u00e0 l&rsquo;\u00c9cole de Musique, Danse et Th\u00e9\u00e2tre de Guilers :&#8211; Rentr\u00e9e des vacances de printemps le lundi 27 avril 2026&#8211;\u00a0Jours f\u00e9ri\u00e9s : vendredi 1er mai, vendredi 8 mai, jeudi 14 mai et lundi 25 mai 2026&#8211;\u00a0Les cours seront assur\u00e9s les samedis 2 mai, samedi 9 mai, vendredi 15 mai et samedi 16 mai 2026&#8211; Comm\u00e9moration en musique (trompette) du 8 mai 2026&#8211; Concert de Budding Rock \u00e0 la Guilth\u00e8que :...Lire la suite Lire la suite","og_url":"https:\/\/www.emdg-guilers.org\/index.php\/2026\/04\/28\/dates-de-fin-dannee-scolaire-2025-2026\/","og_site_name":"Ecole de Musique, Danse &amp; Th\u00e9\u00e2tre de Guilers","article_publisher":"https:\/\/www.facebook.com\/Ecole-de-Musique-et-de-Danse-de-Guilers-480017765533016\/","article_published_time":"2026-04-28T10:27:45+00:00","article_modified_time":"2026-04-28T13:38:37+00:00","author":"Marie Clavier","twitter_card":"summary_large_image","twitter_misc":{"\u00c9crit par":"Marie Clavier","Dur\u00e9e de lecture estim\u00e9e":"1 minute"},"schema":{"@context":"https:\/\/schema.org","@graph":[{"@type":"Article","@id":"https:\/\/www.emdg-guilers.org\/index.php\/2026\/04\/28\/dates-de-fin-dannee-scolaire-2025-2026\/#article","isPartOf":{"@id":"https:\/\/www.emdg-guilers.org\/index.php\/2026\/04\/28\/dates-de-fin-dannee-scolaire-2025-2026\/"},"author":{"name":"Marie Clavier","@id":"https:\/\/www.emdg-guilers.org\/#\/schema\/person\/5c279d8e49be5f6bfdc87fb9e08559d4"},"headline":"Dates de fin d&rsquo;ann\u00e9e scolaire 2025-2026","datePublished":"2026-04-28T10:27:45+00:00","dateModified":"2026-04-28T13:38:37+00:00","mainEntityOfPage":{"@id":"https:\/\/www.emdg-guilers.org\/index.php\/2026\/04\/28\/dates-de-fin-dannee-scolaire-2025-2026\/"},"wordCount":147,"publisher":{"@id":"https:\/\/www.emdg-guilers.org\/#organization"},"inLanguage":"fr-FR"},{"@type":"WebPage","@id":"https:\/\/www.emdg-guilers.org\/index.php\/2026\/04\/28\/dates-de-fin-dannee-scolaire-2025-2026\/","url":"https:\/\/www.emdg-guilers.org\/index.php\/2026\/04\/28\/dates-de-fin-dannee-scolaire-2025-2026\/","name":"Dates de fin d'ann\u00e9e scolaire 2025-2026 - Ecole de Musique, Danse &amp; Th\u00e9\u00e2tre de Guilers","isPartOf":{"@id":"https:\/\/www.emdg-guilers.org\/#website"},"datePublished":"2026-04-28T10:27:45+00:00","dateModified":"2026-04-28T13:38:37+00:00","breadcrumb":{"@id":"https:\/\/www.emdg-guilers.org\/index.php\/2026\/04\/28\/dates-de-fin-dannee-scolaire-2025-2026\/#breadcrumb"},"inLanguage":"fr-FR","potentialAction":[{"@type":"ReadAction","target":["https:\/\/www.emdg-guilers.org\/index.php\/2026\/04\/28\/dates-de-fin-dannee-scolaire-2025-2026\/"]}]},{"@type":"BreadcrumbList","@id":"https:\/\/www.emdg-guilers.org\/index.php\/2026\/04\/28\/dates-de-fin-dannee-scolaire-2025-2026\/#breadcrumb","itemListElement":[{"@type":"ListItem","position":1,"name":"Accueil","item":"https:\/\/www.emdg-guilers.org\/"},{"@type":"ListItem","position":2,"name":"Dates de fin d&rsquo;ann\u00e9e scolaire 2025-2026"}]},{"@type":"WebSite","@id":"https:\/\/www.emdg-guilers.org\/#website","url":"https:\/\/www.emdg-guilers.org\/","name":"Ecole de Musique et Danse de Guilers","description":"Ecole associative, cours de musique, danse, th\u00e9\u00e2tre accessibles \u00e0 tous","publisher":{"@id":"https:\/\/www.emdg-guilers.org\/#organization"},"potentialAction":[{"@type":"SearchAction","target":{"@type":"EntryPoint","urlTemplate":"https:\/\/www.emdg-guilers.org\/?s={search_term_string}"},"query-input":"required name=search_term_string"}],"inLanguage":"fr-FR"},{"@type":"Organization","@id":"https:\/\/www.emdg-guilers.org\/#organization","name":"Ecole de Musique et de Danse","url":"https:\/\/www.emdg-guilers.org\/","logo":{"@type":"ImageObject","inLanguage":"fr-FR","@id":"https:\/\/www.emdg-guilers.org\/#\/schema\/logo\/image\/","url":"https:\/\/www.emdg-guilers.org\/wp-content\/uploads\/2016\/06\/logo2014.jpg","contentUrl":"https:\/\/www.emdg-guilers.org\/wp-content\/uploads\/2016\/06\/logo2014.jpg","width":214,"height":116,"caption":"Ecole de Musique et de Danse"},"image":{"@id":"https:\/\/www.emdg-guilers.org\/#\/schema\/logo\/image\/"},"sameAs":["https:\/\/www.facebook.com\/Ecole-de-Musique-et-de-Danse-de-Guilers-480017765533016\/"]},{"@type":"Person","@id":"https:\/\/www.emdg-guilers.org\/#\/schema\/person\/5c279d8e49be5f6bfdc87fb9e08559d4","name":"Marie Clavier","image":{"@type":"ImageObject","inLanguage":"fr-FR","@id":"https:\/\/www.emdg-guilers.org\/#\/schema\/person\/image\/","url":"https:\/\/secure.gravatar.com\/avatar\/82505eeeaf6d53a80197cd7ed92e8de4?s=96&d=mm&r=g","contentUrl":"https:\/\/secure.gravatar.com\/avatar\/82505eeeaf6d53a80197cd7ed92e8de4?s=96&d=mm&r=g","caption":"Marie Clavier"},"url":"https:\/\/www.emdg-guilers.org\/index.php\/author\/mclavier\/"}]}},"_links":{"self":[{"href":"https:\/\/www.emdg-guilers.org\/index.php\/wp-json\/wp\/v2\/posts\/4826"}],"collection":[{"href":"https:\/\/www.emdg-guilers.org\/index.php\/wp-json\/wp\/v2\/posts"}],"about":[{"href":"https:\/\/www.emdg-guilers.org\/index.php\/wp-json\/wp\/v2\/types\/post"}],"author":[{"embeddable":true,"href":"https:\/\/www.emdg-guilers.org\/index.php\/wp-json\/wp\/v2\/users\/3"}],"replies":[{"embeddable":true,"href":"https:\/\/www.emdg-guilers.org\/index.php\/wp-json\/wp\/v2\/comments?post=4826"}],"version-history":[{"count":2,"href":"https:\/\/www.emdg-guilers.org\/index.php\/wp-json\/wp\/v2\/posts\/4826\/revisions"}],"predecessor-version":[{"id":4829,"href":"https:\/\/www.emdg-guilers.org\/index.php\/wp-json\/wp\/v2\/posts\/4826\/revisions\/4829"}],"wp:attachment":[{"href":"https:\/\/www.emdg-guilers.org\/index.php\/wp-json\/wp\/v2\/media?parent=4826"}],"wp:term":[{"taxonomy":"category","embeddable":true,"href":"https:\/\/www.emdg-guilers.org\/index.php\/wp-json\/wp\/v2\/categories?post=4826"},{"taxonomy":"post_tag","embeddable":true,"href":"https:\/\/www.emdg-guilers.org\/index.php\/wp-json\/wp\/v2\/tags?post=4826"}],"curies":[{"name":"wp","href":"https:\/\/api.w.org\/{rel}","templated":true}]}}