{"id":550,"date":"2016-11-02T13:59:17","date_gmt":"2016-11-02T12:59:17","guid":{"rendered":"http:\/\/www.emdg-guilers.org\/?p=550"},"modified":"2016-11-24T11:28:39","modified_gmt":"2016-11-24T10:28:39","slug":"concerts-et-animations-musicales-de-novembre-2016","status":"publish","type":"post","link":"https:\/\/www.emdg-guilers.org\/index.php\/2016\/11\/02\/concerts-et-animations-musicales-de-novembre-2016\/","title":{"rendered":"Concerts et animations musicales de Novembre 2016"},"content":{"rendered":"<p>Prenez date !<br \/>\nVoici les prochains concerts organis\u00e9s par l&rsquo;EMDG. Gratuit, accessible \u00e0 tous. Notez-les d\u00e8s maintenant dans votre agenda !<\/p>\n<blockquote><p><strong>vendredi 11 novembre<\/strong> &#8211; 10h30 &#8211; C\u00e9r\u00e9monie de l&rsquo;Armistice de 1918 &#8211; Effectif r\u00e9duit du <a href=\"http:\/\/www.emdg-guilers.org\/index.php\/orchestres\/le-gong\/\"><strong>GONG<\/strong><\/a> &#8211; Place de l&rsquo;Eglise, Guilers.<br \/>\n<strong>mardi 15 novembre<\/strong> &#8211; 20h &#8211; \u00e0 l&rsquo;occasion de l&rsquo;AG, ouverture en musique avec la <strong>classe de guitare<\/strong> d&rsquo;<a href=\"http:\/\/www.emdg-guilers.org\/index.php\/musique\/instruments\/guitare\/\">Erwan Duval<\/a> &amp; <a href=\"http:\/\/www.emdg-guilers.org\/index.php\/orchestres\/bandanelle\/\"><strong>Bandanelle<\/strong><\/a>, ensemble d&rsquo;accord\u00e9ons de Nelly Gu\u00e9na &#8211; Salle J. de Florette &#8211; Guilers.<br \/>\n<strong>vendredi 18 novembre<\/strong> &#8211; 18h30 &#8211; C\u00e9r\u00e9monie troph\u00e9es des sports &#8211; <strong><a href=\"http:\/\/www.emdg-guilers.org\/index.php\/orchestres\/musique-trad\/\">Ensemble trad<\/a><\/strong> &#8211; Salle J. de Florette &#8211; Guilers<\/p>\n<p>Retour en images sur ces prestations :<\/p>\n<p><img loading=\"lazy\" decoding=\"async\" class=\" wp-image-558 alignleft\" src=\"http:\/\/www.emdg-guilers.org\/wp-content\/uploads\/2016\/11\/DSC00539-300x124.jpg\" alt=\"dsc00539\" width=\"547\" height=\"226\" srcset=\"https:\/\/www.emdg-guilers.org\/wp-content\/uploads\/2016\/11\/DSC00539-300x124.jpg 300w, https:\/\/www.emdg-guilers.org\/wp-content\/uploads\/2016\/11\/DSC00539-768x317.jpg 768w, https:\/\/www.emdg-guilers.org\/wp-content\/uploads\/2016\/11\/DSC00539-604x250.jpg 604w, https:\/\/www.emdg-guilers.org\/wp-content\/uploads\/2016\/11\/DSC00539.jpg 1021w\" sizes=\"(max-width: 547px) 100vw, 547px\" \/><\/p>\n<p><img loading=\"lazy\" decoding=\"async\" class=\"wp-image-560 alignleft\" src=\"http:\/\/www.emdg-guilers.org\/wp-content\/uploads\/2016\/11\/DSC00567s.jpg\" alt=\"dsc00567s\" width=\"380\" height=\"228\" srcset=\"https:\/\/www.emdg-guilers.org\/wp-content\/uploads\/2016\/11\/DSC00567s.jpg 1024w, https:\/\/www.emdg-guilers.org\/wp-content\/uploads\/2016\/11\/DSC00567s-300x180.jpg 300w, https:\/\/www.emdg-guilers.org\/wp-content\/uploads\/2016\/11\/DSC00567s-768x461.jpg 768w, https:\/\/www.emdg-guilers.org\/wp-content\/uploads\/2016\/11\/DSC00567s-450x270.jpg 450w\" sizes=\"(max-width: 380px) 100vw, 380px\" \/> <img loading=\"lazy\" decoding=\"async\" class=\"wp-image-559 alignleft\" src=\"http:\/\/www.emdg-guilers.org\/wp-content\/uploads\/2016\/11\/DSC00543.jpg\" alt=\"dsc00543\" width=\"485\" height=\"225\" srcset=\"https:\/\/www.emdg-guilers.org\/wp-content\/uploads\/2016\/11\/DSC00543.jpg 997w, https:\/\/www.emdg-guilers.org\/wp-content\/uploads\/2016\/11\/DSC00543-300x139.jpg 300w, https:\/\/www.emdg-guilers.org\/wp-content\/uploads\/2016\/11\/DSC00543-768x356.jpg 768w, https:\/\/www.emdg-guilers.org\/wp-content\/uploads\/2016\/11\/DSC00543-583x270.jpg 583w\" sizes=\"(max-width: 485px) 100vw, 485px\" \/><\/p><\/blockquote>\n","protected":false},"excerpt":{"rendered":"<p>Prenez date ! Voici les prochains concerts organis\u00e9s par l&rsquo;EMDG. Gratuit, accessible \u00e0 tous. Notez-les d\u00e8s maintenant dans votre agenda ! vendredi 11 novembre &#8211; 10h30 &#8211; C\u00e9r\u00e9monie de l&rsquo;Armistice de 1918 &#8211; Effectif r\u00e9duit du GONG &#8211; Place de l&rsquo;Eglise, Guilers. mardi 15 novembre &#8211; 20h &#8211; \u00e0 l&rsquo;occasion de l&rsquo;AG, ouverture en musique avec la classe de guitare d&rsquo;Erwan Duval &amp; Bandanelle, ensemble d&rsquo;accord\u00e9ons de Nelly Gu\u00e9na &#8211; Salle J. de Florette &#8211; Guilers. vendredi 18 novembre &#8211;&#8230;<\/p>\n<p class=\"read-more\"><a class=\"btn btn-default\" href=\"https:\/\/www.emdg-guilers.org\/index.php\/2016\/11\/02\/concerts-et-animations-musicales-de-novembre-2016\/\">Lire la suite<span class=\"screen-reader-text\"> Lire la suite<\/span><\/a><\/p>\n","protected":false},"author":3,"featured_media":0,"comment_status":"closed","ping_status":"closed","sticky":false,"template":"","format":"standard","meta":{"footnotes":""},"categories":[1],"tags":[],"yoast_head":"<!-- This site is optimized with the Yoast SEO plugin v22.4 - https:\/\/yoast.com\/wordpress\/plugins\/seo\/ -->\n<title>Concerts et animations musicales de Novembre 2016 - Ecole de Musique, Danse &amp; Th\u00e9\u00e2tre de Guilers<\/title>\n<meta name=\"robots\" content=\"index, follow, max-snippet:-1, max-image-preview:large, max-video-preview:-1\" \/>\n<link rel=\"canonical\" href=\"https:\/\/www.emdg-guilers.org\/index.php\/2016\/11\/02\/concerts-et-animations-musicales-de-novembre-2016\/\" \/>\n<meta property=\"og:locale\" content=\"fr_FR\" \/>\n<meta property=\"og:type\" content=\"article\" \/>\n<meta property=\"og:title\" content=\"Concerts et animations musicales de Novembre 2016 - Ecole de Musique, Danse &amp; Th\u00e9\u00e2tre de Guilers\" \/>\n<meta property=\"og:description\" content=\"Prenez date ! Voici les prochains concerts organis\u00e9s par l&rsquo;EMDG. Gratuit, accessible \u00e0 tous. Notez-les d\u00e8s maintenant dans votre agenda ! vendredi 11 novembre &#8211; 10h30 &#8211; C\u00e9r\u00e9monie de l&rsquo;Armistice de 1918 &#8211; Effectif r\u00e9duit du GONG &#8211; Place de l&rsquo;Eglise, Guilers. mardi 15 novembre &#8211; 20h &#8211; \u00e0 l&rsquo;occasion de l&rsquo;AG, ouverture en musique avec la classe de guitare d&rsquo;Erwan Duval &amp; Bandanelle, ensemble d&rsquo;accord\u00e9ons de Nelly Gu\u00e9na &#8211; Salle J. de Florette &#8211; Guilers. vendredi 18 novembre &#8211;...Lire la suite Lire la suite\" \/>\n<meta property=\"og:url\" content=\"https:\/\/www.emdg-guilers.org\/index.php\/2016\/11\/02\/concerts-et-animations-musicales-de-novembre-2016\/\" \/>\n<meta property=\"og:site_name\" content=\"Ecole de Musique, Danse &amp; Th\u00e9\u00e2tre de Guilers\" \/>\n<meta property=\"article:publisher\" content=\"https:\/\/www.facebook.com\/Ecole-de-Musique-et-de-Danse-de-Guilers-480017765533016\/\" \/>\n<meta property=\"article:published_time\" content=\"2016-11-02T12:59:17+00:00\" \/>\n<meta property=\"article:modified_time\" content=\"2016-11-24T10:28:39+00:00\" \/>\n<meta property=\"og:image\" content=\"http:\/\/www.emdg-guilers.org\/wp-content\/uploads\/2016\/11\/DSC00539-300x124.jpg\" \/>\n<meta name=\"author\" content=\"Marie Clavier\" \/>\n<meta name=\"twitter:card\" content=\"summary_large_image\" \/>\n<meta name=\"twitter:label1\" content=\"\u00c9crit par\" \/>\n\t<meta name=\"twitter:data1\" content=\"Marie Clavier\" \/>\n\t<meta name=\"twitter:label2\" content=\"Dur\u00e9e de lecture estim\u00e9e\" \/>\n\t<meta name=\"twitter:data2\" content=\"1 minute\" \/>\n<script type=\"application\/ld+json\" class=\"yoast-schema-graph\">{\"@context\":\"https:\/\/schema.org\",\"@graph\":[{\"@type\":\"Article\",\"@id\":\"https:\/\/www.emdg-guilers.org\/index.php\/2016\/11\/02\/concerts-et-animations-musicales-de-novembre-2016\/#article\",\"isPartOf\":{\"@id\":\"https:\/\/www.emdg-guilers.org\/index.php\/2016\/11\/02\/concerts-et-animations-musicales-de-novembre-2016\/\"},\"author\":{\"name\":\"Marie Clavier\",\"@id\":\"https:\/\/www.emdg-guilers.org\/#\/schema\/person\/5c279d8e49be5f6bfdc87fb9e08559d4\"},\"headline\":\"Concerts et animations musicales de Novembre 2016\",\"datePublished\":\"2016-11-02T12:59:17+00:00\",\"dateModified\":\"2016-11-24T10:28:39+00:00\",\"mainEntityOfPage\":{\"@id\":\"https:\/\/www.emdg-guilers.org\/index.php\/2016\/11\/02\/concerts-et-animations-musicales-de-novembre-2016\/\"},\"wordCount\":110,\"publisher\":{\"@id\":\"https:\/\/www.emdg-guilers.org\/#organization\"},\"image\":{\"@id\":\"https:\/\/www.emdg-guilers.org\/index.php\/2016\/11\/02\/concerts-et-animations-musicales-de-novembre-2016\/#primaryimage\"},\"thumbnailUrl\":\"http:\/\/www.emdg-guilers.org\/wp-content\/uploads\/2016\/11\/DSC00539-300x124.jpg\",\"inLanguage\":\"fr-FR\"},{\"@type\":\"WebPage\",\"@id\":\"https:\/\/www.emdg-guilers.org\/index.php\/2016\/11\/02\/concerts-et-animations-musicales-de-novembre-2016\/\",\"url\":\"https:\/\/www.emdg-guilers.org\/index.php\/2016\/11\/02\/concerts-et-animations-musicales-de-novembre-2016\/\",\"name\":\"Concerts et animations musicales de Novembre 2016 - Ecole de Musique, Danse &amp; Th\u00e9\u00e2tre de Guilers\",\"isPartOf\":{\"@id\":\"https:\/\/www.emdg-guilers.org\/#website\"},\"primaryImageOfPage\":{\"@id\":\"https:\/\/www.emdg-guilers.org\/index.php\/2016\/11\/02\/concerts-et-animations-musicales-de-novembre-2016\/#primaryimage\"},\"image\":{\"@id\":\"https:\/\/www.emdg-guilers.org\/index.php\/2016\/11\/02\/concerts-et-animations-musicales-de-novembre-2016\/#primaryimage\"},\"thumbnailUrl\":\"http:\/\/www.emdg-guilers.org\/wp-content\/uploads\/2016\/11\/DSC00539-300x124.jpg\",\"datePublished\":\"2016-11-02T12:59:17+00:00\",\"dateModified\":\"2016-11-24T10:28:39+00:00\",\"breadcrumb\":{\"@id\":\"https:\/\/www.emdg-guilers.org\/index.php\/2016\/11\/02\/concerts-et-animations-musicales-de-novembre-2016\/#breadcrumb\"},\"inLanguage\":\"fr-FR\",\"potentialAction\":[{\"@type\":\"ReadAction\",\"target\":[\"https:\/\/www.emdg-guilers.org\/index.php\/2016\/11\/02\/concerts-et-animations-musicales-de-novembre-2016\/\"]}]},{\"@type\":\"ImageObject\",\"inLanguage\":\"fr-FR\",\"@id\":\"https:\/\/www.emdg-guilers.org\/index.php\/2016\/11\/02\/concerts-et-animations-musicales-de-novembre-2016\/#primaryimage\",\"url\":\"http:\/\/www.emdg-guilers.org\/wp-content\/uploads\/2016\/11\/DSC00539-300x124.jpg\",\"contentUrl\":\"http:\/\/www.emdg-guilers.org\/wp-content\/uploads\/2016\/11\/DSC00539-300x124.jpg\"},{\"@type\":\"BreadcrumbList\",\"@id\":\"https:\/\/www.emdg-guilers.org\/index.php\/2016\/11\/02\/concerts-et-animations-musicales-de-novembre-2016\/#breadcrumb\",\"itemListElement\":[{\"@type\":\"ListItem\",\"position\":1,\"name\":\"Accueil\",\"item\":\"https:\/\/www.emdg-guilers.org\/\"},{\"@type\":\"ListItem\",\"position\":2,\"name\":\"Concerts et animations musicales de Novembre 2016\"}]},{\"@type\":\"WebSite\",\"@id\":\"https:\/\/www.emdg-guilers.org\/#website\",\"url\":\"https:\/\/www.emdg-guilers.org\/\",\"name\":\"Ecole de Musique et Danse de Guilers\",\"description\":\"Ecole associative, cours de musique, danse, th\u00e9\u00e2tre accessibles \u00e0 tous\",\"publisher\":{\"@id\":\"https:\/\/www.emdg-guilers.org\/#organization\"},\"potentialAction\":[{\"@type\":\"SearchAction\",\"target\":{\"@type\":\"EntryPoint\",\"urlTemplate\":\"https:\/\/www.emdg-guilers.org\/?s={search_term_string}\"},\"query-input\":\"required name=search_term_string\"}],\"inLanguage\":\"fr-FR\"},{\"@type\":\"Organization\",\"@id\":\"https:\/\/www.emdg-guilers.org\/#organization\",\"name\":\"Ecole de Musique et de Danse\",\"url\":\"https:\/\/www.emdg-guilers.org\/\",\"logo\":{\"@type\":\"ImageObject\",\"inLanguage\":\"fr-FR\",\"@id\":\"https:\/\/www.emdg-guilers.org\/#\/schema\/logo\/image\/\",\"url\":\"https:\/\/www.emdg-guilers.org\/wp-content\/uploads\/2016\/06\/logo2014.jpg\",\"contentUrl\":\"https:\/\/www.emdg-guilers.org\/wp-content\/uploads\/2016\/06\/logo2014.jpg\",\"width\":214,\"height\":116,\"caption\":\"Ecole de Musique et de Danse\"},\"image\":{\"@id\":\"https:\/\/www.emdg-guilers.org\/#\/schema\/logo\/image\/\"},\"sameAs\":[\"https:\/\/www.facebook.com\/Ecole-de-Musique-et-de-Danse-de-Guilers-480017765533016\/\"]},{\"@type\":\"Person\",\"@id\":\"https:\/\/www.emdg-guilers.org\/#\/schema\/person\/5c279d8e49be5f6bfdc87fb9e08559d4\",\"name\":\"Marie Clavier\",\"image\":{\"@type\":\"ImageObject\",\"inLanguage\":\"fr-FR\",\"@id\":\"https:\/\/www.emdg-guilers.org\/#\/schema\/person\/image\/\",\"url\":\"https:\/\/secure.gravatar.com\/avatar\/82505eeeaf6d53a80197cd7ed92e8de4?s=96&d=mm&r=g\",\"contentUrl\":\"https:\/\/secure.gravatar.com\/avatar\/82505eeeaf6d53a80197cd7ed92e8de4?s=96&d=mm&r=g\",\"caption\":\"Marie Clavier\"},\"url\":\"https:\/\/www.emdg-guilers.org\/index.php\/author\/mclavier\/\"}]}<\/script>\n<!-- \/ Yoast SEO plugin. -->","yoast_head_json":{"title":"Concerts et animations musicales de Novembre 2016 - Ecole de Musique, Danse &amp; Th\u00e9\u00e2tre de Guilers","robots":{"index":"index","follow":"follow","max-snippet":"max-snippet:-1","max-image-preview":"max-image-preview:large","max-video-preview":"max-video-preview:-1"},"canonical":"https:\/\/www.emdg-guilers.org\/index.php\/2016\/11\/02\/concerts-et-animations-musicales-de-novembre-2016\/","og_locale":"fr_FR","og_type":"article","og_title":"Concerts et animations musicales de Novembre 2016 - Ecole de Musique, Danse &amp; Th\u00e9\u00e2tre de Guilers","og_description":"Prenez date ! Voici les prochains concerts organis\u00e9s par l&rsquo;EMDG. Gratuit, accessible \u00e0 tous. Notez-les d\u00e8s maintenant dans votre agenda ! vendredi 11 novembre &#8211; 10h30 &#8211; C\u00e9r\u00e9monie de l&rsquo;Armistice de 1918 &#8211; Effectif r\u00e9duit du GONG &#8211; Place de l&rsquo;Eglise, Guilers. mardi 15 novembre &#8211; 20h &#8211; \u00e0 l&rsquo;occasion de l&rsquo;AG, ouverture en musique avec la classe de guitare d&rsquo;Erwan Duval &amp; Bandanelle, ensemble d&rsquo;accord\u00e9ons de Nelly Gu\u00e9na &#8211; Salle J. de Florette &#8211; Guilers. vendredi 18 novembre &#8211;...Lire la suite Lire la suite","og_url":"https:\/\/www.emdg-guilers.org\/index.php\/2016\/11\/02\/concerts-et-animations-musicales-de-novembre-2016\/","og_site_name":"Ecole de Musique, Danse &amp; Th\u00e9\u00e2tre de Guilers","article_publisher":"https:\/\/www.facebook.com\/Ecole-de-Musique-et-de-Danse-de-Guilers-480017765533016\/","article_published_time":"2016-11-02T12:59:17+00:00","article_modified_time":"2016-11-24T10:28:39+00:00","og_image":[{"url":"http:\/\/www.emdg-guilers.org\/wp-content\/uploads\/2016\/11\/DSC00539-300x124.jpg"}],"author":"Marie Clavier","twitter_card":"summary_large_image","twitter_misc":{"\u00c9crit par":"Marie Clavier","Dur\u00e9e de lecture estim\u00e9e":"1 minute"},"schema":{"@context":"https:\/\/schema.org","@graph":[{"@type":"Article","@id":"https:\/\/www.emdg-guilers.org\/index.php\/2016\/11\/02\/concerts-et-animations-musicales-de-novembre-2016\/#article","isPartOf":{"@id":"https:\/\/www.emdg-guilers.org\/index.php\/2016\/11\/02\/concerts-et-animations-musicales-de-novembre-2016\/"},"author":{"name":"Marie Clavier","@id":"https:\/\/www.emdg-guilers.org\/#\/schema\/person\/5c279d8e49be5f6bfdc87fb9e08559d4"},"headline":"Concerts et animations musicales de Novembre 2016","datePublished":"2016-11-02T12:59:17+00:00","dateModified":"2016-11-24T10:28:39+00:00","mainEntityOfPage":{"@id":"https:\/\/www.emdg-guilers.org\/index.php\/2016\/11\/02\/concerts-et-animations-musicales-de-novembre-2016\/"},"wordCount":110,"publisher":{"@id":"https:\/\/www.emdg-guilers.org\/#organization"},"image":{"@id":"https:\/\/www.emdg-guilers.org\/index.php\/2016\/11\/02\/concerts-et-animations-musicales-de-novembre-2016\/#primaryimage"},"thumbnailUrl":"http:\/\/www.emdg-guilers.org\/wp-content\/uploads\/2016\/11\/DSC00539-300x124.jpg","inLanguage":"fr-FR"},{"@type":"WebPage","@id":"https:\/\/www.emdg-guilers.org\/index.php\/2016\/11\/02\/concerts-et-animations-musicales-de-novembre-2016\/","url":"https:\/\/www.emdg-guilers.org\/index.php\/2016\/11\/02\/concerts-et-animations-musicales-de-novembre-2016\/","name":"Concerts et animations musicales de Novembre 2016 - Ecole de Musique, Danse &amp; Th\u00e9\u00e2tre de Guilers","isPartOf":{"@id":"https:\/\/www.emdg-guilers.org\/#website"},"primaryImageOfPage":{"@id":"https:\/\/www.emdg-guilers.org\/index.php\/2016\/11\/02\/concerts-et-animations-musicales-de-novembre-2016\/#primaryimage"},"image":{"@id":"https:\/\/www.emdg-guilers.org\/index.php\/2016\/11\/02\/concerts-et-animations-musicales-de-novembre-2016\/#primaryimage"},"thumbnailUrl":"http:\/\/www.emdg-guilers.org\/wp-content\/uploads\/2016\/11\/DSC00539-300x124.jpg","datePublished":"2016-11-02T12:59:17+00:00","dateModified":"2016-11-24T10:28:39+00:00","breadcrumb":{"@id":"https:\/\/www.emdg-guilers.org\/index.php\/2016\/11\/02\/concerts-et-animations-musicales-de-novembre-2016\/#breadcrumb"},"inLanguage":"fr-FR","potentialAction":[{"@type":"ReadAction","target":["https:\/\/www.emdg-guilers.org\/index.php\/2016\/11\/02\/concerts-et-animations-musicales-de-novembre-2016\/"]}]},{"@type":"ImageObject","inLanguage":"fr-FR","@id":"https:\/\/www.emdg-guilers.org\/index.php\/2016\/11\/02\/concerts-et-animations-musicales-de-novembre-2016\/#primaryimage","url":"http:\/\/www.emdg-guilers.org\/wp-content\/uploads\/2016\/11\/DSC00539-300x124.jpg","contentUrl":"http:\/\/www.emdg-guilers.org\/wp-content\/uploads\/2016\/11\/DSC00539-300x124.jpg"},{"@type":"BreadcrumbList","@id":"https:\/\/www.emdg-guilers.org\/index.php\/2016\/11\/02\/concerts-et-animations-musicales-de-novembre-2016\/#breadcrumb","itemListElement":[{"@type":"ListItem","position":1,"name":"Accueil","item":"https:\/\/www.emdg-guilers.org\/"},{"@type":"ListItem","position":2,"name":"Concerts et animations musicales de Novembre 2016"}]},{"@type":"WebSite","@id":"https:\/\/www.emdg-guilers.org\/#website","url":"https:\/\/www.emdg-guilers.org\/","name":"Ecole de Musique et Danse de Guilers","description":"Ecole associative, cours de musique, danse, th\u00e9\u00e2tre accessibles \u00e0 tous","publisher":{"@id":"https:\/\/www.emdg-guilers.org\/#organization"},"potentialAction":[{"@type":"SearchAction","target":{"@type":"EntryPoint","urlTemplate":"https:\/\/www.emdg-guilers.org\/?s={search_term_string}"},"query-input":"required name=search_term_string"}],"inLanguage":"fr-FR"},{"@type":"Organization","@id":"https:\/\/www.emdg-guilers.org\/#organization","name":"Ecole de Musique et de Danse","url":"https:\/\/www.emdg-guilers.org\/","logo":{"@type":"ImageObject","inLanguage":"fr-FR","@id":"https:\/\/www.emdg-guilers.org\/#\/schema\/logo\/image\/","url":"https:\/\/www.emdg-guilers.org\/wp-content\/uploads\/2016\/06\/logo2014.jpg","contentUrl":"https:\/\/www.emdg-guilers.org\/wp-content\/uploads\/2016\/06\/logo2014.jpg","width":214,"height":116,"caption":"Ecole de Musique et de Danse"},"image":{"@id":"https:\/\/www.emdg-guilers.org\/#\/schema\/logo\/image\/"},"sameAs":["https:\/\/www.facebook.com\/Ecole-de-Musique-et-de-Danse-de-Guilers-480017765533016\/"]},{"@type":"Person","@id":"https:\/\/www.emdg-guilers.org\/#\/schema\/person\/5c279d8e49be5f6bfdc87fb9e08559d4","name":"Marie Clavier","image":{"@type":"ImageObject","inLanguage":"fr-FR","@id":"https:\/\/www.emdg-guilers.org\/#\/schema\/person\/image\/","url":"https:\/\/secure.gravatar.com\/avatar\/82505eeeaf6d53a80197cd7ed92e8de4?s=96&d=mm&r=g","contentUrl":"https:\/\/secure.gravatar.com\/avatar\/82505eeeaf6d53a80197cd7ed92e8de4?s=96&d=mm&r=g","caption":"Marie Clavier"},"url":"https:\/\/www.emdg-guilers.org\/index.php\/author\/mclavier\/"}]}},"_links":{"self":[{"href":"https:\/\/www.emdg-guilers.org\/index.php\/wp-json\/wp\/v2\/posts\/550"}],"collection":[{"href":"https:\/\/www.emdg-guilers.org\/index.php\/wp-json\/wp\/v2\/posts"}],"about":[{"href":"https:\/\/www.emdg-guilers.org\/index.php\/wp-json\/wp\/v2\/types\/post"}],"author":[{"embeddable":true,"href":"https:\/\/www.emdg-guilers.org\/index.php\/wp-json\/wp\/v2\/users\/3"}],"replies":[{"embeddable":true,"href":"https:\/\/www.emdg-guilers.org\/index.php\/wp-json\/wp\/v2\/comments?post=550"}],"version-history":[{"count":7,"href":"https:\/\/www.emdg-guilers.org\/index.php\/wp-json\/wp\/v2\/posts\/550\/revisions"}],"predecessor-version":[{"id":561,"href":"https:\/\/www.emdg-guilers.org\/index.php\/wp-json\/wp\/v2\/posts\/550\/revisions\/561"}],"wp:attachment":[{"href":"https:\/\/www.emdg-guilers.org\/index.php\/wp-json\/wp\/v2\/media?parent=550"}],"wp:term":[{"taxonomy":"category","embeddable":true,"href":"https:\/\/www.emdg-guilers.org\/index.php\/wp-json\/wp\/v2\/categories?post=550"},{"taxonomy":"post_tag","embeddable":true,"href":"https:\/\/www.emdg-guilers.org\/index.php\/wp-json\/wp\/v2\/tags?post=550"}],"curies":[{"name":"wp","href":"https:\/\/api.w.org\/{rel}","templated":true}]}}