{"id":604,"date":"2017-01-30T15:16:00","date_gmt":"2017-01-30T14:16:00","guid":{"rendered":"http:\/\/www.emdg-guilers.org\/?p=604"},"modified":"2017-02-07T09:46:52","modified_gmt":"2017-02-07T08:46:52","slug":"ca-se-passe-a-guilers","status":"publish","type":"post","link":"https:\/\/www.emdg-guilers.org\/index.php\/2017\/01\/30\/ca-se-passe-a-guilers\/","title":{"rendered":"{\u00e7a se passe \u00e0 Guilers&#8230;}"},"content":{"rendered":"<p>A noter dans vos agendas : dans le cadre du temps fort <strong>Pleins feux sur la culture bretonne<\/strong>, retrouvez <strong>l&rsquo;ensemble trad (Christophe Perv\u00e8s)<\/strong> de l&rsquo;EMDG et un <strong>ensemble d&rsquo;accord\u00e9ons diatoniques (Patrice Corbel)<\/strong>, \u00e0 l&rsquo;occasion d&rsquo;une rencontre avec les <strong>Fr\u00e8res Morvan<\/strong>, le dimanche 5 mars \u00e0 14h30. \u00e0 L&rsquo;Agora &#8211; Guilers.<\/p>\n<p>Retrouvez le programme complet sur le site de<a href=\"http:\/\/csagora.guilers.org\/2017\/01\/23\/pleins-feux-sur-la-culture-bretonne-2\/\"> L&rsquo;Agora<\/a><\/p>\n<p><a href=\"http:\/\/csagora.guilers.org\/2017\/01\/23\/pleins-feux-sur-la-culture-bretonne-2\/\"><img loading=\"lazy\" decoding=\"async\" class=\"aligncenter wp-image-605\" src=\"http:\/\/www.emdg-guilers.org\/wp-content\/uploads\/2017\/01\/Affiche-Pleins-feux-2017-211x300.jpeg\" alt=\"Affiche Pleins feux 2017\" width=\"293\" height=\"417\" srcset=\"https:\/\/www.emdg-guilers.org\/wp-content\/uploads\/2017\/01\/Affiche-Pleins-feux-2017-211x300.jpeg 211w, https:\/\/www.emdg-guilers.org\/wp-content\/uploads\/2017\/01\/Affiche-Pleins-feux-2017-190x270.jpeg 190w, https:\/\/www.emdg-guilers.org\/wp-content\/uploads\/2017\/01\/Affiche-Pleins-feux-2017.jpeg 613w\" sizes=\"(max-width: 293px) 100vw, 293px\" \/><\/a><\/p>\n","protected":false},"excerpt":{"rendered":"<p>A noter dans vos agendas : dans le cadre du temps fort Pleins feux sur la culture bretonne, retrouvez l&rsquo;ensemble trad (Christophe Perv\u00e8s) de l&rsquo;EMDG et un ensemble d&rsquo;accord\u00e9ons diatoniques (Patrice Corbel), \u00e0 l&rsquo;occasion d&rsquo;une rencontre avec les Fr\u00e8res Morvan, le dimanche 5 mars \u00e0 14h30. \u00e0 L&rsquo;Agora &#8211; Guilers. Retrouvez le programme complet sur le site de L&rsquo;Agora<\/p>\n","protected":false},"author":3,"featured_media":0,"comment_status":"closed","ping_status":"closed","sticky":false,"template":"","format":"standard","meta":{"footnotes":""},"categories":[1],"tags":[],"yoast_head":"<!-- This site is optimized with the Yoast SEO plugin v22.4 - https:\/\/yoast.com\/wordpress\/plugins\/seo\/ -->\n<title>{\u00e7a se passe \u00e0 Guilers...} - Ecole de Musique, Danse &amp; Th\u00e9\u00e2tre de Guilers<\/title>\n<meta name=\"robots\" content=\"index, follow, max-snippet:-1, max-image-preview:large, max-video-preview:-1\" \/>\n<link rel=\"canonical\" href=\"https:\/\/www.emdg-guilers.org\/index.php\/2017\/01\/30\/ca-se-passe-a-guilers\/\" \/>\n<meta property=\"og:locale\" content=\"fr_FR\" \/>\n<meta property=\"og:type\" content=\"article\" \/>\n<meta property=\"og:title\" content=\"{\u00e7a se passe \u00e0 Guilers...} - Ecole de Musique, Danse &amp; Th\u00e9\u00e2tre de Guilers\" \/>\n<meta property=\"og:description\" content=\"A noter dans vos agendas : dans le cadre du temps fort Pleins feux sur la culture bretonne, retrouvez l&rsquo;ensemble trad (Christophe Perv\u00e8s) de l&rsquo;EMDG et un ensemble d&rsquo;accord\u00e9ons diatoniques (Patrice Corbel), \u00e0 l&rsquo;occasion d&rsquo;une rencontre avec les Fr\u00e8res Morvan, le dimanche 5 mars \u00e0 14h30. \u00e0 L&rsquo;Agora &#8211; Guilers. Retrouvez le programme complet sur le site de L&rsquo;Agora\" \/>\n<meta property=\"og:url\" content=\"https:\/\/www.emdg-guilers.org\/index.php\/2017\/01\/30\/ca-se-passe-a-guilers\/\" \/>\n<meta property=\"og:site_name\" content=\"Ecole de Musique, Danse &amp; Th\u00e9\u00e2tre de Guilers\" \/>\n<meta property=\"article:publisher\" content=\"https:\/\/www.facebook.com\/Ecole-de-Musique-et-de-Danse-de-Guilers-480017765533016\/\" \/>\n<meta property=\"article:published_time\" content=\"2017-01-30T14:16:00+00:00\" \/>\n<meta property=\"article:modified_time\" content=\"2017-02-07T08:46:52+00:00\" \/>\n<meta property=\"og:image\" content=\"http:\/\/www.emdg-guilers.org\/wp-content\/uploads\/2017\/01\/Affiche-Pleins-feux-2017-211x300.jpeg\" \/>\n<meta name=\"author\" content=\"Marie Clavier\" \/>\n<meta name=\"twitter:card\" content=\"summary_large_image\" \/>\n<meta name=\"twitter:label1\" content=\"\u00c9crit par\" \/>\n\t<meta name=\"twitter:data1\" content=\"Marie Clavier\" \/>\n<script type=\"application\/ld+json\" class=\"yoast-schema-graph\">{\"@context\":\"https:\/\/schema.org\",\"@graph\":[{\"@type\":\"Article\",\"@id\":\"https:\/\/www.emdg-guilers.org\/index.php\/2017\/01\/30\/ca-se-passe-a-guilers\/#article\",\"isPartOf\":{\"@id\":\"https:\/\/www.emdg-guilers.org\/index.php\/2017\/01\/30\/ca-se-passe-a-guilers\/\"},\"author\":{\"name\":\"Marie Clavier\",\"@id\":\"https:\/\/www.emdg-guilers.org\/#\/schema\/person\/5c279d8e49be5f6bfdc87fb9e08559d4\"},\"headline\":\"{\u00e7a se passe \u00e0 Guilers&#8230;}\",\"datePublished\":\"2017-01-30T14:16:00+00:00\",\"dateModified\":\"2017-02-07T08:46:52+00:00\",\"mainEntityOfPage\":{\"@id\":\"https:\/\/www.emdg-guilers.org\/index.php\/2017\/01\/30\/ca-se-passe-a-guilers\/\"},\"wordCount\":61,\"publisher\":{\"@id\":\"https:\/\/www.emdg-guilers.org\/#organization\"},\"image\":{\"@id\":\"https:\/\/www.emdg-guilers.org\/index.php\/2017\/01\/30\/ca-se-passe-a-guilers\/#primaryimage\"},\"thumbnailUrl\":\"http:\/\/www.emdg-guilers.org\/wp-content\/uploads\/2017\/01\/Affiche-Pleins-feux-2017-211x300.jpeg\",\"inLanguage\":\"fr-FR\"},{\"@type\":\"WebPage\",\"@id\":\"https:\/\/www.emdg-guilers.org\/index.php\/2017\/01\/30\/ca-se-passe-a-guilers\/\",\"url\":\"https:\/\/www.emdg-guilers.org\/index.php\/2017\/01\/30\/ca-se-passe-a-guilers\/\",\"name\":\"{\u00e7a se passe \u00e0 Guilers...} - Ecole de Musique, Danse &amp; Th\u00e9\u00e2tre de Guilers\",\"isPartOf\":{\"@id\":\"https:\/\/www.emdg-guilers.org\/#website\"},\"primaryImageOfPage\":{\"@id\":\"https:\/\/www.emdg-guilers.org\/index.php\/2017\/01\/30\/ca-se-passe-a-guilers\/#primaryimage\"},\"image\":{\"@id\":\"https:\/\/www.emdg-guilers.org\/index.php\/2017\/01\/30\/ca-se-passe-a-guilers\/#primaryimage\"},\"thumbnailUrl\":\"http:\/\/www.emdg-guilers.org\/wp-content\/uploads\/2017\/01\/Affiche-Pleins-feux-2017-211x300.jpeg\",\"datePublished\":\"2017-01-30T14:16:00+00:00\",\"dateModified\":\"2017-02-07T08:46:52+00:00\",\"breadcrumb\":{\"@id\":\"https:\/\/www.emdg-guilers.org\/index.php\/2017\/01\/30\/ca-se-passe-a-guilers\/#breadcrumb\"},\"inLanguage\":\"fr-FR\",\"potentialAction\":[{\"@type\":\"ReadAction\",\"target\":[\"https:\/\/www.emdg-guilers.org\/index.php\/2017\/01\/30\/ca-se-passe-a-guilers\/\"]}]},{\"@type\":\"ImageObject\",\"inLanguage\":\"fr-FR\",\"@id\":\"https:\/\/www.emdg-guilers.org\/index.php\/2017\/01\/30\/ca-se-passe-a-guilers\/#primaryimage\",\"url\":\"http:\/\/www.emdg-guilers.org\/wp-content\/uploads\/2017\/01\/Affiche-Pleins-feux-2017-211x300.jpeg\",\"contentUrl\":\"http:\/\/www.emdg-guilers.org\/wp-content\/uploads\/2017\/01\/Affiche-Pleins-feux-2017-211x300.jpeg\"},{\"@type\":\"BreadcrumbList\",\"@id\":\"https:\/\/www.emdg-guilers.org\/index.php\/2017\/01\/30\/ca-se-passe-a-guilers\/#breadcrumb\",\"itemListElement\":[{\"@type\":\"ListItem\",\"position\":1,\"name\":\"Accueil\",\"item\":\"https:\/\/www.emdg-guilers.org\/\"},{\"@type\":\"ListItem\",\"position\":2,\"name\":\"{\u00e7a se passe \u00e0 Guilers&#8230;}\"}]},{\"@type\":\"WebSite\",\"@id\":\"https:\/\/www.emdg-guilers.org\/#website\",\"url\":\"https:\/\/www.emdg-guilers.org\/\",\"name\":\"Ecole de Musique et Danse de Guilers\",\"description\":\"Ecole associative, cours de musique, danse, th\u00e9\u00e2tre accessibles \u00e0 tous\",\"publisher\":{\"@id\":\"https:\/\/www.emdg-guilers.org\/#organization\"},\"potentialAction\":[{\"@type\":\"SearchAction\",\"target\":{\"@type\":\"EntryPoint\",\"urlTemplate\":\"https:\/\/www.emdg-guilers.org\/?s={search_term_string}\"},\"query-input\":\"required name=search_term_string\"}],\"inLanguage\":\"fr-FR\"},{\"@type\":\"Organization\",\"@id\":\"https:\/\/www.emdg-guilers.org\/#organization\",\"name\":\"Ecole de Musique et de Danse\",\"url\":\"https:\/\/www.emdg-guilers.org\/\",\"logo\":{\"@type\":\"ImageObject\",\"inLanguage\":\"fr-FR\",\"@id\":\"https:\/\/www.emdg-guilers.org\/#\/schema\/logo\/image\/\",\"url\":\"https:\/\/www.emdg-guilers.org\/wp-content\/uploads\/2016\/06\/logo2014.jpg\",\"contentUrl\":\"https:\/\/www.emdg-guilers.org\/wp-content\/uploads\/2016\/06\/logo2014.jpg\",\"width\":214,\"height\":116,\"caption\":\"Ecole de Musique et de Danse\"},\"image\":{\"@id\":\"https:\/\/www.emdg-guilers.org\/#\/schema\/logo\/image\/\"},\"sameAs\":[\"https:\/\/www.facebook.com\/Ecole-de-Musique-et-de-Danse-de-Guilers-480017765533016\/\"]},{\"@type\":\"Person\",\"@id\":\"https:\/\/www.emdg-guilers.org\/#\/schema\/person\/5c279d8e49be5f6bfdc87fb9e08559d4\",\"name\":\"Marie Clavier\",\"image\":{\"@type\":\"ImageObject\",\"inLanguage\":\"fr-FR\",\"@id\":\"https:\/\/www.emdg-guilers.org\/#\/schema\/person\/image\/\",\"url\":\"https:\/\/secure.gravatar.com\/avatar\/82505eeeaf6d53a80197cd7ed92e8de4?s=96&d=mm&r=g\",\"contentUrl\":\"https:\/\/secure.gravatar.com\/avatar\/82505eeeaf6d53a80197cd7ed92e8de4?s=96&d=mm&r=g\",\"caption\":\"Marie Clavier\"},\"url\":\"https:\/\/www.emdg-guilers.org\/index.php\/author\/mclavier\/\"}]}<\/script>\n<!-- \/ Yoast SEO plugin. -->","yoast_head_json":{"title":"{\u00e7a se passe \u00e0 Guilers...} - Ecole de Musique, Danse &amp; Th\u00e9\u00e2tre de Guilers","robots":{"index":"index","follow":"follow","max-snippet":"max-snippet:-1","max-image-preview":"max-image-preview:large","max-video-preview":"max-video-preview:-1"},"canonical":"https:\/\/www.emdg-guilers.org\/index.php\/2017\/01\/30\/ca-se-passe-a-guilers\/","og_locale":"fr_FR","og_type":"article","og_title":"{\u00e7a se passe \u00e0 Guilers...} - Ecole de Musique, Danse &amp; Th\u00e9\u00e2tre de Guilers","og_description":"A noter dans vos agendas : dans le cadre du temps fort Pleins feux sur la culture bretonne, retrouvez l&rsquo;ensemble trad (Christophe Perv\u00e8s) de l&rsquo;EMDG et un ensemble d&rsquo;accord\u00e9ons diatoniques (Patrice Corbel), \u00e0 l&rsquo;occasion d&rsquo;une rencontre avec les Fr\u00e8res Morvan, le dimanche 5 mars \u00e0 14h30. \u00e0 L&rsquo;Agora &#8211; Guilers. Retrouvez le programme complet sur le site de L&rsquo;Agora","og_url":"https:\/\/www.emdg-guilers.org\/index.php\/2017\/01\/30\/ca-se-passe-a-guilers\/","og_site_name":"Ecole de Musique, Danse &amp; Th\u00e9\u00e2tre de Guilers","article_publisher":"https:\/\/www.facebook.com\/Ecole-de-Musique-et-de-Danse-de-Guilers-480017765533016\/","article_published_time":"2017-01-30T14:16:00+00:00","article_modified_time":"2017-02-07T08:46:52+00:00","og_image":[{"url":"http:\/\/www.emdg-guilers.org\/wp-content\/uploads\/2017\/01\/Affiche-Pleins-feux-2017-211x300.jpeg"}],"author":"Marie Clavier","twitter_card":"summary_large_image","twitter_misc":{"\u00c9crit par":"Marie Clavier"},"schema":{"@context":"https:\/\/schema.org","@graph":[{"@type":"Article","@id":"https:\/\/www.emdg-guilers.org\/index.php\/2017\/01\/30\/ca-se-passe-a-guilers\/#article","isPartOf":{"@id":"https:\/\/www.emdg-guilers.org\/index.php\/2017\/01\/30\/ca-se-passe-a-guilers\/"},"author":{"name":"Marie Clavier","@id":"https:\/\/www.emdg-guilers.org\/#\/schema\/person\/5c279d8e49be5f6bfdc87fb9e08559d4"},"headline":"{\u00e7a se passe \u00e0 Guilers&#8230;}","datePublished":"2017-01-30T14:16:00+00:00","dateModified":"2017-02-07T08:46:52+00:00","mainEntityOfPage":{"@id":"https:\/\/www.emdg-guilers.org\/index.php\/2017\/01\/30\/ca-se-passe-a-guilers\/"},"wordCount":61,"publisher":{"@id":"https:\/\/www.emdg-guilers.org\/#organization"},"image":{"@id":"https:\/\/www.emdg-guilers.org\/index.php\/2017\/01\/30\/ca-se-passe-a-guilers\/#primaryimage"},"thumbnailUrl":"http:\/\/www.emdg-guilers.org\/wp-content\/uploads\/2017\/01\/Affiche-Pleins-feux-2017-211x300.jpeg","inLanguage":"fr-FR"},{"@type":"WebPage","@id":"https:\/\/www.emdg-guilers.org\/index.php\/2017\/01\/30\/ca-se-passe-a-guilers\/","url":"https:\/\/www.emdg-guilers.org\/index.php\/2017\/01\/30\/ca-se-passe-a-guilers\/","name":"{\u00e7a se passe \u00e0 Guilers...} - Ecole de Musique, Danse &amp; Th\u00e9\u00e2tre de Guilers","isPartOf":{"@id":"https:\/\/www.emdg-guilers.org\/#website"},"primaryImageOfPage":{"@id":"https:\/\/www.emdg-guilers.org\/index.php\/2017\/01\/30\/ca-se-passe-a-guilers\/#primaryimage"},"image":{"@id":"https:\/\/www.emdg-guilers.org\/index.php\/2017\/01\/30\/ca-se-passe-a-guilers\/#primaryimage"},"thumbnailUrl":"http:\/\/www.emdg-guilers.org\/wp-content\/uploads\/2017\/01\/Affiche-Pleins-feux-2017-211x300.jpeg","datePublished":"2017-01-30T14:16:00+00:00","dateModified":"2017-02-07T08:46:52+00:00","breadcrumb":{"@id":"https:\/\/www.emdg-guilers.org\/index.php\/2017\/01\/30\/ca-se-passe-a-guilers\/#breadcrumb"},"inLanguage":"fr-FR","potentialAction":[{"@type":"ReadAction","target":["https:\/\/www.emdg-guilers.org\/index.php\/2017\/01\/30\/ca-se-passe-a-guilers\/"]}]},{"@type":"ImageObject","inLanguage":"fr-FR","@id":"https:\/\/www.emdg-guilers.org\/index.php\/2017\/01\/30\/ca-se-passe-a-guilers\/#primaryimage","url":"http:\/\/www.emdg-guilers.org\/wp-content\/uploads\/2017\/01\/Affiche-Pleins-feux-2017-211x300.jpeg","contentUrl":"http:\/\/www.emdg-guilers.org\/wp-content\/uploads\/2017\/01\/Affiche-Pleins-feux-2017-211x300.jpeg"},{"@type":"BreadcrumbList","@id":"https:\/\/www.emdg-guilers.org\/index.php\/2017\/01\/30\/ca-se-passe-a-guilers\/#breadcrumb","itemListElement":[{"@type":"ListItem","position":1,"name":"Accueil","item":"https:\/\/www.emdg-guilers.org\/"},{"@type":"ListItem","position":2,"name":"{\u00e7a se passe \u00e0 Guilers&#8230;}"}]},{"@type":"WebSite","@id":"https:\/\/www.emdg-guilers.org\/#website","url":"https:\/\/www.emdg-guilers.org\/","name":"Ecole de Musique et Danse de Guilers","description":"Ecole associative, cours de musique, danse, th\u00e9\u00e2tre accessibles \u00e0 tous","publisher":{"@id":"https:\/\/www.emdg-guilers.org\/#organization"},"potentialAction":[{"@type":"SearchAction","target":{"@type":"EntryPoint","urlTemplate":"https:\/\/www.emdg-guilers.org\/?s={search_term_string}"},"query-input":"required name=search_term_string"}],"inLanguage":"fr-FR"},{"@type":"Organization","@id":"https:\/\/www.emdg-guilers.org\/#organization","name":"Ecole de Musique et de Danse","url":"https:\/\/www.emdg-guilers.org\/","logo":{"@type":"ImageObject","inLanguage":"fr-FR","@id":"https:\/\/www.emdg-guilers.org\/#\/schema\/logo\/image\/","url":"https:\/\/www.emdg-guilers.org\/wp-content\/uploads\/2016\/06\/logo2014.jpg","contentUrl":"https:\/\/www.emdg-guilers.org\/wp-content\/uploads\/2016\/06\/logo2014.jpg","width":214,"height":116,"caption":"Ecole de Musique et de Danse"},"image":{"@id":"https:\/\/www.emdg-guilers.org\/#\/schema\/logo\/image\/"},"sameAs":["https:\/\/www.facebook.com\/Ecole-de-Musique-et-de-Danse-de-Guilers-480017765533016\/"]},{"@type":"Person","@id":"https:\/\/www.emdg-guilers.org\/#\/schema\/person\/5c279d8e49be5f6bfdc87fb9e08559d4","name":"Marie Clavier","image":{"@type":"ImageObject","inLanguage":"fr-FR","@id":"https:\/\/www.emdg-guilers.org\/#\/schema\/person\/image\/","url":"https:\/\/secure.gravatar.com\/avatar\/82505eeeaf6d53a80197cd7ed92e8de4?s=96&d=mm&r=g","contentUrl":"https:\/\/secure.gravatar.com\/avatar\/82505eeeaf6d53a80197cd7ed92e8de4?s=96&d=mm&r=g","caption":"Marie Clavier"},"url":"https:\/\/www.emdg-guilers.org\/index.php\/author\/mclavier\/"}]}},"_links":{"self":[{"href":"https:\/\/www.emdg-guilers.org\/index.php\/wp-json\/wp\/v2\/posts\/604"}],"collection":[{"href":"https:\/\/www.emdg-guilers.org\/index.php\/wp-json\/wp\/v2\/posts"}],"about":[{"href":"https:\/\/www.emdg-guilers.org\/index.php\/wp-json\/wp\/v2\/types\/post"}],"author":[{"embeddable":true,"href":"https:\/\/www.emdg-guilers.org\/index.php\/wp-json\/wp\/v2\/users\/3"}],"replies":[{"embeddable":true,"href":"https:\/\/www.emdg-guilers.org\/index.php\/wp-json\/wp\/v2\/comments?post=604"}],"version-history":[{"count":5,"href":"https:\/\/www.emdg-guilers.org\/index.php\/wp-json\/wp\/v2\/posts\/604\/revisions"}],"predecessor-version":[{"id":611,"href":"https:\/\/www.emdg-guilers.org\/index.php\/wp-json\/wp\/v2\/posts\/604\/revisions\/611"}],"wp:attachment":[{"href":"https:\/\/www.emdg-guilers.org\/index.php\/wp-json\/wp\/v2\/media?parent=604"}],"wp:term":[{"taxonomy":"category","embeddable":true,"href":"https:\/\/www.emdg-guilers.org\/index.php\/wp-json\/wp\/v2\/categories?post=604"},{"taxonomy":"post_tag","embeddable":true,"href":"https:\/\/www.emdg-guilers.org\/index.php\/wp-json\/wp\/v2\/tags?post=604"}],"curies":[{"name":"wp","href":"https:\/\/api.w.org\/{rel}","templated":true}]}}