{"id":650,"date":"2017-03-06T10:54:05","date_gmt":"2017-03-06T09:54:05","guid":{"rendered":"http:\/\/www.emdg-guilers.org\/?p=650"},"modified":"2017-03-06T10:56:31","modified_gmt":"2017-03-06T09:56:31","slug":"les-propositions-musicales-et-dansees-du-mois-de-mars-2017","status":"publish","type":"post","link":"https:\/\/www.emdg-guilers.org\/index.php\/2017\/03\/06\/les-propositions-musicales-et-dansees-du-mois-de-mars-2017\/","title":{"rendered":"Les propositions musicales et dans\u00e9es du mois de mars 2017"},"content":{"rendered":"<p>Un mois de mars riche en \u00e9v\u00e9nements \u00e0 l&rsquo;EMDG :<\/p>\n<ul>\n<li><strong>Dim 5 mars \/ journ\u00e9e<\/strong>\u00a0: retrouvez le stand de l&rsquo;\u00e9cole et ses diff\u00e9rents enseignants en show-case \u00e0 La R\u00e9nanaise, le Salon de la Musique de St Renan.<\/li>\n<li><strong>Dim 5 mars \/ 14h30<\/strong> : dans le cadre de Pleins feux sur la culture bretonne \u00e0 l&rsquo;Agora, Guilers, venez \u00e9couter l&rsquo;ensemble trad de <strong>Christophe Perv\u00e8s<\/strong> (bombardes) et un duo accord\u00e9on diatonique, Patrice Corbel\u00a0\/ violon, \u00e0 l&rsquo;occasion d&rsquo;une rencontre avec les Fr\u00e8res Morvan.<\/li>\n<li><strong>Mar 7 mars \/ Intervention scolaire. <\/strong>Pierre et le loup, Prokoviev,<strong> Marie Clavier.<\/strong><\/li>\n<li><strong>Mer 8 mars \/ 16h30-17h30 :<\/strong> <strong>Classe ouverte<\/strong> \u00e0 l&rsquo;EMDG ! Venez d\u00e9couvrir <a href=\"http:\/\/www.emdg-guilers.org\/wp-content\/uploads\/2017\/02\/2017-02-OF-Articleciecajon.jpg\"><strong>la Compagnie Cajon<\/strong><\/a>, l&rsquo;ensemble de percus bas\u00e9 sur la transmission orale.<\/li>\n<li><strong>Sam 18 mars<\/strong> \/ journ\u00e9e de stage avec <strong>Philippe Gouret<\/strong>, enseignant guitare. Matin : Musique Assist\u00e9e par Ordinateur \/\/ Apr\u00e8s-midi : La guitare \u00e9lectrique et ses diff\u00e9rentes formes. <a href=\"https:\/\/www.facebook.com\/events\/714102815429257\/\">Plus d&rsquo;infos ici.<\/a><\/li>\n<li><strong>Mer 29 mars \/ 17h30-19h<\/strong> : Audition de P\u00e2ques et spectacle danse des \u00e9l\u00e8ves de l&rsquo;\u00e9cole.<\/li>\n<\/ul>\n","protected":false},"excerpt":{"rendered":"<p>Un mois de mars riche en \u00e9v\u00e9nements \u00e0 l&rsquo;EMDG : Dim 5 mars \/ journ\u00e9e\u00a0: retrouvez le stand de l&rsquo;\u00e9cole et ses diff\u00e9rents enseignants en show-case \u00e0 La R\u00e9nanaise, le Salon de la Musique de St Renan. Dim 5 mars \/ 14h30 : dans le cadre de Pleins feux sur la culture bretonne \u00e0 l&rsquo;Agora, Guilers, venez \u00e9couter l&rsquo;ensemble trad de Christophe Perv\u00e8s (bombardes) et un duo accord\u00e9on diatonique, Patrice Corbel\u00a0\/ violon, \u00e0 l&rsquo;occasion d&rsquo;une rencontre avec les Fr\u00e8res Morvan&#8230;.<\/p>\n<p class=\"read-more\"><a class=\"btn btn-default\" href=\"https:\/\/www.emdg-guilers.org\/index.php\/2017\/03\/06\/les-propositions-musicales-et-dansees-du-mois-de-mars-2017\/\">Lire la suite<span class=\"screen-reader-text\"> Lire la suite<\/span><\/a><\/p>\n","protected":false},"author":3,"featured_media":0,"comment_status":"closed","ping_status":"closed","sticky":false,"template":"","format":"standard","meta":{"footnotes":""},"categories":[1],"tags":[],"yoast_head":"<!-- This site is optimized with the Yoast SEO plugin v22.4 - https:\/\/yoast.com\/wordpress\/plugins\/seo\/ -->\n<title>Les propositions musicales et dans\u00e9es du mois de mars 2017 - Ecole de Musique, Danse &amp; Th\u00e9\u00e2tre de Guilers<\/title>\n<meta name=\"robots\" content=\"index, follow, max-snippet:-1, max-image-preview:large, max-video-preview:-1\" \/>\n<link rel=\"canonical\" href=\"https:\/\/www.emdg-guilers.org\/index.php\/2017\/03\/06\/les-propositions-musicales-et-dansees-du-mois-de-mars-2017\/\" \/>\n<meta property=\"og:locale\" content=\"fr_FR\" \/>\n<meta property=\"og:type\" content=\"article\" \/>\n<meta property=\"og:title\" content=\"Les propositions musicales et dans\u00e9es du mois de mars 2017 - Ecole de Musique, Danse &amp; Th\u00e9\u00e2tre de Guilers\" \/>\n<meta property=\"og:description\" content=\"Un mois de mars riche en \u00e9v\u00e9nements \u00e0 l&rsquo;EMDG : Dim 5 mars \/ journ\u00e9e\u00a0: retrouvez le stand de l&rsquo;\u00e9cole et ses diff\u00e9rents enseignants en show-case \u00e0 La R\u00e9nanaise, le Salon de la Musique de St Renan. Dim 5 mars \/ 14h30 : dans le cadre de Pleins feux sur la culture bretonne \u00e0 l&rsquo;Agora, Guilers, venez \u00e9couter l&rsquo;ensemble trad de Christophe Perv\u00e8s (bombardes) et un duo accord\u00e9on diatonique, Patrice Corbel\u00a0\/ violon, \u00e0 l&rsquo;occasion d&rsquo;une rencontre avec les Fr\u00e8res Morvan....Lire la suite Lire la suite\" \/>\n<meta property=\"og:url\" content=\"https:\/\/www.emdg-guilers.org\/index.php\/2017\/03\/06\/les-propositions-musicales-et-dansees-du-mois-de-mars-2017\/\" \/>\n<meta property=\"og:site_name\" content=\"Ecole de Musique, Danse &amp; Th\u00e9\u00e2tre de Guilers\" \/>\n<meta property=\"article:publisher\" content=\"https:\/\/www.facebook.com\/Ecole-de-Musique-et-de-Danse-de-Guilers-480017765533016\/\" \/>\n<meta property=\"article:published_time\" content=\"2017-03-06T09:54:05+00:00\" \/>\n<meta property=\"article:modified_time\" content=\"2017-03-06T09:56:31+00:00\" \/>\n<meta name=\"author\" content=\"Marie Clavier\" \/>\n<meta name=\"twitter:card\" content=\"summary_large_image\" \/>\n<meta name=\"twitter:label1\" content=\"\u00c9crit par\" \/>\n\t<meta name=\"twitter:data1\" content=\"Marie Clavier\" \/>\n\t<meta name=\"twitter:label2\" content=\"Dur\u00e9e de lecture estim\u00e9e\" \/>\n\t<meta name=\"twitter:data2\" content=\"1 minute\" \/>\n<script type=\"application\/ld+json\" class=\"yoast-schema-graph\">{\"@context\":\"https:\/\/schema.org\",\"@graph\":[{\"@type\":\"Article\",\"@id\":\"https:\/\/www.emdg-guilers.org\/index.php\/2017\/03\/06\/les-propositions-musicales-et-dansees-du-mois-de-mars-2017\/#article\",\"isPartOf\":{\"@id\":\"https:\/\/www.emdg-guilers.org\/index.php\/2017\/03\/06\/les-propositions-musicales-et-dansees-du-mois-de-mars-2017\/\"},\"author\":{\"name\":\"Marie Clavier\",\"@id\":\"https:\/\/www.emdg-guilers.org\/#\/schema\/person\/5c279d8e49be5f6bfdc87fb9e08559d4\"},\"headline\":\"Les propositions musicales et dans\u00e9es du mois de mars 2017\",\"datePublished\":\"2017-03-06T09:54:05+00:00\",\"dateModified\":\"2017-03-06T09:56:31+00:00\",\"mainEntityOfPage\":{\"@id\":\"https:\/\/www.emdg-guilers.org\/index.php\/2017\/03\/06\/les-propositions-musicales-et-dansees-du-mois-de-mars-2017\/\"},\"wordCount\":169,\"publisher\":{\"@id\":\"https:\/\/www.emdg-guilers.org\/#organization\"},\"inLanguage\":\"fr-FR\"},{\"@type\":\"WebPage\",\"@id\":\"https:\/\/www.emdg-guilers.org\/index.php\/2017\/03\/06\/les-propositions-musicales-et-dansees-du-mois-de-mars-2017\/\",\"url\":\"https:\/\/www.emdg-guilers.org\/index.php\/2017\/03\/06\/les-propositions-musicales-et-dansees-du-mois-de-mars-2017\/\",\"name\":\"Les propositions musicales et dans\u00e9es du mois de mars 2017 - Ecole de Musique, Danse &amp; Th\u00e9\u00e2tre de Guilers\",\"isPartOf\":{\"@id\":\"https:\/\/www.emdg-guilers.org\/#website\"},\"datePublished\":\"2017-03-06T09:54:05+00:00\",\"dateModified\":\"2017-03-06T09:56:31+00:00\",\"breadcrumb\":{\"@id\":\"https:\/\/www.emdg-guilers.org\/index.php\/2017\/03\/06\/les-propositions-musicales-et-dansees-du-mois-de-mars-2017\/#breadcrumb\"},\"inLanguage\":\"fr-FR\",\"potentialAction\":[{\"@type\":\"ReadAction\",\"target\":[\"https:\/\/www.emdg-guilers.org\/index.php\/2017\/03\/06\/les-propositions-musicales-et-dansees-du-mois-de-mars-2017\/\"]}]},{\"@type\":\"BreadcrumbList\",\"@id\":\"https:\/\/www.emdg-guilers.org\/index.php\/2017\/03\/06\/les-propositions-musicales-et-dansees-du-mois-de-mars-2017\/#breadcrumb\",\"itemListElement\":[{\"@type\":\"ListItem\",\"position\":1,\"name\":\"Accueil\",\"item\":\"https:\/\/www.emdg-guilers.org\/\"},{\"@type\":\"ListItem\",\"position\":2,\"name\":\"Les propositions musicales et dans\u00e9es du mois de mars 2017\"}]},{\"@type\":\"WebSite\",\"@id\":\"https:\/\/www.emdg-guilers.org\/#website\",\"url\":\"https:\/\/www.emdg-guilers.org\/\",\"name\":\"Ecole de Musique et Danse de Guilers\",\"description\":\"Ecole associative, cours de musique, danse, th\u00e9\u00e2tre accessibles \u00e0 tous\",\"publisher\":{\"@id\":\"https:\/\/www.emdg-guilers.org\/#organization\"},\"potentialAction\":[{\"@type\":\"SearchAction\",\"target\":{\"@type\":\"EntryPoint\",\"urlTemplate\":\"https:\/\/www.emdg-guilers.org\/?s={search_term_string}\"},\"query-input\":\"required name=search_term_string\"}],\"inLanguage\":\"fr-FR\"},{\"@type\":\"Organization\",\"@id\":\"https:\/\/www.emdg-guilers.org\/#organization\",\"name\":\"Ecole de Musique et de Danse\",\"url\":\"https:\/\/www.emdg-guilers.org\/\",\"logo\":{\"@type\":\"ImageObject\",\"inLanguage\":\"fr-FR\",\"@id\":\"https:\/\/www.emdg-guilers.org\/#\/schema\/logo\/image\/\",\"url\":\"https:\/\/www.emdg-guilers.org\/wp-content\/uploads\/2016\/06\/logo2014.jpg\",\"contentUrl\":\"https:\/\/www.emdg-guilers.org\/wp-content\/uploads\/2016\/06\/logo2014.jpg\",\"width\":214,\"height\":116,\"caption\":\"Ecole de Musique et de Danse\"},\"image\":{\"@id\":\"https:\/\/www.emdg-guilers.org\/#\/schema\/logo\/image\/\"},\"sameAs\":[\"https:\/\/www.facebook.com\/Ecole-de-Musique-et-de-Danse-de-Guilers-480017765533016\/\"]},{\"@type\":\"Person\",\"@id\":\"https:\/\/www.emdg-guilers.org\/#\/schema\/person\/5c279d8e49be5f6bfdc87fb9e08559d4\",\"name\":\"Marie Clavier\",\"image\":{\"@type\":\"ImageObject\",\"inLanguage\":\"fr-FR\",\"@id\":\"https:\/\/www.emdg-guilers.org\/#\/schema\/person\/image\/\",\"url\":\"https:\/\/secure.gravatar.com\/avatar\/82505eeeaf6d53a80197cd7ed92e8de4?s=96&d=mm&r=g\",\"contentUrl\":\"https:\/\/secure.gravatar.com\/avatar\/82505eeeaf6d53a80197cd7ed92e8de4?s=96&d=mm&r=g\",\"caption\":\"Marie Clavier\"},\"url\":\"https:\/\/www.emdg-guilers.org\/index.php\/author\/mclavier\/\"}]}<\/script>\n<!-- \/ Yoast SEO plugin. -->","yoast_head_json":{"title":"Les propositions musicales et dans\u00e9es du mois de mars 2017 - Ecole de Musique, Danse &amp; Th\u00e9\u00e2tre de Guilers","robots":{"index":"index","follow":"follow","max-snippet":"max-snippet:-1","max-image-preview":"max-image-preview:large","max-video-preview":"max-video-preview:-1"},"canonical":"https:\/\/www.emdg-guilers.org\/index.php\/2017\/03\/06\/les-propositions-musicales-et-dansees-du-mois-de-mars-2017\/","og_locale":"fr_FR","og_type":"article","og_title":"Les propositions musicales et dans\u00e9es du mois de mars 2017 - Ecole de Musique, Danse &amp; Th\u00e9\u00e2tre de Guilers","og_description":"Un mois de mars riche en \u00e9v\u00e9nements \u00e0 l&rsquo;EMDG : Dim 5 mars \/ journ\u00e9e\u00a0: retrouvez le stand de l&rsquo;\u00e9cole et ses diff\u00e9rents enseignants en show-case \u00e0 La R\u00e9nanaise, le Salon de la Musique de St Renan. Dim 5 mars \/ 14h30 : dans le cadre de Pleins feux sur la culture bretonne \u00e0 l&rsquo;Agora, Guilers, venez \u00e9couter l&rsquo;ensemble trad de Christophe Perv\u00e8s (bombardes) et un duo accord\u00e9on diatonique, Patrice Corbel\u00a0\/ violon, \u00e0 l&rsquo;occasion d&rsquo;une rencontre avec les Fr\u00e8res Morvan....Lire la suite Lire la suite","og_url":"https:\/\/www.emdg-guilers.org\/index.php\/2017\/03\/06\/les-propositions-musicales-et-dansees-du-mois-de-mars-2017\/","og_site_name":"Ecole de Musique, Danse &amp; Th\u00e9\u00e2tre de Guilers","article_publisher":"https:\/\/www.facebook.com\/Ecole-de-Musique-et-de-Danse-de-Guilers-480017765533016\/","article_published_time":"2017-03-06T09:54:05+00:00","article_modified_time":"2017-03-06T09:56:31+00:00","author":"Marie Clavier","twitter_card":"summary_large_image","twitter_misc":{"\u00c9crit par":"Marie Clavier","Dur\u00e9e de lecture estim\u00e9e":"1 minute"},"schema":{"@context":"https:\/\/schema.org","@graph":[{"@type":"Article","@id":"https:\/\/www.emdg-guilers.org\/index.php\/2017\/03\/06\/les-propositions-musicales-et-dansees-du-mois-de-mars-2017\/#article","isPartOf":{"@id":"https:\/\/www.emdg-guilers.org\/index.php\/2017\/03\/06\/les-propositions-musicales-et-dansees-du-mois-de-mars-2017\/"},"author":{"name":"Marie Clavier","@id":"https:\/\/www.emdg-guilers.org\/#\/schema\/person\/5c279d8e49be5f6bfdc87fb9e08559d4"},"headline":"Les propositions musicales et dans\u00e9es du mois de mars 2017","datePublished":"2017-03-06T09:54:05+00:00","dateModified":"2017-03-06T09:56:31+00:00","mainEntityOfPage":{"@id":"https:\/\/www.emdg-guilers.org\/index.php\/2017\/03\/06\/les-propositions-musicales-et-dansees-du-mois-de-mars-2017\/"},"wordCount":169,"publisher":{"@id":"https:\/\/www.emdg-guilers.org\/#organization"},"inLanguage":"fr-FR"},{"@type":"WebPage","@id":"https:\/\/www.emdg-guilers.org\/index.php\/2017\/03\/06\/les-propositions-musicales-et-dansees-du-mois-de-mars-2017\/","url":"https:\/\/www.emdg-guilers.org\/index.php\/2017\/03\/06\/les-propositions-musicales-et-dansees-du-mois-de-mars-2017\/","name":"Les propositions musicales et dans\u00e9es du mois de mars 2017 - Ecole de Musique, Danse &amp; Th\u00e9\u00e2tre de Guilers","isPartOf":{"@id":"https:\/\/www.emdg-guilers.org\/#website"},"datePublished":"2017-03-06T09:54:05+00:00","dateModified":"2017-03-06T09:56:31+00:00","breadcrumb":{"@id":"https:\/\/www.emdg-guilers.org\/index.php\/2017\/03\/06\/les-propositions-musicales-et-dansees-du-mois-de-mars-2017\/#breadcrumb"},"inLanguage":"fr-FR","potentialAction":[{"@type":"ReadAction","target":["https:\/\/www.emdg-guilers.org\/index.php\/2017\/03\/06\/les-propositions-musicales-et-dansees-du-mois-de-mars-2017\/"]}]},{"@type":"BreadcrumbList","@id":"https:\/\/www.emdg-guilers.org\/index.php\/2017\/03\/06\/les-propositions-musicales-et-dansees-du-mois-de-mars-2017\/#breadcrumb","itemListElement":[{"@type":"ListItem","position":1,"name":"Accueil","item":"https:\/\/www.emdg-guilers.org\/"},{"@type":"ListItem","position":2,"name":"Les propositions musicales et dans\u00e9es du mois de mars 2017"}]},{"@type":"WebSite","@id":"https:\/\/www.emdg-guilers.org\/#website","url":"https:\/\/www.emdg-guilers.org\/","name":"Ecole de Musique et Danse de Guilers","description":"Ecole associative, cours de musique, danse, th\u00e9\u00e2tre accessibles \u00e0 tous","publisher":{"@id":"https:\/\/www.emdg-guilers.org\/#organization"},"potentialAction":[{"@type":"SearchAction","target":{"@type":"EntryPoint","urlTemplate":"https:\/\/www.emdg-guilers.org\/?s={search_term_string}"},"query-input":"required name=search_term_string"}],"inLanguage":"fr-FR"},{"@type":"Organization","@id":"https:\/\/www.emdg-guilers.org\/#organization","name":"Ecole de Musique et de Danse","url":"https:\/\/www.emdg-guilers.org\/","logo":{"@type":"ImageObject","inLanguage":"fr-FR","@id":"https:\/\/www.emdg-guilers.org\/#\/schema\/logo\/image\/","url":"https:\/\/www.emdg-guilers.org\/wp-content\/uploads\/2016\/06\/logo2014.jpg","contentUrl":"https:\/\/www.emdg-guilers.org\/wp-content\/uploads\/2016\/06\/logo2014.jpg","width":214,"height":116,"caption":"Ecole de Musique et de Danse"},"image":{"@id":"https:\/\/www.emdg-guilers.org\/#\/schema\/logo\/image\/"},"sameAs":["https:\/\/www.facebook.com\/Ecole-de-Musique-et-de-Danse-de-Guilers-480017765533016\/"]},{"@type":"Person","@id":"https:\/\/www.emdg-guilers.org\/#\/schema\/person\/5c279d8e49be5f6bfdc87fb9e08559d4","name":"Marie Clavier","image":{"@type":"ImageObject","inLanguage":"fr-FR","@id":"https:\/\/www.emdg-guilers.org\/#\/schema\/person\/image\/","url":"https:\/\/secure.gravatar.com\/avatar\/82505eeeaf6d53a80197cd7ed92e8de4?s=96&d=mm&r=g","contentUrl":"https:\/\/secure.gravatar.com\/avatar\/82505eeeaf6d53a80197cd7ed92e8de4?s=96&d=mm&r=g","caption":"Marie Clavier"},"url":"https:\/\/www.emdg-guilers.org\/index.php\/author\/mclavier\/"}]}},"_links":{"self":[{"href":"https:\/\/www.emdg-guilers.org\/index.php\/wp-json\/wp\/v2\/posts\/650"}],"collection":[{"href":"https:\/\/www.emdg-guilers.org\/index.php\/wp-json\/wp\/v2\/posts"}],"about":[{"href":"https:\/\/www.emdg-guilers.org\/index.php\/wp-json\/wp\/v2\/types\/post"}],"author":[{"embeddable":true,"href":"https:\/\/www.emdg-guilers.org\/index.php\/wp-json\/wp\/v2\/users\/3"}],"replies":[{"embeddable":true,"href":"https:\/\/www.emdg-guilers.org\/index.php\/wp-json\/wp\/v2\/comments?post=650"}],"version-history":[{"count":3,"href":"https:\/\/www.emdg-guilers.org\/index.php\/wp-json\/wp\/v2\/posts\/650\/revisions"}],"predecessor-version":[{"id":653,"href":"https:\/\/www.emdg-guilers.org\/index.php\/wp-json\/wp\/v2\/posts\/650\/revisions\/653"}],"wp:attachment":[{"href":"https:\/\/www.emdg-guilers.org\/index.php\/wp-json\/wp\/v2\/media?parent=650"}],"wp:term":[{"taxonomy":"category","embeddable":true,"href":"https:\/\/www.emdg-guilers.org\/index.php\/wp-json\/wp\/v2\/categories?post=650"},{"taxonomy":"post_tag","embeddable":true,"href":"https:\/\/www.emdg-guilers.org\/index.php\/wp-json\/wp\/v2\/tags?post=650"}],"curies":[{"name":"wp","href":"https:\/\/api.w.org\/{rel}","templated":true}]}}